{"id":20655,"date":"2025-08-06T13:04:32","date_gmt":"2025-08-06T13:04:32","guid":{"rendered":"https:\/\/www.clubdelemprendimiento.com\/blog\/noticia-corporativa\/timestamp-refuerza-su-presencia-en-espana-y-expansion-internacional-con-la-integracion-de-arin-y-fin4retail\/"},"modified":"2025-08-06T13:04:32","modified_gmt":"2025-08-06T13:04:32","slug":"timestamp-refuerza-su-presencia-en-espana-y-expansion-internacional-con-la-integracion-de-arin-y-fin4retail","status":"publish","type":"noticia-corporativa","link":"https:\/\/www.clubdelemprendimiento.com\/blog\/noticia-corporativa\/timestamp-refuerza-su-presencia-en-espana-y-expansion-internacional-con-la-integracion-de-arin-y-fin4retail\/","title":{"rendered":"Timestamp refuerza su presencia en Espa\u00f1a y expansi\u00f3n internacional con la integraci\u00f3n de arin y Fin4Retail"},"content":{"rendered":"<div>\n<p><a href=\"https:\/\/www.clubdelemprendimiento.com\/blog\/wp-content\/uploads\/2025\/08\/Srgio_Pena_Dias_Chairman_del_Grupo_Timestamp_1.jpg\" target=\"_blank\" class=\"fotonota\" rel=\"noopener\"> <img decoding=\"async\" src=\"https:\/\/www.clubdelemprendimiento.com\/blog\/wp-content\/uploads\/2025\/08\/Srgio_Pena_Dias_Chairman_del_Grupo_Timestamp_1.jpg\" style=\"max-width:600px;\" border=\"0\" class=\"postImage\" alt=\"\"><\/a><\/p>\n<p>La integraci\u00f3n refuerza el posicionamiento del Grupo Timestamp en el mercado ib\u00e9rico como uno de los principales actores del sector tecnol\u00f3gico europeo<\/p>\n<p><\/p>\n<p><strong>Timestamp<\/strong>, multinacional portuguesa especializada en soluciones tecnol\u00f3gicas, integraci\u00f3n de sistemas y <em>partner<\/em> estrat\u00e9gico de fabricantes como Oracle, AWS, Google, IBM, IFS, Microsoft, Red Hat, Salesforce, SAP o SAS, ha alcanzado un acuerdo para integrar en el Grupo a <strong>arin<\/strong>, consultora espa\u00f1ola experta en la implementaci\u00f3n de soluciones Oracle, y a <strong>Fin4Retail<\/strong>, plataforma tecnol\u00f3gica orientada a la gesti\u00f3n del cr\u00e9dito al consumo en el sector retail.<\/p>\n<p>Con esta integraci\u00f3n, el Grupo Timestamp pasa a tener presencia f\u00edsica tambi\u00e9n en Bilbao, reforzando su posicionamiento ya consolidado en Barcelona, Madrid y M\u00e1laga, y ampliando su presencia como multinacional de referencia en el mercado tecnol\u00f3gico ib\u00e9rico.<\/p>\n<p>Este movimiento sucede a la entrada oficial de Timestamp en el mercado del Reino Unido e Irlanda, un paso estrat\u00e9gico que incluy\u00f3 el lanzamiento de canales digitales dedicados a la regi\u00f3n y el nombramiento de Tharaka Peiris como Director General de la operaci\u00f3n local. Con esta expansi\u00f3n, Timestamp refuerza su presencia internacional, que tambi\u00e9n incluye Lisboa, Oporto, Londres, \u00c1msterdam, Lausana y Am\u00e9rica Latina, respaldada por un equipo de m\u00e1s de 1.000 profesionales certificados.<\/p>\n<p>Para <strong>S\u00e9rgio Pena Dias, Chairman del Grupo Timestamp<\/strong>, la integraci\u00f3n de arin y Fin4Retail representa \u00abun paso m\u00e1s en la estrategia de expansi\u00f3n internacional del Grupo Timestamp. Esta consolidaci\u00f3n nos permite no solo reforzar nuestra presencia geogr\u00e1fica y oferta de servicios en Espa\u00f1a, sino tambi\u00e9n potenciar las capacidades de nuestra \u00e1rea de negocio de Solutions &amp; Applications.\u00bb<\/p>\n<p>Por su parte, <strong>Hugo Amann, CEO de arin<\/strong>, afirma \u00abEstamos encantados con nuestra integraci\u00f3n en el Grupo Timestamp y convencidos de que ser\u00e1 un gran paso adelante tanto para nuestro equipo, como para nuestro negocio y para nuestros clientes\u00bb.<\/p>\n<p><strong>arin y Fin4Retail<br \/>\narin<\/strong> es una consultora tecnol\u00f3gica especializada en la implementaci\u00f3n de soluciones Oracle, con presencia consolidada en Espa\u00f1a y Latinoam\u00e9rica.<\/p>\n<p>Fundada en 2008, desarrolla proyectos de transformaci\u00f3n digital a trav\u00e9s de servicios de consultor\u00eda, integraci\u00f3n y mantenimiento de sistemas empresariales basados en tecnolog\u00eda Oracle.<\/p>\n<p>En 2017, se lanza al mercado <strong>Fin4Retail<\/strong>, soluci\u00f3n desarrollada por arin para responder a los desaf\u00edos espec\u00edficos de la financiaci\u00f3n al consumo en entornos retail.<\/p>\n<p>Totalmente <em>cloud<\/em>, Fin4Retail emplea algoritmos de priorizaci\u00f3n, estructura comercial multinivel, an\u00e1lisis gr\u00e1fico de operaciones y env\u00edo autom\u00e1tico de documentaci\u00f3n a las entidades financieras para completar operaciones en menos de cinco minutos, incluyendo la firma del contrato v\u00eda SMS.<\/p>\n<p>Gracias a su capacidad para agilizar decisiones de cr\u00e9dito y aumentar la conversi\u00f3n en punto de venta, Fin4Retail se ha consolidado como una soluci\u00f3n de referencia para la financiaci\u00f3n de productos y servicios de mayor valor en m\u00faltiples sectores.<\/p>\n<p><strong>Sobre Timestamp<\/strong><br \/>\nTimestamp es una multinacional portuguesa con m\u00e1s de 1.000 empleados y oficinas en Lisboa, Oporto, Barcelona, Madrid, Bilbao, M\u00e1laga, Londres, \u00c1msterdam, Lausana, Santiago de Chile, Bogot\u00e1 y Cali. Est\u00e1 centrada en el liderazgo tecnol\u00f3gico, con un enfoque basado en la calidad de sus equipos, la certificaci\u00f3n continua y una s\u00f3lida capacidad de entrega. Timestamp desarrolla e implementa servicios innovadores en los mercados nacionales e internacionales.<\/p>\n<\/div>\n","protected":false},"featured_media":20656,"template":"","meta":{"_acf_changed":false},"acf":[],"yoast_head":"<!-- This site is optimized with the Yoast SEO plugin v22.7 - https:\/\/yoast.com\/wordpress\/plugins\/seo\/ -->\n<title>Timestamp refuerza su presencia en Espa\u00f1a y expansi\u00f3n internacional con la integraci\u00f3n de arin y Fin4Retail - Blog Club del Emprendimiento<\/title>\n<meta name=\"robots\" content=\"index, follow, max-snippet:-1, max-image-preview:large, max-video-preview:-1\" \/>\n<link rel=\"canonical\" href=\"https:\/\/www.clubdelemprendimiento.com\/blog\/noticia-corporativa\/timestamp-refuerza-su-presencia-en-espana-y-expansion-internacional-con-la-integracion-de-arin-y-fin4retail\/\" \/>\n<meta property=\"og:locale\" content=\"es_ES\" \/>\n<meta property=\"og:type\" content=\"article\" \/>\n<meta property=\"og:title\" content=\"Timestamp refuerza su presencia en Espa\u00f1a y expansi\u00f3n internacional con la integraci\u00f3n de arin y Fin4Retail - Blog Club del Emprendimiento\" \/>\n<meta property=\"og:description\" content=\"La integraci\u00f3n refuerza el posicionamiento del Grupo Timestamp en el mercado ib\u00e9rico como uno&hellip;\" \/>\n<meta property=\"og:url\" content=\"https:\/\/www.clubdelemprendimiento.com\/blog\/noticia-corporativa\/timestamp-refuerza-su-presencia-en-espana-y-expansion-internacional-con-la-integracion-de-arin-y-fin4retail\/\" \/>\n<meta property=\"og:site_name\" content=\"Blog Club del Emprendimiento\" \/>\n<meta property=\"og:image\" content=\"https:\/\/www.clubdelemprendimiento.com\/blog\/wp-content\/uploads\/2025\/08\/Srgio_Pena_Dias_Chairman_del_Grupo_Timestamp_1.jpg\" \/>\n<meta name=\"twitter:card\" content=\"summary_large_image\" \/>\n<meta name=\"twitter:label1\" content=\"Tiempo de lectura\" \/>\n\t<meta name=\"twitter:data1\" content=\"3 minutos\" \/>\n<script type=\"application\/ld+json\" class=\"yoast-schema-graph\">{\"@context\":\"https:\/\/schema.org\",\"@graph\":[{\"@type\":\"WebPage\",\"@id\":\"https:\/\/www.clubdelemprendimiento.com\/blog\/noticia-corporativa\/timestamp-refuerza-su-presencia-en-espana-y-expansion-internacional-con-la-integracion-de-arin-y-fin4retail\/\",\"url\":\"https:\/\/www.clubdelemprendimiento.com\/blog\/noticia-corporativa\/timestamp-refuerza-su-presencia-en-espana-y-expansion-internacional-con-la-integracion-de-arin-y-fin4retail\/\",\"name\":\"Timestamp refuerza su presencia en Espa\u00f1a y expansi\u00f3n internacional con la integraci\u00f3n de arin y Fin4Retail - Blog Club del Emprendimiento\",\"isPartOf\":{\"@id\":\"https:\/\/www.clubdelemprendimiento.com\/blog\/#website\"},\"primaryImageOfPage\":{\"@id\":\"https:\/\/www.clubdelemprendimiento.com\/blog\/noticia-corporativa\/timestamp-refuerza-su-presencia-en-espana-y-expansion-internacional-con-la-integracion-de-arin-y-fin4retail\/#primaryimage\"},\"image\":{\"@id\":\"https:\/\/www.clubdelemprendimiento.com\/blog\/noticia-corporativa\/timestamp-refuerza-su-presencia-en-espana-y-expansion-internacional-con-la-integracion-de-arin-y-fin4retail\/#primaryimage\"},\"thumbnailUrl\":\"https:\/\/www.clubdelemprendimiento.com\/blog\/wp-content\/uploads\/2025\/08\/Srgio_Pena_Dias_Chairman_del_Grupo_Timestamp_1-scaled.jpg\",\"datePublished\":\"2025-08-06T13:04:32+00:00\",\"dateModified\":\"2025-08-06T13:04:32+00:00\",\"breadcrumb\":{\"@id\":\"https:\/\/www.clubdelemprendimiento.com\/blog\/noticia-corporativa\/timestamp-refuerza-su-presencia-en-espana-y-expansion-internacional-con-la-integracion-de-arin-y-fin4retail\/#breadcrumb\"},\"inLanguage\":\"es\",\"potentialAction\":[{\"@type\":\"ReadAction\",\"target\":[\"https:\/\/www.clubdelemprendimiento.com\/blog\/noticia-corporativa\/timestamp-refuerza-su-presencia-en-espana-y-expansion-internacional-con-la-integracion-de-arin-y-fin4retail\/\"]}]},{\"@type\":\"ImageObject\",\"inLanguage\":\"es\",\"@id\":\"https:\/\/www.clubdelemprendimiento.com\/blog\/noticia-corporativa\/timestamp-refuerza-su-presencia-en-espana-y-expansion-internacional-con-la-integracion-de-arin-y-fin4retail\/#primaryimage\",\"url\":\"https:\/\/www.clubdelemprendimiento.com\/blog\/wp-content\/uploads\/2025\/08\/Srgio_Pena_Dias_Chairman_del_Grupo_Timestamp_1-scaled.jpg\",\"contentUrl\":\"https:\/\/www.clubdelemprendimiento.com\/blog\/wp-content\/uploads\/2025\/08\/Srgio_Pena_Dias_Chairman_del_Grupo_Timestamp_1-scaled.jpg\",\"width\":1707,\"height\":2560},{\"@type\":\"BreadcrumbList\",\"@id\":\"https:\/\/www.clubdelemprendimiento.com\/blog\/noticia-corporativa\/timestamp-refuerza-su-presencia-en-espana-y-expansion-internacional-con-la-integracion-de-arin-y-fin4retail\/#breadcrumb\",\"itemListElement\":[{\"@type\":\"ListItem\",\"position\":1,\"name\":\"Home\",\"item\":\"https:\/\/www.clubdelemprendimiento.com\/blog\/\"},{\"@type\":\"ListItem\",\"position\":2,\"name\":\"Noticias Corporativas\",\"item\":\"https:\/\/www.clubdelemprendimiento.com\/blog\/noticias-corporativas\/\"},{\"@type\":\"ListItem\",\"position\":3,\"name\":\"Timestamp refuerza su presencia en Espa\u00f1a y expansi\u00f3n internacional con la integraci\u00f3n de arin y Fin4Retail\"}]},{\"@type\":\"WebSite\",\"@id\":\"https:\/\/www.clubdelemprendimiento.com\/blog\/#website\",\"url\":\"https:\/\/www.clubdelemprendimiento.com\/blog\/\",\"name\":\"Blog Club del Emprendimiento\",\"description\":\"\",\"potentialAction\":[{\"@type\":\"SearchAction\",\"target\":{\"@type\":\"EntryPoint\",\"urlTemplate\":\"https:\/\/www.clubdelemprendimiento.com\/blog\/?s={search_term_string}\"},\"query-input\":\"required name=search_term_string\"}],\"inLanguage\":\"es\"}]}<\/script>\n<!-- \/ Yoast SEO plugin. -->","yoast_head_json":{"title":"Timestamp refuerza su presencia en Espa\u00f1a y expansi\u00f3n internacional con la integraci\u00f3n de arin y Fin4Retail - Blog Club del Emprendimiento","robots":{"index":"index","follow":"follow","max-snippet":"max-snippet:-1","max-image-preview":"max-image-preview:large","max-video-preview":"max-video-preview:-1"},"canonical":"https:\/\/www.clubdelemprendimiento.com\/blog\/noticia-corporativa\/timestamp-refuerza-su-presencia-en-espana-y-expansion-internacional-con-la-integracion-de-arin-y-fin4retail\/","og_locale":"es_ES","og_type":"article","og_title":"Timestamp refuerza su presencia en Espa\u00f1a y expansi\u00f3n internacional con la integraci\u00f3n de arin y Fin4Retail - Blog Club del Emprendimiento","og_description":"La integraci\u00f3n refuerza el posicionamiento del Grupo Timestamp en el mercado ib\u00e9rico como uno&hellip;","og_url":"https:\/\/www.clubdelemprendimiento.com\/blog\/noticia-corporativa\/timestamp-refuerza-su-presencia-en-espana-y-expansion-internacional-con-la-integracion-de-arin-y-fin4retail\/","og_site_name":"Blog Club del Emprendimiento","og_image":[{"url":"https:\/\/www.clubdelemprendimiento.com\/blog\/wp-content\/uploads\/2025\/08\/Srgio_Pena_Dias_Chairman_del_Grupo_Timestamp_1.jpg"}],"twitter_card":"summary_large_image","twitter_misc":{"Tiempo de lectura":"3 minutos"},"schema":{"@context":"https:\/\/schema.org","@graph":[{"@type":"WebPage","@id":"https:\/\/www.clubdelemprendimiento.com\/blog\/noticia-corporativa\/timestamp-refuerza-su-presencia-en-espana-y-expansion-internacional-con-la-integracion-de-arin-y-fin4retail\/","url":"https:\/\/www.clubdelemprendimiento.com\/blog\/noticia-corporativa\/timestamp-refuerza-su-presencia-en-espana-y-expansion-internacional-con-la-integracion-de-arin-y-fin4retail\/","name":"Timestamp refuerza su presencia en Espa\u00f1a y expansi\u00f3n internacional con la integraci\u00f3n de arin y Fin4Retail - Blog Club del Emprendimiento","isPartOf":{"@id":"https:\/\/www.clubdelemprendimiento.com\/blog\/#website"},"primaryImageOfPage":{"@id":"https:\/\/www.clubdelemprendimiento.com\/blog\/noticia-corporativa\/timestamp-refuerza-su-presencia-en-espana-y-expansion-internacional-con-la-integracion-de-arin-y-fin4retail\/#primaryimage"},"image":{"@id":"https:\/\/www.clubdelemprendimiento.com\/blog\/noticia-corporativa\/timestamp-refuerza-su-presencia-en-espana-y-expansion-internacional-con-la-integracion-de-arin-y-fin4retail\/#primaryimage"},"thumbnailUrl":"https:\/\/www.clubdelemprendimiento.com\/blog\/wp-content\/uploads\/2025\/08\/Srgio_Pena_Dias_Chairman_del_Grupo_Timestamp_1-scaled.jpg","datePublished":"2025-08-06T13:04:32+00:00","dateModified":"2025-08-06T13:04:32+00:00","breadcrumb":{"@id":"https:\/\/www.clubdelemprendimiento.com\/blog\/noticia-corporativa\/timestamp-refuerza-su-presencia-en-espana-y-expansion-internacional-con-la-integracion-de-arin-y-fin4retail\/#breadcrumb"},"inLanguage":"es","potentialAction":[{"@type":"ReadAction","target":["https:\/\/www.clubdelemprendimiento.com\/blog\/noticia-corporativa\/timestamp-refuerza-su-presencia-en-espana-y-expansion-internacional-con-la-integracion-de-arin-y-fin4retail\/"]}]},{"@type":"ImageObject","inLanguage":"es","@id":"https:\/\/www.clubdelemprendimiento.com\/blog\/noticia-corporativa\/timestamp-refuerza-su-presencia-en-espana-y-expansion-internacional-con-la-integracion-de-arin-y-fin4retail\/#primaryimage","url":"https:\/\/www.clubdelemprendimiento.com\/blog\/wp-content\/uploads\/2025\/08\/Srgio_Pena_Dias_Chairman_del_Grupo_Timestamp_1-scaled.jpg","contentUrl":"https:\/\/www.clubdelemprendimiento.com\/blog\/wp-content\/uploads\/2025\/08\/Srgio_Pena_Dias_Chairman_del_Grupo_Timestamp_1-scaled.jpg","width":1707,"height":2560},{"@type":"BreadcrumbList","@id":"https:\/\/www.clubdelemprendimiento.com\/blog\/noticia-corporativa\/timestamp-refuerza-su-presencia-en-espana-y-expansion-internacional-con-la-integracion-de-arin-y-fin4retail\/#breadcrumb","itemListElement":[{"@type":"ListItem","position":1,"name":"Home","item":"https:\/\/www.clubdelemprendimiento.com\/blog\/"},{"@type":"ListItem","position":2,"name":"Noticias Corporativas","item":"https:\/\/www.clubdelemprendimiento.com\/blog\/noticias-corporativas\/"},{"@type":"ListItem","position":3,"name":"Timestamp refuerza su presencia en Espa\u00f1a y expansi\u00f3n internacional con la integraci\u00f3n de arin y Fin4Retail"}]},{"@type":"WebSite","@id":"https:\/\/www.clubdelemprendimiento.com\/blog\/#website","url":"https:\/\/www.clubdelemprendimiento.com\/blog\/","name":"Blog Club del Emprendimiento","description":"","potentialAction":[{"@type":"SearchAction","target":{"@type":"EntryPoint","urlTemplate":"https:\/\/www.clubdelemprendimiento.com\/blog\/?s={search_term_string}"},"query-input":"required name=search_term_string"}],"inLanguage":"es"}]}},"_links":{"self":[{"href":"https:\/\/www.clubdelemprendimiento.com\/blog\/wp-json\/wp\/v2\/noticia-corporativa\/20655"}],"collection":[{"href":"https:\/\/www.clubdelemprendimiento.com\/blog\/wp-json\/wp\/v2\/noticia-corporativa"}],"about":[{"href":"https:\/\/www.clubdelemprendimiento.com\/blog\/wp-json\/wp\/v2\/types\/noticia-corporativa"}],"wp:featuredmedia":[{"embeddable":true,"href":"https:\/\/www.clubdelemprendimiento.com\/blog\/wp-json\/wp\/v2\/media\/20656"}],"wp:attachment":[{"href":"https:\/\/www.clubdelemprendimiento.com\/blog\/wp-json\/wp\/v2\/media?parent=20655"}],"curies":[{"name":"wp","href":"https:\/\/api.w.org\/{rel}","templated":true}]}}