{"id":20649,"date":"2025-08-06T11:04:39","date_gmt":"2025-08-06T11:04:39","guid":{"rendered":"https:\/\/www.clubdelemprendimiento.com\/blog\/noticia-corporativa\/gabriel-munoz-nuevo-director-de-sap-de-atos-para-espana-y-portugal\/"},"modified":"2025-08-06T11:04:39","modified_gmt":"2025-08-06T11:04:39","slug":"gabriel-munoz-nuevo-director-de-sap-de-atos-para-espana-y-portugal","status":"publish","type":"noticia-corporativa","link":"https:\/\/www.clubdelemprendimiento.com\/blog\/noticia-corporativa\/gabriel-munoz-nuevo-director-de-sap-de-atos-para-espana-y-portugal\/","title":{"rendered":"Gabriel Mu\u00f1oz, nuevo Director de SAP de Atos para Espa\u00f1a y Portugal"},"content":{"rendered":"<div>\n<p><a href=\"https:\/\/www.clubdelemprendimiento.com\/blog\/wp-content\/uploads\/2025\/08\/Atos_-_Gabriel_Muoz.jpg\" target=\"_blank\" class=\"fotonota\" rel=\"noopener\"> <img decoding=\"async\" src=\"https:\/\/www.clubdelemprendimiento.com\/blog\/wp-content\/uploads\/2025\/08\/Atos_-_Gabriel_Muoz.jpg\" style=\"max-width:600px;\" border=\"0\" class=\"postImage\" alt=\"\"><\/a><\/p>\n<p>Con esta incorporaci\u00f3n, la compa\u00f1\u00eda reafirma su apuesta por atraer talento con una visi\u00f3n integral del negocio, capacidad de liderazgo y profundo conocimiento tecnol\u00f3gico para seguir acompa\u00f1ando a sus clientes en sus procesos de transformaci\u00f3n digital<\/p>\n<p><\/p>\n<p>Atos ha nombrado a Gabriel Mu\u00f1oz como nuevo Director de SAP para Espa\u00f1a y Portugal, con el objetivo de reforzar su liderazgo en soluciones empresariales inteligentes y acelerar la transformaci\u00f3n digital de sus clientes en la Pen\u00ednsula Ib\u00e9rica.<\/p>\n<p>Con una trayectoria profesional de m\u00e1s de 30 a\u00f1os en el sector tecnol\u00f3gico, Mu\u00f1oz ha desempe\u00f1ado puestos de alta responsabilidad en compa\u00f1\u00edas nacionales e internacionales, especializ\u00e1ndose en el ecosistema SAP. Ha sido Chief Operating Officer (COO) en empresas como Altim TI Consulting y SCL Consulting, donde lider\u00f3 estructuras de m\u00e1s de 80 profesionales y fue responsable del P&amp;L, la gesti\u00f3n de proyectos, el desarrollo de negocio y la relaci\u00f3n con clientes estrat\u00e9gicos. Tambi\u00e9n ha ocupado cargos directivos en SoftwareOne, Realtech (hoy Avvale), y SAP Espa\u00f1a, donde contribuy\u00f3 a la creaci\u00f3n de la unidad de BI en el pa\u00eds y fue reconocido por su excelencia como consultor.<\/p>\n<p>Licenciado en An\u00e1lisis de Gesti\u00f3n por la Universidad Pontificia Comillas (ICAI-ICADE), cuenta adem\u00e1s con formaci\u00f3n t\u00e9cnica en inform\u00e1tica y electr\u00f3nica por el Instituto Tajamar, y certificaciones complementarias como AWS Cloud Practitioner. Adem\u00e1s, ha recibido formaci\u00f3n especializada en SAP, tanto funcional como t\u00e9cnica.<\/p>\n<p>En su nuevo rol, Gabriel Mu\u00f1oz ser\u00e1 responsable de liderar la estrategia de negocio de SAP en Atos para Espa\u00f1a y Portugal, reforzar las alianzas con el ecosistema de partners y clientes, e impulsar la innovaci\u00f3n y la eficiencia mediante soluciones SAP de nueva generaci\u00f3n, incluyendo S\/4HANA, Cloud y herramientas de anal\u00edtica avanzada.<\/p>\n<p>Con esta incorporaci\u00f3n, la compa\u00f1\u00eda reafirma su apuesta por atraer talento con una visi\u00f3n integral del negocio, capacidad de liderazgo y profundo conocimiento tecnol\u00f3gico para seguir acompa\u00f1ando a sus clientes en sus procesos de transformaci\u00f3n digital.<\/p>\n<\/div>\n","protected":false},"featured_media":20650,"template":"","meta":{"_acf_changed":false},"acf":[],"yoast_head":"<!-- This site is optimized with the Yoast SEO plugin v22.7 - https:\/\/yoast.com\/wordpress\/plugins\/seo\/ -->\n<title>Gabriel Mu\u00f1oz, nuevo Director de SAP de Atos para Espa\u00f1a y Portugal - Blog Club del Emprendimiento<\/title>\n<meta name=\"robots\" content=\"index, follow, max-snippet:-1, max-image-preview:large, max-video-preview:-1\" \/>\n<link rel=\"canonical\" href=\"https:\/\/www.clubdelemprendimiento.com\/blog\/noticia-corporativa\/gabriel-munoz-nuevo-director-de-sap-de-atos-para-espana-y-portugal\/\" \/>\n<meta property=\"og:locale\" content=\"es_ES\" \/>\n<meta property=\"og:type\" content=\"article\" \/>\n<meta property=\"og:title\" content=\"Gabriel Mu\u00f1oz, nuevo Director de SAP de Atos para Espa\u00f1a y Portugal - Blog Club del Emprendimiento\" \/>\n<meta property=\"og:description\" content=\"Con esta incorporaci\u00f3n, la compa\u00f1\u00eda reafirma su apuesta por atraer talento con una visi\u00f3n&hellip;\" \/>\n<meta property=\"og:url\" content=\"https:\/\/www.clubdelemprendimiento.com\/blog\/noticia-corporativa\/gabriel-munoz-nuevo-director-de-sap-de-atos-para-espana-y-portugal\/\" \/>\n<meta property=\"og:site_name\" content=\"Blog Club del Emprendimiento\" \/>\n<meta property=\"og:image\" content=\"https:\/\/www.clubdelemprendimiento.com\/blog\/wp-content\/uploads\/2025\/08\/Atos_-_Gabriel_Muoz.jpg\" \/>\n<meta name=\"twitter:card\" content=\"summary_large_image\" \/>\n<meta name=\"twitter:label1\" content=\"Tiempo de lectura\" \/>\n\t<meta name=\"twitter:data1\" content=\"2 minutos\" \/>\n<script type=\"application\/ld+json\" class=\"yoast-schema-graph\">{\"@context\":\"https:\/\/schema.org\",\"@graph\":[{\"@type\":\"WebPage\",\"@id\":\"https:\/\/www.clubdelemprendimiento.com\/blog\/noticia-corporativa\/gabriel-munoz-nuevo-director-de-sap-de-atos-para-espana-y-portugal\/\",\"url\":\"https:\/\/www.clubdelemprendimiento.com\/blog\/noticia-corporativa\/gabriel-munoz-nuevo-director-de-sap-de-atos-para-espana-y-portugal\/\",\"name\":\"Gabriel Mu\u00f1oz, nuevo Director de SAP de Atos para Espa\u00f1a y Portugal - Blog Club del Emprendimiento\",\"isPartOf\":{\"@id\":\"https:\/\/www.clubdelemprendimiento.com\/blog\/#website\"},\"primaryImageOfPage\":{\"@id\":\"https:\/\/www.clubdelemprendimiento.com\/blog\/noticia-corporativa\/gabriel-munoz-nuevo-director-de-sap-de-atos-para-espana-y-portugal\/#primaryimage\"},\"image\":{\"@id\":\"https:\/\/www.clubdelemprendimiento.com\/blog\/noticia-corporativa\/gabriel-munoz-nuevo-director-de-sap-de-atos-para-espana-y-portugal\/#primaryimage\"},\"thumbnailUrl\":\"https:\/\/www.clubdelemprendimiento.com\/blog\/wp-content\/uploads\/2025\/08\/Atos_-_Gabriel_Muoz-scaled.jpg\",\"datePublished\":\"2025-08-06T11:04:39+00:00\",\"dateModified\":\"2025-08-06T11:04:39+00:00\",\"breadcrumb\":{\"@id\":\"https:\/\/www.clubdelemprendimiento.com\/blog\/noticia-corporativa\/gabriel-munoz-nuevo-director-de-sap-de-atos-para-espana-y-portugal\/#breadcrumb\"},\"inLanguage\":\"es\",\"potentialAction\":[{\"@type\":\"ReadAction\",\"target\":[\"https:\/\/www.clubdelemprendimiento.com\/blog\/noticia-corporativa\/gabriel-munoz-nuevo-director-de-sap-de-atos-para-espana-y-portugal\/\"]}]},{\"@type\":\"ImageObject\",\"inLanguage\":\"es\",\"@id\":\"https:\/\/www.clubdelemprendimiento.com\/blog\/noticia-corporativa\/gabriel-munoz-nuevo-director-de-sap-de-atos-para-espana-y-portugal\/#primaryimage\",\"url\":\"https:\/\/www.clubdelemprendimiento.com\/blog\/wp-content\/uploads\/2025\/08\/Atos_-_Gabriel_Muoz-scaled.jpg\",\"contentUrl\":\"https:\/\/www.clubdelemprendimiento.com\/blog\/wp-content\/uploads\/2025\/08\/Atos_-_Gabriel_Muoz-scaled.jpg\",\"width\":2560,\"height\":1706},{\"@type\":\"BreadcrumbList\",\"@id\":\"https:\/\/www.clubdelemprendimiento.com\/blog\/noticia-corporativa\/gabriel-munoz-nuevo-director-de-sap-de-atos-para-espana-y-portugal\/#breadcrumb\",\"itemListElement\":[{\"@type\":\"ListItem\",\"position\":1,\"name\":\"Home\",\"item\":\"https:\/\/www.clubdelemprendimiento.com\/blog\/\"},{\"@type\":\"ListItem\",\"position\":2,\"name\":\"Noticias Corporativas\",\"item\":\"https:\/\/www.clubdelemprendimiento.com\/blog\/noticias-corporativas\/\"},{\"@type\":\"ListItem\",\"position\":3,\"name\":\"Gabriel Mu\u00f1oz, nuevo Director de SAP de Atos para Espa\u00f1a y Portugal\"}]},{\"@type\":\"WebSite\",\"@id\":\"https:\/\/www.clubdelemprendimiento.com\/blog\/#website\",\"url\":\"https:\/\/www.clubdelemprendimiento.com\/blog\/\",\"name\":\"Blog Club del Emprendimiento\",\"description\":\"\",\"potentialAction\":[{\"@type\":\"SearchAction\",\"target\":{\"@type\":\"EntryPoint\",\"urlTemplate\":\"https:\/\/www.clubdelemprendimiento.com\/blog\/?s={search_term_string}\"},\"query-input\":\"required name=search_term_string\"}],\"inLanguage\":\"es\"}]}<\/script>\n<!-- \/ Yoast SEO plugin. -->","yoast_head_json":{"title":"Gabriel Mu\u00f1oz, nuevo Director de SAP de Atos para Espa\u00f1a y Portugal - Blog Club del Emprendimiento","robots":{"index":"index","follow":"follow","max-snippet":"max-snippet:-1","max-image-preview":"max-image-preview:large","max-video-preview":"max-video-preview:-1"},"canonical":"https:\/\/www.clubdelemprendimiento.com\/blog\/noticia-corporativa\/gabriel-munoz-nuevo-director-de-sap-de-atos-para-espana-y-portugal\/","og_locale":"es_ES","og_type":"article","og_title":"Gabriel Mu\u00f1oz, nuevo Director de SAP de Atos para Espa\u00f1a y Portugal - Blog Club del Emprendimiento","og_description":"Con esta incorporaci\u00f3n, la compa\u00f1\u00eda reafirma su apuesta por atraer talento con una visi\u00f3n&hellip;","og_url":"https:\/\/www.clubdelemprendimiento.com\/blog\/noticia-corporativa\/gabriel-munoz-nuevo-director-de-sap-de-atos-para-espana-y-portugal\/","og_site_name":"Blog Club del Emprendimiento","og_image":[{"url":"https:\/\/www.clubdelemprendimiento.com\/blog\/wp-content\/uploads\/2025\/08\/Atos_-_Gabriel_Muoz.jpg"}],"twitter_card":"summary_large_image","twitter_misc":{"Tiempo de lectura":"2 minutos"},"schema":{"@context":"https:\/\/schema.org","@graph":[{"@type":"WebPage","@id":"https:\/\/www.clubdelemprendimiento.com\/blog\/noticia-corporativa\/gabriel-munoz-nuevo-director-de-sap-de-atos-para-espana-y-portugal\/","url":"https:\/\/www.clubdelemprendimiento.com\/blog\/noticia-corporativa\/gabriel-munoz-nuevo-director-de-sap-de-atos-para-espana-y-portugal\/","name":"Gabriel Mu\u00f1oz, nuevo Director de SAP de Atos para Espa\u00f1a y Portugal - Blog Club del Emprendimiento","isPartOf":{"@id":"https:\/\/www.clubdelemprendimiento.com\/blog\/#website"},"primaryImageOfPage":{"@id":"https:\/\/www.clubdelemprendimiento.com\/blog\/noticia-corporativa\/gabriel-munoz-nuevo-director-de-sap-de-atos-para-espana-y-portugal\/#primaryimage"},"image":{"@id":"https:\/\/www.clubdelemprendimiento.com\/blog\/noticia-corporativa\/gabriel-munoz-nuevo-director-de-sap-de-atos-para-espana-y-portugal\/#primaryimage"},"thumbnailUrl":"https:\/\/www.clubdelemprendimiento.com\/blog\/wp-content\/uploads\/2025\/08\/Atos_-_Gabriel_Muoz-scaled.jpg","datePublished":"2025-08-06T11:04:39+00:00","dateModified":"2025-08-06T11:04:39+00:00","breadcrumb":{"@id":"https:\/\/www.clubdelemprendimiento.com\/blog\/noticia-corporativa\/gabriel-munoz-nuevo-director-de-sap-de-atos-para-espana-y-portugal\/#breadcrumb"},"inLanguage":"es","potentialAction":[{"@type":"ReadAction","target":["https:\/\/www.clubdelemprendimiento.com\/blog\/noticia-corporativa\/gabriel-munoz-nuevo-director-de-sap-de-atos-para-espana-y-portugal\/"]}]},{"@type":"ImageObject","inLanguage":"es","@id":"https:\/\/www.clubdelemprendimiento.com\/blog\/noticia-corporativa\/gabriel-munoz-nuevo-director-de-sap-de-atos-para-espana-y-portugal\/#primaryimage","url":"https:\/\/www.clubdelemprendimiento.com\/blog\/wp-content\/uploads\/2025\/08\/Atos_-_Gabriel_Muoz-scaled.jpg","contentUrl":"https:\/\/www.clubdelemprendimiento.com\/blog\/wp-content\/uploads\/2025\/08\/Atos_-_Gabriel_Muoz-scaled.jpg","width":2560,"height":1706},{"@type":"BreadcrumbList","@id":"https:\/\/www.clubdelemprendimiento.com\/blog\/noticia-corporativa\/gabriel-munoz-nuevo-director-de-sap-de-atos-para-espana-y-portugal\/#breadcrumb","itemListElement":[{"@type":"ListItem","position":1,"name":"Home","item":"https:\/\/www.clubdelemprendimiento.com\/blog\/"},{"@type":"ListItem","position":2,"name":"Noticias Corporativas","item":"https:\/\/www.clubdelemprendimiento.com\/blog\/noticias-corporativas\/"},{"@type":"ListItem","position":3,"name":"Gabriel Mu\u00f1oz, nuevo Director de SAP de Atos para Espa\u00f1a y Portugal"}]},{"@type":"WebSite","@id":"https:\/\/www.clubdelemprendimiento.com\/blog\/#website","url":"https:\/\/www.clubdelemprendimiento.com\/blog\/","name":"Blog Club del Emprendimiento","description":"","potentialAction":[{"@type":"SearchAction","target":{"@type":"EntryPoint","urlTemplate":"https:\/\/www.clubdelemprendimiento.com\/blog\/?s={search_term_string}"},"query-input":"required name=search_term_string"}],"inLanguage":"es"}]}},"_links":{"self":[{"href":"https:\/\/www.clubdelemprendimiento.com\/blog\/wp-json\/wp\/v2\/noticia-corporativa\/20649"}],"collection":[{"href":"https:\/\/www.clubdelemprendimiento.com\/blog\/wp-json\/wp\/v2\/noticia-corporativa"}],"about":[{"href":"https:\/\/www.clubdelemprendimiento.com\/blog\/wp-json\/wp\/v2\/types\/noticia-corporativa"}],"wp:featuredmedia":[{"embeddable":true,"href":"https:\/\/www.clubdelemprendimiento.com\/blog\/wp-json\/wp\/v2\/media\/20650"}],"wp:attachment":[{"href":"https:\/\/www.clubdelemprendimiento.com\/blog\/wp-json\/wp\/v2\/media?parent=20649"}],"curies":[{"name":"wp","href":"https:\/\/api.w.org\/{rel}","templated":true}]}}