{"id":20637,"date":"2025-08-05T15:04:44","date_gmt":"2025-08-05T15:04:44","guid":{"rendered":"https:\/\/www.clubdelemprendimiento.com\/blog\/noticia-corporativa\/30-anos-de-la-riada-de-yebra-y-almoguera-una-exposicion-y-un-documental-para-recordar-aprender-y-no-volver-a-repetir\/"},"modified":"2025-08-05T15:04:44","modified_gmt":"2025-08-05T15:04:44","slug":"30-anos-de-la-riada-de-yebra-y-almoguera-una-exposicion-y-un-documental-para-recordar-aprender-y-no-volver-a-repetir","status":"publish","type":"noticia-corporativa","link":"https:\/\/www.clubdelemprendimiento.com\/blog\/noticia-corporativa\/30-anos-de-la-riada-de-yebra-y-almoguera-una-exposicion-y-un-documental-para-recordar-aprender-y-no-volver-a-repetir\/","title":{"rendered":"&#8217;30 a\u00f1os de la riada de Yebra y Almoguera&#8217;: una exposici\u00f3n y un documental para recordar, aprender y no volver a repetir"},"content":{"rendered":"<div>\n<p><a href=\"https:\/\/www.clubdelemprendimiento.com\/blog\/wp-content\/uploads\/2025\/08\/Almoguera_riada.jpg\" target=\"_blank\" class=\"fotonota\" rel=\"noopener\"> <img decoding=\"async\" src=\"https:\/\/www.clubdelemprendimiento.com\/blog\/wp-content\/uploads\/2025\/08\/Almoguera_riada.jpg\" style=\"max-width:600px;\" border=\"0\" class=\"postImage\" alt=\"\"><\/a><\/p>\n<p>Treinta a\u00f1os despu\u00e9s de la tragedia que marc\u00f3 para siempre a Yebra y Almoguera, ambos municipios rinden homenaje a las v\u00edctimas de la riada del 9 de agosto de 1995 con una exposici\u00f3n que es mucho m\u00e1s que memoria. Es una lecci\u00f3n de vida, una llamada a la prevenci\u00f3n y un tributo a la fortaleza de dos pueblos que supieron resistir, aprender y reconstruirse.   Presentados en rueda de prensa hoy, en Guadalajara, inicialmente, se va a estrenar el d\u00eda 9 de agosto, en Almoguera, y el 29 de agosto, en Yebra\n<\/p>\n<p><\/p>\n<p>Treinta a\u00f1os despu\u00e9s de la riada que cambi\u00f3 para siempre la historia de Yebra y Almoguera, ambos municipios se han unido para mirar al pasado con respeto, dolor y determinaci\u00f3n. La exposici\u00f3n &#8217;30 a\u00f1os de la riada&#8217;, presentada hoy, 5 de agosto, en rueda de prensa, es un proyecto conmemorativo que re\u00fane una selecci\u00f3n de m\u00e1s de 200 fotograf\u00edas y dos documentales con testimonios reales de quienes vivieron aquella tarde del 9 de agosto de 1995.<\/p>\n<p>Una violenta tormenta de verano, con cerca de 100 litros por metro cuadrado en menos de una hora, desencaden\u00f3 una riada devastadora. En Yebra, el agua arras\u00f3 viviendas, infraestructuras y, lo m\u00e1s doloroso, se cobr\u00f3 la vida de diez personas. En Almoguera, aunque no hubo v\u00edctimas mortales, la destrucci\u00f3n tambi\u00e9n fue enorme. \u00abFue un milagro que no se llevara la vida de nadie\u00bb, reconocen hoy muchos de los testimonios recogidos en los videos, un milagro que fue posible, en parte, gracias a la experiencia que los almogueranos hab\u00edan vivido ocho a\u00f1os antes. La riada del 25 de julio de 1987 les hizo reaccionar a tiempo. De hecho, muchas casas de la localidad crecieron una planta m\u00e1s a ra\u00edz de aquello, una precauci\u00f3n que salv\u00f3 vidas en el 95.<\/p>\n<p>La muestra \u2014una iniciativa conjunta de los ayuntamientos de Yebra y Almoguera\u2014 se compone de paneles cronol\u00f3gicos que narran, a trav\u00e9s de impactantes im\u00e1genes, el avance del agua, sus efectos devastadores sobre viviendas, calles y personas, y el lento proceso de reconstrucci\u00f3n posterior. \u00a0Las fotograf\u00edas fueron tomadas por el fotoperiodista Javier Casta\u00f1\u00f3n apenas dos d\u00edas despu\u00e9s de la tragedia. Constituyen un testimonio gr\u00e1fico \u00fanico. La exposici\u00f3n se enriquece, adem\u00e1s, con material audiovisual procedente del archivo de la Diputaci\u00f3n Provincial de Guadalajara y del Centro de la Fotograf\u00eda y la Imagen Hist\u00f3rica de Guadalajara (CEFIHGU), que han cedido valiosas im\u00e1genes de v\u00eddeo utilizadas en los documentales. Completan el recorrido dos piezas audiovisuales con los testimonios directos de vecinos y vecinas. Sus palabras todav\u00eda duelen y conmueven, pero tambi\u00e9n ense\u00f1an, convertidas en memoria viva y colectiva. El estilo respetuoso y riguroso con el que se ha realizado el v\u00eddeo documental responde a la necesidad de documentar, tres d\u00e9cadas despu\u00e9s, testimonial e hist\u00f3ricamente lo que ocurri\u00f3.<\/p>\n<p>Exposici\u00f3n y documentales persiguen el objetivo de conservar, en este valioso compendio de videos y\u00a0 fotograf\u00edas, el testimonio colectivo de unos hechos que marcaron para siempre a Yebra y Almoguera. Olvidar lo ocurrido ser\u00eda un error imperdonable, una forma de deso\u00edr la lecci\u00f3n que dio la fuerza desbordada de la naturaleza. Esta memoria visual y emocional no solo honra lo vivido, sino que advierte, ense\u00f1a y protege, para que nunca vuelva a ocurrir.<\/p>\n<p>Durante la presentaci\u00f3n, los alcaldes de ambas localidades han compartido la misma mirada constructiva sobre la tragedia, la de la memoria como herramienta para proteger el futuro.<\/p>\n<p>Juan Pedro S\u00e1nchez, alcalde de Yebra, recuerda que \u00abdiez personas perdieron la vida y el pueblo entero qued\u00f3 marcado para siempre. La exposici\u00f3n y el\u00a0 v\u00eddeo recogen testimonios reales, valientes, llenos de humanidad. Palabras e im\u00e1genes que nos emocionan, que nos ense\u00f1an\u00bb. La exposici\u00f3n a\u00f1ade, \u00abnos muestra el rostro de la tragedia,\u00a0pero tambi\u00e9n el de la esperanza y la solidaridad. Porque recordar es tambi\u00e9n una forma de honrar, pero sobre todo, de prevenir\u00bb.<\/p>\n<p>Por su parte, Antonio Barona, alcalde de Almoguera, destaca que \u00abel agua arras\u00f3 calles, casas y recuerdos, pero no se llev\u00f3 ninguna vida, y eso fue posible gracias a lo aprendido en la riada del 87. Este v\u00eddeo recoge los testimonios de quienes supieron reaccionar, y la exposici\u00f3n fotogr\u00e1fica es un testimonio visual imprescindible. Cerca de 200 im\u00e1genes\u00a0 nos muestran la magnitud de lo que ocurri\u00f3 y la dignidad de un pueblo que resisti\u00f3\u00bb.<\/p>\n<p>Ambos regidores coincidieron tambi\u00e9n en agradecer el trabajo de\u00a0 las dos corporaciones municipales que afrontaron con entereza las consecuencias de aquel desastre. Especial menci\u00f3n merecen, igualmente, la Diputaci\u00f3n de Guadalajara, la Junta de Comunidades de Castilla-La Mancha y el Gobierno de Espa\u00f1a, que colaboraron desde el primer momento para reparar los da\u00f1os y reconstruir lo perdido. El Ej\u00e9rcito, Cruz Roja, Protecci\u00f3n Civil, Guardia Civil y equipos de emergencia desplegaron un esfuerzo inmediato y generoso que restaur\u00f3 los servicios esenciales en apenas tres d\u00edas. Gracias a esa intervenci\u00f3n, a la entereza de los dos pueblos, a la de muchas otras donaciones generosas y an\u00f3nimas, y a las posteriores obras de encauzamiento, reforestaci\u00f3n y construcci\u00f3n de presas, el riesgo futuro ha disminuido. Pero la naturaleza siempre puede sorprender.<\/p>\n<p>Por eso esta exposici\u00f3n no es solo un homenaje. Es tambi\u00e9n una llamada a la prevenci\u00f3n y al aprendizaje. A no olvidar que el agua puede volver. A entender que hay decisiones que salvan vidas, como las de no urbanizar en zonas inundables, cuidar los cauces y limpiarlos, proteger el terreno con vegetaci\u00f3n, y actuar siempre con previsi\u00f3n.<\/p>\n<p>Como expresa Juan Pedro S\u00e1nchez, \u00ablo que vivimos aquel d\u00eda no se puede borrar, pero s\u00ed podemos aprender. Hoy, Yebra es un pueblo m\u00e1s preparado, m\u00e1s unido, m\u00e1s consciente. Que estas im\u00e1genes y documentales sirvan para que nunca m\u00e1s tengamos que sufrir una tragedia as\u00ed. Que el recuerdo de las v\u00edctimas sea siempre una gu\u00eda\u00bb.<\/p>\n<p>Antonio Barona lo resume tambi\u00e9n con claridad. \u00abLa naturaleza habla, y debemos escucharla. Almoguera es hoy un ejemplo de resiliencia. Pero no olvidamos. Y por eso compartimos esta memoria. Para que lo vivido no se repita. Para que el dolor de ayer nos sirva para construir un ma\u00f1ana m\u00e1s seguro y consciente\u00bb, afirma.<\/p>\n<p>La exposici\u00f3n ofrece adem\u00e1s una dimensi\u00f3n profundamente humana, la de quienes lo vivieron. Personas que, d\u00e9cadas despu\u00e9s, a\u00fan sienten c\u00f3mo retumba en sus cuerpos y mentes aquella noche en que el cielo se cerr\u00f3 de golpe y el agua lo arrastr\u00f3 todo.<\/p>\n<p>Sonia Torre, que entonces ten\u00eda 18 a\u00f1os, recuerda como, de repente, se hizo de noche, pasadas por poco las nueve. \u00abEst\u00e1bamos en el bar de Yebra. Un ni\u00f1o entr\u00f3 con p\u00e1jaros muertos entre sus manos. Se estrellaban contra las paredes, sin motivo aparente. El agua empez\u00f3 a salir por los sanitarios sin que a\u00fan lloviera de manera brutal. Nos subimos a la barra, luego al tejado, haciendo un agujero en el techo. Nos pasaban abrigos con una soga desde la plaza de toros. Cuando baj\u00f3 el nivel, o\u00edamos gritos, gente buscando a sus familiares.\u00a0Aquello no se olvida. Diez personas en un pueblo tan peque\u00f1o. O eran familia o eran amigos\u00bb.<\/p>\n<p>Sergio Villalba ten\u00eda 11 a\u00f1os. Lo vivi\u00f3, en Almoguera, con el miedo de no saber si volver\u00eda a ver a su padre. \u00abEstaba trabajando junto al r\u00edo, en una presa, en el trasvase. No supimos nada de \u00e9l hasta el d\u00eda siguiente. Esa noche no dorm\u00ed. Pensamos que el agua nos arrastrar\u00eda cuando entr\u00f3 en la primera planta de mi casa. Vi coches flotando, bloques de asfalto. Recuerdo estar en la cama con mi madre, esperando. Cuando apareci\u00f3 mi padre, lloramos y dormimos abrazados toda la ma\u00f1ana. Hoy, cada vez que llueve fuerte, recojo a mis hijos y me voy a casa. Nadie lo entiende, salvo quien lo ha vivido\u00bb, afirma.<\/p>\n<p>&#8217;30 a\u00f1os de la riada&#8217; es, en definitiva, un acto de memoria, pero tambi\u00e9n un ejercicio de responsabilidad colectiva. Una invitaci\u00f3n a mirar atr\u00e1s, no con nostalgia, sino con conciencia. Para no repetir errores. Para proteger lo que importa. Para honrar a quienes ya no est\u00e1n. Y para seguir adelante, juntos, teniendo en cuenta que el cambio clim\u00e1tico no avisa, y que, frente a \u00e9l, solo cabe prevenci\u00f3n y conciencia colectiva. Por eso, ambos ayuntamientos tienen la vocaci\u00f3n de compartir este material (exposici\u00f3n y documentales) de manera itinerante, con otras localidades dispuestas a escuchar la voz de la naturaleza. Inicialmente, se va a estrenar el d\u00eda 9 de agosto, en Almoguera, y el 29 de agosto, en Yebra.<\/p>\n<\/div>\n","protected":false},"featured_media":20638,"template":"","meta":{"_acf_changed":false},"acf":[],"yoast_head":"<!-- This site is optimized with the Yoast SEO plugin v22.7 - https:\/\/yoast.com\/wordpress\/plugins\/seo\/ -->\n<title>&#039;30 a\u00f1os de la riada de Yebra y Almoguera&#039;: una exposici\u00f3n y un documental para recordar, aprender y no volver a repetir - Blog Club del Emprendimiento<\/title>\n<meta name=\"robots\" content=\"index, follow, max-snippet:-1, max-image-preview:large, max-video-preview:-1\" \/>\n<link rel=\"canonical\" href=\"https:\/\/www.clubdelemprendimiento.com\/blog\/noticia-corporativa\/30-anos-de-la-riada-de-yebra-y-almoguera-una-exposicion-y-un-documental-para-recordar-aprender-y-no-volver-a-repetir\/\" \/>\n<meta property=\"og:locale\" content=\"es_ES\" \/>\n<meta property=\"og:type\" content=\"article\" \/>\n<meta property=\"og:title\" content=\"&#039;30 a\u00f1os de la riada de Yebra y Almoguera&#039;: una exposici\u00f3n y un documental para recordar, aprender y no volver a repetir - Blog Club del Emprendimiento\" \/>\n<meta property=\"og:description\" content=\"Treinta a\u00f1os despu\u00e9s de la tragedia que marc\u00f3 para siempre a Yebra y Almoguera,&hellip;\" \/>\n<meta property=\"og:url\" content=\"https:\/\/www.clubdelemprendimiento.com\/blog\/noticia-corporativa\/30-anos-de-la-riada-de-yebra-y-almoguera-una-exposicion-y-un-documental-para-recordar-aprender-y-no-volver-a-repetir\/\" \/>\n<meta property=\"og:site_name\" content=\"Blog Club del Emprendimiento\" \/>\n<meta property=\"og:image\" content=\"https:\/\/www.clubdelemprendimiento.com\/blog\/wp-content\/uploads\/2025\/08\/Almoguera_riada.jpg\" \/>\n<meta name=\"twitter:card\" content=\"summary_large_image\" \/>\n<meta name=\"twitter:label1\" content=\"Tiempo de lectura\" \/>\n\t<meta name=\"twitter:data1\" content=\"7 minutos\" \/>\n<script type=\"application\/ld+json\" class=\"yoast-schema-graph\">{\"@context\":\"https:\/\/schema.org\",\"@graph\":[{\"@type\":\"WebPage\",\"@id\":\"https:\/\/www.clubdelemprendimiento.com\/blog\/noticia-corporativa\/30-anos-de-la-riada-de-yebra-y-almoguera-una-exposicion-y-un-documental-para-recordar-aprender-y-no-volver-a-repetir\/\",\"url\":\"https:\/\/www.clubdelemprendimiento.com\/blog\/noticia-corporativa\/30-anos-de-la-riada-de-yebra-y-almoguera-una-exposicion-y-un-documental-para-recordar-aprender-y-no-volver-a-repetir\/\",\"name\":\"'30 a\u00f1os de la riada de Yebra y Almoguera': una exposici\u00f3n y un documental para recordar, aprender y no volver a repetir - Blog Club del Emprendimiento\",\"isPartOf\":{\"@id\":\"https:\/\/www.clubdelemprendimiento.com\/blog\/#website\"},\"primaryImageOfPage\":{\"@id\":\"https:\/\/www.clubdelemprendimiento.com\/blog\/noticia-corporativa\/30-anos-de-la-riada-de-yebra-y-almoguera-una-exposicion-y-un-documental-para-recordar-aprender-y-no-volver-a-repetir\/#primaryimage\"},\"image\":{\"@id\":\"https:\/\/www.clubdelemprendimiento.com\/blog\/noticia-corporativa\/30-anos-de-la-riada-de-yebra-y-almoguera-una-exposicion-y-un-documental-para-recordar-aprender-y-no-volver-a-repetir\/#primaryimage\"},\"thumbnailUrl\":\"https:\/\/www.clubdelemprendimiento.com\/blog\/wp-content\/uploads\/2025\/08\/Almoguera_riada.jpg\",\"datePublished\":\"2025-08-05T15:04:44+00:00\",\"dateModified\":\"2025-08-05T15:04:44+00:00\",\"breadcrumb\":{\"@id\":\"https:\/\/www.clubdelemprendimiento.com\/blog\/noticia-corporativa\/30-anos-de-la-riada-de-yebra-y-almoguera-una-exposicion-y-un-documental-para-recordar-aprender-y-no-volver-a-repetir\/#breadcrumb\"},\"inLanguage\":\"es\",\"potentialAction\":[{\"@type\":\"ReadAction\",\"target\":[\"https:\/\/www.clubdelemprendimiento.com\/blog\/noticia-corporativa\/30-anos-de-la-riada-de-yebra-y-almoguera-una-exposicion-y-un-documental-para-recordar-aprender-y-no-volver-a-repetir\/\"]}]},{\"@type\":\"ImageObject\",\"inLanguage\":\"es\",\"@id\":\"https:\/\/www.clubdelemprendimiento.com\/blog\/noticia-corporativa\/30-anos-de-la-riada-de-yebra-y-almoguera-una-exposicion-y-un-documental-para-recordar-aprender-y-no-volver-a-repetir\/#primaryimage\",\"url\":\"https:\/\/www.clubdelemprendimiento.com\/blog\/wp-content\/uploads\/2025\/08\/Almoguera_riada.jpg\",\"contentUrl\":\"https:\/\/www.clubdelemprendimiento.com\/blog\/wp-content\/uploads\/2025\/08\/Almoguera_riada.jpg\",\"width\":1920,\"height\":1013},{\"@type\":\"BreadcrumbList\",\"@id\":\"https:\/\/www.clubdelemprendimiento.com\/blog\/noticia-corporativa\/30-anos-de-la-riada-de-yebra-y-almoguera-una-exposicion-y-un-documental-para-recordar-aprender-y-no-volver-a-repetir\/#breadcrumb\",\"itemListElement\":[{\"@type\":\"ListItem\",\"position\":1,\"name\":\"Home\",\"item\":\"https:\/\/www.clubdelemprendimiento.com\/blog\/\"},{\"@type\":\"ListItem\",\"position\":2,\"name\":\"Noticias Corporativas\",\"item\":\"https:\/\/www.clubdelemprendimiento.com\/blog\/noticias-corporativas\/\"},{\"@type\":\"ListItem\",\"position\":3,\"name\":\"&#8217;30 a\u00f1os de la riada de Yebra y Almoguera&#8217;: una exposici\u00f3n y un documental para recordar, aprender y no volver a repetir\"}]},{\"@type\":\"WebSite\",\"@id\":\"https:\/\/www.clubdelemprendimiento.com\/blog\/#website\",\"url\":\"https:\/\/www.clubdelemprendimiento.com\/blog\/\",\"name\":\"Blog Club del Emprendimiento\",\"description\":\"\",\"potentialAction\":[{\"@type\":\"SearchAction\",\"target\":{\"@type\":\"EntryPoint\",\"urlTemplate\":\"https:\/\/www.clubdelemprendimiento.com\/blog\/?s={search_term_string}\"},\"query-input\":\"required name=search_term_string\"}],\"inLanguage\":\"es\"}]}<\/script>\n<!-- \/ Yoast SEO plugin. -->","yoast_head_json":{"title":"'30 a\u00f1os de la riada de Yebra y Almoguera': una exposici\u00f3n y un documental para recordar, aprender y no volver a repetir - Blog Club del Emprendimiento","robots":{"index":"index","follow":"follow","max-snippet":"max-snippet:-1","max-image-preview":"max-image-preview:large","max-video-preview":"max-video-preview:-1"},"canonical":"https:\/\/www.clubdelemprendimiento.com\/blog\/noticia-corporativa\/30-anos-de-la-riada-de-yebra-y-almoguera-una-exposicion-y-un-documental-para-recordar-aprender-y-no-volver-a-repetir\/","og_locale":"es_ES","og_type":"article","og_title":"'30 a\u00f1os de la riada de Yebra y Almoguera': una exposici\u00f3n y un documental para recordar, aprender y no volver a repetir - Blog Club del Emprendimiento","og_description":"Treinta a\u00f1os despu\u00e9s de la tragedia que marc\u00f3 para siempre a Yebra y Almoguera,&hellip;","og_url":"https:\/\/www.clubdelemprendimiento.com\/blog\/noticia-corporativa\/30-anos-de-la-riada-de-yebra-y-almoguera-una-exposicion-y-un-documental-para-recordar-aprender-y-no-volver-a-repetir\/","og_site_name":"Blog Club del Emprendimiento","og_image":[{"url":"https:\/\/www.clubdelemprendimiento.com\/blog\/wp-content\/uploads\/2025\/08\/Almoguera_riada.jpg"}],"twitter_card":"summary_large_image","twitter_misc":{"Tiempo de lectura":"7 minutos"},"schema":{"@context":"https:\/\/schema.org","@graph":[{"@type":"WebPage","@id":"https:\/\/www.clubdelemprendimiento.com\/blog\/noticia-corporativa\/30-anos-de-la-riada-de-yebra-y-almoguera-una-exposicion-y-un-documental-para-recordar-aprender-y-no-volver-a-repetir\/","url":"https:\/\/www.clubdelemprendimiento.com\/blog\/noticia-corporativa\/30-anos-de-la-riada-de-yebra-y-almoguera-una-exposicion-y-un-documental-para-recordar-aprender-y-no-volver-a-repetir\/","name":"'30 a\u00f1os de la riada de Yebra y Almoguera': una exposici\u00f3n y un documental para recordar, aprender y no volver a repetir - Blog Club del Emprendimiento","isPartOf":{"@id":"https:\/\/www.clubdelemprendimiento.com\/blog\/#website"},"primaryImageOfPage":{"@id":"https:\/\/www.clubdelemprendimiento.com\/blog\/noticia-corporativa\/30-anos-de-la-riada-de-yebra-y-almoguera-una-exposicion-y-un-documental-para-recordar-aprender-y-no-volver-a-repetir\/#primaryimage"},"image":{"@id":"https:\/\/www.clubdelemprendimiento.com\/blog\/noticia-corporativa\/30-anos-de-la-riada-de-yebra-y-almoguera-una-exposicion-y-un-documental-para-recordar-aprender-y-no-volver-a-repetir\/#primaryimage"},"thumbnailUrl":"https:\/\/www.clubdelemprendimiento.com\/blog\/wp-content\/uploads\/2025\/08\/Almoguera_riada.jpg","datePublished":"2025-08-05T15:04:44+00:00","dateModified":"2025-08-05T15:04:44+00:00","breadcrumb":{"@id":"https:\/\/www.clubdelemprendimiento.com\/blog\/noticia-corporativa\/30-anos-de-la-riada-de-yebra-y-almoguera-una-exposicion-y-un-documental-para-recordar-aprender-y-no-volver-a-repetir\/#breadcrumb"},"inLanguage":"es","potentialAction":[{"@type":"ReadAction","target":["https:\/\/www.clubdelemprendimiento.com\/blog\/noticia-corporativa\/30-anos-de-la-riada-de-yebra-y-almoguera-una-exposicion-y-un-documental-para-recordar-aprender-y-no-volver-a-repetir\/"]}]},{"@type":"ImageObject","inLanguage":"es","@id":"https:\/\/www.clubdelemprendimiento.com\/blog\/noticia-corporativa\/30-anos-de-la-riada-de-yebra-y-almoguera-una-exposicion-y-un-documental-para-recordar-aprender-y-no-volver-a-repetir\/#primaryimage","url":"https:\/\/www.clubdelemprendimiento.com\/blog\/wp-content\/uploads\/2025\/08\/Almoguera_riada.jpg","contentUrl":"https:\/\/www.clubdelemprendimiento.com\/blog\/wp-content\/uploads\/2025\/08\/Almoguera_riada.jpg","width":1920,"height":1013},{"@type":"BreadcrumbList","@id":"https:\/\/www.clubdelemprendimiento.com\/blog\/noticia-corporativa\/30-anos-de-la-riada-de-yebra-y-almoguera-una-exposicion-y-un-documental-para-recordar-aprender-y-no-volver-a-repetir\/#breadcrumb","itemListElement":[{"@type":"ListItem","position":1,"name":"Home","item":"https:\/\/www.clubdelemprendimiento.com\/blog\/"},{"@type":"ListItem","position":2,"name":"Noticias Corporativas","item":"https:\/\/www.clubdelemprendimiento.com\/blog\/noticias-corporativas\/"},{"@type":"ListItem","position":3,"name":"&#8217;30 a\u00f1os de la riada de Yebra y Almoguera&#8217;: una exposici\u00f3n y un documental para recordar, aprender y no volver a repetir"}]},{"@type":"WebSite","@id":"https:\/\/www.clubdelemprendimiento.com\/blog\/#website","url":"https:\/\/www.clubdelemprendimiento.com\/blog\/","name":"Blog Club del Emprendimiento","description":"","potentialAction":[{"@type":"SearchAction","target":{"@type":"EntryPoint","urlTemplate":"https:\/\/www.clubdelemprendimiento.com\/blog\/?s={search_term_string}"},"query-input":"required name=search_term_string"}],"inLanguage":"es"}]}},"_links":{"self":[{"href":"https:\/\/www.clubdelemprendimiento.com\/blog\/wp-json\/wp\/v2\/noticia-corporativa\/20637"}],"collection":[{"href":"https:\/\/www.clubdelemprendimiento.com\/blog\/wp-json\/wp\/v2\/noticia-corporativa"}],"about":[{"href":"https:\/\/www.clubdelemprendimiento.com\/blog\/wp-json\/wp\/v2\/types\/noticia-corporativa"}],"wp:featuredmedia":[{"embeddable":true,"href":"https:\/\/www.clubdelemprendimiento.com\/blog\/wp-json\/wp\/v2\/media\/20638"}],"wp:attachment":[{"href":"https:\/\/www.clubdelemprendimiento.com\/blog\/wp-json\/wp\/v2\/media?parent=20637"}],"curies":[{"name":"wp","href":"https:\/\/api.w.org\/{rel}","templated":true}]}}