{"id":20621,"date":"2025-08-05T12:05:09","date_gmt":"2025-08-05T12:05:09","guid":{"rendered":"https:\/\/www.clubdelemprendimiento.com\/blog\/noticia-corporativa\/divina-seguros-invita-a-la-ciudadania-a-compartir-material-grafico-de-la-dana-para-una-exposicion-itinerante\/"},"modified":"2025-08-05T12:05:09","modified_gmt":"2025-08-05T12:05:09","slug":"divina-seguros-invita-a-la-ciudadania-a-compartir-material-grafico-de-la-dana-para-una-exposicion-itinerante","status":"publish","type":"noticia-corporativa","link":"https:\/\/www.clubdelemprendimiento.com\/blog\/noticia-corporativa\/divina-seguros-invita-a-la-ciudadania-a-compartir-material-grafico-de-la-dana-para-una-exposicion-itinerante\/","title":{"rendered":"Divina Seguros invita a la ciudadan\u00eda a compartir material gr\u00e1fico de la DANA para una exposici\u00f3n itinerante"},"content":{"rendered":"<div>\n<p><a href=\"https:\/\/www.clubdelemprendimiento.com\/blog\/wp-content\/uploads\/2025\/08\/DivinaSeguros.jpg\" target=\"_blank\" class=\"fotonota\" rel=\"noopener\"> <img decoding=\"async\" src=\"https:\/\/www.clubdelemprendimiento.com\/blog\/wp-content\/uploads\/2025\/08\/DivinaSeguros.jpg\" style=\"max-width:600px;\" border=\"0\" class=\"postImage\" alt=\"\"><\/a><\/p>\n<p>La muestra se inaugurar\u00e1 en Valencia, concretamente en la sede de CaixaBank de Pintor Sorolla, en el mes de octubre y posteriormente viajar\u00e1 por diferentes ciudades espa\u00f1olas. Las personas que quieran participar en esta iniciativa pueden enviar sus fotos y v\u00eddeos desde hoy, 5 de agosto, hasta el pr\u00f3ximo 15 de septiembre. &#8216;Lodo. Miradas de lo vivido\u2019 busca contar este desastre natural desde la mirada de aquellos que lo vivieron en primera persona<\/p>\n<p><\/p>\n<p><a href=\"http:\/\/www.divinaseguros.com\/\" rel=\"nofollow\">Divina Seguros<\/a>, en colaboraci\u00f3n con CaixaBank, invita a la ciudadan\u00eda a compartir material gr\u00e1fico de las inundaciones ocurridas principalmente en la provincia de Valencia el 29 de octubre de 2024 con el objetivo de crear la exposici\u00f3n colaborativa e itinerante \u2018Lodo. Miradas de lo vivido\u2019. Esta muestra busca contar este desastre natural desde la mirada de aquellos que lo vivieron en primera persona (afectados, voluntarios, familiares y amigos de afectados, etc.).<\/p>\n<p>Con esta acci\u00f3n, Divina Seguros solicita a los ciudadanos que manden sus fotos o v\u00eddeos para que, a trav\u00e9s de su testimonio gr\u00e1fico, sean ellos los verdaderos protagonistas. La muestra, que estar\u00e1 comisariada por Pedro Vicente-Mullor, doctor en Bellas Artes y comisario de exposiciones fotogr\u00e1ficas, investigador y docente universitario, contar\u00e1 tambi\u00e9n con el apoyo de la Universidad Polit\u00e9cnica de Valencia y el Instituto de Restauraci\u00f3n del Patrimonio.<\/p>\n<p>Aquellas personas que est\u00e9n interesadas en formar parte de esta exposici\u00f3n pueden enviar el material gr\u00e1fico (im\u00e1genes y v\u00eddeos) desde hoy, 5 de agosto, hasta el pr\u00f3ximo 15 de septiembre a trav\u00e9s de la landing <a href=\"https:\/\/lodomiradasdelovivido.divinaseguros.com\/\" rel=\"nofollow\">lodomiradasdelovivido.divinaseguros.com<\/a>, creada para esta iniciativa. Pasado este periodo, se seleccionar\u00e1 el material que finalmente ser\u00e1 expuesto.<\/p>\n<p>Respecto a la tem\u00e1tica, el \u00fanico requisito es que la imagen o v\u00eddeo refleje una situaci\u00f3n provocada por dichas inundaciones y puede haber sido realizada desde los d\u00edas inmediatamente posteriores a la tragedia hasta la actualidad. Toda la informaci\u00f3n est\u00e1 detallada en las bases de la convocatoria que est\u00e1n publicadas en la landing de esta iniciativa.<\/p>\n<p>Est\u00e1 previsto que la exposici\u00f3n \u2018Lodo. Miradas de lo vivido\u2019 se inaugure el pr\u00f3ximo mes de octubre en la sede de CaixaBank de Pintor Sorolla en Valencia \u2013 coincidiendo con el primer aniversario de estas inundaciones- y posteriormente viaje por diferentes ciudades espa\u00f1olas.<\/p>\n<p><a href=\"https:\/\/divinaseguros.com\/\" rel=\"nofollow\">Divina Seguros<\/a> es una aseguradora, con m\u00e1s de 65 a\u00f1os de experiencia, que tiene su sede central en Valencia. La entidad se constituy\u00f3 en 1957, a\u00f1o de la gran riada de Valencia, y siempre ha tenido un marcado componente social, tambi\u00e9n en las cat\u00e1strofes naturales. Desde el primer momento ha estado al lado de los afectados por las inundaciones con la puesta en marcha de diferentes ayudas para mutualistas, asegurados, trabajadores de la entidad y para todas aquellas personas que sufrieron las consecuencias de estas lluvias torrenciales y desbordamientos.<\/p>\n<\/div>\n","protected":false},"featured_media":20622,"template":"","meta":{"_acf_changed":false},"acf":[],"yoast_head":"<!-- This site is optimized with the Yoast SEO plugin v22.7 - https:\/\/yoast.com\/wordpress\/plugins\/seo\/ -->\n<title>Divina Seguros invita a la ciudadan\u00eda a compartir material gr\u00e1fico de la DANA para una exposici\u00f3n itinerante - Blog Club del Emprendimiento<\/title>\n<meta name=\"robots\" content=\"index, follow, max-snippet:-1, max-image-preview:large, max-video-preview:-1\" \/>\n<link rel=\"canonical\" href=\"https:\/\/www.clubdelemprendimiento.com\/blog\/noticia-corporativa\/divina-seguros-invita-a-la-ciudadania-a-compartir-material-grafico-de-la-dana-para-una-exposicion-itinerante\/\" \/>\n<meta property=\"og:locale\" content=\"es_ES\" \/>\n<meta property=\"og:type\" content=\"article\" \/>\n<meta property=\"og:title\" content=\"Divina Seguros invita a la ciudadan\u00eda a compartir material gr\u00e1fico de la DANA para una exposici\u00f3n itinerante - Blog Club del Emprendimiento\" \/>\n<meta property=\"og:description\" content=\"La muestra se inaugurar\u00e1 en Valencia, concretamente en la sede de CaixaBank de Pintor&hellip;\" \/>\n<meta property=\"og:url\" content=\"https:\/\/www.clubdelemprendimiento.com\/blog\/noticia-corporativa\/divina-seguros-invita-a-la-ciudadania-a-compartir-material-grafico-de-la-dana-para-una-exposicion-itinerante\/\" \/>\n<meta property=\"og:site_name\" content=\"Blog Club del Emprendimiento\" \/>\n<meta property=\"og:image\" content=\"https:\/\/www.clubdelemprendimiento.com\/blog\/wp-content\/uploads\/2025\/08\/DivinaSeguros.jpg\" \/>\n<meta name=\"twitter:card\" content=\"summary_large_image\" \/>\n<meta name=\"twitter:label1\" content=\"Tiempo de lectura\" \/>\n\t<meta name=\"twitter:data1\" content=\"2 minutos\" \/>\n<script type=\"application\/ld+json\" class=\"yoast-schema-graph\">{\"@context\":\"https:\/\/schema.org\",\"@graph\":[{\"@type\":\"WebPage\",\"@id\":\"https:\/\/www.clubdelemprendimiento.com\/blog\/noticia-corporativa\/divina-seguros-invita-a-la-ciudadania-a-compartir-material-grafico-de-la-dana-para-una-exposicion-itinerante\/\",\"url\":\"https:\/\/www.clubdelemprendimiento.com\/blog\/noticia-corporativa\/divina-seguros-invita-a-la-ciudadania-a-compartir-material-grafico-de-la-dana-para-una-exposicion-itinerante\/\",\"name\":\"Divina Seguros invita a la ciudadan\u00eda a compartir material gr\u00e1fico de la DANA para una exposici\u00f3n itinerante - Blog Club del Emprendimiento\",\"isPartOf\":{\"@id\":\"https:\/\/www.clubdelemprendimiento.com\/blog\/#website\"},\"primaryImageOfPage\":{\"@id\":\"https:\/\/www.clubdelemprendimiento.com\/blog\/noticia-corporativa\/divina-seguros-invita-a-la-ciudadania-a-compartir-material-grafico-de-la-dana-para-una-exposicion-itinerante\/#primaryimage\"},\"image\":{\"@id\":\"https:\/\/www.clubdelemprendimiento.com\/blog\/noticia-corporativa\/divina-seguros-invita-a-la-ciudadania-a-compartir-material-grafico-de-la-dana-para-una-exposicion-itinerante\/#primaryimage\"},\"thumbnailUrl\":\"https:\/\/www.clubdelemprendimiento.com\/blog\/wp-content\/uploads\/2025\/08\/DivinaSeguros.jpg\",\"datePublished\":\"2025-08-05T12:05:09+00:00\",\"dateModified\":\"2025-08-05T12:05:09+00:00\",\"breadcrumb\":{\"@id\":\"https:\/\/www.clubdelemprendimiento.com\/blog\/noticia-corporativa\/divina-seguros-invita-a-la-ciudadania-a-compartir-material-grafico-de-la-dana-para-una-exposicion-itinerante\/#breadcrumb\"},\"inLanguage\":\"es\",\"potentialAction\":[{\"@type\":\"ReadAction\",\"target\":[\"https:\/\/www.clubdelemprendimiento.com\/blog\/noticia-corporativa\/divina-seguros-invita-a-la-ciudadania-a-compartir-material-grafico-de-la-dana-para-una-exposicion-itinerante\/\"]}]},{\"@type\":\"ImageObject\",\"inLanguage\":\"es\",\"@id\":\"https:\/\/www.clubdelemprendimiento.com\/blog\/noticia-corporativa\/divina-seguros-invita-a-la-ciudadania-a-compartir-material-grafico-de-la-dana-para-una-exposicion-itinerante\/#primaryimage\",\"url\":\"https:\/\/www.clubdelemprendimiento.com\/blog\/wp-content\/uploads\/2025\/08\/DivinaSeguros.jpg\",\"contentUrl\":\"https:\/\/www.clubdelemprendimiento.com\/blog\/wp-content\/uploads\/2025\/08\/DivinaSeguros.jpg\",\"width\":725,\"height\":903},{\"@type\":\"BreadcrumbList\",\"@id\":\"https:\/\/www.clubdelemprendimiento.com\/blog\/noticia-corporativa\/divina-seguros-invita-a-la-ciudadania-a-compartir-material-grafico-de-la-dana-para-una-exposicion-itinerante\/#breadcrumb\",\"itemListElement\":[{\"@type\":\"ListItem\",\"position\":1,\"name\":\"Home\",\"item\":\"https:\/\/www.clubdelemprendimiento.com\/blog\/\"},{\"@type\":\"ListItem\",\"position\":2,\"name\":\"Noticias Corporativas\",\"item\":\"https:\/\/www.clubdelemprendimiento.com\/blog\/noticias-corporativas\/\"},{\"@type\":\"ListItem\",\"position\":3,\"name\":\"Divina Seguros invita a la ciudadan\u00eda a compartir material gr\u00e1fico de la DANA para una exposici\u00f3n itinerante\"}]},{\"@type\":\"WebSite\",\"@id\":\"https:\/\/www.clubdelemprendimiento.com\/blog\/#website\",\"url\":\"https:\/\/www.clubdelemprendimiento.com\/blog\/\",\"name\":\"Blog Club del Emprendimiento\",\"description\":\"\",\"potentialAction\":[{\"@type\":\"SearchAction\",\"target\":{\"@type\":\"EntryPoint\",\"urlTemplate\":\"https:\/\/www.clubdelemprendimiento.com\/blog\/?s={search_term_string}\"},\"query-input\":\"required name=search_term_string\"}],\"inLanguage\":\"es\"}]}<\/script>\n<!-- \/ Yoast SEO plugin. -->","yoast_head_json":{"title":"Divina Seguros invita a la ciudadan\u00eda a compartir material gr\u00e1fico de la DANA para una exposici\u00f3n itinerante - Blog Club del Emprendimiento","robots":{"index":"index","follow":"follow","max-snippet":"max-snippet:-1","max-image-preview":"max-image-preview:large","max-video-preview":"max-video-preview:-1"},"canonical":"https:\/\/www.clubdelemprendimiento.com\/blog\/noticia-corporativa\/divina-seguros-invita-a-la-ciudadania-a-compartir-material-grafico-de-la-dana-para-una-exposicion-itinerante\/","og_locale":"es_ES","og_type":"article","og_title":"Divina Seguros invita a la ciudadan\u00eda a compartir material gr\u00e1fico de la DANA para una exposici\u00f3n itinerante - Blog Club del Emprendimiento","og_description":"La muestra se inaugurar\u00e1 en Valencia, concretamente en la sede de CaixaBank de Pintor&hellip;","og_url":"https:\/\/www.clubdelemprendimiento.com\/blog\/noticia-corporativa\/divina-seguros-invita-a-la-ciudadania-a-compartir-material-grafico-de-la-dana-para-una-exposicion-itinerante\/","og_site_name":"Blog Club del Emprendimiento","og_image":[{"url":"https:\/\/www.clubdelemprendimiento.com\/blog\/wp-content\/uploads\/2025\/08\/DivinaSeguros.jpg"}],"twitter_card":"summary_large_image","twitter_misc":{"Tiempo de lectura":"2 minutos"},"schema":{"@context":"https:\/\/schema.org","@graph":[{"@type":"WebPage","@id":"https:\/\/www.clubdelemprendimiento.com\/blog\/noticia-corporativa\/divina-seguros-invita-a-la-ciudadania-a-compartir-material-grafico-de-la-dana-para-una-exposicion-itinerante\/","url":"https:\/\/www.clubdelemprendimiento.com\/blog\/noticia-corporativa\/divina-seguros-invita-a-la-ciudadania-a-compartir-material-grafico-de-la-dana-para-una-exposicion-itinerante\/","name":"Divina Seguros invita a la ciudadan\u00eda a compartir material gr\u00e1fico de la DANA para una exposici\u00f3n itinerante - Blog Club del Emprendimiento","isPartOf":{"@id":"https:\/\/www.clubdelemprendimiento.com\/blog\/#website"},"primaryImageOfPage":{"@id":"https:\/\/www.clubdelemprendimiento.com\/blog\/noticia-corporativa\/divina-seguros-invita-a-la-ciudadania-a-compartir-material-grafico-de-la-dana-para-una-exposicion-itinerante\/#primaryimage"},"image":{"@id":"https:\/\/www.clubdelemprendimiento.com\/blog\/noticia-corporativa\/divina-seguros-invita-a-la-ciudadania-a-compartir-material-grafico-de-la-dana-para-una-exposicion-itinerante\/#primaryimage"},"thumbnailUrl":"https:\/\/www.clubdelemprendimiento.com\/blog\/wp-content\/uploads\/2025\/08\/DivinaSeguros.jpg","datePublished":"2025-08-05T12:05:09+00:00","dateModified":"2025-08-05T12:05:09+00:00","breadcrumb":{"@id":"https:\/\/www.clubdelemprendimiento.com\/blog\/noticia-corporativa\/divina-seguros-invita-a-la-ciudadania-a-compartir-material-grafico-de-la-dana-para-una-exposicion-itinerante\/#breadcrumb"},"inLanguage":"es","potentialAction":[{"@type":"ReadAction","target":["https:\/\/www.clubdelemprendimiento.com\/blog\/noticia-corporativa\/divina-seguros-invita-a-la-ciudadania-a-compartir-material-grafico-de-la-dana-para-una-exposicion-itinerante\/"]}]},{"@type":"ImageObject","inLanguage":"es","@id":"https:\/\/www.clubdelemprendimiento.com\/blog\/noticia-corporativa\/divina-seguros-invita-a-la-ciudadania-a-compartir-material-grafico-de-la-dana-para-una-exposicion-itinerante\/#primaryimage","url":"https:\/\/www.clubdelemprendimiento.com\/blog\/wp-content\/uploads\/2025\/08\/DivinaSeguros.jpg","contentUrl":"https:\/\/www.clubdelemprendimiento.com\/blog\/wp-content\/uploads\/2025\/08\/DivinaSeguros.jpg","width":725,"height":903},{"@type":"BreadcrumbList","@id":"https:\/\/www.clubdelemprendimiento.com\/blog\/noticia-corporativa\/divina-seguros-invita-a-la-ciudadania-a-compartir-material-grafico-de-la-dana-para-una-exposicion-itinerante\/#breadcrumb","itemListElement":[{"@type":"ListItem","position":1,"name":"Home","item":"https:\/\/www.clubdelemprendimiento.com\/blog\/"},{"@type":"ListItem","position":2,"name":"Noticias Corporativas","item":"https:\/\/www.clubdelemprendimiento.com\/blog\/noticias-corporativas\/"},{"@type":"ListItem","position":3,"name":"Divina Seguros invita a la ciudadan\u00eda a compartir material gr\u00e1fico de la DANA para una exposici\u00f3n itinerante"}]},{"@type":"WebSite","@id":"https:\/\/www.clubdelemprendimiento.com\/blog\/#website","url":"https:\/\/www.clubdelemprendimiento.com\/blog\/","name":"Blog Club del Emprendimiento","description":"","potentialAction":[{"@type":"SearchAction","target":{"@type":"EntryPoint","urlTemplate":"https:\/\/www.clubdelemprendimiento.com\/blog\/?s={search_term_string}"},"query-input":"required name=search_term_string"}],"inLanguage":"es"}]}},"_links":{"self":[{"href":"https:\/\/www.clubdelemprendimiento.com\/blog\/wp-json\/wp\/v2\/noticia-corporativa\/20621"}],"collection":[{"href":"https:\/\/www.clubdelemprendimiento.com\/blog\/wp-json\/wp\/v2\/noticia-corporativa"}],"about":[{"href":"https:\/\/www.clubdelemprendimiento.com\/blog\/wp-json\/wp\/v2\/types\/noticia-corporativa"}],"wp:featuredmedia":[{"embeddable":true,"href":"https:\/\/www.clubdelemprendimiento.com\/blog\/wp-json\/wp\/v2\/media\/20622"}],"wp:attachment":[{"href":"https:\/\/www.clubdelemprendimiento.com\/blog\/wp-json\/wp\/v2\/media?parent=20621"}],"curies":[{"name":"wp","href":"https:\/\/api.w.org\/{rel}","templated":true}]}}