{"id":20617,"date":"2025-08-05T12:05:01","date_gmt":"2025-08-05T12:05:01","guid":{"rendered":"https:\/\/www.clubdelemprendimiento.com\/blog\/noticia-corporativa\/el-verano-la-mejor-temporada-para-deteccion-del-talento-segun-steelter\/"},"modified":"2025-08-05T12:05:01","modified_gmt":"2025-08-05T12:05:01","slug":"el-verano-la-mejor-temporada-para-deteccion-del-talento-segun-steelter","status":"publish","type":"noticia-corporativa","link":"https:\/\/www.clubdelemprendimiento.com\/blog\/noticia-corporativa\/el-verano-la-mejor-temporada-para-deteccion-del-talento-segun-steelter\/","title":{"rendered":"El verano, la mejor temporada para detecci\u00f3n del talento, seg\u00fan Steelter"},"content":{"rendered":"<div>\n<p><a href=\"https:\/\/www.clubdelemprendimiento.com\/blog\/wp-content\/uploads\/2025\/08\/El_verano_la_mejor_temporada_para_deteccin_del_talento.jpg\" target=\"_blank\" class=\"fotonota\" rel=\"noopener\"> <img decoding=\"async\" src=\"https:\/\/www.clubdelemprendimiento.com\/blog\/wp-content\/uploads\/2025\/08\/El_verano_la_mejor_temporada_para_deteccin_del_talento.jpg\" style=\"max-width:600px;\" border=\"0\" class=\"postImage\" alt=\"\"><\/a><\/p>\n<p>Una mayor actividad por parte de los profesionales en la b\u00fasqueda de empleo y un ritmo m\u00e1s calmado que hace que se pueda dedicar m\u00e1s tiempo a la contrataci\u00f3n es la clave para procesos m\u00e1s eficaces. Antes que las habilidades t\u00e9cnicas, se debe priorizar las soft skills que permitir\u00e1n detectar perfiles afines a la cultura de la empresa y puedan potenciarla y, adem\u00e1s, que se afiancen los equipos<\/p>\n<p><\/p>\n<p>Impulsado por la campa\u00f1a de contrataci\u00f3n estival que este a\u00f1o est\u00e1 batiendo r\u00e9cords, el verano se ha convertido en una <strong>ventana estrat\u00e9gica para detectar y atraer talento.<\/strong>\u00a0<\/p>\n<p>Seg\u00fan informes realizados por agencias de empleo, est\u00e1 previsto un aumento del 9,4% en el n\u00famero de contratos firmados, con cerca de 700.000 empleados nuevos, lo que representa el mayor volumen registrado en los \u00faltimos a\u00f1os y supera en un 40% el promedio de la \u00faltima d\u00e9cada. Una se\u00f1al de un s\u00f3lido crecimiento empresarial en Espa\u00f1a.\u00a0<\/p>\n<p><strong>Para transformar esta oportunidad estacional en contrataciones sostenibles a largo plazo y de calidad, <\/strong><a href=\"https:\/\/steelter.com\/\" rel=\"nofollow\"><strong>Steelter<\/strong><\/a><strong>,<\/strong> la plataforma SaaS que transforma el talento en una ventaja competitiva, i<strong>mpulsa un cambio de paradigma en la gesti\u00f3n del empleo<\/strong> y facilita las claves que deben seguir las organizaciones para acertar con sus decisiones.\u00a0<\/p>\n<p>En primer lugar, \u00bfpor qu\u00e9 el verano? Priorizar la contrataci\u00f3n en verano, cuando los ritmos son menos fren\u00e9ticos, permite que los procesos de selecci\u00f3n sean m\u00e1s reflexivos. Adem\u00e1s, hay una mayor disponibilidad de profesionales que aprovechan para replantearse su trayectoria profesional con vistas a nuevos comienzos en septiembre.\u00a0<\/p>\n<p><strong>La rotaci\u00f3n, el reto al que se enfrentan muchas empresas\u00a0<\/strong><br \/>\nSteelter advierte que la principal causa de rotaci\u00f3n no es la falta de conocimientos t\u00e9cnicos, sino la falta de sinton\u00eda cultural.\u00a0 Pese a ello, muchos procesos de selecci\u00f3n siguen priorizando \u00fanicamente las competencias t\u00e9cnicas, sin tener en cuenta habilidades sociales clave como el trabajo en equipo, la adaptaci\u00f3n al cambio o la receptividad al feedback.<\/p>\n<p>En este sentido, Jos\u00e9 Luis Marc\u00f3, fundador y presidente no ejecutivo de Steelter, se\u00f1ala que \u00abcontratar por experiencia y despedir por actitud es el error m\u00e1s caro que siguen cometiendo muchas organizaciones\u00bb.\u00a0<\/p>\n<p>Frente a este desaf\u00edo, Steelter propone un enfoque innovador centrado en las personas. Su plataforma permite evaluar en tan solo cinco minutos las <strong><em>soft skills<\/em><\/strong><strong> <\/strong>mediante una metodolog\u00eda 360 basada en datos, facilitando decisiones de contrataci\u00f3n m\u00e1s <strong>objetivas y predictivas<\/strong>.<\/p>\n<p>El punto de partida, seg\u00fan Steelter, es contar con una <strong>cultura organizacional s\u00f3lida<\/strong>. A partir de ah\u00ed, el objetivo no es solo encontrar personas que encajen, sino aquellas que puedan <strong>potenciar y proyectar esa cultura<\/strong>.\u00a0<\/p>\n<p>Aquellas empresas que integren una visi\u00f3n estrat\u00e9gica de cultura y desarrollo, convertir\u00e1n la campa\u00f1a estival en una oportunidad para construir equipos s\u00f3lidos y preparados para el futuro.<\/p>\n<\/div>\n","protected":false},"featured_media":20618,"template":"","meta":{"_acf_changed":false},"acf":[],"yoast_head":"<!-- This site is optimized with the Yoast SEO plugin v22.7 - https:\/\/yoast.com\/wordpress\/plugins\/seo\/ -->\n<title>El verano, la mejor temporada para detecci\u00f3n del talento, seg\u00fan Steelter - Blog Club del Emprendimiento<\/title>\n<meta name=\"robots\" content=\"index, follow, max-snippet:-1, max-image-preview:large, max-video-preview:-1\" \/>\n<link rel=\"canonical\" href=\"https:\/\/www.clubdelemprendimiento.com\/blog\/noticia-corporativa\/el-verano-la-mejor-temporada-para-deteccion-del-talento-segun-steelter\/\" \/>\n<meta property=\"og:locale\" content=\"es_ES\" \/>\n<meta property=\"og:type\" content=\"article\" \/>\n<meta property=\"og:title\" content=\"El verano, la mejor temporada para detecci\u00f3n del talento, seg\u00fan Steelter - Blog Club del Emprendimiento\" \/>\n<meta property=\"og:description\" content=\"Una mayor actividad por parte de los profesionales en la b\u00fasqueda de empleo y&hellip;\" \/>\n<meta property=\"og:url\" content=\"https:\/\/www.clubdelemprendimiento.com\/blog\/noticia-corporativa\/el-verano-la-mejor-temporada-para-deteccion-del-talento-segun-steelter\/\" \/>\n<meta property=\"og:site_name\" content=\"Blog Club del Emprendimiento\" \/>\n<meta property=\"og:image\" content=\"https:\/\/www.clubdelemprendimiento.com\/blog\/wp-content\/uploads\/2025\/08\/El_verano_la_mejor_temporada_para_deteccin_del_talento.jpg\" \/>\n<meta name=\"twitter:card\" content=\"summary_large_image\" \/>\n<meta name=\"twitter:label1\" content=\"Tiempo de lectura\" \/>\n\t<meta name=\"twitter:data1\" content=\"2 minutos\" \/>\n<script type=\"application\/ld+json\" class=\"yoast-schema-graph\">{\"@context\":\"https:\/\/schema.org\",\"@graph\":[{\"@type\":\"WebPage\",\"@id\":\"https:\/\/www.clubdelemprendimiento.com\/blog\/noticia-corporativa\/el-verano-la-mejor-temporada-para-deteccion-del-talento-segun-steelter\/\",\"url\":\"https:\/\/www.clubdelemprendimiento.com\/blog\/noticia-corporativa\/el-verano-la-mejor-temporada-para-deteccion-del-talento-segun-steelter\/\",\"name\":\"El verano, la mejor temporada para detecci\u00f3n del talento, seg\u00fan Steelter - Blog Club del Emprendimiento\",\"isPartOf\":{\"@id\":\"https:\/\/www.clubdelemprendimiento.com\/blog\/#website\"},\"primaryImageOfPage\":{\"@id\":\"https:\/\/www.clubdelemprendimiento.com\/blog\/noticia-corporativa\/el-verano-la-mejor-temporada-para-deteccion-del-talento-segun-steelter\/#primaryimage\"},\"image\":{\"@id\":\"https:\/\/www.clubdelemprendimiento.com\/blog\/noticia-corporativa\/el-verano-la-mejor-temporada-para-deteccion-del-talento-segun-steelter\/#primaryimage\"},\"thumbnailUrl\":\"https:\/\/www.clubdelemprendimiento.com\/blog\/wp-content\/uploads\/2025\/08\/El_verano_la_mejor_temporada_para_deteccin_del_talento-scaled.jpg\",\"datePublished\":\"2025-08-05T12:05:01+00:00\",\"dateModified\":\"2025-08-05T12:05:01+00:00\",\"breadcrumb\":{\"@id\":\"https:\/\/www.clubdelemprendimiento.com\/blog\/noticia-corporativa\/el-verano-la-mejor-temporada-para-deteccion-del-talento-segun-steelter\/#breadcrumb\"},\"inLanguage\":\"es\",\"potentialAction\":[{\"@type\":\"ReadAction\",\"target\":[\"https:\/\/www.clubdelemprendimiento.com\/blog\/noticia-corporativa\/el-verano-la-mejor-temporada-para-deteccion-del-talento-segun-steelter\/\"]}]},{\"@type\":\"ImageObject\",\"inLanguage\":\"es\",\"@id\":\"https:\/\/www.clubdelemprendimiento.com\/blog\/noticia-corporativa\/el-verano-la-mejor-temporada-para-deteccion-del-talento-segun-steelter\/#primaryimage\",\"url\":\"https:\/\/www.clubdelemprendimiento.com\/blog\/wp-content\/uploads\/2025\/08\/El_verano_la_mejor_temporada_para_deteccin_del_talento-scaled.jpg\",\"contentUrl\":\"https:\/\/www.clubdelemprendimiento.com\/blog\/wp-content\/uploads\/2025\/08\/El_verano_la_mejor_temporada_para_deteccin_del_talento-scaled.jpg\",\"width\":2560,\"height\":1857},{\"@type\":\"BreadcrumbList\",\"@id\":\"https:\/\/www.clubdelemprendimiento.com\/blog\/noticia-corporativa\/el-verano-la-mejor-temporada-para-deteccion-del-talento-segun-steelter\/#breadcrumb\",\"itemListElement\":[{\"@type\":\"ListItem\",\"position\":1,\"name\":\"Home\",\"item\":\"https:\/\/www.clubdelemprendimiento.com\/blog\/\"},{\"@type\":\"ListItem\",\"position\":2,\"name\":\"Noticias Corporativas\",\"item\":\"https:\/\/www.clubdelemprendimiento.com\/blog\/noticias-corporativas\/\"},{\"@type\":\"ListItem\",\"position\":3,\"name\":\"El verano, la mejor temporada para detecci\u00f3n del talento, seg\u00fan Steelter\"}]},{\"@type\":\"WebSite\",\"@id\":\"https:\/\/www.clubdelemprendimiento.com\/blog\/#website\",\"url\":\"https:\/\/www.clubdelemprendimiento.com\/blog\/\",\"name\":\"Blog Club del Emprendimiento\",\"description\":\"\",\"potentialAction\":[{\"@type\":\"SearchAction\",\"target\":{\"@type\":\"EntryPoint\",\"urlTemplate\":\"https:\/\/www.clubdelemprendimiento.com\/blog\/?s={search_term_string}\"},\"query-input\":\"required name=search_term_string\"}],\"inLanguage\":\"es\"}]}<\/script>\n<!-- \/ Yoast SEO plugin. -->","yoast_head_json":{"title":"El verano, la mejor temporada para detecci\u00f3n del talento, seg\u00fan Steelter - Blog Club del Emprendimiento","robots":{"index":"index","follow":"follow","max-snippet":"max-snippet:-1","max-image-preview":"max-image-preview:large","max-video-preview":"max-video-preview:-1"},"canonical":"https:\/\/www.clubdelemprendimiento.com\/blog\/noticia-corporativa\/el-verano-la-mejor-temporada-para-deteccion-del-talento-segun-steelter\/","og_locale":"es_ES","og_type":"article","og_title":"El verano, la mejor temporada para detecci\u00f3n del talento, seg\u00fan Steelter - Blog Club del Emprendimiento","og_description":"Una mayor actividad por parte de los profesionales en la b\u00fasqueda de empleo y&hellip;","og_url":"https:\/\/www.clubdelemprendimiento.com\/blog\/noticia-corporativa\/el-verano-la-mejor-temporada-para-deteccion-del-talento-segun-steelter\/","og_site_name":"Blog Club del Emprendimiento","og_image":[{"url":"https:\/\/www.clubdelemprendimiento.com\/blog\/wp-content\/uploads\/2025\/08\/El_verano_la_mejor_temporada_para_deteccin_del_talento.jpg"}],"twitter_card":"summary_large_image","twitter_misc":{"Tiempo de lectura":"2 minutos"},"schema":{"@context":"https:\/\/schema.org","@graph":[{"@type":"WebPage","@id":"https:\/\/www.clubdelemprendimiento.com\/blog\/noticia-corporativa\/el-verano-la-mejor-temporada-para-deteccion-del-talento-segun-steelter\/","url":"https:\/\/www.clubdelemprendimiento.com\/blog\/noticia-corporativa\/el-verano-la-mejor-temporada-para-deteccion-del-talento-segun-steelter\/","name":"El verano, la mejor temporada para detecci\u00f3n del talento, seg\u00fan Steelter - Blog Club del Emprendimiento","isPartOf":{"@id":"https:\/\/www.clubdelemprendimiento.com\/blog\/#website"},"primaryImageOfPage":{"@id":"https:\/\/www.clubdelemprendimiento.com\/blog\/noticia-corporativa\/el-verano-la-mejor-temporada-para-deteccion-del-talento-segun-steelter\/#primaryimage"},"image":{"@id":"https:\/\/www.clubdelemprendimiento.com\/blog\/noticia-corporativa\/el-verano-la-mejor-temporada-para-deteccion-del-talento-segun-steelter\/#primaryimage"},"thumbnailUrl":"https:\/\/www.clubdelemprendimiento.com\/blog\/wp-content\/uploads\/2025\/08\/El_verano_la_mejor_temporada_para_deteccin_del_talento-scaled.jpg","datePublished":"2025-08-05T12:05:01+00:00","dateModified":"2025-08-05T12:05:01+00:00","breadcrumb":{"@id":"https:\/\/www.clubdelemprendimiento.com\/blog\/noticia-corporativa\/el-verano-la-mejor-temporada-para-deteccion-del-talento-segun-steelter\/#breadcrumb"},"inLanguage":"es","potentialAction":[{"@type":"ReadAction","target":["https:\/\/www.clubdelemprendimiento.com\/blog\/noticia-corporativa\/el-verano-la-mejor-temporada-para-deteccion-del-talento-segun-steelter\/"]}]},{"@type":"ImageObject","inLanguage":"es","@id":"https:\/\/www.clubdelemprendimiento.com\/blog\/noticia-corporativa\/el-verano-la-mejor-temporada-para-deteccion-del-talento-segun-steelter\/#primaryimage","url":"https:\/\/www.clubdelemprendimiento.com\/blog\/wp-content\/uploads\/2025\/08\/El_verano_la_mejor_temporada_para_deteccin_del_talento-scaled.jpg","contentUrl":"https:\/\/www.clubdelemprendimiento.com\/blog\/wp-content\/uploads\/2025\/08\/El_verano_la_mejor_temporada_para_deteccin_del_talento-scaled.jpg","width":2560,"height":1857},{"@type":"BreadcrumbList","@id":"https:\/\/www.clubdelemprendimiento.com\/blog\/noticia-corporativa\/el-verano-la-mejor-temporada-para-deteccion-del-talento-segun-steelter\/#breadcrumb","itemListElement":[{"@type":"ListItem","position":1,"name":"Home","item":"https:\/\/www.clubdelemprendimiento.com\/blog\/"},{"@type":"ListItem","position":2,"name":"Noticias Corporativas","item":"https:\/\/www.clubdelemprendimiento.com\/blog\/noticias-corporativas\/"},{"@type":"ListItem","position":3,"name":"El verano, la mejor temporada para detecci\u00f3n del talento, seg\u00fan Steelter"}]},{"@type":"WebSite","@id":"https:\/\/www.clubdelemprendimiento.com\/blog\/#website","url":"https:\/\/www.clubdelemprendimiento.com\/blog\/","name":"Blog Club del Emprendimiento","description":"","potentialAction":[{"@type":"SearchAction","target":{"@type":"EntryPoint","urlTemplate":"https:\/\/www.clubdelemprendimiento.com\/blog\/?s={search_term_string}"},"query-input":"required name=search_term_string"}],"inLanguage":"es"}]}},"_links":{"self":[{"href":"https:\/\/www.clubdelemprendimiento.com\/blog\/wp-json\/wp\/v2\/noticia-corporativa\/20617"}],"collection":[{"href":"https:\/\/www.clubdelemprendimiento.com\/blog\/wp-json\/wp\/v2\/noticia-corporativa"}],"about":[{"href":"https:\/\/www.clubdelemprendimiento.com\/blog\/wp-json\/wp\/v2\/types\/noticia-corporativa"}],"wp:featuredmedia":[{"embeddable":true,"href":"https:\/\/www.clubdelemprendimiento.com\/blog\/wp-json\/wp\/v2\/media\/20618"}],"wp:attachment":[{"href":"https:\/\/www.clubdelemprendimiento.com\/blog\/wp-json\/wp\/v2\/media?parent=20617"}],"curies":[{"name":"wp","href":"https:\/\/api.w.org\/{rel}","templated":true}]}}