{"id":20609,"date":"2025-08-05T11:05:17","date_gmt":"2025-08-05T11:05:17","guid":{"rendered":"https:\/\/www.clubdelemprendimiento.com\/blog\/noticia-corporativa\/el-verano-empieza-cuando-se-enciende-la-barbacoa-con-emcesa\/"},"modified":"2025-08-05T11:05:17","modified_gmt":"2025-08-05T11:05:17","slug":"el-verano-empieza-cuando-se-enciende-la-barbacoa-con-emcesa","status":"publish","type":"noticia-corporativa","link":"https:\/\/www.clubdelemprendimiento.com\/blog\/noticia-corporativa\/el-verano-empieza-cuando-se-enciende-la-barbacoa-con-emcesa\/","title":{"rendered":"El verano empieza cuando se enciende la barbacoa con Emcesa"},"content":{"rendered":"<div>\n<p><a href=\"https:\/\/www.clubdelemprendimiento.com\/blog\/wp-content\/uploads\/2025\/08\/Foto_Emcesa_Barbacoa.jpg\" target=\"_blank\" class=\"fotonota\" rel=\"noopener\"> <img decoding=\"async\" src=\"https:\/\/www.clubdelemprendimiento.com\/blog\/wp-content\/uploads\/2025\/08\/Foto_Emcesa_Barbacoa.jpg\" style=\"max-width:600px;\" border=\"0\" class=\"postImage\" alt=\"El verano empieza cuando se enciende la barbacoa con Emcesa\"><\/a><\/p>\n<p>La empresa dispone de un amplio cat\u00e1logo de productos elaborados con ingredientes de primera calidad<\/p>\n<p><\/p>\n<p><strong>El verano es sin\u00f3nimo de encuentros, risas, sobremesas infinitas y, c\u00f3mo no, barbacoas que re\u00fanen a familia y amigos alrededor de una buena mesa.<\/strong>\u00a0Este a\u00f1o,\u00a0<strong>Emcesa<\/strong>\u00a0quiere estar presente en todos esos momentos especiales, ofreciendo\u00a0la\u00a0<strong>gama m\u00e1s completa y vers\u00e1til de productos para barbacoa<\/strong>, para que se disfrute al m\u00e1ximo sin renunciar al cuidado y salud.<\/p>\n<p>La propuesta de\u00a0<strong>Emcesa<\/strong>\u00a0para esta nueva temporada veraniega combina lo mejor de la\u00a0<strong>tradici\u00f3n y el sabor<\/strong>\u00a0con la\u00a0<strong>comodidad que se busca\u00a0hoy en d\u00eda<\/strong>. Desde jugosas\u00a0<strong>hamburguesas de pollo, pavo y vacuno<\/strong>, hasta el inconfundible\u00a0<strong>chorizo oreado, chorizo criollo, morcilla, butifarra<\/strong>, junto a una selecci\u00f3n de\u00a0<strong>pinchos y brochetas<\/strong>, todos elaborados con recetas a base de\u00a0<strong>carne de pavo, pollo o cerdo<\/strong>\u00a0que har\u00e1n que las\u00a0deliciosas parrilladas sean un \u00e9xito rotundo.<\/p>\n<p>Ya sea una\u00a0<strong>barbacoa improvisada entre amigos<\/strong>\u00a0o una\u00a0<strong>gran celebraci\u00f3n familiar<\/strong>, Emcesa pone sobre la mesa\u00a0<strong>productos frescos, f\u00e1ciles de preparar y con todo el sabor aut\u00e9ntico de la carne de calidad<\/strong>\u00a0para que solo haya que\u00a0disfrutar y compartir.<\/p>\n<p><strong>Preparados pr\u00e1cticos para que se viva m\u00e1s y se cocine menos<\/strong><br \/>\nEn verano, no sobra tiempo para complicaciones en la cocina. Emcesa lo sabe, y por eso su\u00a0<strong>gama barbacoa<\/strong>\u00a0llega en\u00a0<strong>formatos pr\u00e1cticos y vers\u00e1tiles<\/strong>, con bandejas que se adaptan a cualquier plan, desde un\u00a0<strong>picoteo r\u00e1pido<\/strong>\u00a0hasta una\u00a0<strong>reuni\u00f3n multitudinaria<\/strong>. Adem\u00e1s, todos sus productos est\u00e1n\u00a0<strong>listos para cocinar<\/strong>, elaborados bajo los m\u00e1s estrictos controles de\u00a0<strong>calidad y seguridad alimentaria<\/strong>.<\/p>\n<p>Este verano, Emcesa\u00a0invita a\u00a0<strong>encender las brasas, juntar a las personas cercanas\u00a0y dejar que el aroma irresistible de una buena parrilla convierta cualquier encuentro en una aut\u00e9ntica fiesta<\/strong>. Porque no hay plan m\u00e1s sencillo, ni m\u00e1s especial, que\u00a0<strong>compartir momentos \u00fanicos alrededor de una barbacoa bien hecha<\/strong>.<\/p>\n<p>Con\u00a0<strong>Emcesa<\/strong>, la\u00a0<strong>excusa perfecta para reunirse ya est\u00e1 servida. Solo falta que se ponga la chispa.<\/strong><\/p>\n<p><strong>Sobre Emcesa (Embutidos del Centro S.A.).<\/strong><br \/>\nEmcesa (<a href=\"http:\/\/www.emcesa.com\/\" target=\"_blank\" title=\"http:\/\/www.emcesa.com\/\" rel=\"nofollow noopener\">www.emcesa.com<\/a>) es una empresa toledana de productos c\u00e1rnicos, creada en 1986 y dedicada a la elaboraci\u00f3n de alimentos de primera calidad utilizando procesos tradicionales al mismo tiempo que innovadores.\u00a0 Emcesa llega a muchos puntos de venta y hogares con un amplio portafolio de productos, cubriendo sus necesidades de variedad, alimentaci\u00f3n, nutrici\u00f3n y bienestar; con un alto compromiso con el medioambiente e incorporando a la empresa alternativas tecnol\u00f3gicas que minimicen el impacto en el entorno y midiendo al mismo tiempo los est\u00e1ndares de calidad sanitaria. As\u00ed mismo, se compromete con colectivos con situaciones especiales, destaca la colaboraci\u00f3n de forma intensa con la Federaci\u00f3n de Asociaciones de Cel\u00edacos\u00a0de Espa\u00f1a (<a href=\"http:\/\/www.celiacos.org\/\" target=\"_blank\" title=\"http:\/\/www.celiacos.org\/\" rel=\"nofollow noopener\">www.celiacos.org<\/a>).<\/p>\n<\/div>\n","protected":false},"featured_media":20610,"template":"","meta":{"_acf_changed":false},"acf":[],"yoast_head":"<!-- This site is optimized with the Yoast SEO plugin v22.7 - https:\/\/yoast.com\/wordpress\/plugins\/seo\/ -->\n<title>El verano empieza cuando se enciende la barbacoa con Emcesa - Blog Club del Emprendimiento<\/title>\n<meta name=\"robots\" content=\"index, follow, max-snippet:-1, max-image-preview:large, max-video-preview:-1\" \/>\n<link rel=\"canonical\" href=\"https:\/\/www.clubdelemprendimiento.com\/blog\/noticia-corporativa\/el-verano-empieza-cuando-se-enciende-la-barbacoa-con-emcesa\/\" \/>\n<meta property=\"og:locale\" content=\"es_ES\" \/>\n<meta property=\"og:type\" content=\"article\" \/>\n<meta property=\"og:title\" content=\"El verano empieza cuando se enciende la barbacoa con Emcesa - Blog Club del Emprendimiento\" \/>\n<meta property=\"og:description\" content=\"La empresa dispone de un amplio cat\u00e1logo de productos elaborados con ingredientes de primera&hellip;\" \/>\n<meta property=\"og:url\" content=\"https:\/\/www.clubdelemprendimiento.com\/blog\/noticia-corporativa\/el-verano-empieza-cuando-se-enciende-la-barbacoa-con-emcesa\/\" \/>\n<meta property=\"og:site_name\" content=\"Blog Club del Emprendimiento\" \/>\n<meta property=\"og:image\" content=\"https:\/\/www.clubdelemprendimiento.com\/blog\/wp-content\/uploads\/2025\/08\/Foto_Emcesa_Barbacoa.jpg\" \/>\n<meta name=\"twitter:card\" content=\"summary_large_image\" \/>\n<meta name=\"twitter:label1\" content=\"Tiempo de lectura\" \/>\n\t<meta name=\"twitter:data1\" content=\"2 minutos\" \/>\n<script type=\"application\/ld+json\" class=\"yoast-schema-graph\">{\"@context\":\"https:\/\/schema.org\",\"@graph\":[{\"@type\":\"WebPage\",\"@id\":\"https:\/\/www.clubdelemprendimiento.com\/blog\/noticia-corporativa\/el-verano-empieza-cuando-se-enciende-la-barbacoa-con-emcesa\/\",\"url\":\"https:\/\/www.clubdelemprendimiento.com\/blog\/noticia-corporativa\/el-verano-empieza-cuando-se-enciende-la-barbacoa-con-emcesa\/\",\"name\":\"El verano empieza cuando se enciende la barbacoa con Emcesa - Blog Club del Emprendimiento\",\"isPartOf\":{\"@id\":\"https:\/\/www.clubdelemprendimiento.com\/blog\/#website\"},\"primaryImageOfPage\":{\"@id\":\"https:\/\/www.clubdelemprendimiento.com\/blog\/noticia-corporativa\/el-verano-empieza-cuando-se-enciende-la-barbacoa-con-emcesa\/#primaryimage\"},\"image\":{\"@id\":\"https:\/\/www.clubdelemprendimiento.com\/blog\/noticia-corporativa\/el-verano-empieza-cuando-se-enciende-la-barbacoa-con-emcesa\/#primaryimage\"},\"thumbnailUrl\":\"https:\/\/www.clubdelemprendimiento.com\/blog\/wp-content\/uploads\/2025\/08\/Foto_Emcesa_Barbacoa.jpg\",\"datePublished\":\"2025-08-05T11:05:17+00:00\",\"dateModified\":\"2025-08-05T11:05:17+00:00\",\"breadcrumb\":{\"@id\":\"https:\/\/www.clubdelemprendimiento.com\/blog\/noticia-corporativa\/el-verano-empieza-cuando-se-enciende-la-barbacoa-con-emcesa\/#breadcrumb\"},\"inLanguage\":\"es\",\"potentialAction\":[{\"@type\":\"ReadAction\",\"target\":[\"https:\/\/www.clubdelemprendimiento.com\/blog\/noticia-corporativa\/el-verano-empieza-cuando-se-enciende-la-barbacoa-con-emcesa\/\"]}]},{\"@type\":\"ImageObject\",\"inLanguage\":\"es\",\"@id\":\"https:\/\/www.clubdelemprendimiento.com\/blog\/noticia-corporativa\/el-verano-empieza-cuando-se-enciende-la-barbacoa-con-emcesa\/#primaryimage\",\"url\":\"https:\/\/www.clubdelemprendimiento.com\/blog\/wp-content\/uploads\/2025\/08\/Foto_Emcesa_Barbacoa.jpg\",\"contentUrl\":\"https:\/\/www.clubdelemprendimiento.com\/blog\/wp-content\/uploads\/2025\/08\/Foto_Emcesa_Barbacoa.jpg\",\"width\":1889,\"height\":2362,\"caption\":\"El verano empieza cuando se enciende la barbacoa con Emcesa\"},{\"@type\":\"BreadcrumbList\",\"@id\":\"https:\/\/www.clubdelemprendimiento.com\/blog\/noticia-corporativa\/el-verano-empieza-cuando-se-enciende-la-barbacoa-con-emcesa\/#breadcrumb\",\"itemListElement\":[{\"@type\":\"ListItem\",\"position\":1,\"name\":\"Home\",\"item\":\"https:\/\/www.clubdelemprendimiento.com\/blog\/\"},{\"@type\":\"ListItem\",\"position\":2,\"name\":\"Noticias Corporativas\",\"item\":\"https:\/\/www.clubdelemprendimiento.com\/blog\/noticias-corporativas\/\"},{\"@type\":\"ListItem\",\"position\":3,\"name\":\"El verano empieza cuando se enciende la barbacoa con Emcesa\"}]},{\"@type\":\"WebSite\",\"@id\":\"https:\/\/www.clubdelemprendimiento.com\/blog\/#website\",\"url\":\"https:\/\/www.clubdelemprendimiento.com\/blog\/\",\"name\":\"Blog Club del Emprendimiento\",\"description\":\"\",\"potentialAction\":[{\"@type\":\"SearchAction\",\"target\":{\"@type\":\"EntryPoint\",\"urlTemplate\":\"https:\/\/www.clubdelemprendimiento.com\/blog\/?s={search_term_string}\"},\"query-input\":\"required name=search_term_string\"}],\"inLanguage\":\"es\"}]}<\/script>\n<!-- \/ Yoast SEO plugin. -->","yoast_head_json":{"title":"El verano empieza cuando se enciende la barbacoa con Emcesa - Blog Club del Emprendimiento","robots":{"index":"index","follow":"follow","max-snippet":"max-snippet:-1","max-image-preview":"max-image-preview:large","max-video-preview":"max-video-preview:-1"},"canonical":"https:\/\/www.clubdelemprendimiento.com\/blog\/noticia-corporativa\/el-verano-empieza-cuando-se-enciende-la-barbacoa-con-emcesa\/","og_locale":"es_ES","og_type":"article","og_title":"El verano empieza cuando se enciende la barbacoa con Emcesa - Blog Club del Emprendimiento","og_description":"La empresa dispone de un amplio cat\u00e1logo de productos elaborados con ingredientes de primera&hellip;","og_url":"https:\/\/www.clubdelemprendimiento.com\/blog\/noticia-corporativa\/el-verano-empieza-cuando-se-enciende-la-barbacoa-con-emcesa\/","og_site_name":"Blog Club del Emprendimiento","og_image":[{"url":"https:\/\/www.clubdelemprendimiento.com\/blog\/wp-content\/uploads\/2025\/08\/Foto_Emcesa_Barbacoa.jpg"}],"twitter_card":"summary_large_image","twitter_misc":{"Tiempo de lectura":"2 minutos"},"schema":{"@context":"https:\/\/schema.org","@graph":[{"@type":"WebPage","@id":"https:\/\/www.clubdelemprendimiento.com\/blog\/noticia-corporativa\/el-verano-empieza-cuando-se-enciende-la-barbacoa-con-emcesa\/","url":"https:\/\/www.clubdelemprendimiento.com\/blog\/noticia-corporativa\/el-verano-empieza-cuando-se-enciende-la-barbacoa-con-emcesa\/","name":"El verano empieza cuando se enciende la barbacoa con Emcesa - Blog Club del Emprendimiento","isPartOf":{"@id":"https:\/\/www.clubdelemprendimiento.com\/blog\/#website"},"primaryImageOfPage":{"@id":"https:\/\/www.clubdelemprendimiento.com\/blog\/noticia-corporativa\/el-verano-empieza-cuando-se-enciende-la-barbacoa-con-emcesa\/#primaryimage"},"image":{"@id":"https:\/\/www.clubdelemprendimiento.com\/blog\/noticia-corporativa\/el-verano-empieza-cuando-se-enciende-la-barbacoa-con-emcesa\/#primaryimage"},"thumbnailUrl":"https:\/\/www.clubdelemprendimiento.com\/blog\/wp-content\/uploads\/2025\/08\/Foto_Emcesa_Barbacoa.jpg","datePublished":"2025-08-05T11:05:17+00:00","dateModified":"2025-08-05T11:05:17+00:00","breadcrumb":{"@id":"https:\/\/www.clubdelemprendimiento.com\/blog\/noticia-corporativa\/el-verano-empieza-cuando-se-enciende-la-barbacoa-con-emcesa\/#breadcrumb"},"inLanguage":"es","potentialAction":[{"@type":"ReadAction","target":["https:\/\/www.clubdelemprendimiento.com\/blog\/noticia-corporativa\/el-verano-empieza-cuando-se-enciende-la-barbacoa-con-emcesa\/"]}]},{"@type":"ImageObject","inLanguage":"es","@id":"https:\/\/www.clubdelemprendimiento.com\/blog\/noticia-corporativa\/el-verano-empieza-cuando-se-enciende-la-barbacoa-con-emcesa\/#primaryimage","url":"https:\/\/www.clubdelemprendimiento.com\/blog\/wp-content\/uploads\/2025\/08\/Foto_Emcesa_Barbacoa.jpg","contentUrl":"https:\/\/www.clubdelemprendimiento.com\/blog\/wp-content\/uploads\/2025\/08\/Foto_Emcesa_Barbacoa.jpg","width":1889,"height":2362,"caption":"El verano empieza cuando se enciende la barbacoa con Emcesa"},{"@type":"BreadcrumbList","@id":"https:\/\/www.clubdelemprendimiento.com\/blog\/noticia-corporativa\/el-verano-empieza-cuando-se-enciende-la-barbacoa-con-emcesa\/#breadcrumb","itemListElement":[{"@type":"ListItem","position":1,"name":"Home","item":"https:\/\/www.clubdelemprendimiento.com\/blog\/"},{"@type":"ListItem","position":2,"name":"Noticias Corporativas","item":"https:\/\/www.clubdelemprendimiento.com\/blog\/noticias-corporativas\/"},{"@type":"ListItem","position":3,"name":"El verano empieza cuando se enciende la barbacoa con Emcesa"}]},{"@type":"WebSite","@id":"https:\/\/www.clubdelemprendimiento.com\/blog\/#website","url":"https:\/\/www.clubdelemprendimiento.com\/blog\/","name":"Blog Club del Emprendimiento","description":"","potentialAction":[{"@type":"SearchAction","target":{"@type":"EntryPoint","urlTemplate":"https:\/\/www.clubdelemprendimiento.com\/blog\/?s={search_term_string}"},"query-input":"required name=search_term_string"}],"inLanguage":"es"}]}},"_links":{"self":[{"href":"https:\/\/www.clubdelemprendimiento.com\/blog\/wp-json\/wp\/v2\/noticia-corporativa\/20609"}],"collection":[{"href":"https:\/\/www.clubdelemprendimiento.com\/blog\/wp-json\/wp\/v2\/noticia-corporativa"}],"about":[{"href":"https:\/\/www.clubdelemprendimiento.com\/blog\/wp-json\/wp\/v2\/types\/noticia-corporativa"}],"wp:featuredmedia":[{"embeddable":true,"href":"https:\/\/www.clubdelemprendimiento.com\/blog\/wp-json\/wp\/v2\/media\/20610"}],"wp:attachment":[{"href":"https:\/\/www.clubdelemprendimiento.com\/blog\/wp-json\/wp\/v2\/media?parent=20609"}],"curies":[{"name":"wp","href":"https:\/\/api.w.org\/{rel}","templated":true}]}}