{"id":20603,"date":"2025-08-05T11:05:14","date_gmt":"2025-08-05T11:05:14","guid":{"rendered":"https:\/\/www.clubdelemprendimiento.com\/blog\/noticia-corporativa\/luis-miguel-manjon-tag-el-usuario-hace-ya-tiempo-que-quiere-irse-de-vacaciones-con-un-solo-cargador\/"},"modified":"2025-08-05T11:05:14","modified_gmt":"2025-08-05T11:05:14","slug":"luis-miguel-manjon-tag-el-usuario-hace-ya-tiempo-que-quiere-irse-de-vacaciones-con-un-solo-cargador","status":"publish","type":"noticia-corporativa","link":"https:\/\/www.clubdelemprendimiento.com\/blog\/noticia-corporativa\/luis-miguel-manjon-tag-el-usuario-hace-ya-tiempo-que-quiere-irse-de-vacaciones-con-un-solo-cargador\/","title":{"rendered":"Luis Miguel Manj\u00f3n (TAG): \u00abEl usuario hace ya tiempo que quiere irse de vacaciones con un solo cargador\u00bb"},"content":{"rendered":"<div>\n<p><a href=\"https:\/\/www.clubdelemprendimiento.com\/blog\/wp-content\/uploads\/2025\/08\/GaN-Ultra_1.png\" target=\"_blank\" class=\"fotonota\" rel=\"noopener\"> <img decoding=\"async\" src=\"https:\/\/www.clubdelemprendimiento.com\/blog\/wp-content\/uploads\/2025\/08\/GaN-Ultra_1.png\" style=\"max-width:600px;\" border=\"0\" class=\"postImage\" alt=\"\"><\/a><\/p>\n<p>TAG lanza al mercado un cargador compacto de carga USB-C con enchufe para cualquier dispositivo e incluso para los enchufes de la UE, Reino Unido y Estados Unidos, de 67W o 140W y con un cable de dos metros de largo incluido. \u00abEl usuario no quiere tener que llevar en su maleta varios cargadores o adaptadores para poder hacer fotos o conectarse en cualquier pa\u00eds del mundo\u00bb, asegura el m\u00e1ximo responsable en Espa\u00f1a de la multinacional neerlandesa<\/p>\n<p><\/p>\n<p>En plenas vacaciones de agosto, que har\u00e1 que en estaciones de trenes, aeropuertos y carreteras se agolpen miles de ciudadanos deseosos de pasar unos merecidos d\u00edas de vacaciones, muchos de ellos llevan en sus maletas varios cargadores y cables para poder tener bater\u00eda e inmortalizar algunos de los inolvidables momentos que vivir\u00e1n. M\u00e1s en el caso de los que viajan a Gran Breta\u00f1a o Estados Unidos, pa\u00edses con enchufe diferente al de la Uni\u00f3n Europea.<\/p>\n<p>Pero los fabricantes de dispositivos hace ya tiempo que sienten que llevar tanto cargador es una molestia para el usuario. De ah\u00ed la apuesta de Telco Accessories Group (TAG) de lanzar al mercado un cargador compacto de carga USB-C con enchufe para UE, Reino Unido y Estados Unidos. \u00abEl usuario de m\u00f3vil, tablet y otros dispositivos hace ya mucho tiempo que demanda un solo cargador, no quiere llenar su maleta de varios cargadores o adaptadores\u00bb, explica Luis Miguel Manj\u00f3n, m\u00e1ximo responsable en Espa\u00f1a de TAG.\u00a0<\/p>\n<p>El cargador y adaptador de la multinacional neerlandesa GaN-Ultra Travel Charger, de 67W (modelo XVC2067) o de 140W (modelo XVC2140), incluye un cable de carga USB-C de dos metros de largo con resistencia de hasta 140W, tiene un dise\u00f1o compacto y funcional con salidas USB-C y USB-A y es ideal para llevarlo en la maleta y usarlo en cualquier enchufe sea cual sea el destino de las vacaciones.<\/p>\n<p>Manj\u00f3n, experto en electr\u00f3nica de consumo, cree que las prestaciones de este cargador, adaptado para abastecer de bater\u00eda a todos los dispositivos independientemente de si se hace en la UE, Gran Breta\u00f1a o Estados Unidos, \u00absatisfacen las necesidades de un usuario que lleva tiempo queriendo viajar con un solo cargador que le valga para todo\u00bb.<\/p>\n<p>En la misma l\u00ednea de facilitar el disfrute de las vacaciones a todos aquellos que viajan en estos d\u00edas, TAG tambi\u00e9n dispone en el mercado de un fiable y duradero power bank, un cargador port\u00e1til que permite cargar completamente la bater\u00eda de un smartphone, hasta dos veces, sin tener que buscar un enchufe.<\/p>\n<p>Denominado XG2S101 Xtorm Go2 Power Bank 15W, este cargador port\u00e1til tiene una capacidad de 10.000 mAh, lo que permite cargar completamente varios dispositivos r\u00e1pidamente. Adem\u00e1s y como complemento especial, lleva incorporado un clip de mosquet\u00f3n para facilitar la sujeci\u00f3n, un panel solar para obtener energ\u00eda de reserva y un panel trasero luminoso que sirve de l\u00e1mpara, con tres posiciones de luz: dos de intensidad y una de SOS. Ideal para cualquiera que sea el destino o los planes para este verano.<\/p>\n<p><strong>Sobre Telco Accessories Group (TAG)<\/strong><br \/>\nTelco acumula ya una experiencia m\u00e1s que contrastada en el sector tech y desarrolla desde hace 12 a\u00f1os todo tipo de accesorios para dispositivos m\u00f3viles sostenibles para trabajar de manera eficiente desde cualquier lugar. Telco no se frena en su af\u00e1n de crecer y en los \u00faltimos a\u00f1os la firma neerlandesa se ha convertido en Telco Accessories Group (TAG). Que, con ense\u00f1as como Just in Case, Xtorm, Gecko Covers, LINQ by Elements y Njord by Elements, aportan al grupo innovaci\u00f3n, tecnolog\u00eda y dise\u00f1o.<\/p>\n<p>TAG tiene una prioridad: la sostenibilidad y durabilidad de sus dispositivos. As\u00ed, se combate la reposici\u00f3n y la contaminaci\u00f3n innecesaria. TAG fabrica con materiales cada vez m\u00e1s sostenibles como los pl\u00e1sticos GRS de calidad o aluminio 100% reciclado.<\/p>\n<\/div>\n","protected":false},"featured_media":20604,"template":"","meta":{"_acf_changed":false},"acf":[],"yoast_head":"<!-- This site is optimized with the Yoast SEO plugin v22.7 - https:\/\/yoast.com\/wordpress\/plugins\/seo\/ -->\n<title>Luis Miguel Manj\u00f3n (TAG): &quot;El usuario hace ya tiempo que quiere irse de vacaciones con un solo cargador&quot; - Blog Club del Emprendimiento<\/title>\n<meta name=\"robots\" content=\"index, follow, max-snippet:-1, max-image-preview:large, max-video-preview:-1\" \/>\n<link rel=\"canonical\" href=\"https:\/\/www.clubdelemprendimiento.com\/blog\/noticia-corporativa\/luis-miguel-manjon-tag-el-usuario-hace-ya-tiempo-que-quiere-irse-de-vacaciones-con-un-solo-cargador\/\" \/>\n<meta property=\"og:locale\" content=\"es_ES\" \/>\n<meta property=\"og:type\" content=\"article\" \/>\n<meta property=\"og:title\" content=\"Luis Miguel Manj\u00f3n (TAG): &quot;El usuario hace ya tiempo que quiere irse de vacaciones con un solo cargador&quot; - Blog Club del Emprendimiento\" \/>\n<meta property=\"og:description\" content=\"TAG lanza al mercado un cargador compacto de carga USB-C con enchufe para cualquier&hellip;\" \/>\n<meta property=\"og:url\" content=\"https:\/\/www.clubdelemprendimiento.com\/blog\/noticia-corporativa\/luis-miguel-manjon-tag-el-usuario-hace-ya-tiempo-que-quiere-irse-de-vacaciones-con-un-solo-cargador\/\" \/>\n<meta property=\"og:site_name\" content=\"Blog Club del Emprendimiento\" \/>\n<meta property=\"og:image\" content=\"https:\/\/www.clubdelemprendimiento.com\/blog\/wp-content\/uploads\/2025\/08\/GaN-Ultra_1.png\" \/>\n<meta name=\"twitter:card\" content=\"summary_large_image\" \/>\n<meta name=\"twitter:label1\" content=\"Tiempo de lectura\" \/>\n\t<meta name=\"twitter:data1\" content=\"3 minutos\" \/>\n<script type=\"application\/ld+json\" class=\"yoast-schema-graph\">{\"@context\":\"https:\/\/schema.org\",\"@graph\":[{\"@type\":\"WebPage\",\"@id\":\"https:\/\/www.clubdelemprendimiento.com\/blog\/noticia-corporativa\/luis-miguel-manjon-tag-el-usuario-hace-ya-tiempo-que-quiere-irse-de-vacaciones-con-un-solo-cargador\/\",\"url\":\"https:\/\/www.clubdelemprendimiento.com\/blog\/noticia-corporativa\/luis-miguel-manjon-tag-el-usuario-hace-ya-tiempo-que-quiere-irse-de-vacaciones-con-un-solo-cargador\/\",\"name\":\"Luis Miguel Manj\u00f3n (TAG): \\\"El usuario hace ya tiempo que quiere irse de vacaciones con un solo cargador\\\" - Blog Club del Emprendimiento\",\"isPartOf\":{\"@id\":\"https:\/\/www.clubdelemprendimiento.com\/blog\/#website\"},\"primaryImageOfPage\":{\"@id\":\"https:\/\/www.clubdelemprendimiento.com\/blog\/noticia-corporativa\/luis-miguel-manjon-tag-el-usuario-hace-ya-tiempo-que-quiere-irse-de-vacaciones-con-un-solo-cargador\/#primaryimage\"},\"image\":{\"@id\":\"https:\/\/www.clubdelemprendimiento.com\/blog\/noticia-corporativa\/luis-miguel-manjon-tag-el-usuario-hace-ya-tiempo-que-quiere-irse-de-vacaciones-con-un-solo-cargador\/#primaryimage\"},\"thumbnailUrl\":\"https:\/\/www.clubdelemprendimiento.com\/blog\/wp-content\/uploads\/2025\/08\/GaN-Ultra_1.png\",\"datePublished\":\"2025-08-05T11:05:14+00:00\",\"dateModified\":\"2025-08-05T11:05:14+00:00\",\"breadcrumb\":{\"@id\":\"https:\/\/www.clubdelemprendimiento.com\/blog\/noticia-corporativa\/luis-miguel-manjon-tag-el-usuario-hace-ya-tiempo-que-quiere-irse-de-vacaciones-con-un-solo-cargador\/#breadcrumb\"},\"inLanguage\":\"es\",\"potentialAction\":[{\"@type\":\"ReadAction\",\"target\":[\"https:\/\/www.clubdelemprendimiento.com\/blog\/noticia-corporativa\/luis-miguel-manjon-tag-el-usuario-hace-ya-tiempo-que-quiere-irse-de-vacaciones-con-un-solo-cargador\/\"]}]},{\"@type\":\"ImageObject\",\"inLanguage\":\"es\",\"@id\":\"https:\/\/www.clubdelemprendimiento.com\/blog\/noticia-corporativa\/luis-miguel-manjon-tag-el-usuario-hace-ya-tiempo-que-quiere-irse-de-vacaciones-con-un-solo-cargador\/#primaryimage\",\"url\":\"https:\/\/www.clubdelemprendimiento.com\/blog\/wp-content\/uploads\/2025\/08\/GaN-Ultra_1.png\",\"contentUrl\":\"https:\/\/www.clubdelemprendimiento.com\/blog\/wp-content\/uploads\/2025\/08\/GaN-Ultra_1.png\",\"width\":902,\"height\":618},{\"@type\":\"BreadcrumbList\",\"@id\":\"https:\/\/www.clubdelemprendimiento.com\/blog\/noticia-corporativa\/luis-miguel-manjon-tag-el-usuario-hace-ya-tiempo-que-quiere-irse-de-vacaciones-con-un-solo-cargador\/#breadcrumb\",\"itemListElement\":[{\"@type\":\"ListItem\",\"position\":1,\"name\":\"Home\",\"item\":\"https:\/\/www.clubdelemprendimiento.com\/blog\/\"},{\"@type\":\"ListItem\",\"position\":2,\"name\":\"Noticias Corporativas\",\"item\":\"https:\/\/www.clubdelemprendimiento.com\/blog\/noticias-corporativas\/\"},{\"@type\":\"ListItem\",\"position\":3,\"name\":\"Luis Miguel Manj\u00f3n (TAG): \u00abEl usuario hace ya tiempo que quiere irse de vacaciones con un solo cargador\u00bb\"}]},{\"@type\":\"WebSite\",\"@id\":\"https:\/\/www.clubdelemprendimiento.com\/blog\/#website\",\"url\":\"https:\/\/www.clubdelemprendimiento.com\/blog\/\",\"name\":\"Blog Club del Emprendimiento\",\"description\":\"\",\"potentialAction\":[{\"@type\":\"SearchAction\",\"target\":{\"@type\":\"EntryPoint\",\"urlTemplate\":\"https:\/\/www.clubdelemprendimiento.com\/blog\/?s={search_term_string}\"},\"query-input\":\"required name=search_term_string\"}],\"inLanguage\":\"es\"}]}<\/script>\n<!-- \/ Yoast SEO plugin. -->","yoast_head_json":{"title":"Luis Miguel Manj\u00f3n (TAG): \"El usuario hace ya tiempo que quiere irse de vacaciones con un solo cargador\" - Blog Club del Emprendimiento","robots":{"index":"index","follow":"follow","max-snippet":"max-snippet:-1","max-image-preview":"max-image-preview:large","max-video-preview":"max-video-preview:-1"},"canonical":"https:\/\/www.clubdelemprendimiento.com\/blog\/noticia-corporativa\/luis-miguel-manjon-tag-el-usuario-hace-ya-tiempo-que-quiere-irse-de-vacaciones-con-un-solo-cargador\/","og_locale":"es_ES","og_type":"article","og_title":"Luis Miguel Manj\u00f3n (TAG): \"El usuario hace ya tiempo que quiere irse de vacaciones con un solo cargador\" - Blog Club del Emprendimiento","og_description":"TAG lanza al mercado un cargador compacto de carga USB-C con enchufe para cualquier&hellip;","og_url":"https:\/\/www.clubdelemprendimiento.com\/blog\/noticia-corporativa\/luis-miguel-manjon-tag-el-usuario-hace-ya-tiempo-que-quiere-irse-de-vacaciones-con-un-solo-cargador\/","og_site_name":"Blog Club del Emprendimiento","og_image":[{"url":"https:\/\/www.clubdelemprendimiento.com\/blog\/wp-content\/uploads\/2025\/08\/GaN-Ultra_1.png"}],"twitter_card":"summary_large_image","twitter_misc":{"Tiempo de lectura":"3 minutos"},"schema":{"@context":"https:\/\/schema.org","@graph":[{"@type":"WebPage","@id":"https:\/\/www.clubdelemprendimiento.com\/blog\/noticia-corporativa\/luis-miguel-manjon-tag-el-usuario-hace-ya-tiempo-que-quiere-irse-de-vacaciones-con-un-solo-cargador\/","url":"https:\/\/www.clubdelemprendimiento.com\/blog\/noticia-corporativa\/luis-miguel-manjon-tag-el-usuario-hace-ya-tiempo-que-quiere-irse-de-vacaciones-con-un-solo-cargador\/","name":"Luis Miguel Manj\u00f3n (TAG): \"El usuario hace ya tiempo que quiere irse de vacaciones con un solo cargador\" - Blog Club del Emprendimiento","isPartOf":{"@id":"https:\/\/www.clubdelemprendimiento.com\/blog\/#website"},"primaryImageOfPage":{"@id":"https:\/\/www.clubdelemprendimiento.com\/blog\/noticia-corporativa\/luis-miguel-manjon-tag-el-usuario-hace-ya-tiempo-que-quiere-irse-de-vacaciones-con-un-solo-cargador\/#primaryimage"},"image":{"@id":"https:\/\/www.clubdelemprendimiento.com\/blog\/noticia-corporativa\/luis-miguel-manjon-tag-el-usuario-hace-ya-tiempo-que-quiere-irse-de-vacaciones-con-un-solo-cargador\/#primaryimage"},"thumbnailUrl":"https:\/\/www.clubdelemprendimiento.com\/blog\/wp-content\/uploads\/2025\/08\/GaN-Ultra_1.png","datePublished":"2025-08-05T11:05:14+00:00","dateModified":"2025-08-05T11:05:14+00:00","breadcrumb":{"@id":"https:\/\/www.clubdelemprendimiento.com\/blog\/noticia-corporativa\/luis-miguel-manjon-tag-el-usuario-hace-ya-tiempo-que-quiere-irse-de-vacaciones-con-un-solo-cargador\/#breadcrumb"},"inLanguage":"es","potentialAction":[{"@type":"ReadAction","target":["https:\/\/www.clubdelemprendimiento.com\/blog\/noticia-corporativa\/luis-miguel-manjon-tag-el-usuario-hace-ya-tiempo-que-quiere-irse-de-vacaciones-con-un-solo-cargador\/"]}]},{"@type":"ImageObject","inLanguage":"es","@id":"https:\/\/www.clubdelemprendimiento.com\/blog\/noticia-corporativa\/luis-miguel-manjon-tag-el-usuario-hace-ya-tiempo-que-quiere-irse-de-vacaciones-con-un-solo-cargador\/#primaryimage","url":"https:\/\/www.clubdelemprendimiento.com\/blog\/wp-content\/uploads\/2025\/08\/GaN-Ultra_1.png","contentUrl":"https:\/\/www.clubdelemprendimiento.com\/blog\/wp-content\/uploads\/2025\/08\/GaN-Ultra_1.png","width":902,"height":618},{"@type":"BreadcrumbList","@id":"https:\/\/www.clubdelemprendimiento.com\/blog\/noticia-corporativa\/luis-miguel-manjon-tag-el-usuario-hace-ya-tiempo-que-quiere-irse-de-vacaciones-con-un-solo-cargador\/#breadcrumb","itemListElement":[{"@type":"ListItem","position":1,"name":"Home","item":"https:\/\/www.clubdelemprendimiento.com\/blog\/"},{"@type":"ListItem","position":2,"name":"Noticias Corporativas","item":"https:\/\/www.clubdelemprendimiento.com\/blog\/noticias-corporativas\/"},{"@type":"ListItem","position":3,"name":"Luis Miguel Manj\u00f3n (TAG): \u00abEl usuario hace ya tiempo que quiere irse de vacaciones con un solo cargador\u00bb"}]},{"@type":"WebSite","@id":"https:\/\/www.clubdelemprendimiento.com\/blog\/#website","url":"https:\/\/www.clubdelemprendimiento.com\/blog\/","name":"Blog Club del Emprendimiento","description":"","potentialAction":[{"@type":"SearchAction","target":{"@type":"EntryPoint","urlTemplate":"https:\/\/www.clubdelemprendimiento.com\/blog\/?s={search_term_string}"},"query-input":"required name=search_term_string"}],"inLanguage":"es"}]}},"_links":{"self":[{"href":"https:\/\/www.clubdelemprendimiento.com\/blog\/wp-json\/wp\/v2\/noticia-corporativa\/20603"}],"collection":[{"href":"https:\/\/www.clubdelemprendimiento.com\/blog\/wp-json\/wp\/v2\/noticia-corporativa"}],"about":[{"href":"https:\/\/www.clubdelemprendimiento.com\/blog\/wp-json\/wp\/v2\/types\/noticia-corporativa"}],"wp:featuredmedia":[{"embeddable":true,"href":"https:\/\/www.clubdelemprendimiento.com\/blog\/wp-json\/wp\/v2\/media\/20604"}],"wp:attachment":[{"href":"https:\/\/www.clubdelemprendimiento.com\/blog\/wp-json\/wp\/v2\/media?parent=20603"}],"curies":[{"name":"wp","href":"https:\/\/api.w.org\/{rel}","templated":true}]}}