{"id":20599,"date":"2025-08-05T10:00:23","date_gmt":"2025-08-05T10:00:23","guid":{"rendered":"https:\/\/www.clubdelemprendimiento.com\/blog\/noticia-corporativa\/la-xxxi-fiesta-del-mejillon-y-el-berberecho-de-vilanova-de-arousa-incrementa-su-carpa-gastronomica\/"},"modified":"2025-08-05T10:00:23","modified_gmt":"2025-08-05T10:00:23","slug":"la-xxxi-fiesta-del-mejillon-y-el-berberecho-de-vilanova-de-arousa-incrementa-su-carpa-gastronomica","status":"publish","type":"noticia-corporativa","link":"https:\/\/www.clubdelemprendimiento.com\/blog\/noticia-corporativa\/la-xxxi-fiesta-del-mejillon-y-el-berberecho-de-vilanova-de-arousa-incrementa-su-carpa-gastronomica\/","title":{"rendered":"La XXXI Fiesta del Mejill\u00f3n y el Berberecho de Vilanova de Arousa incrementa su carpa gastron\u00f3mica"},"content":{"rendered":"<div>\n<p><a href=\"https:\/\/www.clubdelemprendimiento.com\/blog\/wp-content\/uploads\/2025\/08\/CarpaGastronomicaFMB2024.jpg\" target=\"_blank\" class=\"fotonota\" rel=\"noopener\"> <img decoding=\"async\" src=\"https:\/\/www.clubdelemprendimiento.com\/blog\/wp-content\/uploads\/2025\/08\/CarpaGastronomicaFMB2024.jpg\" style=\"max-width:600px;\" border=\"0\" class=\"postImage\" alt=\"\"><\/a><\/p>\n<p>El alcalde vilanov\u00e9s, Gonzalo Dur\u00e1n, espera que la cita, que se celebra del 7 al 10 de agosto en la localidad pontevedresa, registre un nuevo r\u00e9cord, con hasta un 20% m\u00e1s de asistentes al amplio programa de actividades. El espacio de degustaci\u00f3n permitir\u00e1 hasta 600 comensales por turno y pondr\u00e1 a su disposici\u00f3n una decena de platos a precios populares con estos bivalvos como grandes protagonistas<\/p>\n<p><\/p>\n<p>El Ayuntamiento de Vilanova de Arousa (Pontevedra, Galicia) ultima los preparativos de su XXXI Fiesta del Mejill\u00f3n y el Berberecho. La cita se celebrar\u00e1 entre los d\u00edas 7 y 10 de agosto y, en palabras del alcalde, Gonzalo Dur\u00e1n, se espera\u00a0que \u00abregistre un nuevo \u00e9xito, contando con una previsi\u00f3n de incremento de entre el 15 y el 20% de asistentes con respecto al a\u00f1o pasado\u00bb. As\u00ed lo indic\u00f3 el regidor en la presentaci\u00f3n del evento, en la que estuvo acompa\u00f1ado por el teniente de alcalde y diputado provincial, Javier Tour\u00eds, y por las concejalas vilanovesas Ana Mar\u00eda Carballa, Nuria Morgade, Eliana Vidal y \u00c1urea Berm\u00fadez.<\/p>\n<p>Una de las grandes novedades de esta trig\u00e9simo primera edici\u00f3n de la cita en Vilanova de Arousa ser\u00e1 el aumento de la capacidad de la carpa gastron\u00f3mica. \u00abEl a\u00f1o pasado se qued\u00f3 peque\u00f1a y decidimos ampliar este espacio llegando a los 600 comensales\u00bb, indic\u00f3 Dur\u00e1n.<\/p>\n<p>El regidor de Vilanova de Arousa se mostr\u00f3 muy satisfecho por las \u00abcifras de turismo en el Ayuntamiento, que vuelven a ser de r\u00e9cord\u00bb, lo que lleva a pensar que el evento contar\u00e1 con gran afluencia de visitantes. Dur\u00e1n anim\u00f3 a todo el mundo a acercarse a la XXXI Fiesta del Mejill\u00f3n y el Berberecho; \u00abque venga, disfrute, como, beba y, sobre todo, que se proteja del sol\u00bb, ante la previsi\u00f3n de la onda de calor de esta semana.<\/p>\n<p>Por su parte, Javier Tour\u00eds realiz\u00f3 un breve repaso al programa de actividades de la \u00absemana grande de Vilanova de Arousa. Comenzaremos el jueves 7 de agosto, con la apertura de la carpa gastron\u00f3mica a las 13.00 horas y contaremos con la presencia del conselleiro de Cultura\u00bb, indic\u00f3. Sobre este espacio, indic\u00f3 que se espera superar \u00ablas m\u00e1s de 5.000 raciones de platos\u00bb con mejill\u00f3n y berberecho durante las 4 jornadas festivas que se hab\u00edan registrado en la anterior edici\u00f3n.<\/p>\n<p>El espacio de degustaci\u00f3n se habilitar\u00e1 en la Plaza de O Castro y contar\u00e1 con una capacidad de hasta 600 comensales por turno. El horario de apertura ser\u00e1 de 13.00 a 16.30 y de 19.00 a 23.00 horas y se ofrecer\u00e1n una docena de platos a precios populares con estos bivalvos como protagonistas. \u00abCada a\u00f1o, la Fiesta del Mejill\u00f3n y el Berberecho crece exponencialmente y animamos a todo el mundo a acercarse a Vilanova, que fue nombrado recientemente como el pueblo m\u00e1s hermoso de la provincia de Pontevedra -por una reconocida revista de viajes-\u00ab, concluy\u00f3 el concejal de Turismo.<\/p>\n<p><strong>M\u00fasica para todos los gustos<\/strong><br \/>\nOtro de los puntos fuertes del programa de la XXXI Fiesta del Mejill\u00f3n y el Berberecho de Vilanova de Arousa ser\u00e1n las actuaciones musicales, sobre las que habl\u00f3 Javier Tour\u00eds. \u00abContaremos nuevamente con el show de la Orquesta Panorama, que estar\u00e1 el viernes 8 en el parque de O Cabo desde las 23.00 horas\u00bb. El s\u00e1bado por la noche actuar\u00e1 el reconocido grupo Milladoiro, en la Plaza de O Castro, a las 21.00 horas. El domingo, d\u00eda grande de la fiesta, habr\u00e1 un pasacalles con la charanga Mek\u00e1nika Rolling Band a las 12.30 horas y \u00abel broche de oro lo pondr\u00e1 Roi Casal con un concierto en el Jard\u00edn Umbr\u00edo a las 21.30 horas\u00bb.<\/p>\n<p><strong>Feria de Oportunidades y procesi\u00f3n mar\u00edtima<\/strong><br \/>\nAdem\u00e1s de la degustaci\u00f3n de platos y de la m\u00fasica, el evento ofrecer\u00e1 la XXI Feria de Oportunidades del comercio local, organizada por la Asociaci\u00f3n Vilanova Centro. Tendr\u00e1 lugar en la Avenida de O Recheo entre los d\u00edas 8 y 10 de agosto y el horario de apertura ser\u00e1 de 10.00 a 14.30 y de 16.30 y 23.00 horas. Tras la excelente acogida del a\u00f1o pasado, se ofrecer\u00e1 nuevamente el espacio de conciliaci\u00f3n para que las ni\u00f1as y ni\u00f1os puedan disfrutar de diferente tipo de actividades mientras sus familiares aprovechan para localizar los art\u00edculos y productos a precios de saldo en un total de 22 stands comerciales.<\/p>\n<p>No faltar\u00e1 tampoco la cita con la tradici\u00f3n, a trav\u00e9s de la procesi\u00f3n mar\u00edtima en la honra a la Virgen del Carmen. Como en anteriores ocasiones, el recorrido de la imagen de la patrona de las gentes del mar comenzar\u00e1 a las 19.00 horas desde la iglesia parroquial de San Cipriano para despu\u00e9s realizar una primera parada en la Estaci\u00f3n Mar\u00edtima Mar de Santiago. Desde all\u00ed, la imagen de la Virgen del Carmen partir\u00e1 al Faro de O Seixo en procesi\u00f3n, custodiada por decenas de barcos que lucir\u00e1n sus mejores galas para acompa\u00f1ar a la Santa. Una vez en el punto de parada, se realizar\u00e1 la tradicional ofrenda floral en recuerdo a las v\u00edctimas del mar.<\/p>\n<p>Toda la informaci\u00f3n sobre la XXXI Fiesta del Mejill\u00f3n y el Berberecho de Vilanova de Arousa se puede consultar en la web www.festadomexillon.com, as\u00ed como en los perfiles en Facebook e Instagram del propio evento. Esta celebraci\u00f3n es posible gracias al apoyo de la Xunta de Galicia, la Diputaci\u00f3n de Pontevedra y Abanca.<\/p>\n<\/div>\n","protected":false},"featured_media":20600,"template":"","meta":{"_acf_changed":false},"acf":[],"yoast_head":"<!-- This site is optimized with the Yoast SEO plugin v22.7 - https:\/\/yoast.com\/wordpress\/plugins\/seo\/ -->\n<title>La XXXI Fiesta del Mejill\u00f3n y el Berberecho de Vilanova de Arousa incrementa su carpa gastron\u00f3mica - Blog Club del Emprendimiento<\/title>\n<meta name=\"robots\" content=\"index, follow, max-snippet:-1, max-image-preview:large, max-video-preview:-1\" \/>\n<link rel=\"canonical\" href=\"https:\/\/www.clubdelemprendimiento.com\/blog\/noticia-corporativa\/la-xxxi-fiesta-del-mejillon-y-el-berberecho-de-vilanova-de-arousa-incrementa-su-carpa-gastronomica\/\" \/>\n<meta property=\"og:locale\" content=\"es_ES\" \/>\n<meta property=\"og:type\" content=\"article\" \/>\n<meta property=\"og:title\" content=\"La XXXI Fiesta del Mejill\u00f3n y el Berberecho de Vilanova de Arousa incrementa su carpa gastron\u00f3mica - Blog Club del Emprendimiento\" \/>\n<meta property=\"og:description\" content=\"El alcalde vilanov\u00e9s, Gonzalo Dur\u00e1n, espera que la cita, que se celebra del 7&hellip;\" \/>\n<meta property=\"og:url\" content=\"https:\/\/www.clubdelemprendimiento.com\/blog\/noticia-corporativa\/la-xxxi-fiesta-del-mejillon-y-el-berberecho-de-vilanova-de-arousa-incrementa-su-carpa-gastronomica\/\" \/>\n<meta property=\"og:site_name\" content=\"Blog Club del Emprendimiento\" \/>\n<meta property=\"og:image\" content=\"https:\/\/www.clubdelemprendimiento.com\/blog\/wp-content\/uploads\/2025\/08\/CarpaGastronomicaFMB2024.jpg\" \/>\n<meta name=\"twitter:card\" content=\"summary_large_image\" \/>\n<meta name=\"twitter:label1\" content=\"Tiempo de lectura\" \/>\n\t<meta name=\"twitter:data1\" content=\"5 minutos\" \/>\n<script type=\"application\/ld+json\" class=\"yoast-schema-graph\">{\"@context\":\"https:\/\/schema.org\",\"@graph\":[{\"@type\":\"WebPage\",\"@id\":\"https:\/\/www.clubdelemprendimiento.com\/blog\/noticia-corporativa\/la-xxxi-fiesta-del-mejillon-y-el-berberecho-de-vilanova-de-arousa-incrementa-su-carpa-gastronomica\/\",\"url\":\"https:\/\/www.clubdelemprendimiento.com\/blog\/noticia-corporativa\/la-xxxi-fiesta-del-mejillon-y-el-berberecho-de-vilanova-de-arousa-incrementa-su-carpa-gastronomica\/\",\"name\":\"La XXXI Fiesta del Mejill\u00f3n y el Berberecho de Vilanova de Arousa incrementa su carpa gastron\u00f3mica - Blog Club del Emprendimiento\",\"isPartOf\":{\"@id\":\"https:\/\/www.clubdelemprendimiento.com\/blog\/#website\"},\"primaryImageOfPage\":{\"@id\":\"https:\/\/www.clubdelemprendimiento.com\/blog\/noticia-corporativa\/la-xxxi-fiesta-del-mejillon-y-el-berberecho-de-vilanova-de-arousa-incrementa-su-carpa-gastronomica\/#primaryimage\"},\"image\":{\"@id\":\"https:\/\/www.clubdelemprendimiento.com\/blog\/noticia-corporativa\/la-xxxi-fiesta-del-mejillon-y-el-berberecho-de-vilanova-de-arousa-incrementa-su-carpa-gastronomica\/#primaryimage\"},\"thumbnailUrl\":\"https:\/\/www.clubdelemprendimiento.com\/blog\/wp-content\/uploads\/2025\/08\/CarpaGastronomicaFMB2024-scaled.jpg\",\"datePublished\":\"2025-08-05T10:00:23+00:00\",\"dateModified\":\"2025-08-05T10:00:23+00:00\",\"breadcrumb\":{\"@id\":\"https:\/\/www.clubdelemprendimiento.com\/blog\/noticia-corporativa\/la-xxxi-fiesta-del-mejillon-y-el-berberecho-de-vilanova-de-arousa-incrementa-su-carpa-gastronomica\/#breadcrumb\"},\"inLanguage\":\"es\",\"potentialAction\":[{\"@type\":\"ReadAction\",\"target\":[\"https:\/\/www.clubdelemprendimiento.com\/blog\/noticia-corporativa\/la-xxxi-fiesta-del-mejillon-y-el-berberecho-de-vilanova-de-arousa-incrementa-su-carpa-gastronomica\/\"]}]},{\"@type\":\"ImageObject\",\"inLanguage\":\"es\",\"@id\":\"https:\/\/www.clubdelemprendimiento.com\/blog\/noticia-corporativa\/la-xxxi-fiesta-del-mejillon-y-el-berberecho-de-vilanova-de-arousa-incrementa-su-carpa-gastronomica\/#primaryimage\",\"url\":\"https:\/\/www.clubdelemprendimiento.com\/blog\/wp-content\/uploads\/2025\/08\/CarpaGastronomicaFMB2024-scaled.jpg\",\"contentUrl\":\"https:\/\/www.clubdelemprendimiento.com\/blog\/wp-content\/uploads\/2025\/08\/CarpaGastronomicaFMB2024-scaled.jpg\",\"width\":2560,\"height\":1600},{\"@type\":\"BreadcrumbList\",\"@id\":\"https:\/\/www.clubdelemprendimiento.com\/blog\/noticia-corporativa\/la-xxxi-fiesta-del-mejillon-y-el-berberecho-de-vilanova-de-arousa-incrementa-su-carpa-gastronomica\/#breadcrumb\",\"itemListElement\":[{\"@type\":\"ListItem\",\"position\":1,\"name\":\"Home\",\"item\":\"https:\/\/www.clubdelemprendimiento.com\/blog\/\"},{\"@type\":\"ListItem\",\"position\":2,\"name\":\"Noticias Corporativas\",\"item\":\"https:\/\/www.clubdelemprendimiento.com\/blog\/noticias-corporativas\/\"},{\"@type\":\"ListItem\",\"position\":3,\"name\":\"La XXXI Fiesta del Mejill\u00f3n y el Berberecho de Vilanova de Arousa incrementa su carpa gastron\u00f3mica\"}]},{\"@type\":\"WebSite\",\"@id\":\"https:\/\/www.clubdelemprendimiento.com\/blog\/#website\",\"url\":\"https:\/\/www.clubdelemprendimiento.com\/blog\/\",\"name\":\"Blog Club del Emprendimiento\",\"description\":\"\",\"potentialAction\":[{\"@type\":\"SearchAction\",\"target\":{\"@type\":\"EntryPoint\",\"urlTemplate\":\"https:\/\/www.clubdelemprendimiento.com\/blog\/?s={search_term_string}\"},\"query-input\":\"required name=search_term_string\"}],\"inLanguage\":\"es\"}]}<\/script>\n<!-- \/ Yoast SEO plugin. -->","yoast_head_json":{"title":"La XXXI Fiesta del Mejill\u00f3n y el Berberecho de Vilanova de Arousa incrementa su carpa gastron\u00f3mica - Blog Club del Emprendimiento","robots":{"index":"index","follow":"follow","max-snippet":"max-snippet:-1","max-image-preview":"max-image-preview:large","max-video-preview":"max-video-preview:-1"},"canonical":"https:\/\/www.clubdelemprendimiento.com\/blog\/noticia-corporativa\/la-xxxi-fiesta-del-mejillon-y-el-berberecho-de-vilanova-de-arousa-incrementa-su-carpa-gastronomica\/","og_locale":"es_ES","og_type":"article","og_title":"La XXXI Fiesta del Mejill\u00f3n y el Berberecho de Vilanova de Arousa incrementa su carpa gastron\u00f3mica - Blog Club del Emprendimiento","og_description":"El alcalde vilanov\u00e9s, Gonzalo Dur\u00e1n, espera que la cita, que se celebra del 7&hellip;","og_url":"https:\/\/www.clubdelemprendimiento.com\/blog\/noticia-corporativa\/la-xxxi-fiesta-del-mejillon-y-el-berberecho-de-vilanova-de-arousa-incrementa-su-carpa-gastronomica\/","og_site_name":"Blog Club del Emprendimiento","og_image":[{"url":"https:\/\/www.clubdelemprendimiento.com\/blog\/wp-content\/uploads\/2025\/08\/CarpaGastronomicaFMB2024.jpg"}],"twitter_card":"summary_large_image","twitter_misc":{"Tiempo de lectura":"5 minutos"},"schema":{"@context":"https:\/\/schema.org","@graph":[{"@type":"WebPage","@id":"https:\/\/www.clubdelemprendimiento.com\/blog\/noticia-corporativa\/la-xxxi-fiesta-del-mejillon-y-el-berberecho-de-vilanova-de-arousa-incrementa-su-carpa-gastronomica\/","url":"https:\/\/www.clubdelemprendimiento.com\/blog\/noticia-corporativa\/la-xxxi-fiesta-del-mejillon-y-el-berberecho-de-vilanova-de-arousa-incrementa-su-carpa-gastronomica\/","name":"La XXXI Fiesta del Mejill\u00f3n y el Berberecho de Vilanova de Arousa incrementa su carpa gastron\u00f3mica - Blog Club del Emprendimiento","isPartOf":{"@id":"https:\/\/www.clubdelemprendimiento.com\/blog\/#website"},"primaryImageOfPage":{"@id":"https:\/\/www.clubdelemprendimiento.com\/blog\/noticia-corporativa\/la-xxxi-fiesta-del-mejillon-y-el-berberecho-de-vilanova-de-arousa-incrementa-su-carpa-gastronomica\/#primaryimage"},"image":{"@id":"https:\/\/www.clubdelemprendimiento.com\/blog\/noticia-corporativa\/la-xxxi-fiesta-del-mejillon-y-el-berberecho-de-vilanova-de-arousa-incrementa-su-carpa-gastronomica\/#primaryimage"},"thumbnailUrl":"https:\/\/www.clubdelemprendimiento.com\/blog\/wp-content\/uploads\/2025\/08\/CarpaGastronomicaFMB2024-scaled.jpg","datePublished":"2025-08-05T10:00:23+00:00","dateModified":"2025-08-05T10:00:23+00:00","breadcrumb":{"@id":"https:\/\/www.clubdelemprendimiento.com\/blog\/noticia-corporativa\/la-xxxi-fiesta-del-mejillon-y-el-berberecho-de-vilanova-de-arousa-incrementa-su-carpa-gastronomica\/#breadcrumb"},"inLanguage":"es","potentialAction":[{"@type":"ReadAction","target":["https:\/\/www.clubdelemprendimiento.com\/blog\/noticia-corporativa\/la-xxxi-fiesta-del-mejillon-y-el-berberecho-de-vilanova-de-arousa-incrementa-su-carpa-gastronomica\/"]}]},{"@type":"ImageObject","inLanguage":"es","@id":"https:\/\/www.clubdelemprendimiento.com\/blog\/noticia-corporativa\/la-xxxi-fiesta-del-mejillon-y-el-berberecho-de-vilanova-de-arousa-incrementa-su-carpa-gastronomica\/#primaryimage","url":"https:\/\/www.clubdelemprendimiento.com\/blog\/wp-content\/uploads\/2025\/08\/CarpaGastronomicaFMB2024-scaled.jpg","contentUrl":"https:\/\/www.clubdelemprendimiento.com\/blog\/wp-content\/uploads\/2025\/08\/CarpaGastronomicaFMB2024-scaled.jpg","width":2560,"height":1600},{"@type":"BreadcrumbList","@id":"https:\/\/www.clubdelemprendimiento.com\/blog\/noticia-corporativa\/la-xxxi-fiesta-del-mejillon-y-el-berberecho-de-vilanova-de-arousa-incrementa-su-carpa-gastronomica\/#breadcrumb","itemListElement":[{"@type":"ListItem","position":1,"name":"Home","item":"https:\/\/www.clubdelemprendimiento.com\/blog\/"},{"@type":"ListItem","position":2,"name":"Noticias Corporativas","item":"https:\/\/www.clubdelemprendimiento.com\/blog\/noticias-corporativas\/"},{"@type":"ListItem","position":3,"name":"La XXXI Fiesta del Mejill\u00f3n y el Berberecho de Vilanova de Arousa incrementa su carpa gastron\u00f3mica"}]},{"@type":"WebSite","@id":"https:\/\/www.clubdelemprendimiento.com\/blog\/#website","url":"https:\/\/www.clubdelemprendimiento.com\/blog\/","name":"Blog Club del Emprendimiento","description":"","potentialAction":[{"@type":"SearchAction","target":{"@type":"EntryPoint","urlTemplate":"https:\/\/www.clubdelemprendimiento.com\/blog\/?s={search_term_string}"},"query-input":"required name=search_term_string"}],"inLanguage":"es"}]}},"_links":{"self":[{"href":"https:\/\/www.clubdelemprendimiento.com\/blog\/wp-json\/wp\/v2\/noticia-corporativa\/20599"}],"collection":[{"href":"https:\/\/www.clubdelemprendimiento.com\/blog\/wp-json\/wp\/v2\/noticia-corporativa"}],"about":[{"href":"https:\/\/www.clubdelemprendimiento.com\/blog\/wp-json\/wp\/v2\/types\/noticia-corporativa"}],"wp:featuredmedia":[{"embeddable":true,"href":"https:\/\/www.clubdelemprendimiento.com\/blog\/wp-json\/wp\/v2\/media\/20600"}],"wp:attachment":[{"href":"https:\/\/www.clubdelemprendimiento.com\/blog\/wp-json\/wp\/v2\/media?parent=20599"}],"curies":[{"name":"wp","href":"https:\/\/api.w.org\/{rel}","templated":true}]}}