{"id":20470,"date":"2025-07-29T15:04:58","date_gmt":"2025-07-29T15:04:58","guid":{"rendered":"https:\/\/www.clubdelemprendimiento.com\/blog\/noticia-corporativa\/quiron-prevencion-invita-a-aprovechar-el-verano-como-un-punto-de-partida-para-reconectar-con-uno-mismo\/"},"modified":"2025-07-29T15:04:58","modified_gmt":"2025-07-29T15:04:58","slug":"quiron-prevencion-invita-a-aprovechar-el-verano-como-un-punto-de-partida-para-reconectar-con-uno-mismo","status":"publish","type":"noticia-corporativa","link":"https:\/\/www.clubdelemprendimiento.com\/blog\/noticia-corporativa\/quiron-prevencion-invita-a-aprovechar-el-verano-como-un-punto-de-partida-para-reconectar-con-uno-mismo\/","title":{"rendered":"Quir\u00f3n Prevenci\u00f3n invita a aprovechar el verano como un punto de partida para reconectar con uno mismo"},"content":{"rendered":"<div>\n<p><a href=\"https:\/\/www.clubdelemprendimiento.com\/blog\/wp-content\/uploads\/2025\/07\/sydney-latham-fZ2hMpHIrbI-unsplash.jpg\" target=\"_blank\" class=\"fotonota\" rel=\"noopener\"> <img decoding=\"async\" src=\"https:\/\/www.clubdelemprendimiento.com\/blog\/wp-content\/uploads\/2025\/07\/sydney-latham-fZ2hMpHIrbI-unsplash.jpg\" style=\"max-width:600px;\" border=\"0\" class=\"postImage\" alt=\"\"><\/a><\/p>\n<p>La compa\u00f1\u00eda l\u00edder en prevenci\u00f3n de riesgos laborales destaca que la pausa estival puede convertirse en una oportunidad para fomentar la introspecci\u00f3n, el equilibrio emocional y el bienestar mental<\/p>\n<p><\/p>\n<p>Las vacaciones de verano no son solo un descanso f\u00edsico: tambi\u00e9n pueden suponer un respiro emocional. Con una rutina m\u00e1s relajada, menos urgencias y m\u00e1s tiempo para uno mismo, esta \u00e9poca del a\u00f1o ofrece un contexto propicio para detenerse, tomar perspectiva y escuchar c\u00f3mo se est\u00e1 de verdad.<\/p>\n<p>Desde Quir\u00f3n Prevenci\u00f3n proponen un enfoque distinto: aprovechar el verano no solo para desconectar del trabajo, sino tambi\u00e9n para fortalecer la inteligencia emocional, una herramienta clave para el bienestar personal y colectivo.<\/p>\n<p>\u00abVivir con inteligencia emocional no significa reprimir lo que sentimos, sino usarlo como br\u00fajula para tomar mejores decisiones, construir v\u00ednculos m\u00e1s s\u00f3lidos y crecer como personas\u00bb, explican desde el equipo de Psicolog\u00eda de la compa\u00f1\u00eda l\u00edder en prevenci\u00f3n de riesgos y cuidado de la salud emocional en el entorno laboral. En su experiencia, este tipo de competencias se fortalecen cuando se dan las condiciones adecuadas: tiempo para uno mismo, espacios de reflexi\u00f3n y relaciones m\u00e1s pausadas.<\/p>\n<p><strong>Una oportunidad para reconectar con lo que se siente<\/strong><br \/>\nIdentificar las emociones, comprender por qu\u00e9 surgen y c\u00f3mo afectan a las decisiones y comportamientos es el primer paso hacia un mayor autoconocimiento. Le sigue el reto de aprender a gestionarlas con sabidur\u00eda, respondiendo en lugar de reaccionar, incluso en situaciones dif\u00edciles. Cultivar esta capacidad favorece un mayor equilibrio interior, pero tambi\u00e9n impacta de forma positiva en las relaciones.<\/p>\n<p>La empat\u00eda, por ejemplo, se entrena escuchando de forma activa, sin juicio, y permitiendo que el otro se exprese con libertad. Esa actitud facilita v\u00ednculos m\u00e1s s\u00f3lidos y entornos \u2014laborales y personales\u2014 m\u00e1s humanos. Y lo mismo ocurre con las habilidades sociales, esenciales para convivir, colaborar y liderar con sentido.<\/p>\n<p>La inteligencia emocional, concluyen desde Quir\u00f3n Prevenci\u00f3n, es un proceso continuo de autoconocimiento y pr\u00e1ctica. Su impacto es profundo: mejora la salud mental, potencia el bienestar y conecta con lo que verdaderamente importa.<\/p>\n<\/div>\n","protected":false},"featured_media":20471,"template":"","meta":{"_acf_changed":false},"acf":[],"yoast_head":"<!-- This site is optimized with the Yoast SEO plugin v22.7 - https:\/\/yoast.com\/wordpress\/plugins\/seo\/ -->\n<title>Quir\u00f3n Prevenci\u00f3n invita a aprovechar el verano como un punto de partida para reconectar con uno mismo - Blog Club del Emprendimiento<\/title>\n<meta name=\"robots\" content=\"index, follow, max-snippet:-1, max-image-preview:large, max-video-preview:-1\" \/>\n<link rel=\"canonical\" href=\"https:\/\/www.clubdelemprendimiento.com\/blog\/noticia-corporativa\/quiron-prevencion-invita-a-aprovechar-el-verano-como-un-punto-de-partida-para-reconectar-con-uno-mismo\/\" \/>\n<meta property=\"og:locale\" content=\"es_ES\" \/>\n<meta property=\"og:type\" content=\"article\" \/>\n<meta property=\"og:title\" content=\"Quir\u00f3n Prevenci\u00f3n invita a aprovechar el verano como un punto de partida para reconectar con uno mismo - Blog Club del Emprendimiento\" \/>\n<meta property=\"og:description\" content=\"La compa\u00f1\u00eda l\u00edder en prevenci\u00f3n de riesgos laborales destaca que la pausa estival puede&hellip;\" \/>\n<meta property=\"og:url\" content=\"https:\/\/www.clubdelemprendimiento.com\/blog\/noticia-corporativa\/quiron-prevencion-invita-a-aprovechar-el-verano-como-un-punto-de-partida-para-reconectar-con-uno-mismo\/\" \/>\n<meta property=\"og:site_name\" content=\"Blog Club del Emprendimiento\" \/>\n<meta property=\"og:image\" content=\"https:\/\/www.clubdelemprendimiento.com\/blog\/wp-content\/uploads\/2025\/07\/sydney-latham-fZ2hMpHIrbI-unsplash.jpg\" \/>\n<meta name=\"twitter:card\" content=\"summary_large_image\" \/>\n<meta name=\"twitter:label1\" content=\"Tiempo de lectura\" \/>\n\t<meta name=\"twitter:data1\" content=\"2 minutos\" \/>\n<script type=\"application\/ld+json\" class=\"yoast-schema-graph\">{\"@context\":\"https:\/\/schema.org\",\"@graph\":[{\"@type\":\"WebPage\",\"@id\":\"https:\/\/www.clubdelemprendimiento.com\/blog\/noticia-corporativa\/quiron-prevencion-invita-a-aprovechar-el-verano-como-un-punto-de-partida-para-reconectar-con-uno-mismo\/\",\"url\":\"https:\/\/www.clubdelemprendimiento.com\/blog\/noticia-corporativa\/quiron-prevencion-invita-a-aprovechar-el-verano-como-un-punto-de-partida-para-reconectar-con-uno-mismo\/\",\"name\":\"Quir\u00f3n Prevenci\u00f3n invita a aprovechar el verano como un punto de partida para reconectar con uno mismo - Blog Club del Emprendimiento\",\"isPartOf\":{\"@id\":\"https:\/\/www.clubdelemprendimiento.com\/blog\/#website\"},\"primaryImageOfPage\":{\"@id\":\"https:\/\/www.clubdelemprendimiento.com\/blog\/noticia-corporativa\/quiron-prevencion-invita-a-aprovechar-el-verano-como-un-punto-de-partida-para-reconectar-con-uno-mismo\/#primaryimage\"},\"image\":{\"@id\":\"https:\/\/www.clubdelemprendimiento.com\/blog\/noticia-corporativa\/quiron-prevencion-invita-a-aprovechar-el-verano-como-un-punto-de-partida-para-reconectar-con-uno-mismo\/#primaryimage\"},\"thumbnailUrl\":\"https:\/\/www.clubdelemprendimiento.com\/blog\/wp-content\/uploads\/2025\/07\/sydney-latham-fZ2hMpHIrbI-unsplash-scaled.jpg\",\"datePublished\":\"2025-07-29T15:04:58+00:00\",\"dateModified\":\"2025-07-29T15:04:58+00:00\",\"breadcrumb\":{\"@id\":\"https:\/\/www.clubdelemprendimiento.com\/blog\/noticia-corporativa\/quiron-prevencion-invita-a-aprovechar-el-verano-como-un-punto-de-partida-para-reconectar-con-uno-mismo\/#breadcrumb\"},\"inLanguage\":\"es\",\"potentialAction\":[{\"@type\":\"ReadAction\",\"target\":[\"https:\/\/www.clubdelemprendimiento.com\/blog\/noticia-corporativa\/quiron-prevencion-invita-a-aprovechar-el-verano-como-un-punto-de-partida-para-reconectar-con-uno-mismo\/\"]}]},{\"@type\":\"ImageObject\",\"inLanguage\":\"es\",\"@id\":\"https:\/\/www.clubdelemprendimiento.com\/blog\/noticia-corporativa\/quiron-prevencion-invita-a-aprovechar-el-verano-como-un-punto-de-partida-para-reconectar-con-uno-mismo\/#primaryimage\",\"url\":\"https:\/\/www.clubdelemprendimiento.com\/blog\/wp-content\/uploads\/2025\/07\/sydney-latham-fZ2hMpHIrbI-unsplash-scaled.jpg\",\"contentUrl\":\"https:\/\/www.clubdelemprendimiento.com\/blog\/wp-content\/uploads\/2025\/07\/sydney-latham-fZ2hMpHIrbI-unsplash-scaled.jpg\",\"width\":2560,\"height\":1707},{\"@type\":\"BreadcrumbList\",\"@id\":\"https:\/\/www.clubdelemprendimiento.com\/blog\/noticia-corporativa\/quiron-prevencion-invita-a-aprovechar-el-verano-como-un-punto-de-partida-para-reconectar-con-uno-mismo\/#breadcrumb\",\"itemListElement\":[{\"@type\":\"ListItem\",\"position\":1,\"name\":\"Home\",\"item\":\"https:\/\/www.clubdelemprendimiento.com\/blog\/\"},{\"@type\":\"ListItem\",\"position\":2,\"name\":\"Noticias Corporativas\",\"item\":\"https:\/\/www.clubdelemprendimiento.com\/blog\/noticias-corporativas\/\"},{\"@type\":\"ListItem\",\"position\":3,\"name\":\"Quir\u00f3n Prevenci\u00f3n invita a aprovechar el verano como un punto de partida para reconectar con uno mismo\"}]},{\"@type\":\"WebSite\",\"@id\":\"https:\/\/www.clubdelemprendimiento.com\/blog\/#website\",\"url\":\"https:\/\/www.clubdelemprendimiento.com\/blog\/\",\"name\":\"Blog Club del Emprendimiento\",\"description\":\"\",\"potentialAction\":[{\"@type\":\"SearchAction\",\"target\":{\"@type\":\"EntryPoint\",\"urlTemplate\":\"https:\/\/www.clubdelemprendimiento.com\/blog\/?s={search_term_string}\"},\"query-input\":\"required name=search_term_string\"}],\"inLanguage\":\"es\"}]}<\/script>\n<!-- \/ Yoast SEO plugin. -->","yoast_head_json":{"title":"Quir\u00f3n Prevenci\u00f3n invita a aprovechar el verano como un punto de partida para reconectar con uno mismo - Blog Club del Emprendimiento","robots":{"index":"index","follow":"follow","max-snippet":"max-snippet:-1","max-image-preview":"max-image-preview:large","max-video-preview":"max-video-preview:-1"},"canonical":"https:\/\/www.clubdelemprendimiento.com\/blog\/noticia-corporativa\/quiron-prevencion-invita-a-aprovechar-el-verano-como-un-punto-de-partida-para-reconectar-con-uno-mismo\/","og_locale":"es_ES","og_type":"article","og_title":"Quir\u00f3n Prevenci\u00f3n invita a aprovechar el verano como un punto de partida para reconectar con uno mismo - Blog Club del Emprendimiento","og_description":"La compa\u00f1\u00eda l\u00edder en prevenci\u00f3n de riesgos laborales destaca que la pausa estival puede&hellip;","og_url":"https:\/\/www.clubdelemprendimiento.com\/blog\/noticia-corporativa\/quiron-prevencion-invita-a-aprovechar-el-verano-como-un-punto-de-partida-para-reconectar-con-uno-mismo\/","og_site_name":"Blog Club del Emprendimiento","og_image":[{"url":"https:\/\/www.clubdelemprendimiento.com\/blog\/wp-content\/uploads\/2025\/07\/sydney-latham-fZ2hMpHIrbI-unsplash.jpg"}],"twitter_card":"summary_large_image","twitter_misc":{"Tiempo de lectura":"2 minutos"},"schema":{"@context":"https:\/\/schema.org","@graph":[{"@type":"WebPage","@id":"https:\/\/www.clubdelemprendimiento.com\/blog\/noticia-corporativa\/quiron-prevencion-invita-a-aprovechar-el-verano-como-un-punto-de-partida-para-reconectar-con-uno-mismo\/","url":"https:\/\/www.clubdelemprendimiento.com\/blog\/noticia-corporativa\/quiron-prevencion-invita-a-aprovechar-el-verano-como-un-punto-de-partida-para-reconectar-con-uno-mismo\/","name":"Quir\u00f3n Prevenci\u00f3n invita a aprovechar el verano como un punto de partida para reconectar con uno mismo - Blog Club del Emprendimiento","isPartOf":{"@id":"https:\/\/www.clubdelemprendimiento.com\/blog\/#website"},"primaryImageOfPage":{"@id":"https:\/\/www.clubdelemprendimiento.com\/blog\/noticia-corporativa\/quiron-prevencion-invita-a-aprovechar-el-verano-como-un-punto-de-partida-para-reconectar-con-uno-mismo\/#primaryimage"},"image":{"@id":"https:\/\/www.clubdelemprendimiento.com\/blog\/noticia-corporativa\/quiron-prevencion-invita-a-aprovechar-el-verano-como-un-punto-de-partida-para-reconectar-con-uno-mismo\/#primaryimage"},"thumbnailUrl":"https:\/\/www.clubdelemprendimiento.com\/blog\/wp-content\/uploads\/2025\/07\/sydney-latham-fZ2hMpHIrbI-unsplash-scaled.jpg","datePublished":"2025-07-29T15:04:58+00:00","dateModified":"2025-07-29T15:04:58+00:00","breadcrumb":{"@id":"https:\/\/www.clubdelemprendimiento.com\/blog\/noticia-corporativa\/quiron-prevencion-invita-a-aprovechar-el-verano-como-un-punto-de-partida-para-reconectar-con-uno-mismo\/#breadcrumb"},"inLanguage":"es","potentialAction":[{"@type":"ReadAction","target":["https:\/\/www.clubdelemprendimiento.com\/blog\/noticia-corporativa\/quiron-prevencion-invita-a-aprovechar-el-verano-como-un-punto-de-partida-para-reconectar-con-uno-mismo\/"]}]},{"@type":"ImageObject","inLanguage":"es","@id":"https:\/\/www.clubdelemprendimiento.com\/blog\/noticia-corporativa\/quiron-prevencion-invita-a-aprovechar-el-verano-como-un-punto-de-partida-para-reconectar-con-uno-mismo\/#primaryimage","url":"https:\/\/www.clubdelemprendimiento.com\/blog\/wp-content\/uploads\/2025\/07\/sydney-latham-fZ2hMpHIrbI-unsplash-scaled.jpg","contentUrl":"https:\/\/www.clubdelemprendimiento.com\/blog\/wp-content\/uploads\/2025\/07\/sydney-latham-fZ2hMpHIrbI-unsplash-scaled.jpg","width":2560,"height":1707},{"@type":"BreadcrumbList","@id":"https:\/\/www.clubdelemprendimiento.com\/blog\/noticia-corporativa\/quiron-prevencion-invita-a-aprovechar-el-verano-como-un-punto-de-partida-para-reconectar-con-uno-mismo\/#breadcrumb","itemListElement":[{"@type":"ListItem","position":1,"name":"Home","item":"https:\/\/www.clubdelemprendimiento.com\/blog\/"},{"@type":"ListItem","position":2,"name":"Noticias Corporativas","item":"https:\/\/www.clubdelemprendimiento.com\/blog\/noticias-corporativas\/"},{"@type":"ListItem","position":3,"name":"Quir\u00f3n Prevenci\u00f3n invita a aprovechar el verano como un punto de partida para reconectar con uno mismo"}]},{"@type":"WebSite","@id":"https:\/\/www.clubdelemprendimiento.com\/blog\/#website","url":"https:\/\/www.clubdelemprendimiento.com\/blog\/","name":"Blog Club del Emprendimiento","description":"","potentialAction":[{"@type":"SearchAction","target":{"@type":"EntryPoint","urlTemplate":"https:\/\/www.clubdelemprendimiento.com\/blog\/?s={search_term_string}"},"query-input":"required name=search_term_string"}],"inLanguage":"es"}]}},"_links":{"self":[{"href":"https:\/\/www.clubdelemprendimiento.com\/blog\/wp-json\/wp\/v2\/noticia-corporativa\/20470"}],"collection":[{"href":"https:\/\/www.clubdelemprendimiento.com\/blog\/wp-json\/wp\/v2\/noticia-corporativa"}],"about":[{"href":"https:\/\/www.clubdelemprendimiento.com\/blog\/wp-json\/wp\/v2\/types\/noticia-corporativa"}],"wp:featuredmedia":[{"embeddable":true,"href":"https:\/\/www.clubdelemprendimiento.com\/blog\/wp-json\/wp\/v2\/media\/20471"}],"wp:attachment":[{"href":"https:\/\/www.clubdelemprendimiento.com\/blog\/wp-json\/wp\/v2\/media?parent=20470"}],"curies":[{"name":"wp","href":"https:\/\/api.w.org\/{rel}","templated":true}]}}