{"id":20455,"date":"2025-07-29T14:04:54","date_gmt":"2025-07-29T14:04:54","guid":{"rendered":"https:\/\/www.clubdelemprendimiento.com\/blog\/noticia-corporativa\/agencias-de-comunicacion-que-intensifican-su-actividad-en-agosto\/"},"modified":"2025-07-29T14:04:54","modified_gmt":"2025-07-29T14:04:54","slug":"agencias-de-comunicacion-que-intensifican-su-actividad-en-agosto","status":"publish","type":"noticia-corporativa","link":"https:\/\/www.clubdelemprendimiento.com\/blog\/noticia-corporativa\/agencias-de-comunicacion-que-intensifican-su-actividad-en-agosto\/","title":{"rendered":"Agencias de comunicaci\u00f3n que intensifican su actividad en agosto"},"content":{"rendered":"<div>\n<p><a href=\"https:\/\/www.clubdelemprendimiento.com\/blog\/wp-content\/uploads\/2025\/07\/Avatar_edeon_blue.jpg\" target=\"_blank\" class=\"fotonota\" rel=\"noopener\"> <img decoding=\"async\" src=\"https:\/\/www.clubdelemprendimiento.com\/blog\/wp-content\/uploads\/2025\/07\/Avatar_edeon_blue.jpg\" style=\"max-width:600px;\" border=\"0\" class=\"postImage\" alt=\"\"><\/a><\/p>\n<p>edeon, expertos en comunicaci\u00f3n y relaciones p\u00fablicas, ya hace muchos a\u00f1os que intensifica su actividad estrat\u00e9gica durante los meses de verano<\/p>\n<p><\/p>\n<p>Cuando muchas empresas cuelgan el cartel de \u00abcerrado por vacaciones\u00bb y dejan el tel\u00e9fono en silencio durante todo el mes de agosto, en edeon abren m\u00e1s que nunca. No por resistencia heroica ni por vicio laboral: lo hacen\u00a0porque entienden\u00a0que el mundo sigue girando y que la comunicaci\u00f3n, como pieza clave del posicionamiento y la reputaci\u00f3n empresarial, no puede bajar la persiana.<\/p>\n<p>Mientras todo el mundo desconecta, es el mejor momento para conectar. Es en verano cuando las empresas inteligentes preparan la pr\u00f3xima temporada. Y lo hacen con tiempo, tranquilidad y perspectiva. En edeon saben\u00a0que agosto es oro para quien quiere llegar en septiembre con deberes hechos, con una estrategia clara y ventaja sobre la competencia.<\/p>\n<p><strong>La comunicaci\u00f3n no se congela<\/strong><br \/>\nHay quien piensa que en agosto \u00abno pasa nada\u00bb. Error. Justamente porque hay menos ruido, es m\u00e1s f\u00e1cil hacerse o\u00edr. Publicar contenido, preparar campa\u00f1as, repensar una marca o anticipar escenarios de crisis tiene m\u00e1s fuerza cuando no compite con el alud informativo del resto del a\u00f1o. Es una ventana de oportunidad. Y los profesionales de edeon est\u00e1n\u00a0al otro lado, preparados.<\/p>\n<p>Adem\u00e1s, los problemas carecen de calendario. Una crisis de comunicaci\u00f3n puede estallar cualquier d\u00eda, tambi\u00e9n a mediados de agosto. Un comentario desafortunado, una noticia inesperada, una filtraci\u00f3n, un incendio, una huelga, una denuncia p\u00fablica. \u00bfY qu\u00e9 hacen las empresas si engancha con la agencia cerrada o sin protocolos preparados? Exacto: llegar tarde y mal. En edeon est\u00e1n\u00a0operativos y dispuestos a trabajar contigo para dise\u00f1ar protocolos de crisis antes de que ocurran cosas. Es ahora, en verano, cuando toca anticipar, no cuando el fuego ya arde.<\/p>\n<p><strong>Una agencia que no duerme<\/strong><br \/>\n<a href=\"https:\/\/edeon.net\/contacte\/\" target=\"_blank\" rel=\"nofollow noopener\"><strong>edeon comunicaci\u00f3n y relaciones p\u00fablicas<\/strong><\/a> es una agencia \u00e1gil, estrat\u00e9gica y enfocada en resultados. Y durante agosto, aprovecha\u00a0para hacer lo que muchos dejan para despu\u00e9s de vacaciones:<\/p>\n<p>\u2022Definen estrategias de comunicaci\u00f3n corporativa para empresas que quieren crecer, adaptarse o reposicionarse.<br \/>\n\u2022Dise\u00f1an cat\u00e1logos comerciales y materiales de presentaci\u00f3n, cuidando cada detalle de forma y fondo.<br \/>\n\u2022Buscan y crean nombre (naming) para marcas, servicios o productos que todav\u00eda no tienen voz propia.<br \/>\n\u2022Impulsan proyectos de branding para clientes que quieren construir una identidad s\u00f3lida y memorable.<br \/>\n\u2022Redactan discursos, notas de prensa y contenidos que dejen huella y lleguen a los canales adecuados.<br \/>\n\u2022Y sobre todo, preparan<a href=\"https:\/\/edeon.net\/serveis\/prevencio-i-gestio-de-crisis\/\" target=\"_blank\" rel=\"nofollow noopener\"><strong> protocolos de actuaci\u00f3n para prevenir y gestionar situaciones de crisis<\/strong><\/a> con profesionalidad y ning\u00fan fr\u00edo.<\/p>\n<p>\u00abTodo esto, mientras muchos echan la siesta bajo el ventilador\u00bb.<\/p>\n<p><strong>Si no cierran, ganan<\/strong><br \/>\nEs un error pensar que solo se puede trabajar de calidad cuando todo hierve. Las decisiones importantes no necesitan ruido, sino claridad. Y es por eso que la agencia edeon se pone a disposici\u00f3n de cualquier empresa que tenga un proyecto que se quiera poner en marcha, una marca que quiere repensarse, o una comunicaci\u00f3n que necesita ponerse en orden.<\/p>\n<p>En edeon no hacen\u00a0vacaciones porque creen\u00a0en lo que hacen. No se dejan\u00a0arrastrar por el calendario ni por la inercia. Les\u00a0gusta escuchar a los clientes sin prisas, analizar a fondo, encontrar nombres que funcionen, discursos que convenzan, estrategias que posicionen. Y hacerlo cuando hay m\u00e1s tiempo para escuchar, revisar y decidir con calma.<\/p>\n<\/div>\n","protected":false},"featured_media":20456,"template":"","meta":{"_acf_changed":false},"acf":[],"yoast_head":"<!-- This site is optimized with the Yoast SEO plugin v22.7 - https:\/\/yoast.com\/wordpress\/plugins\/seo\/ -->\n<title>Agencias de comunicaci\u00f3n que intensifican su actividad en agosto - Blog Club del Emprendimiento<\/title>\n<meta name=\"robots\" content=\"index, follow, max-snippet:-1, max-image-preview:large, max-video-preview:-1\" \/>\n<link rel=\"canonical\" href=\"https:\/\/www.clubdelemprendimiento.com\/blog\/noticia-corporativa\/agencias-de-comunicacion-que-intensifican-su-actividad-en-agosto\/\" \/>\n<meta property=\"og:locale\" content=\"es_ES\" \/>\n<meta property=\"og:type\" content=\"article\" \/>\n<meta property=\"og:title\" content=\"Agencias de comunicaci\u00f3n que intensifican su actividad en agosto - Blog Club del Emprendimiento\" \/>\n<meta property=\"og:description\" content=\"edeon, expertos en comunicaci\u00f3n y relaciones p\u00fablicas, ya hace muchos a\u00f1os que intensifica su&hellip;\" \/>\n<meta property=\"og:url\" content=\"https:\/\/www.clubdelemprendimiento.com\/blog\/noticia-corporativa\/agencias-de-comunicacion-que-intensifican-su-actividad-en-agosto\/\" \/>\n<meta property=\"og:site_name\" content=\"Blog Club del Emprendimiento\" \/>\n<meta property=\"og:image\" content=\"https:\/\/www.clubdelemprendimiento.com\/blog\/wp-content\/uploads\/2025\/07\/Avatar_edeon_blue.jpg\" \/>\n<meta name=\"twitter:card\" content=\"summary_large_image\" \/>\n<meta name=\"twitter:label1\" content=\"Tiempo de lectura\" \/>\n\t<meta name=\"twitter:data1\" content=\"3 minutos\" \/>\n<script type=\"application\/ld+json\" class=\"yoast-schema-graph\">{\"@context\":\"https:\/\/schema.org\",\"@graph\":[{\"@type\":\"WebPage\",\"@id\":\"https:\/\/www.clubdelemprendimiento.com\/blog\/noticia-corporativa\/agencias-de-comunicacion-que-intensifican-su-actividad-en-agosto\/\",\"url\":\"https:\/\/www.clubdelemprendimiento.com\/blog\/noticia-corporativa\/agencias-de-comunicacion-que-intensifican-su-actividad-en-agosto\/\",\"name\":\"Agencias de comunicaci\u00f3n que intensifican su actividad en agosto - Blog Club del Emprendimiento\",\"isPartOf\":{\"@id\":\"https:\/\/www.clubdelemprendimiento.com\/blog\/#website\"},\"primaryImageOfPage\":{\"@id\":\"https:\/\/www.clubdelemprendimiento.com\/blog\/noticia-corporativa\/agencias-de-comunicacion-que-intensifican-su-actividad-en-agosto\/#primaryimage\"},\"image\":{\"@id\":\"https:\/\/www.clubdelemprendimiento.com\/blog\/noticia-corporativa\/agencias-de-comunicacion-que-intensifican-su-actividad-en-agosto\/#primaryimage\"},\"thumbnailUrl\":\"https:\/\/www.clubdelemprendimiento.com\/blog\/wp-content\/uploads\/2025\/07\/Avatar_edeon_blue.jpg\",\"datePublished\":\"2025-07-29T14:04:54+00:00\",\"dateModified\":\"2025-07-29T14:04:54+00:00\",\"breadcrumb\":{\"@id\":\"https:\/\/www.clubdelemprendimiento.com\/blog\/noticia-corporativa\/agencias-de-comunicacion-que-intensifican-su-actividad-en-agosto\/#breadcrumb\"},\"inLanguage\":\"es\",\"potentialAction\":[{\"@type\":\"ReadAction\",\"target\":[\"https:\/\/www.clubdelemprendimiento.com\/blog\/noticia-corporativa\/agencias-de-comunicacion-que-intensifican-su-actividad-en-agosto\/\"]}]},{\"@type\":\"ImageObject\",\"inLanguage\":\"es\",\"@id\":\"https:\/\/www.clubdelemprendimiento.com\/blog\/noticia-corporativa\/agencias-de-comunicacion-que-intensifican-su-actividad-en-agosto\/#primaryimage\",\"url\":\"https:\/\/www.clubdelemprendimiento.com\/blog\/wp-content\/uploads\/2025\/07\/Avatar_edeon_blue.jpg\",\"contentUrl\":\"https:\/\/www.clubdelemprendimiento.com\/blog\/wp-content\/uploads\/2025\/07\/Avatar_edeon_blue.jpg\",\"width\":800,\"height\":800},{\"@type\":\"BreadcrumbList\",\"@id\":\"https:\/\/www.clubdelemprendimiento.com\/blog\/noticia-corporativa\/agencias-de-comunicacion-que-intensifican-su-actividad-en-agosto\/#breadcrumb\",\"itemListElement\":[{\"@type\":\"ListItem\",\"position\":1,\"name\":\"Home\",\"item\":\"https:\/\/www.clubdelemprendimiento.com\/blog\/\"},{\"@type\":\"ListItem\",\"position\":2,\"name\":\"Noticias Corporativas\",\"item\":\"https:\/\/www.clubdelemprendimiento.com\/blog\/noticias-corporativas\/\"},{\"@type\":\"ListItem\",\"position\":3,\"name\":\"Agencias de comunicaci\u00f3n que intensifican su actividad en agosto\"}]},{\"@type\":\"WebSite\",\"@id\":\"https:\/\/www.clubdelemprendimiento.com\/blog\/#website\",\"url\":\"https:\/\/www.clubdelemprendimiento.com\/blog\/\",\"name\":\"Blog Club del Emprendimiento\",\"description\":\"\",\"potentialAction\":[{\"@type\":\"SearchAction\",\"target\":{\"@type\":\"EntryPoint\",\"urlTemplate\":\"https:\/\/www.clubdelemprendimiento.com\/blog\/?s={search_term_string}\"},\"query-input\":\"required name=search_term_string\"}],\"inLanguage\":\"es\"}]}<\/script>\n<!-- \/ Yoast SEO plugin. -->","yoast_head_json":{"title":"Agencias de comunicaci\u00f3n que intensifican su actividad en agosto - Blog Club del Emprendimiento","robots":{"index":"index","follow":"follow","max-snippet":"max-snippet:-1","max-image-preview":"max-image-preview:large","max-video-preview":"max-video-preview:-1"},"canonical":"https:\/\/www.clubdelemprendimiento.com\/blog\/noticia-corporativa\/agencias-de-comunicacion-que-intensifican-su-actividad-en-agosto\/","og_locale":"es_ES","og_type":"article","og_title":"Agencias de comunicaci\u00f3n que intensifican su actividad en agosto - Blog Club del Emprendimiento","og_description":"edeon, expertos en comunicaci\u00f3n y relaciones p\u00fablicas, ya hace muchos a\u00f1os que intensifica su&hellip;","og_url":"https:\/\/www.clubdelemprendimiento.com\/blog\/noticia-corporativa\/agencias-de-comunicacion-que-intensifican-su-actividad-en-agosto\/","og_site_name":"Blog Club del Emprendimiento","og_image":[{"url":"https:\/\/www.clubdelemprendimiento.com\/blog\/wp-content\/uploads\/2025\/07\/Avatar_edeon_blue.jpg"}],"twitter_card":"summary_large_image","twitter_misc":{"Tiempo de lectura":"3 minutos"},"schema":{"@context":"https:\/\/schema.org","@graph":[{"@type":"WebPage","@id":"https:\/\/www.clubdelemprendimiento.com\/blog\/noticia-corporativa\/agencias-de-comunicacion-que-intensifican-su-actividad-en-agosto\/","url":"https:\/\/www.clubdelemprendimiento.com\/blog\/noticia-corporativa\/agencias-de-comunicacion-que-intensifican-su-actividad-en-agosto\/","name":"Agencias de comunicaci\u00f3n que intensifican su actividad en agosto - Blog Club del Emprendimiento","isPartOf":{"@id":"https:\/\/www.clubdelemprendimiento.com\/blog\/#website"},"primaryImageOfPage":{"@id":"https:\/\/www.clubdelemprendimiento.com\/blog\/noticia-corporativa\/agencias-de-comunicacion-que-intensifican-su-actividad-en-agosto\/#primaryimage"},"image":{"@id":"https:\/\/www.clubdelemprendimiento.com\/blog\/noticia-corporativa\/agencias-de-comunicacion-que-intensifican-su-actividad-en-agosto\/#primaryimage"},"thumbnailUrl":"https:\/\/www.clubdelemprendimiento.com\/blog\/wp-content\/uploads\/2025\/07\/Avatar_edeon_blue.jpg","datePublished":"2025-07-29T14:04:54+00:00","dateModified":"2025-07-29T14:04:54+00:00","breadcrumb":{"@id":"https:\/\/www.clubdelemprendimiento.com\/blog\/noticia-corporativa\/agencias-de-comunicacion-que-intensifican-su-actividad-en-agosto\/#breadcrumb"},"inLanguage":"es","potentialAction":[{"@type":"ReadAction","target":["https:\/\/www.clubdelemprendimiento.com\/blog\/noticia-corporativa\/agencias-de-comunicacion-que-intensifican-su-actividad-en-agosto\/"]}]},{"@type":"ImageObject","inLanguage":"es","@id":"https:\/\/www.clubdelemprendimiento.com\/blog\/noticia-corporativa\/agencias-de-comunicacion-que-intensifican-su-actividad-en-agosto\/#primaryimage","url":"https:\/\/www.clubdelemprendimiento.com\/blog\/wp-content\/uploads\/2025\/07\/Avatar_edeon_blue.jpg","contentUrl":"https:\/\/www.clubdelemprendimiento.com\/blog\/wp-content\/uploads\/2025\/07\/Avatar_edeon_blue.jpg","width":800,"height":800},{"@type":"BreadcrumbList","@id":"https:\/\/www.clubdelemprendimiento.com\/blog\/noticia-corporativa\/agencias-de-comunicacion-que-intensifican-su-actividad-en-agosto\/#breadcrumb","itemListElement":[{"@type":"ListItem","position":1,"name":"Home","item":"https:\/\/www.clubdelemprendimiento.com\/blog\/"},{"@type":"ListItem","position":2,"name":"Noticias Corporativas","item":"https:\/\/www.clubdelemprendimiento.com\/blog\/noticias-corporativas\/"},{"@type":"ListItem","position":3,"name":"Agencias de comunicaci\u00f3n que intensifican su actividad en agosto"}]},{"@type":"WebSite","@id":"https:\/\/www.clubdelemprendimiento.com\/blog\/#website","url":"https:\/\/www.clubdelemprendimiento.com\/blog\/","name":"Blog Club del Emprendimiento","description":"","potentialAction":[{"@type":"SearchAction","target":{"@type":"EntryPoint","urlTemplate":"https:\/\/www.clubdelemprendimiento.com\/blog\/?s={search_term_string}"},"query-input":"required name=search_term_string"}],"inLanguage":"es"}]}},"_links":{"self":[{"href":"https:\/\/www.clubdelemprendimiento.com\/blog\/wp-json\/wp\/v2\/noticia-corporativa\/20455"}],"collection":[{"href":"https:\/\/www.clubdelemprendimiento.com\/blog\/wp-json\/wp\/v2\/noticia-corporativa"}],"about":[{"href":"https:\/\/www.clubdelemprendimiento.com\/blog\/wp-json\/wp\/v2\/types\/noticia-corporativa"}],"wp:featuredmedia":[{"embeddable":true,"href":"https:\/\/www.clubdelemprendimiento.com\/blog\/wp-json\/wp\/v2\/media\/20456"}],"wp:attachment":[{"href":"https:\/\/www.clubdelemprendimiento.com\/blog\/wp-json\/wp\/v2\/media?parent=20455"}],"curies":[{"name":"wp","href":"https:\/\/api.w.org\/{rel}","templated":true}]}}