{"id":20449,"date":"2025-07-29T13:00:30","date_gmt":"2025-07-29T13:00:30","guid":{"rendered":"https:\/\/www.clubdelemprendimiento.com\/blog\/noticia-corporativa\/una-perdida-de-peso-rapida-podria-afectar-a-la-piel-del-rostro-asi-lo-explica-la-fundadora-de-los-centros-de-estetica-marquessa\/"},"modified":"2025-07-29T13:00:30","modified_gmt":"2025-07-29T13:00:30","slug":"una-perdida-de-peso-rapida-podria-afectar-a-la-piel-del-rostro-asi-lo-explica-la-fundadora-de-los-centros-de-estetica-marquessa","status":"publish","type":"noticia-corporativa","link":"https:\/\/www.clubdelemprendimiento.com\/blog\/noticia-corporativa\/una-perdida-de-peso-rapida-podria-afectar-a-la-piel-del-rostro-asi-lo-explica-la-fundadora-de-los-centros-de-estetica-marquessa\/","title":{"rendered":"Una p\u00e9rdida de peso r\u00e1pida podr\u00eda afectar a la piel del rostro, as\u00ed lo explica la fundadora de los Centros de Est\u00e9tica Marquessa"},"content":{"rendered":"<div>\n<p><a href=\"https:\/\/www.clubdelemprendimiento.com\/blog\/wp-content\/uploads\/2025\/07\/Skin_Tocuh_Lifting.jpeg\" target=\"_blank\" class=\"fotonota\" rel=\"noopener\"> <img decoding=\"async\" src=\"https:\/\/www.clubdelemprendimiento.com\/blog\/wp-content\/uploads\/2025\/07\/Skin_Tocuh_Lifting.jpeg\" style=\"max-width:600px;\" border=\"0\" class=\"postImage\" alt=\"\"><\/a><\/p>\n<p>Esa sensaci\u00f3n de cara vac\u00eda tras adelgazar r\u00e1pidamente es m\u00e1s com\u00fan de lo que se piensa. As\u00ed lo explica Eva Collar, esteticista y fundadora de los Centros de Est\u00e9tica Marquessa y qu\u00e9 es lo que se puede hacer para combatirlo<\/p>\n<p><\/p>\n<p>Sobre todo, ahora con la llegada del verano, muchas personas se embarcan en dietas extremas o recurren a f\u00e1rmacos para adelgazar con la intenci\u00f3n de lucir una figura m\u00e1s estilizada en muy poco tiempo. Sin embargo, esto puede traer consecuencias negativas en la piel, especialmente en t\u00e9rminos de flacidez facial. As\u00ed lo explica, <strong>Eva Collar<\/strong>, esteticista y fundadora de los <a href=\"https:\/\/marquessa.es\/\" rel=\"nofollow\">Centros de Est\u00e9tica Marquessa<\/a>, \u00a0y qu\u00e9 se puede\u00a0hacer ante ello.<\/p>\n<p><strong>\u00bfC\u00f3mo afecta la p\u00e9rdida de peso r\u00e1pida?<\/strong><br \/>\nTal y como explica la esteticista, \u00abcuando alguien pierde peso muy r\u00e1pido, ya sea por una dieta extrema o por el uso de f\u00e1rmacos como inyecciones para adelgazar, la piel del rostro es una de las primeras en notarlo. Al reducirse el volumen facial, la piel puede quedarse sin sujeci\u00f3n, lo que provoca <strong>flacidez, p\u00e9rdida de firmeza y ese efecto de cara vac\u00eda <\/strong>que muchas personas no esperan. Las mejillas pierden turgencia, el \u00f3valo facial se desdibuja y <strong>aparece un aspecto m\u00e1s cansado o envejecido<\/strong>\u00ab.\u00a0<\/p>\n<p>Por otro lado, \u00aben muchas ocasiones esa p\u00e9rdida de peso r\u00e1pida se debe a la eliminaci\u00f3n de l\u00edquidos, lo que se refleja, en consecuencia, en una <strong>piel m\u00e1s seca, opaca y apagada<\/strong>, especialmente cuando se han hecho dietas muy restrictivas\u00bb, menciona Collar.<\/p>\n<p>Por estas razones, Eva defiende que es mucho m\u00e1s recomendable seguir un plan de p\u00e9rdida de peso gradual, manteniendo un estilo de vida saludable y reforz\u00e1ndolo con una ayuda extra a trav\u00e9s de tratamientos de cabina. \u00abNo obstante, en el caso de haber perdido peso de una manera repentina, <strong>se puede tratar si se aborda a tiempo con las herramientas adecuadas<\/strong>\u00ab.<\/p>\n<p><strong>Skin Touch Lifting: la soluci\u00f3n para devolver firmeza y vitalidad al rostro<\/strong><br \/>\nFrente a todos estos efectos visibles que deja la p\u00e9rdida r\u00e1pida de peso, la fundadora de los Centros de Est\u00e9tica Marquessa destaca a <a href=\"https:\/\/marquessa.es\/tratamientos-faciales\/skin-touch-lifting\/\" rel=\"nofollow\">Skin Touch Lifting<\/a> como un tratamiento ideal que consigue la mejor versi\u00f3n de la piel, para que se vea\u00a0nuevamente reafirmada de forma totalmente <strong>no invasiva<\/strong>.<\/p>\n<p>\u00abEl secreto de su eficacia radica en la combinaci\u00f3n de 4 tecnolog\u00edas: <strong>radiofrecuencia, electroestimulaci\u00f3n, crioterapia y terapia infrarroja<\/strong>. A trav\u00e9s de ellas<strong>, se estimula la producci\u00f3n de col\u00e1geno y elastina<\/strong>; se mejora la firmeza y elasticidad de la piel; se reducen las arrugas; se mejora la circulaci\u00f3n sangu\u00ednea; se estimula el drenaje linf\u00e1tico y se eliminan toxinas; al mismo tiempo que <strong>se aporta luminosidad y uniformidad<\/strong> al tono de la piel\u00bb, expresa la esteticista. \u00a0<\/p>\n<p>Adem\u00e1s de su potente acci\u00f3n reafirmante, lo que hace \u00fanico a este tratamiento es su forma de aplicaci\u00f3n: \u00ab<strong>se trabaja cada grupo muscular del rostro de forma precisa<\/strong> y personalizada, utilizando <strong>unos cabezales en forma de dedos<\/strong> que emiten corrientes de baja frecuencia y luz LED\u00bb, explica Collar.<\/p>\n<p>Seg\u00fan describe Eva, este tratamiento destaca tambi\u00e9n por su personalizaci\u00f3n, \u00abcada sesi\u00f3n comienza con una <strong>limpieza facial profunda<\/strong> adaptada al tipo de piel y a sus necesidades. Ello incluye desmaquillante, t\u00f3nico, peeling enzim\u00e1tico o qu\u00edmico, la aplicaci\u00f3n de principios activos espec\u00edficos y, en ocasiones, si hay muchas c\u00e9lulas muertas acumuladas, t\u00e9cnicas de ultrasonido\u00bb. A ello a\u00f1ade que \u00abel tratamiento con la aparatolog\u00eda Skin Touch en s\u00ed dura <strong>20 minutos<\/strong>, aplicando primero un velo y despu\u00e9s estimulando por encima de \u00e9l todos los m\u00fasculos del rostro y cuello uno por uno, comenzando por la zona orbicular y descendiendo por el contorno facial hasta los laterales del cuello. Esto es clave para lograr una activaci\u00f3n real: al trabajar zona por zona, se consigue\u00a0<strong>tonificar el m\u00fasculo, activar la microcirculaci\u00f3n y estimular la generaci\u00f3n natural de col\u00e1geno y elastina<\/strong>\u00ab.<\/p>\n<p>Asimismo, la obtenci\u00f3n de resultados es muy r\u00e1pida, \u00ab<strong>5 sesiones<\/strong> son suficientes para conseguir la meta deseada, con un efecto de rostro m\u00e1s descansado, firme y definido, y un efecto tensor inmediato y duradero\u00bb afirma la esteticista.<\/p>\n<p><strong>Precio por sesi\u00f3n:<\/strong> 95\u202f\u20ac<\/p>\n<p><strong>D\u00f3nde:<\/strong> Marquessa Centro de Est\u00e9tica y Belleza en Oviedo y Marquessa Centro M\u00e9dico Est\u00e9tico en Gij\u00f3n<\/p>\n<\/div>\n","protected":false},"featured_media":20450,"template":"","meta":{"_acf_changed":false},"acf":[],"yoast_head":"<!-- This site is optimized with the Yoast SEO plugin v22.7 - https:\/\/yoast.com\/wordpress\/plugins\/seo\/ -->\n<title>Una p\u00e9rdida de peso r\u00e1pida podr\u00eda afectar a la piel del rostro, as\u00ed lo explica la fundadora de los Centros de Est\u00e9tica Marquessa - Blog Club del Emprendimiento<\/title>\n<meta name=\"robots\" content=\"index, follow, max-snippet:-1, max-image-preview:large, max-video-preview:-1\" \/>\n<link rel=\"canonical\" href=\"https:\/\/www.clubdelemprendimiento.com\/blog\/noticia-corporativa\/una-perdida-de-peso-rapida-podria-afectar-a-la-piel-del-rostro-asi-lo-explica-la-fundadora-de-los-centros-de-estetica-marquessa\/\" \/>\n<meta property=\"og:locale\" content=\"es_ES\" \/>\n<meta property=\"og:type\" content=\"article\" \/>\n<meta property=\"og:title\" content=\"Una p\u00e9rdida de peso r\u00e1pida podr\u00eda afectar a la piel del rostro, as\u00ed lo explica la fundadora de los Centros de Est\u00e9tica Marquessa - Blog Club del Emprendimiento\" \/>\n<meta property=\"og:description\" content=\"Esa sensaci\u00f3n de cara vac\u00eda tras adelgazar r\u00e1pidamente es m\u00e1s com\u00fan de lo que&hellip;\" \/>\n<meta property=\"og:url\" content=\"https:\/\/www.clubdelemprendimiento.com\/blog\/noticia-corporativa\/una-perdida-de-peso-rapida-podria-afectar-a-la-piel-del-rostro-asi-lo-explica-la-fundadora-de-los-centros-de-estetica-marquessa\/\" \/>\n<meta property=\"og:site_name\" content=\"Blog Club del Emprendimiento\" \/>\n<meta property=\"og:image\" content=\"https:\/\/www.clubdelemprendimiento.com\/blog\/wp-content\/uploads\/2025\/07\/Skin_Tocuh_Lifting.jpeg\" \/>\n<meta name=\"twitter:card\" content=\"summary_large_image\" \/>\n<meta name=\"twitter:label1\" content=\"Tiempo de lectura\" \/>\n\t<meta name=\"twitter:data1\" content=\"4 minutos\" \/>\n<script type=\"application\/ld+json\" class=\"yoast-schema-graph\">{\"@context\":\"https:\/\/schema.org\",\"@graph\":[{\"@type\":\"WebPage\",\"@id\":\"https:\/\/www.clubdelemprendimiento.com\/blog\/noticia-corporativa\/una-perdida-de-peso-rapida-podria-afectar-a-la-piel-del-rostro-asi-lo-explica-la-fundadora-de-los-centros-de-estetica-marquessa\/\",\"url\":\"https:\/\/www.clubdelemprendimiento.com\/blog\/noticia-corporativa\/una-perdida-de-peso-rapida-podria-afectar-a-la-piel-del-rostro-asi-lo-explica-la-fundadora-de-los-centros-de-estetica-marquessa\/\",\"name\":\"Una p\u00e9rdida de peso r\u00e1pida podr\u00eda afectar a la piel del rostro, as\u00ed lo explica la fundadora de los Centros de Est\u00e9tica Marquessa - Blog Club del Emprendimiento\",\"isPartOf\":{\"@id\":\"https:\/\/www.clubdelemprendimiento.com\/blog\/#website\"},\"primaryImageOfPage\":{\"@id\":\"https:\/\/www.clubdelemprendimiento.com\/blog\/noticia-corporativa\/una-perdida-de-peso-rapida-podria-afectar-a-la-piel-del-rostro-asi-lo-explica-la-fundadora-de-los-centros-de-estetica-marquessa\/#primaryimage\"},\"image\":{\"@id\":\"https:\/\/www.clubdelemprendimiento.com\/blog\/noticia-corporativa\/una-perdida-de-peso-rapida-podria-afectar-a-la-piel-del-rostro-asi-lo-explica-la-fundadora-de-los-centros-de-estetica-marquessa\/#primaryimage\"},\"thumbnailUrl\":\"https:\/\/www.clubdelemprendimiento.com\/blog\/wp-content\/uploads\/2025\/07\/Skin_Tocuh_Lifting.jpeg\",\"datePublished\":\"2025-07-29T13:00:30+00:00\",\"dateModified\":\"2025-07-29T13:00:30+00:00\",\"breadcrumb\":{\"@id\":\"https:\/\/www.clubdelemprendimiento.com\/blog\/noticia-corporativa\/una-perdida-de-peso-rapida-podria-afectar-a-la-piel-del-rostro-asi-lo-explica-la-fundadora-de-los-centros-de-estetica-marquessa\/#breadcrumb\"},\"inLanguage\":\"es\",\"potentialAction\":[{\"@type\":\"ReadAction\",\"target\":[\"https:\/\/www.clubdelemprendimiento.com\/blog\/noticia-corporativa\/una-perdida-de-peso-rapida-podria-afectar-a-la-piel-del-rostro-asi-lo-explica-la-fundadora-de-los-centros-de-estetica-marquessa\/\"]}]},{\"@type\":\"ImageObject\",\"inLanguage\":\"es\",\"@id\":\"https:\/\/www.clubdelemprendimiento.com\/blog\/noticia-corporativa\/una-perdida-de-peso-rapida-podria-afectar-a-la-piel-del-rostro-asi-lo-explica-la-fundadora-de-los-centros-de-estetica-marquessa\/#primaryimage\",\"url\":\"https:\/\/www.clubdelemprendimiento.com\/blog\/wp-content\/uploads\/2025\/07\/Skin_Tocuh_Lifting.jpeg\",\"contentUrl\":\"https:\/\/www.clubdelemprendimiento.com\/blog\/wp-content\/uploads\/2025\/07\/Skin_Tocuh_Lifting.jpeg\",\"width\":1126,\"height\":2000},{\"@type\":\"BreadcrumbList\",\"@id\":\"https:\/\/www.clubdelemprendimiento.com\/blog\/noticia-corporativa\/una-perdida-de-peso-rapida-podria-afectar-a-la-piel-del-rostro-asi-lo-explica-la-fundadora-de-los-centros-de-estetica-marquessa\/#breadcrumb\",\"itemListElement\":[{\"@type\":\"ListItem\",\"position\":1,\"name\":\"Home\",\"item\":\"https:\/\/www.clubdelemprendimiento.com\/blog\/\"},{\"@type\":\"ListItem\",\"position\":2,\"name\":\"Noticias Corporativas\",\"item\":\"https:\/\/www.clubdelemprendimiento.com\/blog\/noticias-corporativas\/\"},{\"@type\":\"ListItem\",\"position\":3,\"name\":\"Una p\u00e9rdida de peso r\u00e1pida podr\u00eda afectar a la piel del rostro, as\u00ed lo explica la fundadora de los Centros de Est\u00e9tica Marquessa\"}]},{\"@type\":\"WebSite\",\"@id\":\"https:\/\/www.clubdelemprendimiento.com\/blog\/#website\",\"url\":\"https:\/\/www.clubdelemprendimiento.com\/blog\/\",\"name\":\"Blog Club del Emprendimiento\",\"description\":\"\",\"potentialAction\":[{\"@type\":\"SearchAction\",\"target\":{\"@type\":\"EntryPoint\",\"urlTemplate\":\"https:\/\/www.clubdelemprendimiento.com\/blog\/?s={search_term_string}\"},\"query-input\":\"required name=search_term_string\"}],\"inLanguage\":\"es\"}]}<\/script>\n<!-- \/ Yoast SEO plugin. -->","yoast_head_json":{"title":"Una p\u00e9rdida de peso r\u00e1pida podr\u00eda afectar a la piel del rostro, as\u00ed lo explica la fundadora de los Centros de Est\u00e9tica Marquessa - Blog Club del Emprendimiento","robots":{"index":"index","follow":"follow","max-snippet":"max-snippet:-1","max-image-preview":"max-image-preview:large","max-video-preview":"max-video-preview:-1"},"canonical":"https:\/\/www.clubdelemprendimiento.com\/blog\/noticia-corporativa\/una-perdida-de-peso-rapida-podria-afectar-a-la-piel-del-rostro-asi-lo-explica-la-fundadora-de-los-centros-de-estetica-marquessa\/","og_locale":"es_ES","og_type":"article","og_title":"Una p\u00e9rdida de peso r\u00e1pida podr\u00eda afectar a la piel del rostro, as\u00ed lo explica la fundadora de los Centros de Est\u00e9tica Marquessa - Blog Club del Emprendimiento","og_description":"Esa sensaci\u00f3n de cara vac\u00eda tras adelgazar r\u00e1pidamente es m\u00e1s com\u00fan de lo que&hellip;","og_url":"https:\/\/www.clubdelemprendimiento.com\/blog\/noticia-corporativa\/una-perdida-de-peso-rapida-podria-afectar-a-la-piel-del-rostro-asi-lo-explica-la-fundadora-de-los-centros-de-estetica-marquessa\/","og_site_name":"Blog Club del Emprendimiento","og_image":[{"url":"https:\/\/www.clubdelemprendimiento.com\/blog\/wp-content\/uploads\/2025\/07\/Skin_Tocuh_Lifting.jpeg"}],"twitter_card":"summary_large_image","twitter_misc":{"Tiempo de lectura":"4 minutos"},"schema":{"@context":"https:\/\/schema.org","@graph":[{"@type":"WebPage","@id":"https:\/\/www.clubdelemprendimiento.com\/blog\/noticia-corporativa\/una-perdida-de-peso-rapida-podria-afectar-a-la-piel-del-rostro-asi-lo-explica-la-fundadora-de-los-centros-de-estetica-marquessa\/","url":"https:\/\/www.clubdelemprendimiento.com\/blog\/noticia-corporativa\/una-perdida-de-peso-rapida-podria-afectar-a-la-piel-del-rostro-asi-lo-explica-la-fundadora-de-los-centros-de-estetica-marquessa\/","name":"Una p\u00e9rdida de peso r\u00e1pida podr\u00eda afectar a la piel del rostro, as\u00ed lo explica la fundadora de los Centros de Est\u00e9tica Marquessa - Blog Club del Emprendimiento","isPartOf":{"@id":"https:\/\/www.clubdelemprendimiento.com\/blog\/#website"},"primaryImageOfPage":{"@id":"https:\/\/www.clubdelemprendimiento.com\/blog\/noticia-corporativa\/una-perdida-de-peso-rapida-podria-afectar-a-la-piel-del-rostro-asi-lo-explica-la-fundadora-de-los-centros-de-estetica-marquessa\/#primaryimage"},"image":{"@id":"https:\/\/www.clubdelemprendimiento.com\/blog\/noticia-corporativa\/una-perdida-de-peso-rapida-podria-afectar-a-la-piel-del-rostro-asi-lo-explica-la-fundadora-de-los-centros-de-estetica-marquessa\/#primaryimage"},"thumbnailUrl":"https:\/\/www.clubdelemprendimiento.com\/blog\/wp-content\/uploads\/2025\/07\/Skin_Tocuh_Lifting.jpeg","datePublished":"2025-07-29T13:00:30+00:00","dateModified":"2025-07-29T13:00:30+00:00","breadcrumb":{"@id":"https:\/\/www.clubdelemprendimiento.com\/blog\/noticia-corporativa\/una-perdida-de-peso-rapida-podria-afectar-a-la-piel-del-rostro-asi-lo-explica-la-fundadora-de-los-centros-de-estetica-marquessa\/#breadcrumb"},"inLanguage":"es","potentialAction":[{"@type":"ReadAction","target":["https:\/\/www.clubdelemprendimiento.com\/blog\/noticia-corporativa\/una-perdida-de-peso-rapida-podria-afectar-a-la-piel-del-rostro-asi-lo-explica-la-fundadora-de-los-centros-de-estetica-marquessa\/"]}]},{"@type":"ImageObject","inLanguage":"es","@id":"https:\/\/www.clubdelemprendimiento.com\/blog\/noticia-corporativa\/una-perdida-de-peso-rapida-podria-afectar-a-la-piel-del-rostro-asi-lo-explica-la-fundadora-de-los-centros-de-estetica-marquessa\/#primaryimage","url":"https:\/\/www.clubdelemprendimiento.com\/blog\/wp-content\/uploads\/2025\/07\/Skin_Tocuh_Lifting.jpeg","contentUrl":"https:\/\/www.clubdelemprendimiento.com\/blog\/wp-content\/uploads\/2025\/07\/Skin_Tocuh_Lifting.jpeg","width":1126,"height":2000},{"@type":"BreadcrumbList","@id":"https:\/\/www.clubdelemprendimiento.com\/blog\/noticia-corporativa\/una-perdida-de-peso-rapida-podria-afectar-a-la-piel-del-rostro-asi-lo-explica-la-fundadora-de-los-centros-de-estetica-marquessa\/#breadcrumb","itemListElement":[{"@type":"ListItem","position":1,"name":"Home","item":"https:\/\/www.clubdelemprendimiento.com\/blog\/"},{"@type":"ListItem","position":2,"name":"Noticias Corporativas","item":"https:\/\/www.clubdelemprendimiento.com\/blog\/noticias-corporativas\/"},{"@type":"ListItem","position":3,"name":"Una p\u00e9rdida de peso r\u00e1pida podr\u00eda afectar a la piel del rostro, as\u00ed lo explica la fundadora de los Centros de Est\u00e9tica Marquessa"}]},{"@type":"WebSite","@id":"https:\/\/www.clubdelemprendimiento.com\/blog\/#website","url":"https:\/\/www.clubdelemprendimiento.com\/blog\/","name":"Blog Club del Emprendimiento","description":"","potentialAction":[{"@type":"SearchAction","target":{"@type":"EntryPoint","urlTemplate":"https:\/\/www.clubdelemprendimiento.com\/blog\/?s={search_term_string}"},"query-input":"required name=search_term_string"}],"inLanguage":"es"}]}},"_links":{"self":[{"href":"https:\/\/www.clubdelemprendimiento.com\/blog\/wp-json\/wp\/v2\/noticia-corporativa\/20449"}],"collection":[{"href":"https:\/\/www.clubdelemprendimiento.com\/blog\/wp-json\/wp\/v2\/noticia-corporativa"}],"about":[{"href":"https:\/\/www.clubdelemprendimiento.com\/blog\/wp-json\/wp\/v2\/types\/noticia-corporativa"}],"wp:featuredmedia":[{"embeddable":true,"href":"https:\/\/www.clubdelemprendimiento.com\/blog\/wp-json\/wp\/v2\/media\/20450"}],"wp:attachment":[{"href":"https:\/\/www.clubdelemprendimiento.com\/blog\/wp-json\/wp\/v2\/media?parent=20449"}],"curies":[{"name":"wp","href":"https:\/\/api.w.org\/{rel}","templated":true}]}}