{"id":20447,"date":"2025-07-29T13:00:30","date_gmt":"2025-07-29T13:00:30","guid":{"rendered":"https:\/\/www.clubdelemprendimiento.com\/blog\/noticia-corporativa\/rotacion-laboral-y-verano-consejos-para-que-el-talento-no-se-esfume-tras-el-verano-segun-gi-group-holding\/"},"modified":"2025-07-29T13:00:30","modified_gmt":"2025-07-29T13:00:30","slug":"rotacion-laboral-y-verano-consejos-para-que-el-talento-no-se-esfume-tras-el-verano-segun-gi-group-holding","status":"publish","type":"noticia-corporativa","link":"https:\/\/www.clubdelemprendimiento.com\/blog\/noticia-corporativa\/rotacion-laboral-y-verano-consejos-para-que-el-talento-no-se-esfume-tras-el-verano-segun-gi-group-holding\/","title":{"rendered":"Rotaci\u00f3n laboral y verano: consejos para que el talento no se esfume tras el verano seg\u00fan Gi Group Holding"},"content":{"rendered":"<div>\n<p><a href=\"https:\/\/www.clubdelemprendimiento.com\/blog\/wp-content\/uploads\/2025\/07\/pexels_pexels-photo-3184357.jpeg\" target=\"_blank\" class=\"fotonota\" rel=\"noopener\"> <img decoding=\"async\" src=\"https:\/\/www.clubdelemprendimiento.com\/blog\/wp-content\/uploads\/2025\/07\/pexels_pexels-photo-3184357.jpeg\" style=\"max-width:600px;\" border=\"0\" class=\"postImage\" alt=\"\"><\/a><\/p>\n<p>Impulsar la desconexi\u00f3n, apostar por la flexibilidad y reforzar prop\u00f3sito y cultura son estrategias clave para las compa\u00f1\u00edas que quieren retener a su equipo despu\u00e9s de la \u00e9poca estival<\/p>\n<p><\/p>\n<p>El verano invita a descansar, pero tambi\u00e9n a reflexionar. M\u00e1s all\u00e1 del descanso, las vacaciones ofrecen a muchos trabajadores una desconexi\u00f3n necesaria para observar con perspectiva su vida profesional. Tanto es as\u00ed que, seg\u00fan datos de Eurostat, Espa\u00f1a lidera la rotaci\u00f3n laboral en Europa, con m\u00e1s del 6\u202f% de los empleados cambiando de puesto cada trimestre.<\/p>\n<p>En este contexto, para las organizaciones, la vuelta del par\u00f3n veraniego es un momento clave para actuar, no solo en t\u00e9rminos operativos, sino tambi\u00e9n emocionales y estrat\u00e9gicos. Por este motivo, <strong>Gi Group Holding<\/strong>, multinacional que ofrece soluciones 360\u00ba de RR.\u00a0HH., ha elaborado una gu\u00eda pr\u00e1ctica con 5 claves para retener el talento tras el verano y fortalecer el compromiso profesional:<\/p>\n<ol>\n<li><strong>Fomenta la desconexi\u00f3n real y respeta el descanso. <\/strong>Una vuelta saludable comienza mucho antes del primer d\u00eda de trabajo. El respeto hacia las vacaciones del equipo es una se\u00f1al inequ\u00edvoca de confianza y madurez organizacional. Evitar correos, llamadas o interrupciones durante los d\u00edas de descanso, transmite un mensaje claro: el bienestar de las personas importa. Esta desconexi\u00f3n reduce el riesgo de agotamiento y fortalece el compromiso emocional con la empresa.<\/li>\n<li><strong>Flexibilidad para facilitar la reincorporaci\u00f3n. <\/strong>El regreso tras unas semanas de pausa puede ser abrumador si no se gestiona bien. Apostar por medidas de flexibilidad como horarios adaptados o modelos h\u00edbridos de trabajo durante las primeras semanas permite a los empleados retomar el ritmo de forma progresiva. Estas iniciativas favorecen el equilibrio entre vida personal y profesional y generan una percepci\u00f3n positiva sobre la cultura interna de la empresa.<\/li>\n<li><strong>Reconocimiento que refuerzan v\u00ednculos.<\/strong> La vuelta al trabajo es un momento ideal para reforzar el v\u00ednculo emocional con los equipos. Poner en valor el esfuerzo realizado durante el primer semestre del a\u00f1o, especialmente por parte de quienes han asumido m\u00e1s carga de trabajo o responsabilidades temporales, es una forma de visibilizar el compromiso individual.<\/li>\n<li><strong>Planificaci\u00f3n acorde a los objetivos.<\/strong> Evitar improvisaciones, cambios de \u00faltima hora o sobrecargas innecesarias es esencial para que los equipos regresen con tranquilidad al puesto de trabajo. Una reincorporaci\u00f3n bien planificada implica revisar prioridades, distribuir tareas con l\u00f3gica y garantizar que los objetivos del nuevo trimestre est\u00e9n alineados.<\/li>\n<li><strong>Prop\u00f3sito y cultura coherente para retener talento.<\/strong> Tras un periodo de pausa, muchas personas vuelven al trabajo con preguntas de fondo: &#8216;\u00bfesto tiene sentido para m\u00ed?&#8217;, &#8216;\u00bfes\u00a0en el lugar adecuado?&#8217;, &#8216;\u00bfcomparto los valores de la empresa?&#8217; Por eso, el regreso tras el periodo estival es un momento clave para reforzar el prop\u00f3sito organizacional, recordar los valores que definen la cultura interna y demostrar, con hechos, que la empresa est\u00e1 alineada con lo que dice. La coherencia y el sentido de pertenencia son dos de los pilares m\u00e1s s\u00f3lidos para evitar la rotaci\u00f3n.<\/li>\n<\/ol>\n<p>\u00abLograr crear un entorno en el que los profesionales se sienten valorados, escuchados y motivados para continuar aportando su mejor versi\u00f3n, reduce la rotaci\u00f3n y fortalece el compromiso a largo plazo. En definitiva, acompa\u00f1ar bien esta etapa clave se traduce en una ventaja competitiva para fidelizar a los mejores profesionales en momentos en los que muchas personas est\u00e1n replante\u00e1ndose su futuro profesional\u00bb indica <strong>Silvia Mart\u00ednez, People &amp; Culture Director en Gi Group Holding.<\/strong><\/p>\n<\/div>\n","protected":false},"featured_media":20448,"template":"","meta":{"_acf_changed":false},"acf":[],"yoast_head":"<!-- This site is optimized with the Yoast SEO plugin v22.7 - https:\/\/yoast.com\/wordpress\/plugins\/seo\/ -->\n<title>Rotaci\u00f3n laboral y verano: consejos para que el talento no se esfume tras el verano seg\u00fan Gi Group Holding - Blog Club del Emprendimiento<\/title>\n<meta name=\"robots\" content=\"index, follow, max-snippet:-1, max-image-preview:large, max-video-preview:-1\" \/>\n<link rel=\"canonical\" href=\"https:\/\/www.clubdelemprendimiento.com\/blog\/noticia-corporativa\/rotacion-laboral-y-verano-consejos-para-que-el-talento-no-se-esfume-tras-el-verano-segun-gi-group-holding\/\" \/>\n<meta property=\"og:locale\" content=\"es_ES\" \/>\n<meta property=\"og:type\" content=\"article\" \/>\n<meta property=\"og:title\" content=\"Rotaci\u00f3n laboral y verano: consejos para que el talento no se esfume tras el verano seg\u00fan Gi Group Holding - Blog Club del Emprendimiento\" \/>\n<meta property=\"og:description\" content=\"Impulsar la desconexi\u00f3n, apostar por la flexibilidad y reforzar prop\u00f3sito y cultura son estrategias&hellip;\" \/>\n<meta property=\"og:url\" content=\"https:\/\/www.clubdelemprendimiento.com\/blog\/noticia-corporativa\/rotacion-laboral-y-verano-consejos-para-que-el-talento-no-se-esfume-tras-el-verano-segun-gi-group-holding\/\" \/>\n<meta property=\"og:site_name\" content=\"Blog Club del Emprendimiento\" \/>\n<meta property=\"og:image\" content=\"https:\/\/www.clubdelemprendimiento.com\/blog\/wp-content\/uploads\/2025\/07\/pexels_pexels-photo-3184357.jpeg\" \/>\n<meta name=\"twitter:card\" content=\"summary_large_image\" \/>\n<meta name=\"twitter:label1\" content=\"Tiempo de lectura\" \/>\n\t<meta name=\"twitter:data1\" content=\"3 minutos\" \/>\n<script type=\"application\/ld+json\" class=\"yoast-schema-graph\">{\"@context\":\"https:\/\/schema.org\",\"@graph\":[{\"@type\":\"WebPage\",\"@id\":\"https:\/\/www.clubdelemprendimiento.com\/blog\/noticia-corporativa\/rotacion-laboral-y-verano-consejos-para-que-el-talento-no-se-esfume-tras-el-verano-segun-gi-group-holding\/\",\"url\":\"https:\/\/www.clubdelemprendimiento.com\/blog\/noticia-corporativa\/rotacion-laboral-y-verano-consejos-para-que-el-talento-no-se-esfume-tras-el-verano-segun-gi-group-holding\/\",\"name\":\"Rotaci\u00f3n laboral y verano: consejos para que el talento no se esfume tras el verano seg\u00fan Gi Group Holding - Blog Club del Emprendimiento\",\"isPartOf\":{\"@id\":\"https:\/\/www.clubdelemprendimiento.com\/blog\/#website\"},\"primaryImageOfPage\":{\"@id\":\"https:\/\/www.clubdelemprendimiento.com\/blog\/noticia-corporativa\/rotacion-laboral-y-verano-consejos-para-que-el-talento-no-se-esfume-tras-el-verano-segun-gi-group-holding\/#primaryimage\"},\"image\":{\"@id\":\"https:\/\/www.clubdelemprendimiento.com\/blog\/noticia-corporativa\/rotacion-laboral-y-verano-consejos-para-que-el-talento-no-se-esfume-tras-el-verano-segun-gi-group-holding\/#primaryimage\"},\"thumbnailUrl\":\"https:\/\/www.clubdelemprendimiento.com\/blog\/wp-content\/uploads\/2025\/07\/pexels_pexels-photo-3184357.jpeg\",\"datePublished\":\"2025-07-29T13:00:30+00:00\",\"dateModified\":\"2025-07-29T13:00:30+00:00\",\"breadcrumb\":{\"@id\":\"https:\/\/www.clubdelemprendimiento.com\/blog\/noticia-corporativa\/rotacion-laboral-y-verano-consejos-para-que-el-talento-no-se-esfume-tras-el-verano-segun-gi-group-holding\/#breadcrumb\"},\"inLanguage\":\"es\",\"potentialAction\":[{\"@type\":\"ReadAction\",\"target\":[\"https:\/\/www.clubdelemprendimiento.com\/blog\/noticia-corporativa\/rotacion-laboral-y-verano-consejos-para-que-el-talento-no-se-esfume-tras-el-verano-segun-gi-group-holding\/\"]}]},{\"@type\":\"ImageObject\",\"inLanguage\":\"es\",\"@id\":\"https:\/\/www.clubdelemprendimiento.com\/blog\/noticia-corporativa\/rotacion-laboral-y-verano-consejos-para-que-el-talento-no-se-esfume-tras-el-verano-segun-gi-group-holding\/#primaryimage\",\"url\":\"https:\/\/www.clubdelemprendimiento.com\/blog\/wp-content\/uploads\/2025\/07\/pexels_pexels-photo-3184357.jpeg\",\"contentUrl\":\"https:\/\/www.clubdelemprendimiento.com\/blog\/wp-content\/uploads\/2025\/07\/pexels_pexels-photo-3184357.jpeg\",\"width\":940,\"height\":627},{\"@type\":\"BreadcrumbList\",\"@id\":\"https:\/\/www.clubdelemprendimiento.com\/blog\/noticia-corporativa\/rotacion-laboral-y-verano-consejos-para-que-el-talento-no-se-esfume-tras-el-verano-segun-gi-group-holding\/#breadcrumb\",\"itemListElement\":[{\"@type\":\"ListItem\",\"position\":1,\"name\":\"Home\",\"item\":\"https:\/\/www.clubdelemprendimiento.com\/blog\/\"},{\"@type\":\"ListItem\",\"position\":2,\"name\":\"Noticias Corporativas\",\"item\":\"https:\/\/www.clubdelemprendimiento.com\/blog\/noticias-corporativas\/\"},{\"@type\":\"ListItem\",\"position\":3,\"name\":\"Rotaci\u00f3n laboral y verano: consejos para que el talento no se esfume tras el verano seg\u00fan Gi Group Holding\"}]},{\"@type\":\"WebSite\",\"@id\":\"https:\/\/www.clubdelemprendimiento.com\/blog\/#website\",\"url\":\"https:\/\/www.clubdelemprendimiento.com\/blog\/\",\"name\":\"Blog Club del Emprendimiento\",\"description\":\"\",\"potentialAction\":[{\"@type\":\"SearchAction\",\"target\":{\"@type\":\"EntryPoint\",\"urlTemplate\":\"https:\/\/www.clubdelemprendimiento.com\/blog\/?s={search_term_string}\"},\"query-input\":\"required name=search_term_string\"}],\"inLanguage\":\"es\"}]}<\/script>\n<!-- \/ Yoast SEO plugin. -->","yoast_head_json":{"title":"Rotaci\u00f3n laboral y verano: consejos para que el talento no se esfume tras el verano seg\u00fan Gi Group Holding - Blog Club del Emprendimiento","robots":{"index":"index","follow":"follow","max-snippet":"max-snippet:-1","max-image-preview":"max-image-preview:large","max-video-preview":"max-video-preview:-1"},"canonical":"https:\/\/www.clubdelemprendimiento.com\/blog\/noticia-corporativa\/rotacion-laboral-y-verano-consejos-para-que-el-talento-no-se-esfume-tras-el-verano-segun-gi-group-holding\/","og_locale":"es_ES","og_type":"article","og_title":"Rotaci\u00f3n laboral y verano: consejos para que el talento no se esfume tras el verano seg\u00fan Gi Group Holding - Blog Club del Emprendimiento","og_description":"Impulsar la desconexi\u00f3n, apostar por la flexibilidad y reforzar prop\u00f3sito y cultura son estrategias&hellip;","og_url":"https:\/\/www.clubdelemprendimiento.com\/blog\/noticia-corporativa\/rotacion-laboral-y-verano-consejos-para-que-el-talento-no-se-esfume-tras-el-verano-segun-gi-group-holding\/","og_site_name":"Blog Club del Emprendimiento","og_image":[{"url":"https:\/\/www.clubdelemprendimiento.com\/blog\/wp-content\/uploads\/2025\/07\/pexels_pexels-photo-3184357.jpeg"}],"twitter_card":"summary_large_image","twitter_misc":{"Tiempo de lectura":"3 minutos"},"schema":{"@context":"https:\/\/schema.org","@graph":[{"@type":"WebPage","@id":"https:\/\/www.clubdelemprendimiento.com\/blog\/noticia-corporativa\/rotacion-laboral-y-verano-consejos-para-que-el-talento-no-se-esfume-tras-el-verano-segun-gi-group-holding\/","url":"https:\/\/www.clubdelemprendimiento.com\/blog\/noticia-corporativa\/rotacion-laboral-y-verano-consejos-para-que-el-talento-no-se-esfume-tras-el-verano-segun-gi-group-holding\/","name":"Rotaci\u00f3n laboral y verano: consejos para que el talento no se esfume tras el verano seg\u00fan Gi Group Holding - Blog Club del Emprendimiento","isPartOf":{"@id":"https:\/\/www.clubdelemprendimiento.com\/blog\/#website"},"primaryImageOfPage":{"@id":"https:\/\/www.clubdelemprendimiento.com\/blog\/noticia-corporativa\/rotacion-laboral-y-verano-consejos-para-que-el-talento-no-se-esfume-tras-el-verano-segun-gi-group-holding\/#primaryimage"},"image":{"@id":"https:\/\/www.clubdelemprendimiento.com\/blog\/noticia-corporativa\/rotacion-laboral-y-verano-consejos-para-que-el-talento-no-se-esfume-tras-el-verano-segun-gi-group-holding\/#primaryimage"},"thumbnailUrl":"https:\/\/www.clubdelemprendimiento.com\/blog\/wp-content\/uploads\/2025\/07\/pexels_pexels-photo-3184357.jpeg","datePublished":"2025-07-29T13:00:30+00:00","dateModified":"2025-07-29T13:00:30+00:00","breadcrumb":{"@id":"https:\/\/www.clubdelemprendimiento.com\/blog\/noticia-corporativa\/rotacion-laboral-y-verano-consejos-para-que-el-talento-no-se-esfume-tras-el-verano-segun-gi-group-holding\/#breadcrumb"},"inLanguage":"es","potentialAction":[{"@type":"ReadAction","target":["https:\/\/www.clubdelemprendimiento.com\/blog\/noticia-corporativa\/rotacion-laboral-y-verano-consejos-para-que-el-talento-no-se-esfume-tras-el-verano-segun-gi-group-holding\/"]}]},{"@type":"ImageObject","inLanguage":"es","@id":"https:\/\/www.clubdelemprendimiento.com\/blog\/noticia-corporativa\/rotacion-laboral-y-verano-consejos-para-que-el-talento-no-se-esfume-tras-el-verano-segun-gi-group-holding\/#primaryimage","url":"https:\/\/www.clubdelemprendimiento.com\/blog\/wp-content\/uploads\/2025\/07\/pexels_pexels-photo-3184357.jpeg","contentUrl":"https:\/\/www.clubdelemprendimiento.com\/blog\/wp-content\/uploads\/2025\/07\/pexels_pexels-photo-3184357.jpeg","width":940,"height":627},{"@type":"BreadcrumbList","@id":"https:\/\/www.clubdelemprendimiento.com\/blog\/noticia-corporativa\/rotacion-laboral-y-verano-consejos-para-que-el-talento-no-se-esfume-tras-el-verano-segun-gi-group-holding\/#breadcrumb","itemListElement":[{"@type":"ListItem","position":1,"name":"Home","item":"https:\/\/www.clubdelemprendimiento.com\/blog\/"},{"@type":"ListItem","position":2,"name":"Noticias Corporativas","item":"https:\/\/www.clubdelemprendimiento.com\/blog\/noticias-corporativas\/"},{"@type":"ListItem","position":3,"name":"Rotaci\u00f3n laboral y verano: consejos para que el talento no se esfume tras el verano seg\u00fan Gi Group Holding"}]},{"@type":"WebSite","@id":"https:\/\/www.clubdelemprendimiento.com\/blog\/#website","url":"https:\/\/www.clubdelemprendimiento.com\/blog\/","name":"Blog Club del Emprendimiento","description":"","potentialAction":[{"@type":"SearchAction","target":{"@type":"EntryPoint","urlTemplate":"https:\/\/www.clubdelemprendimiento.com\/blog\/?s={search_term_string}"},"query-input":"required name=search_term_string"}],"inLanguage":"es"}]}},"_links":{"self":[{"href":"https:\/\/www.clubdelemprendimiento.com\/blog\/wp-json\/wp\/v2\/noticia-corporativa\/20447"}],"collection":[{"href":"https:\/\/www.clubdelemprendimiento.com\/blog\/wp-json\/wp\/v2\/noticia-corporativa"}],"about":[{"href":"https:\/\/www.clubdelemprendimiento.com\/blog\/wp-json\/wp\/v2\/types\/noticia-corporativa"}],"wp:featuredmedia":[{"embeddable":true,"href":"https:\/\/www.clubdelemprendimiento.com\/blog\/wp-json\/wp\/v2\/media\/20448"}],"wp:attachment":[{"href":"https:\/\/www.clubdelemprendimiento.com\/blog\/wp-json\/wp\/v2\/media?parent=20447"}],"curies":[{"name":"wp","href":"https:\/\/api.w.org\/{rel}","templated":true}]}}