{"id":20411,"date":"2025-07-28T12:05:01","date_gmt":"2025-07-28T12:05:01","guid":{"rendered":"https:\/\/www.clubdelemprendimiento.com\/blog\/noticia-corporativa\/las-tiendas-de-coll-fava-y-ribatallada-de-la-teca-sabat-abiertas-de-forma-alterna-durante-el-mes-de-agosto\/"},"modified":"2025-07-28T12:05:01","modified_gmt":"2025-07-28T12:05:01","slug":"las-tiendas-de-coll-fava-y-ribatallada-de-la-teca-sabat-abiertas-de-forma-alterna-durante-el-mes-de-agosto","status":"publish","type":"noticia-corporativa","link":"https:\/\/www.clubdelemprendimiento.com\/blog\/noticia-corporativa\/las-tiendas-de-coll-fava-y-ribatallada-de-la-teca-sabat-abiertas-de-forma-alterna-durante-el-mes-de-agosto\/","title":{"rendered":"Las tiendas de Coll Fav\u00e0 y Ribatallada de la Teca S\u00e0bat, abiertas de forma alterna durante el mes de agosto"},"content":{"rendered":"<div>\n<p><a href=\"https:\/\/www.clubdelemprendimiento.com\/blog\/wp-content\/uploads\/2025\/07\/Captura_de_pantalla_2025-07-28_a_les_103259.png\" target=\"_blank\" class=\"fotonota\" rel=\"noopener\"> <img decoding=\"async\" src=\"https:\/\/www.clubdelemprendimiento.com\/blog\/wp-content\/uploads\/2025\/07\/Captura_de_pantalla_2025-07-28_a_les_103259.png\" style=\"max-width:600px;\" border=\"0\" class=\"postImage\" alt=\"\"><\/a><\/p>\n<p>Durante el mes de agosto, sus dos tiendas &#8211; la de Coll Fav\u00e0 y la de Ribatallada &#8211; abrir\u00e1n de forma alterna para garantizar el descanso del equipo sin dejar de atender a los\u00a0clientes<\/p>\n<p><\/p>\n<p>Con la llegada del mes de agosto, muchas familias aprovechan para descansar, disfrutar del buen tiempo y organizar encuentros en casa. Y si hay algo que no puede faltar en verano, es una buena comida sin complicaciones. Por eso, desde la <strong>Teca S\u00e0bat recuerdan<\/strong>\u00a0que sus\u00a0tiendas de <strong>Sant Cugat del Vall\u00e8s<\/strong> estar\u00e1n abiertas durante todo el verano, aunque con un horario especial durante el mes de agosto.<\/p>\n<p><strong>Conocer los <a href=\"https:\/\/tecasabat.com\/index.php\/es\/\" target=\"_blank\" rel=\"nofollow noopener\">horarios de verano de la Teca S\u00e0bat es clave<\/a><\/strong> para seguir disfrutando de sus men\u00fas, platos preparados y servicio de catering sin imprevistos. A continuaci\u00f3n, explican c\u00f3mo funcionar\u00e1 la apertura de sus\u00a0tiendas durante este mes.<\/p>\n<p>Durante el mes de agosto, sus dos tiendas &#8211; la de <strong>Coll Fav\u00e0<\/strong> y la de <strong>Ribatallada<\/strong> &#8211; abrir\u00e1n de forma alterna para garantizar el descanso del equipo sin dejar de atender a los\u00a0clientes.<\/p>\n<p><strong>Tienda de Coll Fav\u00e0 <\/strong><br \/>\nAbierta desde el <strong>martes 29 de julio hasta el domingo 10 de agosto<\/strong> con el horario habitual.<\/p>\n<p><strong>Horario tienda Coll Fav\u00e0<\/strong>:<\/p>\n<ul>\n<li>Martes y mi\u00e9rcoles: de 9:30h a 15:00h<\/li>\n<li>Jueves y viernes: de 9:30h a 15:00h y de 18:00h a 20:00h<\/li>\n<li>S\u00e1bados y domingos: de 9:30h a 15:00h<\/li>\n<\/ul>\n<p><strong>Tienda de Ribatallada <\/strong><br \/>\nAbierta a partir del<strong>\u00a013 de agosto hasta el martes 26 de agosto<\/strong>.<\/p>\n<p><strong>Horario tienda Ribatallada<\/strong>:<\/p>\n<ul>\n<li>Martes y mi\u00e9rcoles: de 9:30h a 15:00h<\/li>\n<li>Jueves y viernes: de 9:30h a 15:00h y de 18:00h a 20:00h<\/li>\n<li>S\u00e1bados y domingos: de 9:30h a 15:00h<\/li>\n<\/ul>\n<p><strong>D\u00edas 11 y 12 de agosto<\/strong>:<br \/>\nAmbas tiendas permanecer\u00e1n cerradas por descanso del personal.<\/p>\n<p><strong>A partir del\u00a027 de agosto<\/strong>:<br \/>\nLas dos tiendas retomar\u00e1n su actividad con normalidad. Esta planificaci\u00f3n les permite seguir ofreciendo su\u00a0servicio con la calidad de siempre, al mismo tiempo que cuidan del bienestar de su\u00a0equipo.<\/p>\n<p><strong>Realizar\u00a0pedidos dentro del horario establecido<\/strong><br \/>\nTeca S\u00e0bat recuerda a todos sus\u00a0clientes que pueden hacer sus pedidos dentro de los horarios establecidos de cada tienda. Esta informaci\u00f3n es especialmente \u00fatil para quienes deseen encargar men\u00fas semanales, platos especiales o catering para celebraciones veraniegas.<\/p>\n<p>En la p\u00e1gina web de la <strong>Teca S\u00e0bat<\/strong> se pueden consultar las cartas actualizadas y todas las opciones disponibles seg\u00fan la temporada. Recordar que en las tiendas se encontrar\u00e1n platos elaborados cada d\u00eda, con ingredientes frescos, de proximidad y con el sabor de siempre.<\/p>\n<p><strong>Un verano con sabor y sin complicaciones<\/strong><br \/>\nEn la <strong>Teca S\u00e0bat<\/strong> trabajan\u00a0para que se siga comiendo bien y con comodidad, incluso durante las vacaciones de agosto. Gracias al\u00a0servicio, no hace falta que los clientes enciendan los fogones: el equipo de Teca S\u00e0bat\u00a0<strong>cocina para todos sus clientes, para que disfruten del verano con quienes m\u00e1s quieren<\/strong>.<\/p>\n<\/div>\n","protected":false},"featured_media":20412,"template":"","meta":{"_acf_changed":false},"acf":[],"yoast_head":"<!-- This site is optimized with the Yoast SEO plugin v22.7 - https:\/\/yoast.com\/wordpress\/plugins\/seo\/ -->\n<title>Las tiendas de Coll Fav\u00e0 y Ribatallada de la Teca S\u00e0bat, abiertas de forma alterna durante el mes de agosto - Blog Club del Emprendimiento<\/title>\n<meta name=\"robots\" content=\"index, follow, max-snippet:-1, max-image-preview:large, max-video-preview:-1\" \/>\n<link rel=\"canonical\" href=\"https:\/\/www.clubdelemprendimiento.com\/blog\/noticia-corporativa\/las-tiendas-de-coll-fava-y-ribatallada-de-la-teca-sabat-abiertas-de-forma-alterna-durante-el-mes-de-agosto\/\" \/>\n<meta property=\"og:locale\" content=\"es_ES\" \/>\n<meta property=\"og:type\" content=\"article\" \/>\n<meta property=\"og:title\" content=\"Las tiendas de Coll Fav\u00e0 y Ribatallada de la Teca S\u00e0bat, abiertas de forma alterna durante el mes de agosto - Blog Club del Emprendimiento\" \/>\n<meta property=\"og:description\" content=\"Durante el mes de agosto, sus dos tiendas &#8211; la de Coll Fav\u00e0 y&hellip;\" \/>\n<meta property=\"og:url\" content=\"https:\/\/www.clubdelemprendimiento.com\/blog\/noticia-corporativa\/las-tiendas-de-coll-fava-y-ribatallada-de-la-teca-sabat-abiertas-de-forma-alterna-durante-el-mes-de-agosto\/\" \/>\n<meta property=\"og:site_name\" content=\"Blog Club del Emprendimiento\" \/>\n<meta property=\"og:image\" content=\"https:\/\/www.clubdelemprendimiento.com\/blog\/wp-content\/uploads\/2025\/07\/Captura_de_pantalla_2025-07-28_a_les_103259.png\" \/>\n<meta name=\"twitter:card\" content=\"summary_large_image\" \/>\n<meta name=\"twitter:label1\" content=\"Tiempo de lectura\" \/>\n\t<meta name=\"twitter:data1\" content=\"2 minutos\" \/>\n<script type=\"application\/ld+json\" class=\"yoast-schema-graph\">{\"@context\":\"https:\/\/schema.org\",\"@graph\":[{\"@type\":\"WebPage\",\"@id\":\"https:\/\/www.clubdelemprendimiento.com\/blog\/noticia-corporativa\/las-tiendas-de-coll-fava-y-ribatallada-de-la-teca-sabat-abiertas-de-forma-alterna-durante-el-mes-de-agosto\/\",\"url\":\"https:\/\/www.clubdelemprendimiento.com\/blog\/noticia-corporativa\/las-tiendas-de-coll-fava-y-ribatallada-de-la-teca-sabat-abiertas-de-forma-alterna-durante-el-mes-de-agosto\/\",\"name\":\"Las tiendas de Coll Fav\u00e0 y Ribatallada de la Teca S\u00e0bat, abiertas de forma alterna durante el mes de agosto - Blog Club del Emprendimiento\",\"isPartOf\":{\"@id\":\"https:\/\/www.clubdelemprendimiento.com\/blog\/#website\"},\"primaryImageOfPage\":{\"@id\":\"https:\/\/www.clubdelemprendimiento.com\/blog\/noticia-corporativa\/las-tiendas-de-coll-fava-y-ribatallada-de-la-teca-sabat-abiertas-de-forma-alterna-durante-el-mes-de-agosto\/#primaryimage\"},\"image\":{\"@id\":\"https:\/\/www.clubdelemprendimiento.com\/blog\/noticia-corporativa\/las-tiendas-de-coll-fava-y-ribatallada-de-la-teca-sabat-abiertas-de-forma-alterna-durante-el-mes-de-agosto\/#primaryimage\"},\"thumbnailUrl\":\"https:\/\/www.clubdelemprendimiento.com\/blog\/wp-content\/uploads\/2025\/07\/Captura_de_pantalla_2025-07-28_a_les_103259.png\",\"datePublished\":\"2025-07-28T12:05:01+00:00\",\"dateModified\":\"2025-07-28T12:05:01+00:00\",\"breadcrumb\":{\"@id\":\"https:\/\/www.clubdelemprendimiento.com\/blog\/noticia-corporativa\/las-tiendas-de-coll-fava-y-ribatallada-de-la-teca-sabat-abiertas-de-forma-alterna-durante-el-mes-de-agosto\/#breadcrumb\"},\"inLanguage\":\"es\",\"potentialAction\":[{\"@type\":\"ReadAction\",\"target\":[\"https:\/\/www.clubdelemprendimiento.com\/blog\/noticia-corporativa\/las-tiendas-de-coll-fava-y-ribatallada-de-la-teca-sabat-abiertas-de-forma-alterna-durante-el-mes-de-agosto\/\"]}]},{\"@type\":\"ImageObject\",\"inLanguage\":\"es\",\"@id\":\"https:\/\/www.clubdelemprendimiento.com\/blog\/noticia-corporativa\/las-tiendas-de-coll-fava-y-ribatallada-de-la-teca-sabat-abiertas-de-forma-alterna-durante-el-mes-de-agosto\/#primaryimage\",\"url\":\"https:\/\/www.clubdelemprendimiento.com\/blog\/wp-content\/uploads\/2025\/07\/Captura_de_pantalla_2025-07-28_a_les_103259.png\",\"contentUrl\":\"https:\/\/www.clubdelemprendimiento.com\/blog\/wp-content\/uploads\/2025\/07\/Captura_de_pantalla_2025-07-28_a_les_103259.png\",\"width\":2464,\"height\":1030},{\"@type\":\"BreadcrumbList\",\"@id\":\"https:\/\/www.clubdelemprendimiento.com\/blog\/noticia-corporativa\/las-tiendas-de-coll-fava-y-ribatallada-de-la-teca-sabat-abiertas-de-forma-alterna-durante-el-mes-de-agosto\/#breadcrumb\",\"itemListElement\":[{\"@type\":\"ListItem\",\"position\":1,\"name\":\"Home\",\"item\":\"https:\/\/www.clubdelemprendimiento.com\/blog\/\"},{\"@type\":\"ListItem\",\"position\":2,\"name\":\"Noticias Corporativas\",\"item\":\"https:\/\/www.clubdelemprendimiento.com\/blog\/noticias-corporativas\/\"},{\"@type\":\"ListItem\",\"position\":3,\"name\":\"Las tiendas de Coll Fav\u00e0 y Ribatallada de la Teca S\u00e0bat, abiertas de forma alterna durante el mes de agosto\"}]},{\"@type\":\"WebSite\",\"@id\":\"https:\/\/www.clubdelemprendimiento.com\/blog\/#website\",\"url\":\"https:\/\/www.clubdelemprendimiento.com\/blog\/\",\"name\":\"Blog Club del Emprendimiento\",\"description\":\"\",\"potentialAction\":[{\"@type\":\"SearchAction\",\"target\":{\"@type\":\"EntryPoint\",\"urlTemplate\":\"https:\/\/www.clubdelemprendimiento.com\/blog\/?s={search_term_string}\"},\"query-input\":\"required name=search_term_string\"}],\"inLanguage\":\"es\"}]}<\/script>\n<!-- \/ Yoast SEO plugin. -->","yoast_head_json":{"title":"Las tiendas de Coll Fav\u00e0 y Ribatallada de la Teca S\u00e0bat, abiertas de forma alterna durante el mes de agosto - Blog Club del Emprendimiento","robots":{"index":"index","follow":"follow","max-snippet":"max-snippet:-1","max-image-preview":"max-image-preview:large","max-video-preview":"max-video-preview:-1"},"canonical":"https:\/\/www.clubdelemprendimiento.com\/blog\/noticia-corporativa\/las-tiendas-de-coll-fava-y-ribatallada-de-la-teca-sabat-abiertas-de-forma-alterna-durante-el-mes-de-agosto\/","og_locale":"es_ES","og_type":"article","og_title":"Las tiendas de Coll Fav\u00e0 y Ribatallada de la Teca S\u00e0bat, abiertas de forma alterna durante el mes de agosto - Blog Club del Emprendimiento","og_description":"Durante el mes de agosto, sus dos tiendas &#8211; la de Coll Fav\u00e0 y&hellip;","og_url":"https:\/\/www.clubdelemprendimiento.com\/blog\/noticia-corporativa\/las-tiendas-de-coll-fava-y-ribatallada-de-la-teca-sabat-abiertas-de-forma-alterna-durante-el-mes-de-agosto\/","og_site_name":"Blog Club del Emprendimiento","og_image":[{"url":"https:\/\/www.clubdelemprendimiento.com\/blog\/wp-content\/uploads\/2025\/07\/Captura_de_pantalla_2025-07-28_a_les_103259.png"}],"twitter_card":"summary_large_image","twitter_misc":{"Tiempo de lectura":"2 minutos"},"schema":{"@context":"https:\/\/schema.org","@graph":[{"@type":"WebPage","@id":"https:\/\/www.clubdelemprendimiento.com\/blog\/noticia-corporativa\/las-tiendas-de-coll-fava-y-ribatallada-de-la-teca-sabat-abiertas-de-forma-alterna-durante-el-mes-de-agosto\/","url":"https:\/\/www.clubdelemprendimiento.com\/blog\/noticia-corporativa\/las-tiendas-de-coll-fava-y-ribatallada-de-la-teca-sabat-abiertas-de-forma-alterna-durante-el-mes-de-agosto\/","name":"Las tiendas de Coll Fav\u00e0 y Ribatallada de la Teca S\u00e0bat, abiertas de forma alterna durante el mes de agosto - Blog Club del Emprendimiento","isPartOf":{"@id":"https:\/\/www.clubdelemprendimiento.com\/blog\/#website"},"primaryImageOfPage":{"@id":"https:\/\/www.clubdelemprendimiento.com\/blog\/noticia-corporativa\/las-tiendas-de-coll-fava-y-ribatallada-de-la-teca-sabat-abiertas-de-forma-alterna-durante-el-mes-de-agosto\/#primaryimage"},"image":{"@id":"https:\/\/www.clubdelemprendimiento.com\/blog\/noticia-corporativa\/las-tiendas-de-coll-fava-y-ribatallada-de-la-teca-sabat-abiertas-de-forma-alterna-durante-el-mes-de-agosto\/#primaryimage"},"thumbnailUrl":"https:\/\/www.clubdelemprendimiento.com\/blog\/wp-content\/uploads\/2025\/07\/Captura_de_pantalla_2025-07-28_a_les_103259.png","datePublished":"2025-07-28T12:05:01+00:00","dateModified":"2025-07-28T12:05:01+00:00","breadcrumb":{"@id":"https:\/\/www.clubdelemprendimiento.com\/blog\/noticia-corporativa\/las-tiendas-de-coll-fava-y-ribatallada-de-la-teca-sabat-abiertas-de-forma-alterna-durante-el-mes-de-agosto\/#breadcrumb"},"inLanguage":"es","potentialAction":[{"@type":"ReadAction","target":["https:\/\/www.clubdelemprendimiento.com\/blog\/noticia-corporativa\/las-tiendas-de-coll-fava-y-ribatallada-de-la-teca-sabat-abiertas-de-forma-alterna-durante-el-mes-de-agosto\/"]}]},{"@type":"ImageObject","inLanguage":"es","@id":"https:\/\/www.clubdelemprendimiento.com\/blog\/noticia-corporativa\/las-tiendas-de-coll-fava-y-ribatallada-de-la-teca-sabat-abiertas-de-forma-alterna-durante-el-mes-de-agosto\/#primaryimage","url":"https:\/\/www.clubdelemprendimiento.com\/blog\/wp-content\/uploads\/2025\/07\/Captura_de_pantalla_2025-07-28_a_les_103259.png","contentUrl":"https:\/\/www.clubdelemprendimiento.com\/blog\/wp-content\/uploads\/2025\/07\/Captura_de_pantalla_2025-07-28_a_les_103259.png","width":2464,"height":1030},{"@type":"BreadcrumbList","@id":"https:\/\/www.clubdelemprendimiento.com\/blog\/noticia-corporativa\/las-tiendas-de-coll-fava-y-ribatallada-de-la-teca-sabat-abiertas-de-forma-alterna-durante-el-mes-de-agosto\/#breadcrumb","itemListElement":[{"@type":"ListItem","position":1,"name":"Home","item":"https:\/\/www.clubdelemprendimiento.com\/blog\/"},{"@type":"ListItem","position":2,"name":"Noticias Corporativas","item":"https:\/\/www.clubdelemprendimiento.com\/blog\/noticias-corporativas\/"},{"@type":"ListItem","position":3,"name":"Las tiendas de Coll Fav\u00e0 y Ribatallada de la Teca S\u00e0bat, abiertas de forma alterna durante el mes de agosto"}]},{"@type":"WebSite","@id":"https:\/\/www.clubdelemprendimiento.com\/blog\/#website","url":"https:\/\/www.clubdelemprendimiento.com\/blog\/","name":"Blog Club del Emprendimiento","description":"","potentialAction":[{"@type":"SearchAction","target":{"@type":"EntryPoint","urlTemplate":"https:\/\/www.clubdelemprendimiento.com\/blog\/?s={search_term_string}"},"query-input":"required name=search_term_string"}],"inLanguage":"es"}]}},"_links":{"self":[{"href":"https:\/\/www.clubdelemprendimiento.com\/blog\/wp-json\/wp\/v2\/noticia-corporativa\/20411"}],"collection":[{"href":"https:\/\/www.clubdelemprendimiento.com\/blog\/wp-json\/wp\/v2\/noticia-corporativa"}],"about":[{"href":"https:\/\/www.clubdelemprendimiento.com\/blog\/wp-json\/wp\/v2\/types\/noticia-corporativa"}],"wp:featuredmedia":[{"embeddable":true,"href":"https:\/\/www.clubdelemprendimiento.com\/blog\/wp-json\/wp\/v2\/media\/20412"}],"wp:attachment":[{"href":"https:\/\/www.clubdelemprendimiento.com\/blog\/wp-json\/wp\/v2\/media?parent=20411"}],"curies":[{"name":"wp","href":"https:\/\/api.w.org\/{rel}","templated":true}]}}