{"id":20409,"date":"2025-07-28T11:04:53","date_gmt":"2025-07-28T11:04:53","guid":{"rendered":"https:\/\/www.clubdelemprendimiento.com\/blog\/noticia-corporativa\/verano-en-wow-porto-el-distrito-cultural-de-gaia-ofrece-una-gran-programacion-de-eventos-veraniegos\/"},"modified":"2025-07-28T11:04:53","modified_gmt":"2025-07-28T11:04:53","slug":"verano-en-wow-porto-el-distrito-cultural-de-gaia-ofrece-una-gran-programacion-de-eventos-veraniegos","status":"publish","type":"noticia-corporativa","link":"https:\/\/www.clubdelemprendimiento.com\/blog\/noticia-corporativa\/verano-en-wow-porto-el-distrito-cultural-de-gaia-ofrece-una-gran-programacion-de-eventos-veraniegos\/","title":{"rendered":"Verano en WOW Porto: el distrito cultural de Gaia ofrece una gran programaci\u00f3n de eventos veraniegos"},"content":{"rendered":"<div>\n<p><a href=\"https:\/\/www.clubdelemprendimiento.com\/blog\/wp-content\/uploads\/2025\/07\/Captura_de_pantalla_2025-07-24_100607.jpg\" target=\"_blank\" class=\"fotonota\" rel=\"noopener\"> <img decoding=\"async\" src=\"https:\/\/www.clubdelemprendimiento.com\/blog\/wp-content\/uploads\/2025\/07\/Captura_de_pantalla_2025-07-24_100607.jpg\" style=\"max-width:600px;\" border=\"0\" class=\"postImage\" alt=\"\"><\/a><\/p>\n<p>En agosto, WOW Porto invita a quienes visitan la ciudad a vivir el verano a lo grande: con atardeceres al aire libre, festivales de sabores portugueses, noches de fado y m\u00fasica en vivo, todo en un solo barrio cultural en Vila Nova de Gaia<\/p>\n<p><\/p>\n<p>Hay una energ\u00eda ligera en el aire, un sonido que acompa\u00f1a las tardes y una invitaci\u00f3n abierta a todos los que, en pleno verano, deciden visitar Oporto. En agosto, el <strong>WOW<\/strong>, barrio cultural de Vila Nova de Gaia, se transforma en una celebraci\u00f3n al aire libre, donde la m\u00fasica, la gastronom\u00eda y la cultura se encuentran en armon\u00eda con el atardecer y el ritmo relajado del verano.<\/p>\n<p>Los Sunsets llegan a la Plaza para marcar el ritmo de dos tardes de fiesta. El 15 y 24 de agosto, entre las 15\u202fh y las 22\u202fh, los <strong>DJs Henri Josh, Artur y Tiago Afonso<\/strong>, acompa\u00f1ados por los <strong>MCs Cesariny y Henrique Mano<\/strong>, prometen animaci\u00f3n continua en un espacio id\u00edlico, de entrada libre, donde se baila con un vaso en la mano y la vista puesta en el cielo de la ciudad invicta.<\/p>\n<p>Adem\u00e1s, los Sunsets en el VP seguir\u00e1n embelleciendo las tardes finales en WOW Porto. Los d\u00edas 23, 30 y 31 de agosto habr\u00e1 m\u00fasica, c\u00f3cteles y una vista inigualable sobre el Duero y la ciudad.<\/p>\n<p>La gastronom\u00eda tambi\u00e9n forma parte importante de la programaci\u00f3n de este verano con el regreso de los festivales gastron\u00f3micos en WOW porto. Despu\u00e9s del \u00e9xito del <strong>Festival de la Francesinha<\/strong>, llega esta vez el <strong>Festival de las Tasquinhas<\/strong>, el 2 y 3 de agosto. Es tiempo de tapas, de vino servido fresco y de la alegr\u00eda genuina de los encuentros alrededor de la mesa. Dos semanas despu\u00e9s, el 16 y 17 de agosto, el <strong>Festival del Fumeiro<\/strong> trae a la luz los intensos aromas de la tradici\u00f3n, con embutidos, carnes ahumadas y otras delicias que calientan el paladar y el est\u00f3mago. Todo esto ser\u00e1 acompa\u00f1ado con m\u00fasica tradicional portuguesa.<\/p>\n<p>Agosto tambi\u00e9n es tiempo de fado. Los d\u00edas 22 y 29, las noches se tornan m\u00e1s \u00edntimas con el <strong>Fado Show &amp; Dinner<\/strong>, un espect\u00e1culo con cena enogastron\u00f3mica incluida, donde la canci\u00f3n portuguesa resuena entre copas de vino y silencios emocionados. El concierto y la cena tienen un coste de 55\u202f\u20ac por persona.<\/p>\n<p>Y como la m\u00fasica no para, el bar Angel\u2019s Share acoge, todos los viernes y s\u00e1bados, conciertos en vivo con artistas de diferentes estilos. El mes de agosto empieza con buen pie con nombres internacionales: el d\u00eda 1, el caboverdiano Hilar trae morna y coladeira al barrio cultural, y el d\u00eda 2 el angole\u00f1o Klaudio Hoshai. Los fines de semana siguientes, cada noche es un descubrimiento y hay mucho que celebrar al son de, por ejemplo, Rui David (m\u00fasica portuguesa) o Azula Queen (blues). La entrada es libre.<\/p>\n<\/div>\n","protected":false},"featured_media":20410,"template":"","meta":{"_acf_changed":false},"acf":[],"yoast_head":"<!-- This site is optimized with the Yoast SEO plugin v22.7 - https:\/\/yoast.com\/wordpress\/plugins\/seo\/ -->\n<title>Verano en WOW Porto: el distrito cultural de Gaia ofrece una gran programaci\u00f3n de eventos veraniegos - Blog Club del Emprendimiento<\/title>\n<meta name=\"robots\" content=\"index, follow, max-snippet:-1, max-image-preview:large, max-video-preview:-1\" \/>\n<link rel=\"canonical\" href=\"https:\/\/www.clubdelemprendimiento.com\/blog\/noticia-corporativa\/verano-en-wow-porto-el-distrito-cultural-de-gaia-ofrece-una-gran-programacion-de-eventos-veraniegos\/\" \/>\n<meta property=\"og:locale\" content=\"es_ES\" \/>\n<meta property=\"og:type\" content=\"article\" \/>\n<meta property=\"og:title\" content=\"Verano en WOW Porto: el distrito cultural de Gaia ofrece una gran programaci\u00f3n de eventos veraniegos - Blog Club del Emprendimiento\" \/>\n<meta property=\"og:description\" content=\"En agosto, WOW Porto invita a quienes visitan la ciudad a vivir el verano&hellip;\" \/>\n<meta property=\"og:url\" content=\"https:\/\/www.clubdelemprendimiento.com\/blog\/noticia-corporativa\/verano-en-wow-porto-el-distrito-cultural-de-gaia-ofrece-una-gran-programacion-de-eventos-veraniegos\/\" \/>\n<meta property=\"og:site_name\" content=\"Blog Club del Emprendimiento\" \/>\n<meta property=\"og:image\" content=\"https:\/\/www.clubdelemprendimiento.com\/blog\/wp-content\/uploads\/2025\/07\/Captura_de_pantalla_2025-07-24_100607.jpg\" \/>\n<meta name=\"twitter:card\" content=\"summary_large_image\" \/>\n<meta name=\"twitter:label1\" content=\"Tiempo de lectura\" \/>\n\t<meta name=\"twitter:data1\" content=\"2 minutos\" \/>\n<script type=\"application\/ld+json\" class=\"yoast-schema-graph\">{\"@context\":\"https:\/\/schema.org\",\"@graph\":[{\"@type\":\"WebPage\",\"@id\":\"https:\/\/www.clubdelemprendimiento.com\/blog\/noticia-corporativa\/verano-en-wow-porto-el-distrito-cultural-de-gaia-ofrece-una-gran-programacion-de-eventos-veraniegos\/\",\"url\":\"https:\/\/www.clubdelemprendimiento.com\/blog\/noticia-corporativa\/verano-en-wow-porto-el-distrito-cultural-de-gaia-ofrece-una-gran-programacion-de-eventos-veraniegos\/\",\"name\":\"Verano en WOW Porto: el distrito cultural de Gaia ofrece una gran programaci\u00f3n de eventos veraniegos - Blog Club del Emprendimiento\",\"isPartOf\":{\"@id\":\"https:\/\/www.clubdelemprendimiento.com\/blog\/#website\"},\"primaryImageOfPage\":{\"@id\":\"https:\/\/www.clubdelemprendimiento.com\/blog\/noticia-corporativa\/verano-en-wow-porto-el-distrito-cultural-de-gaia-ofrece-una-gran-programacion-de-eventos-veraniegos\/#primaryimage\"},\"image\":{\"@id\":\"https:\/\/www.clubdelemprendimiento.com\/blog\/noticia-corporativa\/verano-en-wow-porto-el-distrito-cultural-de-gaia-ofrece-una-gran-programacion-de-eventos-veraniegos\/#primaryimage\"},\"thumbnailUrl\":\"https:\/\/www.clubdelemprendimiento.com\/blog\/wp-content\/uploads\/2025\/07\/Captura_de_pantalla_2025-07-24_100607.jpg\",\"datePublished\":\"2025-07-28T11:04:53+00:00\",\"dateModified\":\"2025-07-28T11:04:53+00:00\",\"breadcrumb\":{\"@id\":\"https:\/\/www.clubdelemprendimiento.com\/blog\/noticia-corporativa\/verano-en-wow-porto-el-distrito-cultural-de-gaia-ofrece-una-gran-programacion-de-eventos-veraniegos\/#breadcrumb\"},\"inLanguage\":\"es\",\"potentialAction\":[{\"@type\":\"ReadAction\",\"target\":[\"https:\/\/www.clubdelemprendimiento.com\/blog\/noticia-corporativa\/verano-en-wow-porto-el-distrito-cultural-de-gaia-ofrece-una-gran-programacion-de-eventos-veraniegos\/\"]}]},{\"@type\":\"ImageObject\",\"inLanguage\":\"es\",\"@id\":\"https:\/\/www.clubdelemprendimiento.com\/blog\/noticia-corporativa\/verano-en-wow-porto-el-distrito-cultural-de-gaia-ofrece-una-gran-programacion-de-eventos-veraniegos\/#primaryimage\",\"url\":\"https:\/\/www.clubdelemprendimiento.com\/blog\/wp-content\/uploads\/2025\/07\/Captura_de_pantalla_2025-07-24_100607.jpg\",\"contentUrl\":\"https:\/\/www.clubdelemprendimiento.com\/blog\/wp-content\/uploads\/2025\/07\/Captura_de_pantalla_2025-07-24_100607.jpg\",\"width\":907,\"height\":592},{\"@type\":\"BreadcrumbList\",\"@id\":\"https:\/\/www.clubdelemprendimiento.com\/blog\/noticia-corporativa\/verano-en-wow-porto-el-distrito-cultural-de-gaia-ofrece-una-gran-programacion-de-eventos-veraniegos\/#breadcrumb\",\"itemListElement\":[{\"@type\":\"ListItem\",\"position\":1,\"name\":\"Home\",\"item\":\"https:\/\/www.clubdelemprendimiento.com\/blog\/\"},{\"@type\":\"ListItem\",\"position\":2,\"name\":\"Noticias Corporativas\",\"item\":\"https:\/\/www.clubdelemprendimiento.com\/blog\/noticias-corporativas\/\"},{\"@type\":\"ListItem\",\"position\":3,\"name\":\"Verano en WOW Porto: el distrito cultural de Gaia ofrece una gran programaci\u00f3n de eventos veraniegos\"}]},{\"@type\":\"WebSite\",\"@id\":\"https:\/\/www.clubdelemprendimiento.com\/blog\/#website\",\"url\":\"https:\/\/www.clubdelemprendimiento.com\/blog\/\",\"name\":\"Blog Club del Emprendimiento\",\"description\":\"\",\"potentialAction\":[{\"@type\":\"SearchAction\",\"target\":{\"@type\":\"EntryPoint\",\"urlTemplate\":\"https:\/\/www.clubdelemprendimiento.com\/blog\/?s={search_term_string}\"},\"query-input\":\"required name=search_term_string\"}],\"inLanguage\":\"es\"}]}<\/script>\n<!-- \/ Yoast SEO plugin. -->","yoast_head_json":{"title":"Verano en WOW Porto: el distrito cultural de Gaia ofrece una gran programaci\u00f3n de eventos veraniegos - Blog Club del Emprendimiento","robots":{"index":"index","follow":"follow","max-snippet":"max-snippet:-1","max-image-preview":"max-image-preview:large","max-video-preview":"max-video-preview:-1"},"canonical":"https:\/\/www.clubdelemprendimiento.com\/blog\/noticia-corporativa\/verano-en-wow-porto-el-distrito-cultural-de-gaia-ofrece-una-gran-programacion-de-eventos-veraniegos\/","og_locale":"es_ES","og_type":"article","og_title":"Verano en WOW Porto: el distrito cultural de Gaia ofrece una gran programaci\u00f3n de eventos veraniegos - Blog Club del Emprendimiento","og_description":"En agosto, WOW Porto invita a quienes visitan la ciudad a vivir el verano&hellip;","og_url":"https:\/\/www.clubdelemprendimiento.com\/blog\/noticia-corporativa\/verano-en-wow-porto-el-distrito-cultural-de-gaia-ofrece-una-gran-programacion-de-eventos-veraniegos\/","og_site_name":"Blog Club del Emprendimiento","og_image":[{"url":"https:\/\/www.clubdelemprendimiento.com\/blog\/wp-content\/uploads\/2025\/07\/Captura_de_pantalla_2025-07-24_100607.jpg"}],"twitter_card":"summary_large_image","twitter_misc":{"Tiempo de lectura":"2 minutos"},"schema":{"@context":"https:\/\/schema.org","@graph":[{"@type":"WebPage","@id":"https:\/\/www.clubdelemprendimiento.com\/blog\/noticia-corporativa\/verano-en-wow-porto-el-distrito-cultural-de-gaia-ofrece-una-gran-programacion-de-eventos-veraniegos\/","url":"https:\/\/www.clubdelemprendimiento.com\/blog\/noticia-corporativa\/verano-en-wow-porto-el-distrito-cultural-de-gaia-ofrece-una-gran-programacion-de-eventos-veraniegos\/","name":"Verano en WOW Porto: el distrito cultural de Gaia ofrece una gran programaci\u00f3n de eventos veraniegos - Blog Club del Emprendimiento","isPartOf":{"@id":"https:\/\/www.clubdelemprendimiento.com\/blog\/#website"},"primaryImageOfPage":{"@id":"https:\/\/www.clubdelemprendimiento.com\/blog\/noticia-corporativa\/verano-en-wow-porto-el-distrito-cultural-de-gaia-ofrece-una-gran-programacion-de-eventos-veraniegos\/#primaryimage"},"image":{"@id":"https:\/\/www.clubdelemprendimiento.com\/blog\/noticia-corporativa\/verano-en-wow-porto-el-distrito-cultural-de-gaia-ofrece-una-gran-programacion-de-eventos-veraniegos\/#primaryimage"},"thumbnailUrl":"https:\/\/www.clubdelemprendimiento.com\/blog\/wp-content\/uploads\/2025\/07\/Captura_de_pantalla_2025-07-24_100607.jpg","datePublished":"2025-07-28T11:04:53+00:00","dateModified":"2025-07-28T11:04:53+00:00","breadcrumb":{"@id":"https:\/\/www.clubdelemprendimiento.com\/blog\/noticia-corporativa\/verano-en-wow-porto-el-distrito-cultural-de-gaia-ofrece-una-gran-programacion-de-eventos-veraniegos\/#breadcrumb"},"inLanguage":"es","potentialAction":[{"@type":"ReadAction","target":["https:\/\/www.clubdelemprendimiento.com\/blog\/noticia-corporativa\/verano-en-wow-porto-el-distrito-cultural-de-gaia-ofrece-una-gran-programacion-de-eventos-veraniegos\/"]}]},{"@type":"ImageObject","inLanguage":"es","@id":"https:\/\/www.clubdelemprendimiento.com\/blog\/noticia-corporativa\/verano-en-wow-porto-el-distrito-cultural-de-gaia-ofrece-una-gran-programacion-de-eventos-veraniegos\/#primaryimage","url":"https:\/\/www.clubdelemprendimiento.com\/blog\/wp-content\/uploads\/2025\/07\/Captura_de_pantalla_2025-07-24_100607.jpg","contentUrl":"https:\/\/www.clubdelemprendimiento.com\/blog\/wp-content\/uploads\/2025\/07\/Captura_de_pantalla_2025-07-24_100607.jpg","width":907,"height":592},{"@type":"BreadcrumbList","@id":"https:\/\/www.clubdelemprendimiento.com\/blog\/noticia-corporativa\/verano-en-wow-porto-el-distrito-cultural-de-gaia-ofrece-una-gran-programacion-de-eventos-veraniegos\/#breadcrumb","itemListElement":[{"@type":"ListItem","position":1,"name":"Home","item":"https:\/\/www.clubdelemprendimiento.com\/blog\/"},{"@type":"ListItem","position":2,"name":"Noticias Corporativas","item":"https:\/\/www.clubdelemprendimiento.com\/blog\/noticias-corporativas\/"},{"@type":"ListItem","position":3,"name":"Verano en WOW Porto: el distrito cultural de Gaia ofrece una gran programaci\u00f3n de eventos veraniegos"}]},{"@type":"WebSite","@id":"https:\/\/www.clubdelemprendimiento.com\/blog\/#website","url":"https:\/\/www.clubdelemprendimiento.com\/blog\/","name":"Blog Club del Emprendimiento","description":"","potentialAction":[{"@type":"SearchAction","target":{"@type":"EntryPoint","urlTemplate":"https:\/\/www.clubdelemprendimiento.com\/blog\/?s={search_term_string}"},"query-input":"required name=search_term_string"}],"inLanguage":"es"}]}},"_links":{"self":[{"href":"https:\/\/www.clubdelemprendimiento.com\/blog\/wp-json\/wp\/v2\/noticia-corporativa\/20409"}],"collection":[{"href":"https:\/\/www.clubdelemprendimiento.com\/blog\/wp-json\/wp\/v2\/noticia-corporativa"}],"about":[{"href":"https:\/\/www.clubdelemprendimiento.com\/blog\/wp-json\/wp\/v2\/types\/noticia-corporativa"}],"wp:featuredmedia":[{"embeddable":true,"href":"https:\/\/www.clubdelemprendimiento.com\/blog\/wp-json\/wp\/v2\/media\/20410"}],"wp:attachment":[{"href":"https:\/\/www.clubdelemprendimiento.com\/blog\/wp-json\/wp\/v2\/media?parent=20409"}],"curies":[{"name":"wp","href":"https:\/\/api.w.org\/{rel}","templated":true}]}}