{"id":20407,"date":"2025-07-28T10:05:09","date_gmt":"2025-07-28T10:05:09","guid":{"rendered":"https:\/\/www.clubdelemprendimiento.com\/blog\/noticia-corporativa\/el-aire-acondicionado-tiene-efectos-sobre-la-piel-segun-las-expertas-en-dermocosmeticas\/"},"modified":"2025-07-28T10:05:09","modified_gmt":"2025-07-28T10:05:09","slug":"el-aire-acondicionado-tiene-efectos-sobre-la-piel-segun-las-expertas-en-dermocosmeticas","status":"publish","type":"noticia-corporativa","link":"https:\/\/www.clubdelemprendimiento.com\/blog\/noticia-corporativa\/el-aire-acondicionado-tiene-efectos-sobre-la-piel-segun-las-expertas-en-dermocosmeticas\/","title":{"rendered":"El aire acondicionado tiene efectos sobre la piel, seg\u00fan las expertas en dermocosm\u00e9ticas"},"content":{"rendered":"<div>\n<p><a href=\"https:\/\/www.clubdelemprendimiento.com\/blog\/wp-content\/uploads\/2025\/07\/Captura_de_pantalla_2025-07-03_104239.png\" target=\"_blank\" class=\"fotonota\" rel=\"noopener\"> <img decoding=\"async\" src=\"https:\/\/www.clubdelemprendimiento.com\/blog\/wp-content\/uploads\/2025\/07\/Captura_de_pantalla_2025-07-03_104239.png\" style=\"max-width:600px;\" border=\"0\" class=\"postImage\" alt=\"\"><\/a><\/p>\n<p>Se avecinan meses de mucho calor y los aires acondicionados alivian, pero no son tan buenos para la piel, tal y como afirman las expertas en belleza de Perricone MD, Byoode y Advanced Nutrition Programme<\/p>\n<p><\/p>\n<p>Ha costado, mucho, pero el buen tiempo ya est\u00e1 aqu\u00ed. Y eso significa que los aires acondicionados empiezan a trabajar a pleno rendimiento en casa, en el trabajo, en los restaurantes, supermercados.\u00a0Son muy necesarios, sin embargo, el alivio que aportan a las altas temperaturas no est\u00e1 exento de consecuencias para la salud de la piel. \u00abSequedad, sensibilidad y p\u00e9rdida de luminosidad son solo algunos de los efectos que este tipo de climatizaci\u00f3n puede tener en la piel, especialmente cuando pasamos muchas horas expuestos a un ambiente artificialmente refrigerado\u00bb.\u00a0<\/p>\n<p>Pero \u00bfpor qu\u00e9 ocurre esto exactamente y c\u00f3mo se puede\u00a0prevenir\u00a0sin renunciar al alivio que dan los aires acondicionados? <strong>\u00abNo se puede hablar de un solo factor<\/strong>, porque son varios, los que influyen en el impacto del aire acondicionado sobre la piel: desde la reducci\u00f3n de la humedad en el ambiente hasta el contraste t\u00e9rmico con el exterior, pasando por una menor oxigenaci\u00f3n del ambiente en espacios cerrados\u00bb, comenta Raquel Gonz\u00e1lez, cosmet\u00f3loga y creadora de Byoode. Y precisamente por eso es clave revisar las\u00a0rutinas cosm\u00e9ticas, adaptar los cuidados diarios y prestar atenci\u00f3n a los ingredientes que pueden ayudarnos a contrarrestar los da\u00f1os. \u00abEn los meses en los que se abusa tanto del aire acondicionado, necesitamos una rutina de skincare a medida\u00bb, apostilla la cosmet\u00f3loga y creadora de Byoode.\u00a0<\/p>\n<p><strong>El aire acondicionado deshidrata y desequilibra la piel<\/strong><br \/>\nQue el aire acondicionado hace que el calor sea m\u00e1s soportable por su capacidad para refrescar no es ninguna novedad y todo el mundo lo sabe, pero lo que no es tan obvio es que <strong>\u00abdisminuye la humedad del ambiente <\/strong>y eso hace que se produzca una p\u00e9rdida de agua transepid\u00e9rmica en la piel. Como resultado, notamos tirantez, falta de confort, aparici\u00f3n de rojeces e incluso un aumento de la sensibilidad\u00bb, explica Raquel Gonz\u00e1lez, cosmet\u00f3loga y creadora de Byoode.<\/p>\n<p>Este efecto se vuelve m\u00e1s intenso conforme pasan los d\u00edas y se va\u00a0acumulando horas bajo los aires acondicionados. \u00abEn pieles grasas, puede generar un efecto rebote: al perder agua, la piel produce m\u00e1s sebo para compensar y la microbiota de la piel se desequilibra\u00bb, se\u00f1ala Estefan\u00eda Nieto, directora t\u00e9cnica de Medik8.<\/p>\n<p>En el caso de las pieles m\u00e1s sensibles o secas, las consecuencias pueden ir m\u00e1s all\u00e1 de la simple sequedad. \u00ab<strong>El cambio brusco de temperatura y la continua exposici\u00f3n al aire fr\u00edo<\/strong> pueden afectar tambi\u00e9n a la funci\u00f3n barrera y la piel y, como conciencia, aparece la irritaci\u00f3n, la descamaci\u00f3n y el ardor\u00bb, a\u00f1ade Mireia Fern\u00e1ndez, directora dermocosm\u00e9tica de Perricone MD.<\/p>\n<p>Y precisamente por eso \u00aben estos meses de calor no se debe\u00a0descuidar la hidrataci\u00f3n y a la protecci\u00f3n de la piel cuando se pasan muchas horas con aire acondicionado\u00bb, apostilla Marta Agust\u00ed, directora nutricional de Advanced Nutrition Programme.\u00a0<\/p>\n<p><strong>Cosm\u00e9ticos con ingredientes barrera, antioxidantes e hidratantes<\/strong><br \/>\nPara hacer frente a los efectos negativos del aire acondicionado, es necesario adaptar la rutina de skincare. <strong>\u00abLo ideal es recurrir a ingredientes que refuercen la barrera cut\u00e1nea<\/strong>, como los l\u00edpidos biomim\u00e9ticos, las ceramidas o los \u00e1cidos grasos, que ayudan a preservar la integridad del manto hidrolip\u00eddico\u00bb, indica Patricia Gar\u00edn, directora dermocosm\u00e9tica de Boutijour.<\/p>\n<p>Adem\u00e1s, la incorporaci\u00f3n de humectantes es imprescindible<strong>. \u00abEl \u00e1cido hialur\u00f3nico de varios pesos moleculares <\/strong>act\u00faa como una esponja atrayendo agua, mientras que otros agentes como la glicerina, el pantenol o el aloe vera son grandes aliados para mantener la hidrataci\u00f3n incluso en ambientes secos\u00bb, apunta Mireia Fern\u00e1ndez, directora dermocosm\u00e9tica de Perricone MD.\u00a0<\/p>\n<p>En climas extremos o cuando el aire acondicionado est\u00e1 muy fuerte, tambi\u00e9n es \u00fatil reforzar con antioxidantes. \u00abLos radicales libres generados por el estr\u00e9s t\u00e9rmico pueden acelerar el envejecimiento de la piel. La niacinamida, la vitamina C o los retinoides aportan una protecci\u00f3n extra frente a este tipo de agresiones\u00bb, comenta la cosmet\u00f3loga y creadora de Byoode, Raquel Gonz\u00e1lez.\u00a0<\/p>\n<p>Por \u00faltimo, una recomendaci\u00f3n clave: sellar la hidrataci\u00f3n con una crema oclusiva ligera que mantenga el agua dentro de la piel. \u00abLas texturas en gel-crema con escualano o manteca de karit\u00e9 en baja concentraci\u00f3n son una excelente opci\u00f3n para el verano, ya que no resultan pesadas pero son eficaces para conservar la humedad en la piel\u00bb, agrega Estefan\u00eda Nieto, que es directora dermocosm\u00e9tica de Medik8.\u00a0<\/p>\n<p>Asimismo, <strong>\u00abtambi\u00e9n se puede\u00a0darle un impulso a la hidrataci\u00f3n <\/strong>y nutrici\u00f3n de la\u00a0piel desde dentro, con suplementos dermocosm\u00e9ticos que sean ricos en \u00e1cido hialur\u00f3nico, ceramidas, omega 3&#8243;<strong>,<\/strong> concluye Marta Agust\u00ed, directora dermocosm\u00e9tica de Advanced Nutrition Programme.\u00a0<\/p>\n<p><strong>Nopal\u00a0&amp;\u00a0Kombucha\u00a0Metaphor\u00a0de\u00a0Byoode<\/strong>\u00a0es una esencia facial bif\u00e1sica inspirada en las esencias coreanas con una combinaci\u00f3n de ingredientes naturales que protegen, calman y rejuvenecen la piel. Contiene extractos de\u00a0Kombucha,\u00a0Nopal\u00a0y Cacao Theobroma, adem\u00e1s de probi\u00f3ticos y \u00e1cido hialur\u00f3nico, que fortalecen la barrera cut\u00e1nea para una piel m\u00e1s saludable. Tiene los beneficios de un t\u00f3nico y un s\u00e9rum en un solo producto, equilibra y reconforta la piel, proporcionando una mezcla de activos iluminadores, antioxidantes e hidratantes. 69 \u20ac en \u00a0Amazon.es\u00a0y en\u00a0<a href=\"https:\/\/awipf.r.sp1-brevo.net\/mk\/cl\/f\/sh\/SMK1E8tHeGLdaZKZPMK4QelY3GS6\/0eylXOWXsV_Z\" rel=\"nofollow\">Byoode.com<\/a>.<\/p>\n<p><strong>Hyaluronic\u00a0Intensive\u00a0Moisturizer\u00a0de Perricone MD<\/strong>,\u00a0gel-crema con \u00e1cido hialur\u00f3nico hidratante, niacinamida calmante y extracto de romero, antioxidante, protector y energizante. Con textura ligera para contrarrestar al SPF. 78\u20ac en\u00a0<a href=\"https:\/\/awipf.r.a.d.sendibm1.com\/mk\/cl\/f\/sh\/SMK1E8tHeGSV2i9WaWTYWU4I1Z2M\/Jeg_dPzr2NyE\" rel=\"nofollow\">Perriconemd.es<\/a>.<\/p>\n<p><strong>\u00a0R-Retinoate\u00a0Day\u00a0&amp;\u00a0Night\u00a0Cream\u00a0de\u00a0Medik8:<\/strong>\u00a0Contiene retinil retinoato, una forma de vitamina\u00a0A\u00a0ocho veces m\u00e1s potente que el\u00a0retinol\u00a0tradicional. Incluye vitamina C y \u00e1cido hialur\u00f3nico, no requiere periodo de adaptaci\u00f3n y puede usarse durante el d\u00eda\u00a0debido\u00a0a\u00a0su no fotosensibilidad. Precio: 189 \u20ac en\u00a0<a href=\"https:\/\/awipf.r.a.d.sendibm1.com\/mk\/cl\/f\/sh\/SMK1E8tHeGgDwznQwqmWi8flyACs\/QYm1hTR83Xvs\" rel=\"nofollow\">Medik8.es<\/a><\/p>\n<p><strong>Lotus\u00a0Water\u00a0Calming\u00a0Mask, de\u00a0Boutijour<\/strong>,\u00a0es\u00a0una mascarilla de alta cosm\u00e9tica coreana\u00a0que\u00a0y\u00a0alivia la piel del estr\u00e9s medioambiental con agua de Loto, un agente pufirificante excelente. La mascarilla ayuda a relajar e hidratar la piel irritada, dej\u00e1ndola hidratada durante horas. 12 \u20ac en\u00a0Purenichelab.com\u00a0<\/p>\n<p><strong>Ambari\u00a0Complex4\u00a0Hydrator\u00a0Cream\u00a0<\/strong>reafirma e hidrata con\u00a0setas\u00a0shitake y maitake, \u00e1cido hialur\u00f3nico, ceramidas\u00a0y p\u00e9ptidos. Cuenta tambi\u00e9n con efecto antioxidante,\u00a0que favorece la producci\u00f3n de col\u00e1geno.\u00a0119\u20ac en Purenichelab.com\u00a0<\/p>\n<p><strong>Skin\u00a0Moisture\u00a0IQ, de Advanced Nutrition Programme<\/strong>, es un sistema de suplemento para pieles secas que cuenta con \u00e1cido hialur\u00f3nico, ceramidas, \u00e1cidos grasos omega-3, \u00e1cidos grasos omega-6, vitamina A, vitamina D y un complejo multivitam\u00ednico que ayuda a hidratar la piel desde dentro a la vez que rellena las arrugas y las finas l\u00edneas. 97\u20ac en Purenichelab.com.<\/p>\n<\/div>\n","protected":false},"featured_media":20408,"template":"","meta":{"_acf_changed":false},"acf":[],"yoast_head":"<!-- This site is optimized with the Yoast SEO plugin v22.7 - https:\/\/yoast.com\/wordpress\/plugins\/seo\/ -->\n<title>El aire acondicionado tiene efectos sobre la piel, seg\u00fan las expertas en dermocosm\u00e9ticas - Blog Club del Emprendimiento<\/title>\n<meta name=\"robots\" content=\"index, follow, max-snippet:-1, max-image-preview:large, max-video-preview:-1\" \/>\n<link rel=\"canonical\" href=\"https:\/\/www.clubdelemprendimiento.com\/blog\/noticia-corporativa\/el-aire-acondicionado-tiene-efectos-sobre-la-piel-segun-las-expertas-en-dermocosmeticas\/\" \/>\n<meta property=\"og:locale\" content=\"es_ES\" \/>\n<meta property=\"og:type\" content=\"article\" \/>\n<meta property=\"og:title\" content=\"El aire acondicionado tiene efectos sobre la piel, seg\u00fan las expertas en dermocosm\u00e9ticas - Blog Club del Emprendimiento\" \/>\n<meta property=\"og:description\" content=\"Se avecinan meses de mucho calor y los aires acondicionados alivian, pero no son&hellip;\" \/>\n<meta property=\"og:url\" content=\"https:\/\/www.clubdelemprendimiento.com\/blog\/noticia-corporativa\/el-aire-acondicionado-tiene-efectos-sobre-la-piel-segun-las-expertas-en-dermocosmeticas\/\" \/>\n<meta property=\"og:site_name\" content=\"Blog Club del Emprendimiento\" \/>\n<meta property=\"og:image\" content=\"https:\/\/www.clubdelemprendimiento.com\/blog\/wp-content\/uploads\/2025\/07\/Captura_de_pantalla_2025-07-03_104239.png\" \/>\n<meta name=\"twitter:card\" content=\"summary_large_image\" \/>\n<meta name=\"twitter:label1\" content=\"Tiempo de lectura\" \/>\n\t<meta name=\"twitter:data1\" content=\"6 minutos\" \/>\n<script type=\"application\/ld+json\" class=\"yoast-schema-graph\">{\"@context\":\"https:\/\/schema.org\",\"@graph\":[{\"@type\":\"WebPage\",\"@id\":\"https:\/\/www.clubdelemprendimiento.com\/blog\/noticia-corporativa\/el-aire-acondicionado-tiene-efectos-sobre-la-piel-segun-las-expertas-en-dermocosmeticas\/\",\"url\":\"https:\/\/www.clubdelemprendimiento.com\/blog\/noticia-corporativa\/el-aire-acondicionado-tiene-efectos-sobre-la-piel-segun-las-expertas-en-dermocosmeticas\/\",\"name\":\"El aire acondicionado tiene efectos sobre la piel, seg\u00fan las expertas en dermocosm\u00e9ticas - Blog Club del Emprendimiento\",\"isPartOf\":{\"@id\":\"https:\/\/www.clubdelemprendimiento.com\/blog\/#website\"},\"primaryImageOfPage\":{\"@id\":\"https:\/\/www.clubdelemprendimiento.com\/blog\/noticia-corporativa\/el-aire-acondicionado-tiene-efectos-sobre-la-piel-segun-las-expertas-en-dermocosmeticas\/#primaryimage\"},\"image\":{\"@id\":\"https:\/\/www.clubdelemprendimiento.com\/blog\/noticia-corporativa\/el-aire-acondicionado-tiene-efectos-sobre-la-piel-segun-las-expertas-en-dermocosmeticas\/#primaryimage\"},\"thumbnailUrl\":\"https:\/\/www.clubdelemprendimiento.com\/blog\/wp-content\/uploads\/2025\/07\/Captura_de_pantalla_2025-07-03_104239.png\",\"datePublished\":\"2025-07-28T10:05:09+00:00\",\"dateModified\":\"2025-07-28T10:05:09+00:00\",\"breadcrumb\":{\"@id\":\"https:\/\/www.clubdelemprendimiento.com\/blog\/noticia-corporativa\/el-aire-acondicionado-tiene-efectos-sobre-la-piel-segun-las-expertas-en-dermocosmeticas\/#breadcrumb\"},\"inLanguage\":\"es\",\"potentialAction\":[{\"@type\":\"ReadAction\",\"target\":[\"https:\/\/www.clubdelemprendimiento.com\/blog\/noticia-corporativa\/el-aire-acondicionado-tiene-efectos-sobre-la-piel-segun-las-expertas-en-dermocosmeticas\/\"]}]},{\"@type\":\"ImageObject\",\"inLanguage\":\"es\",\"@id\":\"https:\/\/www.clubdelemprendimiento.com\/blog\/noticia-corporativa\/el-aire-acondicionado-tiene-efectos-sobre-la-piel-segun-las-expertas-en-dermocosmeticas\/#primaryimage\",\"url\":\"https:\/\/www.clubdelemprendimiento.com\/blog\/wp-content\/uploads\/2025\/07\/Captura_de_pantalla_2025-07-03_104239.png\",\"contentUrl\":\"https:\/\/www.clubdelemprendimiento.com\/blog\/wp-content\/uploads\/2025\/07\/Captura_de_pantalla_2025-07-03_104239.png\",\"width\":776,\"height\":210},{\"@type\":\"BreadcrumbList\",\"@id\":\"https:\/\/www.clubdelemprendimiento.com\/blog\/noticia-corporativa\/el-aire-acondicionado-tiene-efectos-sobre-la-piel-segun-las-expertas-en-dermocosmeticas\/#breadcrumb\",\"itemListElement\":[{\"@type\":\"ListItem\",\"position\":1,\"name\":\"Home\",\"item\":\"https:\/\/www.clubdelemprendimiento.com\/blog\/\"},{\"@type\":\"ListItem\",\"position\":2,\"name\":\"Noticias Corporativas\",\"item\":\"https:\/\/www.clubdelemprendimiento.com\/blog\/noticias-corporativas\/\"},{\"@type\":\"ListItem\",\"position\":3,\"name\":\"El aire acondicionado tiene efectos sobre la piel, seg\u00fan las expertas en dermocosm\u00e9ticas\"}]},{\"@type\":\"WebSite\",\"@id\":\"https:\/\/www.clubdelemprendimiento.com\/blog\/#website\",\"url\":\"https:\/\/www.clubdelemprendimiento.com\/blog\/\",\"name\":\"Blog Club del Emprendimiento\",\"description\":\"\",\"potentialAction\":[{\"@type\":\"SearchAction\",\"target\":{\"@type\":\"EntryPoint\",\"urlTemplate\":\"https:\/\/www.clubdelemprendimiento.com\/blog\/?s={search_term_string}\"},\"query-input\":\"required name=search_term_string\"}],\"inLanguage\":\"es\"}]}<\/script>\n<!-- \/ Yoast SEO plugin. -->","yoast_head_json":{"title":"El aire acondicionado tiene efectos sobre la piel, seg\u00fan las expertas en dermocosm\u00e9ticas - Blog Club del Emprendimiento","robots":{"index":"index","follow":"follow","max-snippet":"max-snippet:-1","max-image-preview":"max-image-preview:large","max-video-preview":"max-video-preview:-1"},"canonical":"https:\/\/www.clubdelemprendimiento.com\/blog\/noticia-corporativa\/el-aire-acondicionado-tiene-efectos-sobre-la-piel-segun-las-expertas-en-dermocosmeticas\/","og_locale":"es_ES","og_type":"article","og_title":"El aire acondicionado tiene efectos sobre la piel, seg\u00fan las expertas en dermocosm\u00e9ticas - Blog Club del Emprendimiento","og_description":"Se avecinan meses de mucho calor y los aires acondicionados alivian, pero no son&hellip;","og_url":"https:\/\/www.clubdelemprendimiento.com\/blog\/noticia-corporativa\/el-aire-acondicionado-tiene-efectos-sobre-la-piel-segun-las-expertas-en-dermocosmeticas\/","og_site_name":"Blog Club del Emprendimiento","og_image":[{"url":"https:\/\/www.clubdelemprendimiento.com\/blog\/wp-content\/uploads\/2025\/07\/Captura_de_pantalla_2025-07-03_104239.png"}],"twitter_card":"summary_large_image","twitter_misc":{"Tiempo de lectura":"6 minutos"},"schema":{"@context":"https:\/\/schema.org","@graph":[{"@type":"WebPage","@id":"https:\/\/www.clubdelemprendimiento.com\/blog\/noticia-corporativa\/el-aire-acondicionado-tiene-efectos-sobre-la-piel-segun-las-expertas-en-dermocosmeticas\/","url":"https:\/\/www.clubdelemprendimiento.com\/blog\/noticia-corporativa\/el-aire-acondicionado-tiene-efectos-sobre-la-piel-segun-las-expertas-en-dermocosmeticas\/","name":"El aire acondicionado tiene efectos sobre la piel, seg\u00fan las expertas en dermocosm\u00e9ticas - Blog Club del Emprendimiento","isPartOf":{"@id":"https:\/\/www.clubdelemprendimiento.com\/blog\/#website"},"primaryImageOfPage":{"@id":"https:\/\/www.clubdelemprendimiento.com\/blog\/noticia-corporativa\/el-aire-acondicionado-tiene-efectos-sobre-la-piel-segun-las-expertas-en-dermocosmeticas\/#primaryimage"},"image":{"@id":"https:\/\/www.clubdelemprendimiento.com\/blog\/noticia-corporativa\/el-aire-acondicionado-tiene-efectos-sobre-la-piel-segun-las-expertas-en-dermocosmeticas\/#primaryimage"},"thumbnailUrl":"https:\/\/www.clubdelemprendimiento.com\/blog\/wp-content\/uploads\/2025\/07\/Captura_de_pantalla_2025-07-03_104239.png","datePublished":"2025-07-28T10:05:09+00:00","dateModified":"2025-07-28T10:05:09+00:00","breadcrumb":{"@id":"https:\/\/www.clubdelemprendimiento.com\/blog\/noticia-corporativa\/el-aire-acondicionado-tiene-efectos-sobre-la-piel-segun-las-expertas-en-dermocosmeticas\/#breadcrumb"},"inLanguage":"es","potentialAction":[{"@type":"ReadAction","target":["https:\/\/www.clubdelemprendimiento.com\/blog\/noticia-corporativa\/el-aire-acondicionado-tiene-efectos-sobre-la-piel-segun-las-expertas-en-dermocosmeticas\/"]}]},{"@type":"ImageObject","inLanguage":"es","@id":"https:\/\/www.clubdelemprendimiento.com\/blog\/noticia-corporativa\/el-aire-acondicionado-tiene-efectos-sobre-la-piel-segun-las-expertas-en-dermocosmeticas\/#primaryimage","url":"https:\/\/www.clubdelemprendimiento.com\/blog\/wp-content\/uploads\/2025\/07\/Captura_de_pantalla_2025-07-03_104239.png","contentUrl":"https:\/\/www.clubdelemprendimiento.com\/blog\/wp-content\/uploads\/2025\/07\/Captura_de_pantalla_2025-07-03_104239.png","width":776,"height":210},{"@type":"BreadcrumbList","@id":"https:\/\/www.clubdelemprendimiento.com\/blog\/noticia-corporativa\/el-aire-acondicionado-tiene-efectos-sobre-la-piel-segun-las-expertas-en-dermocosmeticas\/#breadcrumb","itemListElement":[{"@type":"ListItem","position":1,"name":"Home","item":"https:\/\/www.clubdelemprendimiento.com\/blog\/"},{"@type":"ListItem","position":2,"name":"Noticias Corporativas","item":"https:\/\/www.clubdelemprendimiento.com\/blog\/noticias-corporativas\/"},{"@type":"ListItem","position":3,"name":"El aire acondicionado tiene efectos sobre la piel, seg\u00fan las expertas en dermocosm\u00e9ticas"}]},{"@type":"WebSite","@id":"https:\/\/www.clubdelemprendimiento.com\/blog\/#website","url":"https:\/\/www.clubdelemprendimiento.com\/blog\/","name":"Blog Club del Emprendimiento","description":"","potentialAction":[{"@type":"SearchAction","target":{"@type":"EntryPoint","urlTemplate":"https:\/\/www.clubdelemprendimiento.com\/blog\/?s={search_term_string}"},"query-input":"required name=search_term_string"}],"inLanguage":"es"}]}},"_links":{"self":[{"href":"https:\/\/www.clubdelemprendimiento.com\/blog\/wp-json\/wp\/v2\/noticia-corporativa\/20407"}],"collection":[{"href":"https:\/\/www.clubdelemprendimiento.com\/blog\/wp-json\/wp\/v2\/noticia-corporativa"}],"about":[{"href":"https:\/\/www.clubdelemprendimiento.com\/blog\/wp-json\/wp\/v2\/types\/noticia-corporativa"}],"wp:featuredmedia":[{"embeddable":true,"href":"https:\/\/www.clubdelemprendimiento.com\/blog\/wp-json\/wp\/v2\/media\/20408"}],"wp:attachment":[{"href":"https:\/\/www.clubdelemprendimiento.com\/blog\/wp-json\/wp\/v2\/media?parent=20407"}],"curies":[{"name":"wp","href":"https:\/\/api.w.org\/{rel}","templated":true}]}}