{"id":20399,"date":"2025-07-25T14:04:32","date_gmt":"2025-07-25T14:04:32","guid":{"rendered":"https:\/\/www.clubdelemprendimiento.com\/blog\/noticia-corporativa\/instituto-u-de-formacion-profesional-consigue-la-autorizacion-que-le-permitira-impartir-el-grado-medio-oficial-en-gestion-administrativa\/"},"modified":"2025-07-25T14:04:32","modified_gmt":"2025-07-25T14:04:32","slug":"instituto-u-de-formacion-profesional-consigue-la-autorizacion-que-le-permitira-impartir-el-grado-medio-oficial-en-gestion-administrativa","status":"publish","type":"noticia-corporativa","link":"https:\/\/www.clubdelemprendimiento.com\/blog\/noticia-corporativa\/instituto-u-de-formacion-profesional-consigue-la-autorizacion-que-le-permitira-impartir-el-grado-medio-oficial-en-gestion-administrativa\/","title":{"rendered":"Instituto U de Formaci\u00f3n Profesional consigue la autorizaci\u00f3n que le permitir\u00e1 impartir el Grado Medio Oficial en Gesti\u00f3n Administrativa"},"content":{"rendered":"<div>\n<p><a href=\"https:\/\/www.clubdelemprendimiento.com\/blog\/wp-content\/uploads\/2025\/07\/fp_oficial_gestion_administrativa_instituto_u_de_formacion_profesional_oficial_vertical.jpg\" target=\"_blank\" class=\"fotonota\" rel=\"noopener\"> <img decoding=\"async\" src=\"https:\/\/www.clubdelemprendimiento.com\/blog\/wp-content\/uploads\/2025\/07\/fp_oficial_gestion_administrativa_instituto_u_de_formacion_profesional_oficial_vertical.jpg\" style=\"max-width:600px;\" border=\"0\" class=\"postImage\" alt=\"\"><\/a><\/p>\n<p>El Instituto U de Formaci\u00f3n Profesional ha recibido la autorizaci\u00f3n oficial para ofrecer el Grado Medio Oficial en Gesti\u00f3n Administrativa, formaci\u00f3n que se imparte mediante los modelos presencial y online (telepresencial)<\/p>\n<p><\/p>\n<p>Esta <strong>titulaci\u00f3n oficial, reconocida por el Ministerio de Educaci\u00f3n y Formaci\u00f3n Profesional<\/strong> permitir\u00e1 a los alumnos que lo cursen desarrollar habilidades para tramitar documentos, gestionar procesos administrativos, realizar tareas de atenci\u00f3n al cliente y manejar aplicaciones inform\u00e1ticas de gesti\u00f3n empresarial.\u00a0<\/p>\n<p>Son m\u00faltiples las profesiones para las que habilita este<strong> <a href=\"https:\/\/iuformacionprofesional.com\/fp-administracion-y-gestion-oficial\/\" rel=\"nofollow\">Grado Medio<\/a><\/strong>, y con un <strong>\u00edndice de empleabilidad cercano al 70% <\/strong>seg\u00fan datos del Instituto Nacional de Estad\u00edstica. Entre las profesiones m\u00e1s destacadas se encuentran:<strong> Auxiliar administrativo<\/strong>, en sus diferentes variantes (de cobros y pagos, de gesti\u00f3n de personal, comercial, de las administraciones p\u00fablicas). Tambi\u00e9n ofrece opciones para trabajar en \u00e1reas de atenci\u00f3n al cliente, recepci\u00f3n, tesorer\u00eda, etc.<\/p>\n<p>La rama administrativa en Formaci\u00f3n Profesional oficial (FP) es una de las m\u00e1s demandadas por las empresas. \u00a0La versatilidad de esta rama hace que sean necesarios pr\u00e1cticamente en todos los sectores de la econom\u00eda. Adem\u00e1s, a la mayor\u00eda de las plazas a funcionario que existen guardan relaci\u00f3n con salidas profesionales con la gesti\u00f3n administrativa.<\/p>\n<p>Los m\u00f3dulos de este ciclo oficial est\u00e1n guiados por los profesores titulados y autorizados legalmente. Adem\u00e1s, los alumnos cuentan con un equipo de tutores que se encargar\u00e1n de hacer el seguimiento acad\u00e9mico personal a cada alumno, ofreciendo orientaci\u00f3n y apoyo en su proceso de aprendizaje. Junto a este cuadro docente tambi\u00e9n est\u00e1n los orientadores educativos para guiar a los alumnos en su toma de decisiones relacionadas con su futuro acad\u00e9mico y profesional.<\/p>\n<p>Gracias a su innovador modelo educativo, el Instituto U de Formaci\u00f3n Profesional garantiza una completa inmersi\u00f3n formativa tanto en la modalidad presencial como en la online (telepresencial). Esto es posible gracias a la implantaci\u00f3n de tecnolog\u00eda avanzada en las aulas, sistemas inform\u00e1ticos y recursos audiovisuales de \u00faltima generaci\u00f3n que permiten a los alumnos adquirir los conocimientos te\u00f3ricos y pr\u00e1cticos de forma din\u00e1mica y \u00e1gil. En la modalidad online (telepresencial) los alumnos pueden seguir las clases en directo y disponer de ellas grabadas a trav\u00e9s del campus virtual, lo que facilita el aprendizaje flexible y adaptado a sus necesidades.<\/p>\n<p>Adem\u00e1s, el <a href=\"https:\/\/iuformacionprofesional.com\/centro-oficial\/\" rel=\"nofollow\"><strong>Instituto U de Formaci\u00f3n Profesional<\/strong><\/a> est\u00e1 autorizado oficialmente, lo que permite a todos sus alumnos que cumplan los requisitos exigidos acceder a las becas p\u00fablicas del Ministerio de Educaci\u00f3n.<\/p>\n<\/div>\n","protected":false},"featured_media":20400,"template":"","meta":{"_acf_changed":false},"acf":[],"yoast_head":"<!-- This site is optimized with the Yoast SEO plugin v22.7 - https:\/\/yoast.com\/wordpress\/plugins\/seo\/ -->\n<title>Instituto U de Formaci\u00f3n Profesional consigue la autorizaci\u00f3n que le permitir\u00e1 impartir el Grado Medio Oficial en Gesti\u00f3n Administrativa - Blog Club del Emprendimiento<\/title>\n<meta name=\"robots\" content=\"index, follow, max-snippet:-1, max-image-preview:large, max-video-preview:-1\" \/>\n<link rel=\"canonical\" href=\"https:\/\/www.clubdelemprendimiento.com\/blog\/noticia-corporativa\/instituto-u-de-formacion-profesional-consigue-la-autorizacion-que-le-permitira-impartir-el-grado-medio-oficial-en-gestion-administrativa\/\" \/>\n<meta property=\"og:locale\" content=\"es_ES\" \/>\n<meta property=\"og:type\" content=\"article\" \/>\n<meta property=\"og:title\" content=\"Instituto U de Formaci\u00f3n Profesional consigue la autorizaci\u00f3n que le permitir\u00e1 impartir el Grado Medio Oficial en Gesti\u00f3n Administrativa - Blog Club del Emprendimiento\" \/>\n<meta property=\"og:description\" content=\"El Instituto U de Formaci\u00f3n Profesional ha recibido la autorizaci\u00f3n oficial para ofrecer el&hellip;\" \/>\n<meta property=\"og:url\" content=\"https:\/\/www.clubdelemprendimiento.com\/blog\/noticia-corporativa\/instituto-u-de-formacion-profesional-consigue-la-autorizacion-que-le-permitira-impartir-el-grado-medio-oficial-en-gestion-administrativa\/\" \/>\n<meta property=\"og:site_name\" content=\"Blog Club del Emprendimiento\" \/>\n<meta property=\"og:image\" content=\"https:\/\/www.clubdelemprendimiento.com\/blog\/wp-content\/uploads\/2025\/07\/fp_oficial_gestion_administrativa_instituto_u_de_formacion_profesional_oficial_vertical.jpg\" \/>\n<meta name=\"twitter:card\" content=\"summary_large_image\" \/>\n<meta name=\"twitter:label1\" content=\"Tiempo de lectura\" \/>\n\t<meta name=\"twitter:data1\" content=\"2 minutos\" \/>\n<script type=\"application\/ld+json\" class=\"yoast-schema-graph\">{\"@context\":\"https:\/\/schema.org\",\"@graph\":[{\"@type\":\"WebPage\",\"@id\":\"https:\/\/www.clubdelemprendimiento.com\/blog\/noticia-corporativa\/instituto-u-de-formacion-profesional-consigue-la-autorizacion-que-le-permitira-impartir-el-grado-medio-oficial-en-gestion-administrativa\/\",\"url\":\"https:\/\/www.clubdelemprendimiento.com\/blog\/noticia-corporativa\/instituto-u-de-formacion-profesional-consigue-la-autorizacion-que-le-permitira-impartir-el-grado-medio-oficial-en-gestion-administrativa\/\",\"name\":\"Instituto U de Formaci\u00f3n Profesional consigue la autorizaci\u00f3n que le permitir\u00e1 impartir el Grado Medio Oficial en Gesti\u00f3n Administrativa - Blog Club del Emprendimiento\",\"isPartOf\":{\"@id\":\"https:\/\/www.clubdelemprendimiento.com\/blog\/#website\"},\"primaryImageOfPage\":{\"@id\":\"https:\/\/www.clubdelemprendimiento.com\/blog\/noticia-corporativa\/instituto-u-de-formacion-profesional-consigue-la-autorizacion-que-le-permitira-impartir-el-grado-medio-oficial-en-gestion-administrativa\/#primaryimage\"},\"image\":{\"@id\":\"https:\/\/www.clubdelemprendimiento.com\/blog\/noticia-corporativa\/instituto-u-de-formacion-profesional-consigue-la-autorizacion-que-le-permitira-impartir-el-grado-medio-oficial-en-gestion-administrativa\/#primaryimage\"},\"thumbnailUrl\":\"https:\/\/www.clubdelemprendimiento.com\/blog\/wp-content\/uploads\/2025\/07\/fp_oficial_gestion_administrativa_instituto_u_de_formacion_profesional_oficial_vertical.jpg\",\"datePublished\":\"2025-07-25T14:04:32+00:00\",\"dateModified\":\"2025-07-25T14:04:32+00:00\",\"breadcrumb\":{\"@id\":\"https:\/\/www.clubdelemprendimiento.com\/blog\/noticia-corporativa\/instituto-u-de-formacion-profesional-consigue-la-autorizacion-que-le-permitira-impartir-el-grado-medio-oficial-en-gestion-administrativa\/#breadcrumb\"},\"inLanguage\":\"es\",\"potentialAction\":[{\"@type\":\"ReadAction\",\"target\":[\"https:\/\/www.clubdelemprendimiento.com\/blog\/noticia-corporativa\/instituto-u-de-formacion-profesional-consigue-la-autorizacion-que-le-permitira-impartir-el-grado-medio-oficial-en-gestion-administrativa\/\"]}]},{\"@type\":\"ImageObject\",\"inLanguage\":\"es\",\"@id\":\"https:\/\/www.clubdelemprendimiento.com\/blog\/noticia-corporativa\/instituto-u-de-formacion-profesional-consigue-la-autorizacion-que-le-permitira-impartir-el-grado-medio-oficial-en-gestion-administrativa\/#primaryimage\",\"url\":\"https:\/\/www.clubdelemprendimiento.com\/blog\/wp-content\/uploads\/2025\/07\/fp_oficial_gestion_administrativa_instituto_u_de_formacion_profesional_oficial_vertical.jpg\",\"contentUrl\":\"https:\/\/www.clubdelemprendimiento.com\/blog\/wp-content\/uploads\/2025\/07\/fp_oficial_gestion_administrativa_instituto_u_de_formacion_profesional_oficial_vertical.jpg\",\"width\":1926,\"height\":2239},{\"@type\":\"BreadcrumbList\",\"@id\":\"https:\/\/www.clubdelemprendimiento.com\/blog\/noticia-corporativa\/instituto-u-de-formacion-profesional-consigue-la-autorizacion-que-le-permitira-impartir-el-grado-medio-oficial-en-gestion-administrativa\/#breadcrumb\",\"itemListElement\":[{\"@type\":\"ListItem\",\"position\":1,\"name\":\"Home\",\"item\":\"https:\/\/www.clubdelemprendimiento.com\/blog\/\"},{\"@type\":\"ListItem\",\"position\":2,\"name\":\"Noticias Corporativas\",\"item\":\"https:\/\/www.clubdelemprendimiento.com\/blog\/noticias-corporativas\/\"},{\"@type\":\"ListItem\",\"position\":3,\"name\":\"Instituto U de Formaci\u00f3n Profesional consigue la autorizaci\u00f3n que le permitir\u00e1 impartir el Grado Medio Oficial en Gesti\u00f3n Administrativa\"}]},{\"@type\":\"WebSite\",\"@id\":\"https:\/\/www.clubdelemprendimiento.com\/blog\/#website\",\"url\":\"https:\/\/www.clubdelemprendimiento.com\/blog\/\",\"name\":\"Blog Club del Emprendimiento\",\"description\":\"\",\"potentialAction\":[{\"@type\":\"SearchAction\",\"target\":{\"@type\":\"EntryPoint\",\"urlTemplate\":\"https:\/\/www.clubdelemprendimiento.com\/blog\/?s={search_term_string}\"},\"query-input\":\"required name=search_term_string\"}],\"inLanguage\":\"es\"}]}<\/script>\n<!-- \/ Yoast SEO plugin. -->","yoast_head_json":{"title":"Instituto U de Formaci\u00f3n Profesional consigue la autorizaci\u00f3n que le permitir\u00e1 impartir el Grado Medio Oficial en Gesti\u00f3n Administrativa - Blog Club del Emprendimiento","robots":{"index":"index","follow":"follow","max-snippet":"max-snippet:-1","max-image-preview":"max-image-preview:large","max-video-preview":"max-video-preview:-1"},"canonical":"https:\/\/www.clubdelemprendimiento.com\/blog\/noticia-corporativa\/instituto-u-de-formacion-profesional-consigue-la-autorizacion-que-le-permitira-impartir-el-grado-medio-oficial-en-gestion-administrativa\/","og_locale":"es_ES","og_type":"article","og_title":"Instituto U de Formaci\u00f3n Profesional consigue la autorizaci\u00f3n que le permitir\u00e1 impartir el Grado Medio Oficial en Gesti\u00f3n Administrativa - Blog Club del Emprendimiento","og_description":"El Instituto U de Formaci\u00f3n Profesional ha recibido la autorizaci\u00f3n oficial para ofrecer el&hellip;","og_url":"https:\/\/www.clubdelemprendimiento.com\/blog\/noticia-corporativa\/instituto-u-de-formacion-profesional-consigue-la-autorizacion-que-le-permitira-impartir-el-grado-medio-oficial-en-gestion-administrativa\/","og_site_name":"Blog Club del Emprendimiento","og_image":[{"url":"https:\/\/www.clubdelemprendimiento.com\/blog\/wp-content\/uploads\/2025\/07\/fp_oficial_gestion_administrativa_instituto_u_de_formacion_profesional_oficial_vertical.jpg"}],"twitter_card":"summary_large_image","twitter_misc":{"Tiempo de lectura":"2 minutos"},"schema":{"@context":"https:\/\/schema.org","@graph":[{"@type":"WebPage","@id":"https:\/\/www.clubdelemprendimiento.com\/blog\/noticia-corporativa\/instituto-u-de-formacion-profesional-consigue-la-autorizacion-que-le-permitira-impartir-el-grado-medio-oficial-en-gestion-administrativa\/","url":"https:\/\/www.clubdelemprendimiento.com\/blog\/noticia-corporativa\/instituto-u-de-formacion-profesional-consigue-la-autorizacion-que-le-permitira-impartir-el-grado-medio-oficial-en-gestion-administrativa\/","name":"Instituto U de Formaci\u00f3n Profesional consigue la autorizaci\u00f3n que le permitir\u00e1 impartir el Grado Medio Oficial en Gesti\u00f3n Administrativa - Blog Club del Emprendimiento","isPartOf":{"@id":"https:\/\/www.clubdelemprendimiento.com\/blog\/#website"},"primaryImageOfPage":{"@id":"https:\/\/www.clubdelemprendimiento.com\/blog\/noticia-corporativa\/instituto-u-de-formacion-profesional-consigue-la-autorizacion-que-le-permitira-impartir-el-grado-medio-oficial-en-gestion-administrativa\/#primaryimage"},"image":{"@id":"https:\/\/www.clubdelemprendimiento.com\/blog\/noticia-corporativa\/instituto-u-de-formacion-profesional-consigue-la-autorizacion-que-le-permitira-impartir-el-grado-medio-oficial-en-gestion-administrativa\/#primaryimage"},"thumbnailUrl":"https:\/\/www.clubdelemprendimiento.com\/blog\/wp-content\/uploads\/2025\/07\/fp_oficial_gestion_administrativa_instituto_u_de_formacion_profesional_oficial_vertical.jpg","datePublished":"2025-07-25T14:04:32+00:00","dateModified":"2025-07-25T14:04:32+00:00","breadcrumb":{"@id":"https:\/\/www.clubdelemprendimiento.com\/blog\/noticia-corporativa\/instituto-u-de-formacion-profesional-consigue-la-autorizacion-que-le-permitira-impartir-el-grado-medio-oficial-en-gestion-administrativa\/#breadcrumb"},"inLanguage":"es","potentialAction":[{"@type":"ReadAction","target":["https:\/\/www.clubdelemprendimiento.com\/blog\/noticia-corporativa\/instituto-u-de-formacion-profesional-consigue-la-autorizacion-que-le-permitira-impartir-el-grado-medio-oficial-en-gestion-administrativa\/"]}]},{"@type":"ImageObject","inLanguage":"es","@id":"https:\/\/www.clubdelemprendimiento.com\/blog\/noticia-corporativa\/instituto-u-de-formacion-profesional-consigue-la-autorizacion-que-le-permitira-impartir-el-grado-medio-oficial-en-gestion-administrativa\/#primaryimage","url":"https:\/\/www.clubdelemprendimiento.com\/blog\/wp-content\/uploads\/2025\/07\/fp_oficial_gestion_administrativa_instituto_u_de_formacion_profesional_oficial_vertical.jpg","contentUrl":"https:\/\/www.clubdelemprendimiento.com\/blog\/wp-content\/uploads\/2025\/07\/fp_oficial_gestion_administrativa_instituto_u_de_formacion_profesional_oficial_vertical.jpg","width":1926,"height":2239},{"@type":"BreadcrumbList","@id":"https:\/\/www.clubdelemprendimiento.com\/blog\/noticia-corporativa\/instituto-u-de-formacion-profesional-consigue-la-autorizacion-que-le-permitira-impartir-el-grado-medio-oficial-en-gestion-administrativa\/#breadcrumb","itemListElement":[{"@type":"ListItem","position":1,"name":"Home","item":"https:\/\/www.clubdelemprendimiento.com\/blog\/"},{"@type":"ListItem","position":2,"name":"Noticias Corporativas","item":"https:\/\/www.clubdelemprendimiento.com\/blog\/noticias-corporativas\/"},{"@type":"ListItem","position":3,"name":"Instituto U de Formaci\u00f3n Profesional consigue la autorizaci\u00f3n que le permitir\u00e1 impartir el Grado Medio Oficial en Gesti\u00f3n Administrativa"}]},{"@type":"WebSite","@id":"https:\/\/www.clubdelemprendimiento.com\/blog\/#website","url":"https:\/\/www.clubdelemprendimiento.com\/blog\/","name":"Blog Club del Emprendimiento","description":"","potentialAction":[{"@type":"SearchAction","target":{"@type":"EntryPoint","urlTemplate":"https:\/\/www.clubdelemprendimiento.com\/blog\/?s={search_term_string}"},"query-input":"required name=search_term_string"}],"inLanguage":"es"}]}},"_links":{"self":[{"href":"https:\/\/www.clubdelemprendimiento.com\/blog\/wp-json\/wp\/v2\/noticia-corporativa\/20399"}],"collection":[{"href":"https:\/\/www.clubdelemprendimiento.com\/blog\/wp-json\/wp\/v2\/noticia-corporativa"}],"about":[{"href":"https:\/\/www.clubdelemprendimiento.com\/blog\/wp-json\/wp\/v2\/types\/noticia-corporativa"}],"wp:featuredmedia":[{"embeddable":true,"href":"https:\/\/www.clubdelemprendimiento.com\/blog\/wp-json\/wp\/v2\/media\/20400"}],"wp:attachment":[{"href":"https:\/\/www.clubdelemprendimiento.com\/blog\/wp-json\/wp\/v2\/media?parent=20399"}],"curies":[{"name":"wp","href":"https:\/\/api.w.org\/{rel}","templated":true}]}}