{"id":20397,"date":"2025-07-25T12:05:10","date_gmt":"2025-07-25T12:05:10","guid":{"rendered":"https:\/\/www.clubdelemprendimiento.com\/blog\/noticia-corporativa\/grupo-moure-y-la-fundacion-cruyff-firman-un-acuerdo-para-promover-la-inclusion-social-a-traves-de-la-movilidad-sostenible\/"},"modified":"2025-07-25T12:05:10","modified_gmt":"2025-07-25T12:05:10","slug":"grupo-moure-y-la-fundacion-cruyff-firman-un-acuerdo-para-promover-la-inclusion-social-a-traves-de-la-movilidad-sostenible","status":"publish","type":"noticia-corporativa","link":"https:\/\/www.clubdelemprendimiento.com\/blog\/noticia-corporativa\/grupo-moure-y-la-fundacion-cruyff-firman-un-acuerdo-para-promover-la-inclusion-social-a-traves-de-la-movilidad-sostenible\/","title":{"rendered":"Grupo Moure y la Fundaci\u00f3n Cruyff firman un acuerdo para promover la inclusi\u00f3n social a trav\u00e9s de la movilidad sostenible"},"content":{"rendered":"<div>\n<p><a href=\"https:\/\/www.clubdelemprendimiento.com\/blog\/wp-content\/uploads\/2025\/07\/Imagen_firma_acuerdo_Grupo_Moure_y_Cruyff.jpg\" target=\"_blank\" class=\"fotonota\" rel=\"noopener\"> <img decoding=\"async\" src=\"https:\/\/www.clubdelemprendimiento.com\/blog\/wp-content\/uploads\/2025\/07\/Imagen_firma_acuerdo_Grupo_Moure_y_Cruyff.jpg\" style=\"max-width:600px;\" border=\"0\" class=\"postImage\" alt=\"\"><\/a><\/p>\n<p>Elefante Azul, del Grupo Moure, apoyar\u00e1 a la Fundaci\u00f3n Cruyff con servicios de mantenimiento sostenible para su flota. La colaboraci\u00f3n, vigente hasta junio de 2026, se basa en valores compartidos como inclusi\u00f3n, sostenibilidad y responsabilidad corporativa. Este acuerdo refuerza el compromiso institucional con el trabajo de la Fundaci\u00f3n, que promueve el deporte como herramienta de desarrollo para la infancia y la juventud<\/p>\n<p><\/p>\n<p>La movilidad y el deporte van de la mano gracias al nuevo acuerdo entre el holding <a href=\"https:\/\/grupomoure.com\/\" rel=\"nofollow\"><strong>Grupo Moure<\/strong><\/a> y la <a href=\"https:\/\/www.cruyff-foundation.org\/es\/\" rel=\"nofollow\"><strong>Fundaci\u00f3n Cruyff<\/strong><\/a>, entidad reconocida internacionalmente por su labor a favor de la inclusi\u00f3n social de ni\u00f1os, ni\u00f1as y j\u00f3venes con discapacidad y\/o en situaci\u00f3n de vulnerabilidad a trav\u00e9s del deporte.<\/p>\n<p>Ambas organizaciones han firmado un acuerdo de colaboraci\u00f3n por el cual <strong>Elefante Azul,<\/strong> compa\u00f1\u00eda perteneciente a Grupo Moure especializada en el lavado de coches, proporcionar\u00e1 <strong>tarjetas de lavado para uso exclusivo de los veh\u00edculos institucionales de la Fundaci\u00f3n Cruyff<\/strong>. Este acuerdo se traducir\u00e1 en una mejora directa del mantenimiento de la flota y en un impulso adicional a la visibilidad de los valores que promueve la Fundaci\u00f3n.<\/p>\n<p>El acuerdo <strong>estar\u00e1 vigente hasta el 30 de junio de 2026<\/strong>, y supone un paso m\u00e1s en el compromiso de Elefante Azul con la sostenibilidad y la responsabilidad social corporativa. La iniciativa forma parte de la <strong>estrategia de impacto positivo de Grupo Moure<\/strong>, holding empresarial con m\u00e1s de 30 a\u00f1os de experiencia, que tambi\u00e9n integra empresas como las estaciones de servicio <strong>Autonetoil<\/strong>, el fabricante de t\u00faneles de lavado <strong>Washnet<\/strong>, las tiendas inteligentes <strong>BIG FISH<\/strong> y la compa\u00f1\u00eda de day boats\u00a0<strong>Kumbra Yachts<\/strong>.<\/p>\n<p><strong>Apoyar a quienes marcan la diferencia<\/strong><br \/>\nEl objetivo de este acuerdo es proporcionar a la Fundaci\u00f3n Cruyff soluciones de mantenimiento ecol\u00f3gico para sus veh\u00edculos. \u00abCon este gesto, queremos facilitar el mantenimiento de sus veh\u00edculos de forma sostenible, eficiente y respetuosa con el medio ambiente, reforzando as\u00ed el\u00a0compromiso compartido con la responsabilidad social y el cuidado del medio ambiente\u00bb, destaca <strong>Manel Montero, director general de Grupo Moure<\/strong>.<\/p>\n<p>Con este gesto, <strong>Elefante Azul refuerza su identidad como empresa sensible<\/strong> y comprometida con causas que generan un impacto real. Seg\u00fan el directivo, la elecci\u00f3n de la fundaci\u00f3n creada por el exfutbolista y entrenador <strong>Johan Cruyff<\/strong> en 1995 fue porque ambas instituciones comparten valores \u00abcomo la inclusi\u00f3n, la superaci\u00f3n y el compromiso social. Su trabajo con ni\u00f1os, ni\u00f1as y j\u00f3venes en riesgo de exclusi\u00f3n a trav\u00e9s del deporte\u00a0inspira, y se puede\u00a0aportar un valor real combinando la\u00a0visi\u00f3n de la movilidad y la sostenibilidad\u00bb. \u00abAportamos un\u00a0granito de arena, facilitando una soluci\u00f3n de lavado eficiente y ecol\u00f3gica para los veh\u00edculos que la Fundaci\u00f3n utiliza en sus proyectos, contribuyendo as\u00ed a una movilidad m\u00e1s limpia y responsable\u00bb, sentencia Montero.<\/p>\n<\/div>\n","protected":false},"featured_media":20398,"template":"","meta":{"_acf_changed":false},"acf":[],"yoast_head":"<!-- This site is optimized with the Yoast SEO plugin v22.7 - https:\/\/yoast.com\/wordpress\/plugins\/seo\/ -->\n<title>Grupo Moure y la Fundaci\u00f3n Cruyff firman un acuerdo para promover la inclusi\u00f3n social a trav\u00e9s de la movilidad sostenible - Blog Club del Emprendimiento<\/title>\n<meta name=\"robots\" content=\"index, follow, max-snippet:-1, max-image-preview:large, max-video-preview:-1\" \/>\n<link rel=\"canonical\" href=\"https:\/\/www.clubdelemprendimiento.com\/blog\/noticia-corporativa\/grupo-moure-y-la-fundacion-cruyff-firman-un-acuerdo-para-promover-la-inclusion-social-a-traves-de-la-movilidad-sostenible\/\" \/>\n<meta property=\"og:locale\" content=\"es_ES\" \/>\n<meta property=\"og:type\" content=\"article\" \/>\n<meta property=\"og:title\" content=\"Grupo Moure y la Fundaci\u00f3n Cruyff firman un acuerdo para promover la inclusi\u00f3n social a trav\u00e9s de la movilidad sostenible - Blog Club del Emprendimiento\" \/>\n<meta property=\"og:description\" content=\"Elefante Azul, del Grupo Moure, apoyar\u00e1 a la Fundaci\u00f3n Cruyff con servicios de mantenimiento&hellip;\" \/>\n<meta property=\"og:url\" content=\"https:\/\/www.clubdelemprendimiento.com\/blog\/noticia-corporativa\/grupo-moure-y-la-fundacion-cruyff-firman-un-acuerdo-para-promover-la-inclusion-social-a-traves-de-la-movilidad-sostenible\/\" \/>\n<meta property=\"og:site_name\" content=\"Blog Club del Emprendimiento\" \/>\n<meta property=\"og:image\" content=\"https:\/\/www.clubdelemprendimiento.com\/blog\/wp-content\/uploads\/2025\/07\/Imagen_firma_acuerdo_Grupo_Moure_y_Cruyff.jpg\" \/>\n<meta name=\"twitter:card\" content=\"summary_large_image\" \/>\n<meta name=\"twitter:label1\" content=\"Tiempo de lectura\" \/>\n\t<meta name=\"twitter:data1\" content=\"2 minutos\" \/>\n<script type=\"application\/ld+json\" class=\"yoast-schema-graph\">{\"@context\":\"https:\/\/schema.org\",\"@graph\":[{\"@type\":\"WebPage\",\"@id\":\"https:\/\/www.clubdelemprendimiento.com\/blog\/noticia-corporativa\/grupo-moure-y-la-fundacion-cruyff-firman-un-acuerdo-para-promover-la-inclusion-social-a-traves-de-la-movilidad-sostenible\/\",\"url\":\"https:\/\/www.clubdelemprendimiento.com\/blog\/noticia-corporativa\/grupo-moure-y-la-fundacion-cruyff-firman-un-acuerdo-para-promover-la-inclusion-social-a-traves-de-la-movilidad-sostenible\/\",\"name\":\"Grupo Moure y la Fundaci\u00f3n Cruyff firman un acuerdo para promover la inclusi\u00f3n social a trav\u00e9s de la movilidad sostenible - Blog Club del Emprendimiento\",\"isPartOf\":{\"@id\":\"https:\/\/www.clubdelemprendimiento.com\/blog\/#website\"},\"primaryImageOfPage\":{\"@id\":\"https:\/\/www.clubdelemprendimiento.com\/blog\/noticia-corporativa\/grupo-moure-y-la-fundacion-cruyff-firman-un-acuerdo-para-promover-la-inclusion-social-a-traves-de-la-movilidad-sostenible\/#primaryimage\"},\"image\":{\"@id\":\"https:\/\/www.clubdelemprendimiento.com\/blog\/noticia-corporativa\/grupo-moure-y-la-fundacion-cruyff-firman-un-acuerdo-para-promover-la-inclusion-social-a-traves-de-la-movilidad-sostenible\/#primaryimage\"},\"thumbnailUrl\":\"https:\/\/www.clubdelemprendimiento.com\/blog\/wp-content\/uploads\/2025\/07\/Imagen_firma_acuerdo_Grupo_Moure_y_Cruyff.jpg\",\"datePublished\":\"2025-07-25T12:05:10+00:00\",\"dateModified\":\"2025-07-25T12:05:10+00:00\",\"breadcrumb\":{\"@id\":\"https:\/\/www.clubdelemprendimiento.com\/blog\/noticia-corporativa\/grupo-moure-y-la-fundacion-cruyff-firman-un-acuerdo-para-promover-la-inclusion-social-a-traves-de-la-movilidad-sostenible\/#breadcrumb\"},\"inLanguage\":\"es\",\"potentialAction\":[{\"@type\":\"ReadAction\",\"target\":[\"https:\/\/www.clubdelemprendimiento.com\/blog\/noticia-corporativa\/grupo-moure-y-la-fundacion-cruyff-firman-un-acuerdo-para-promover-la-inclusion-social-a-traves-de-la-movilidad-sostenible\/\"]}]},{\"@type\":\"ImageObject\",\"inLanguage\":\"es\",\"@id\":\"https:\/\/www.clubdelemprendimiento.com\/blog\/noticia-corporativa\/grupo-moure-y-la-fundacion-cruyff-firman-un-acuerdo-para-promover-la-inclusion-social-a-traves-de-la-movilidad-sostenible\/#primaryimage\",\"url\":\"https:\/\/www.clubdelemprendimiento.com\/blog\/wp-content\/uploads\/2025\/07\/Imagen_firma_acuerdo_Grupo_Moure_y_Cruyff.jpg\",\"contentUrl\":\"https:\/\/www.clubdelemprendimiento.com\/blog\/wp-content\/uploads\/2025\/07\/Imagen_firma_acuerdo_Grupo_Moure_y_Cruyff.jpg\",\"width\":2419,\"height\":1814},{\"@type\":\"BreadcrumbList\",\"@id\":\"https:\/\/www.clubdelemprendimiento.com\/blog\/noticia-corporativa\/grupo-moure-y-la-fundacion-cruyff-firman-un-acuerdo-para-promover-la-inclusion-social-a-traves-de-la-movilidad-sostenible\/#breadcrumb\",\"itemListElement\":[{\"@type\":\"ListItem\",\"position\":1,\"name\":\"Home\",\"item\":\"https:\/\/www.clubdelemprendimiento.com\/blog\/\"},{\"@type\":\"ListItem\",\"position\":2,\"name\":\"Noticias Corporativas\",\"item\":\"https:\/\/www.clubdelemprendimiento.com\/blog\/noticias-corporativas\/\"},{\"@type\":\"ListItem\",\"position\":3,\"name\":\"Grupo Moure y la Fundaci\u00f3n Cruyff firman un acuerdo para promover la inclusi\u00f3n social a trav\u00e9s de la movilidad sostenible\"}]},{\"@type\":\"WebSite\",\"@id\":\"https:\/\/www.clubdelemprendimiento.com\/blog\/#website\",\"url\":\"https:\/\/www.clubdelemprendimiento.com\/blog\/\",\"name\":\"Blog Club del Emprendimiento\",\"description\":\"\",\"potentialAction\":[{\"@type\":\"SearchAction\",\"target\":{\"@type\":\"EntryPoint\",\"urlTemplate\":\"https:\/\/www.clubdelemprendimiento.com\/blog\/?s={search_term_string}\"},\"query-input\":\"required name=search_term_string\"}],\"inLanguage\":\"es\"}]}<\/script>\n<!-- \/ Yoast SEO plugin. -->","yoast_head_json":{"title":"Grupo Moure y la Fundaci\u00f3n Cruyff firman un acuerdo para promover la inclusi\u00f3n social a trav\u00e9s de la movilidad sostenible - Blog Club del Emprendimiento","robots":{"index":"index","follow":"follow","max-snippet":"max-snippet:-1","max-image-preview":"max-image-preview:large","max-video-preview":"max-video-preview:-1"},"canonical":"https:\/\/www.clubdelemprendimiento.com\/blog\/noticia-corporativa\/grupo-moure-y-la-fundacion-cruyff-firman-un-acuerdo-para-promover-la-inclusion-social-a-traves-de-la-movilidad-sostenible\/","og_locale":"es_ES","og_type":"article","og_title":"Grupo Moure y la Fundaci\u00f3n Cruyff firman un acuerdo para promover la inclusi\u00f3n social a trav\u00e9s de la movilidad sostenible - Blog Club del Emprendimiento","og_description":"Elefante Azul, del Grupo Moure, apoyar\u00e1 a la Fundaci\u00f3n Cruyff con servicios de mantenimiento&hellip;","og_url":"https:\/\/www.clubdelemprendimiento.com\/blog\/noticia-corporativa\/grupo-moure-y-la-fundacion-cruyff-firman-un-acuerdo-para-promover-la-inclusion-social-a-traves-de-la-movilidad-sostenible\/","og_site_name":"Blog Club del Emprendimiento","og_image":[{"url":"https:\/\/www.clubdelemprendimiento.com\/blog\/wp-content\/uploads\/2025\/07\/Imagen_firma_acuerdo_Grupo_Moure_y_Cruyff.jpg"}],"twitter_card":"summary_large_image","twitter_misc":{"Tiempo de lectura":"2 minutos"},"schema":{"@context":"https:\/\/schema.org","@graph":[{"@type":"WebPage","@id":"https:\/\/www.clubdelemprendimiento.com\/blog\/noticia-corporativa\/grupo-moure-y-la-fundacion-cruyff-firman-un-acuerdo-para-promover-la-inclusion-social-a-traves-de-la-movilidad-sostenible\/","url":"https:\/\/www.clubdelemprendimiento.com\/blog\/noticia-corporativa\/grupo-moure-y-la-fundacion-cruyff-firman-un-acuerdo-para-promover-la-inclusion-social-a-traves-de-la-movilidad-sostenible\/","name":"Grupo Moure y la Fundaci\u00f3n Cruyff firman un acuerdo para promover la inclusi\u00f3n social a trav\u00e9s de la movilidad sostenible - Blog Club del Emprendimiento","isPartOf":{"@id":"https:\/\/www.clubdelemprendimiento.com\/blog\/#website"},"primaryImageOfPage":{"@id":"https:\/\/www.clubdelemprendimiento.com\/blog\/noticia-corporativa\/grupo-moure-y-la-fundacion-cruyff-firman-un-acuerdo-para-promover-la-inclusion-social-a-traves-de-la-movilidad-sostenible\/#primaryimage"},"image":{"@id":"https:\/\/www.clubdelemprendimiento.com\/blog\/noticia-corporativa\/grupo-moure-y-la-fundacion-cruyff-firman-un-acuerdo-para-promover-la-inclusion-social-a-traves-de-la-movilidad-sostenible\/#primaryimage"},"thumbnailUrl":"https:\/\/www.clubdelemprendimiento.com\/blog\/wp-content\/uploads\/2025\/07\/Imagen_firma_acuerdo_Grupo_Moure_y_Cruyff.jpg","datePublished":"2025-07-25T12:05:10+00:00","dateModified":"2025-07-25T12:05:10+00:00","breadcrumb":{"@id":"https:\/\/www.clubdelemprendimiento.com\/blog\/noticia-corporativa\/grupo-moure-y-la-fundacion-cruyff-firman-un-acuerdo-para-promover-la-inclusion-social-a-traves-de-la-movilidad-sostenible\/#breadcrumb"},"inLanguage":"es","potentialAction":[{"@type":"ReadAction","target":["https:\/\/www.clubdelemprendimiento.com\/blog\/noticia-corporativa\/grupo-moure-y-la-fundacion-cruyff-firman-un-acuerdo-para-promover-la-inclusion-social-a-traves-de-la-movilidad-sostenible\/"]}]},{"@type":"ImageObject","inLanguage":"es","@id":"https:\/\/www.clubdelemprendimiento.com\/blog\/noticia-corporativa\/grupo-moure-y-la-fundacion-cruyff-firman-un-acuerdo-para-promover-la-inclusion-social-a-traves-de-la-movilidad-sostenible\/#primaryimage","url":"https:\/\/www.clubdelemprendimiento.com\/blog\/wp-content\/uploads\/2025\/07\/Imagen_firma_acuerdo_Grupo_Moure_y_Cruyff.jpg","contentUrl":"https:\/\/www.clubdelemprendimiento.com\/blog\/wp-content\/uploads\/2025\/07\/Imagen_firma_acuerdo_Grupo_Moure_y_Cruyff.jpg","width":2419,"height":1814},{"@type":"BreadcrumbList","@id":"https:\/\/www.clubdelemprendimiento.com\/blog\/noticia-corporativa\/grupo-moure-y-la-fundacion-cruyff-firman-un-acuerdo-para-promover-la-inclusion-social-a-traves-de-la-movilidad-sostenible\/#breadcrumb","itemListElement":[{"@type":"ListItem","position":1,"name":"Home","item":"https:\/\/www.clubdelemprendimiento.com\/blog\/"},{"@type":"ListItem","position":2,"name":"Noticias Corporativas","item":"https:\/\/www.clubdelemprendimiento.com\/blog\/noticias-corporativas\/"},{"@type":"ListItem","position":3,"name":"Grupo Moure y la Fundaci\u00f3n Cruyff firman un acuerdo para promover la inclusi\u00f3n social a trav\u00e9s de la movilidad sostenible"}]},{"@type":"WebSite","@id":"https:\/\/www.clubdelemprendimiento.com\/blog\/#website","url":"https:\/\/www.clubdelemprendimiento.com\/blog\/","name":"Blog Club del Emprendimiento","description":"","potentialAction":[{"@type":"SearchAction","target":{"@type":"EntryPoint","urlTemplate":"https:\/\/www.clubdelemprendimiento.com\/blog\/?s={search_term_string}"},"query-input":"required name=search_term_string"}],"inLanguage":"es"}]}},"_links":{"self":[{"href":"https:\/\/www.clubdelemprendimiento.com\/blog\/wp-json\/wp\/v2\/noticia-corporativa\/20397"}],"collection":[{"href":"https:\/\/www.clubdelemprendimiento.com\/blog\/wp-json\/wp\/v2\/noticia-corporativa"}],"about":[{"href":"https:\/\/www.clubdelemprendimiento.com\/blog\/wp-json\/wp\/v2\/types\/noticia-corporativa"}],"wp:featuredmedia":[{"embeddable":true,"href":"https:\/\/www.clubdelemprendimiento.com\/blog\/wp-json\/wp\/v2\/media\/20398"}],"wp:attachment":[{"href":"https:\/\/www.clubdelemprendimiento.com\/blog\/wp-json\/wp\/v2\/media?parent=20397"}],"curies":[{"name":"wp","href":"https:\/\/api.w.org\/{rel}","templated":true}]}}