{"id":20393,"date":"2025-07-25T11:04:39","date_gmt":"2025-07-25T11:04:39","guid":{"rendered":"https:\/\/www.clubdelemprendimiento.com\/blog\/noticia-corporativa\/air-europa-moderniza-su-flota-con-vision-sostenible-y-digital\/"},"modified":"2025-07-25T11:04:39","modified_gmt":"2025-07-25T11:04:39","slug":"air-europa-moderniza-su-flota-con-vision-sostenible-y-digital","status":"publish","type":"noticia-corporativa","link":"https:\/\/www.clubdelemprendimiento.com\/blog\/noticia-corporativa\/air-europa-moderniza-su-flota-con-vision-sostenible-y-digital\/","title":{"rendered":"Air Europa moderniza su flota con visi\u00f3n sostenible y digital"},"content":{"rendered":"<div>\n<p><a href=\"https:\/\/www.clubdelemprendimiento.com\/blog\/wp-content\/uploads\/2025\/07\/image-20250717-090147-183.jpeg\" target=\"_blank\" class=\"fotonota\" rel=\"noopener\"> <img decoding=\"async\" src=\"https:\/\/www.clubdelemprendimiento.com\/blog\/wp-content\/uploads\/2025\/07\/image-20250717-090147-183.jpeg\" style=\"max-width:600px;\" border=\"0\" class=\"postImage\" alt=\"\"><\/a><\/p>\n<p>Innovaci\u00f3n en vuelo: as\u00ed se transforma Air Europa hacia un futuro eficiente<\/p>\n<p><\/p>\n<p><a href=\"https:\/\/www.aireuropa.com\/es\/es\/home\" rel=\"nofollow\">Air Europa<\/a> contin\u00faa avanzando en su estrategia de modernizaci\u00f3n y sostenibilidad con la incorporaci\u00f3n de aeronaves de \u00faltima generaci\u00f3n y la adopci\u00f3n de soluciones tecnol\u00f3gicas que optimizan su operativa.\u00a0<\/p>\n<p>Esta transformaci\u00f3n no solo refuerza su eficiencia operativa, sino que tambi\u00e9n consolida su compromiso con un modelo de aviaci\u00f3n m\u00e1s responsable y alineado con los retos del presente y del futuro.<\/p>\n<p>Uno de los pilares fundamentales del plan estrat\u00e9gico de Air Europa es la renovaci\u00f3n de su flota en torno a modelos Boeing de nueva generaci\u00f3n. En los \u00faltimos a\u00f1os, la compa\u00f1\u00eda ha apostado por el <strong>Boeing 787 Dreamliner<\/strong> para las rutas de largo radio y el <strong>Boeing 737 MAX<\/strong> para trayectos de corto y medio alcance, modelos que destacan por su eficiencia energ\u00e9tica y bajo impacto ambiental.<\/p>\n<p>Seg\u00fan datos oficiales de la aerol\u00ednea, estos aviones permiten una <strong>reducci\u00f3n de hasta un 25\u202f% en el consumo de combustible y las emisiones<\/strong> en comparaci\u00f3n con modelos anteriores, adem\u00e1s de minimizar en un <strong>60\u202f% el impacto ac\u00fastico<\/strong>.\u00a0<\/p>\n<p>Esta renovaci\u00f3n ha contribuido de manera decisiva a que Air Europa lograra una reducci\u00f3n acumulada del <strong>21\u202f% en sus emisiones de CO\u2082 desde 2015<\/strong>, tal como refleja su balance de sostenibilidad m\u00e1s reciente.<\/p>\n<p>En el marco de su apuesta por una flota m\u00e1s sostenible, en 2024 la aerol\u00ednea ha sumado <strong>tres nuevos Boeing 787 Dreamliner<\/strong> y ha incorporado <strong>su primer Boeing 737 MAX<\/strong>, que ya opera en rutas europeas y nacionales. Estas aeronaves no solo optimizan el consumo y reducen la huella de carbono, sino que tambi\u00e9n ofrecen una experiencia de vuelo m\u00e1s silenciosa, eficiente y confortable para el pasajero.<\/p>\n<p>Adem\u00e1s de la renovaci\u00f3n de flota, Air Europa ha integrado tecnolog\u00edas inteligentes que permiten una operaci\u00f3n m\u00e1s eficiente. Un ejemplo es el sistema <strong>OptiClimb<\/strong>, una soluci\u00f3n desarrollada por Safety Line que calcula la velocidad de ascenso \u00f3ptima de cada vuelo para reducir el consumo de combustible en esta fase cr\u00edtica del trayecto.<\/p>\n<p>Asimismo, se han implementado procedimientos como el <strong>taxiado con un solo motor (SETO y SETI)<\/strong> en tierra y se ha renovado parte de la flota terrestre por veh\u00edculos el\u00e9ctricos, aprovechando la infraestructura de recarga disponible en los principales aeropuertos espa\u00f1oles.<\/p>\n<p>La innovaci\u00f3n tecnol\u00f3gica tambi\u00e9n se extiende a la experiencia del cliente. Air Europa ha incorporado <strong>biometr\u00eda para embarque<\/strong>, <strong>mejoras en su app m\u00f3vil<\/strong>, y <strong>automatizaci\u00f3n de procesos<\/strong> que facilitan el check-in, el embarque y la atenci\u00f3n post-vuelo, reduciendo tiempos de espera y optimizando la gesti\u00f3n operativa.<\/p>\n<p>Este proceso de modernizaci\u00f3n forma parte de <strong>Vuelo 2030<\/strong>, el plan estrat\u00e9gico de sostenibilidad de Air Europa, que agrupa m\u00e1s de 40 iniciativas en los \u00e1mbitos medioambiental, operativo y social. La aerol\u00ednea se ha propuesto <strong>reducir un 30\u202f% sus emisiones para el a\u00f1o 2030<\/strong>, en l\u00ednea con los objetivos de descarbonizaci\u00f3n del sector a\u00e9reo europeo.<\/p>\n<p>Como parte del grupo Globalia, esta transformaci\u00f3n cuenta con el respaldo estrat\u00e9gico de <strong>Javier Hidalgo<\/strong>, quien ha subrayado en distintas ocasiones que \u00ab<strong>la sostenibilidad y la eficiencia no solo son compatibles<\/strong>, sino imprescindibles para el futuro de la aviaci\u00f3n\u00bb.<\/p>\n<\/div>\n","protected":false},"featured_media":20394,"template":"","meta":{"_acf_changed":false},"acf":[],"yoast_head":"<!-- This site is optimized with the Yoast SEO plugin v22.7 - https:\/\/yoast.com\/wordpress\/plugins\/seo\/ -->\n<title>Air Europa moderniza su flota con visi\u00f3n sostenible y digital - Blog Club del Emprendimiento<\/title>\n<meta name=\"robots\" content=\"index, follow, max-snippet:-1, max-image-preview:large, max-video-preview:-1\" \/>\n<link rel=\"canonical\" href=\"https:\/\/www.clubdelemprendimiento.com\/blog\/noticia-corporativa\/air-europa-moderniza-su-flota-con-vision-sostenible-y-digital\/\" \/>\n<meta property=\"og:locale\" content=\"es_ES\" \/>\n<meta property=\"og:type\" content=\"article\" \/>\n<meta property=\"og:title\" content=\"Air Europa moderniza su flota con visi\u00f3n sostenible y digital - Blog Club del Emprendimiento\" \/>\n<meta property=\"og:description\" content=\"Innovaci\u00f3n en vuelo: as\u00ed se transforma Air Europa hacia un futuro eficiente Air Europa&hellip;\" \/>\n<meta property=\"og:url\" content=\"https:\/\/www.clubdelemprendimiento.com\/blog\/noticia-corporativa\/air-europa-moderniza-su-flota-con-vision-sostenible-y-digital\/\" \/>\n<meta property=\"og:site_name\" content=\"Blog Club del Emprendimiento\" \/>\n<meta property=\"og:image\" content=\"https:\/\/www.clubdelemprendimiento.com\/blog\/wp-content\/uploads\/2025\/07\/image-20250717-090147-183.jpeg\" \/>\n<meta name=\"twitter:card\" content=\"summary_large_image\" \/>\n<meta name=\"twitter:label1\" content=\"Tiempo de lectura\" \/>\n\t<meta name=\"twitter:data1\" content=\"3 minutos\" \/>\n<script type=\"application\/ld+json\" class=\"yoast-schema-graph\">{\"@context\":\"https:\/\/schema.org\",\"@graph\":[{\"@type\":\"WebPage\",\"@id\":\"https:\/\/www.clubdelemprendimiento.com\/blog\/noticia-corporativa\/air-europa-moderniza-su-flota-con-vision-sostenible-y-digital\/\",\"url\":\"https:\/\/www.clubdelemprendimiento.com\/blog\/noticia-corporativa\/air-europa-moderniza-su-flota-con-vision-sostenible-y-digital\/\",\"name\":\"Air Europa moderniza su flota con visi\u00f3n sostenible y digital - Blog Club del Emprendimiento\",\"isPartOf\":{\"@id\":\"https:\/\/www.clubdelemprendimiento.com\/blog\/#website\"},\"primaryImageOfPage\":{\"@id\":\"https:\/\/www.clubdelemprendimiento.com\/blog\/noticia-corporativa\/air-europa-moderniza-su-flota-con-vision-sostenible-y-digital\/#primaryimage\"},\"image\":{\"@id\":\"https:\/\/www.clubdelemprendimiento.com\/blog\/noticia-corporativa\/air-europa-moderniza-su-flota-con-vision-sostenible-y-digital\/#primaryimage\"},\"thumbnailUrl\":\"https:\/\/www.clubdelemprendimiento.com\/blog\/wp-content\/uploads\/2025\/07\/image-20250717-090147-183.jpeg\",\"datePublished\":\"2025-07-25T11:04:39+00:00\",\"dateModified\":\"2025-07-25T11:04:39+00:00\",\"breadcrumb\":{\"@id\":\"https:\/\/www.clubdelemprendimiento.com\/blog\/noticia-corporativa\/air-europa-moderniza-su-flota-con-vision-sostenible-y-digital\/#breadcrumb\"},\"inLanguage\":\"es\",\"potentialAction\":[{\"@type\":\"ReadAction\",\"target\":[\"https:\/\/www.clubdelemprendimiento.com\/blog\/noticia-corporativa\/air-europa-moderniza-su-flota-con-vision-sostenible-y-digital\/\"]}]},{\"@type\":\"ImageObject\",\"inLanguage\":\"es\",\"@id\":\"https:\/\/www.clubdelemprendimiento.com\/blog\/noticia-corporativa\/air-europa-moderniza-su-flota-con-vision-sostenible-y-digital\/#primaryimage\",\"url\":\"https:\/\/www.clubdelemprendimiento.com\/blog\/wp-content\/uploads\/2025\/07\/image-20250717-090147-183.jpeg\",\"contentUrl\":\"https:\/\/www.clubdelemprendimiento.com\/blog\/wp-content\/uploads\/2025\/07\/image-20250717-090147-183.jpeg\",\"width\":1600,\"height\":1066},{\"@type\":\"BreadcrumbList\",\"@id\":\"https:\/\/www.clubdelemprendimiento.com\/blog\/noticia-corporativa\/air-europa-moderniza-su-flota-con-vision-sostenible-y-digital\/#breadcrumb\",\"itemListElement\":[{\"@type\":\"ListItem\",\"position\":1,\"name\":\"Home\",\"item\":\"https:\/\/www.clubdelemprendimiento.com\/blog\/\"},{\"@type\":\"ListItem\",\"position\":2,\"name\":\"Noticias Corporativas\",\"item\":\"https:\/\/www.clubdelemprendimiento.com\/blog\/noticias-corporativas\/\"},{\"@type\":\"ListItem\",\"position\":3,\"name\":\"Air Europa moderniza su flota con visi\u00f3n sostenible y digital\"}]},{\"@type\":\"WebSite\",\"@id\":\"https:\/\/www.clubdelemprendimiento.com\/blog\/#website\",\"url\":\"https:\/\/www.clubdelemprendimiento.com\/blog\/\",\"name\":\"Blog Club del Emprendimiento\",\"description\":\"\",\"potentialAction\":[{\"@type\":\"SearchAction\",\"target\":{\"@type\":\"EntryPoint\",\"urlTemplate\":\"https:\/\/www.clubdelemprendimiento.com\/blog\/?s={search_term_string}\"},\"query-input\":\"required name=search_term_string\"}],\"inLanguage\":\"es\"}]}<\/script>\n<!-- \/ Yoast SEO plugin. -->","yoast_head_json":{"title":"Air Europa moderniza su flota con visi\u00f3n sostenible y digital - Blog Club del Emprendimiento","robots":{"index":"index","follow":"follow","max-snippet":"max-snippet:-1","max-image-preview":"max-image-preview:large","max-video-preview":"max-video-preview:-1"},"canonical":"https:\/\/www.clubdelemprendimiento.com\/blog\/noticia-corporativa\/air-europa-moderniza-su-flota-con-vision-sostenible-y-digital\/","og_locale":"es_ES","og_type":"article","og_title":"Air Europa moderniza su flota con visi\u00f3n sostenible y digital - Blog Club del Emprendimiento","og_description":"Innovaci\u00f3n en vuelo: as\u00ed se transforma Air Europa hacia un futuro eficiente Air Europa&hellip;","og_url":"https:\/\/www.clubdelemprendimiento.com\/blog\/noticia-corporativa\/air-europa-moderniza-su-flota-con-vision-sostenible-y-digital\/","og_site_name":"Blog Club del Emprendimiento","og_image":[{"url":"https:\/\/www.clubdelemprendimiento.com\/blog\/wp-content\/uploads\/2025\/07\/image-20250717-090147-183.jpeg"}],"twitter_card":"summary_large_image","twitter_misc":{"Tiempo de lectura":"3 minutos"},"schema":{"@context":"https:\/\/schema.org","@graph":[{"@type":"WebPage","@id":"https:\/\/www.clubdelemprendimiento.com\/blog\/noticia-corporativa\/air-europa-moderniza-su-flota-con-vision-sostenible-y-digital\/","url":"https:\/\/www.clubdelemprendimiento.com\/blog\/noticia-corporativa\/air-europa-moderniza-su-flota-con-vision-sostenible-y-digital\/","name":"Air Europa moderniza su flota con visi\u00f3n sostenible y digital - Blog Club del Emprendimiento","isPartOf":{"@id":"https:\/\/www.clubdelemprendimiento.com\/blog\/#website"},"primaryImageOfPage":{"@id":"https:\/\/www.clubdelemprendimiento.com\/blog\/noticia-corporativa\/air-europa-moderniza-su-flota-con-vision-sostenible-y-digital\/#primaryimage"},"image":{"@id":"https:\/\/www.clubdelemprendimiento.com\/blog\/noticia-corporativa\/air-europa-moderniza-su-flota-con-vision-sostenible-y-digital\/#primaryimage"},"thumbnailUrl":"https:\/\/www.clubdelemprendimiento.com\/blog\/wp-content\/uploads\/2025\/07\/image-20250717-090147-183.jpeg","datePublished":"2025-07-25T11:04:39+00:00","dateModified":"2025-07-25T11:04:39+00:00","breadcrumb":{"@id":"https:\/\/www.clubdelemprendimiento.com\/blog\/noticia-corporativa\/air-europa-moderniza-su-flota-con-vision-sostenible-y-digital\/#breadcrumb"},"inLanguage":"es","potentialAction":[{"@type":"ReadAction","target":["https:\/\/www.clubdelemprendimiento.com\/blog\/noticia-corporativa\/air-europa-moderniza-su-flota-con-vision-sostenible-y-digital\/"]}]},{"@type":"ImageObject","inLanguage":"es","@id":"https:\/\/www.clubdelemprendimiento.com\/blog\/noticia-corporativa\/air-europa-moderniza-su-flota-con-vision-sostenible-y-digital\/#primaryimage","url":"https:\/\/www.clubdelemprendimiento.com\/blog\/wp-content\/uploads\/2025\/07\/image-20250717-090147-183.jpeg","contentUrl":"https:\/\/www.clubdelemprendimiento.com\/blog\/wp-content\/uploads\/2025\/07\/image-20250717-090147-183.jpeg","width":1600,"height":1066},{"@type":"BreadcrumbList","@id":"https:\/\/www.clubdelemprendimiento.com\/blog\/noticia-corporativa\/air-europa-moderniza-su-flota-con-vision-sostenible-y-digital\/#breadcrumb","itemListElement":[{"@type":"ListItem","position":1,"name":"Home","item":"https:\/\/www.clubdelemprendimiento.com\/blog\/"},{"@type":"ListItem","position":2,"name":"Noticias Corporativas","item":"https:\/\/www.clubdelemprendimiento.com\/blog\/noticias-corporativas\/"},{"@type":"ListItem","position":3,"name":"Air Europa moderniza su flota con visi\u00f3n sostenible y digital"}]},{"@type":"WebSite","@id":"https:\/\/www.clubdelemprendimiento.com\/blog\/#website","url":"https:\/\/www.clubdelemprendimiento.com\/blog\/","name":"Blog Club del Emprendimiento","description":"","potentialAction":[{"@type":"SearchAction","target":{"@type":"EntryPoint","urlTemplate":"https:\/\/www.clubdelemprendimiento.com\/blog\/?s={search_term_string}"},"query-input":"required name=search_term_string"}],"inLanguage":"es"}]}},"_links":{"self":[{"href":"https:\/\/www.clubdelemprendimiento.com\/blog\/wp-json\/wp\/v2\/noticia-corporativa\/20393"}],"collection":[{"href":"https:\/\/www.clubdelemprendimiento.com\/blog\/wp-json\/wp\/v2\/noticia-corporativa"}],"about":[{"href":"https:\/\/www.clubdelemprendimiento.com\/blog\/wp-json\/wp\/v2\/types\/noticia-corporativa"}],"wp:featuredmedia":[{"embeddable":true,"href":"https:\/\/www.clubdelemprendimiento.com\/blog\/wp-json\/wp\/v2\/media\/20394"}],"wp:attachment":[{"href":"https:\/\/www.clubdelemprendimiento.com\/blog\/wp-json\/wp\/v2\/media?parent=20393"}],"curies":[{"name":"wp","href":"https:\/\/api.w.org\/{rel}","templated":true}]}}