{"id":20387,"date":"2025-07-25T09:04:58","date_gmt":"2025-07-25T09:04:58","guid":{"rendered":"https:\/\/www.clubdelemprendimiento.com\/blog\/noticia-corporativa\/jab-jovenes-arquitectos-de-albacete-retoma-su-actividad-con-energia-renovada\/"},"modified":"2025-07-25T09:04:58","modified_gmt":"2025-07-25T09:04:58","slug":"jab-jovenes-arquitectos-de-albacete-retoma-su-actividad-con-energia-renovada","status":"publish","type":"noticia-corporativa","link":"https:\/\/www.clubdelemprendimiento.com\/blog\/noticia-corporativa\/jab-jovenes-arquitectos-de-albacete-retoma-su-actividad-con-energia-renovada\/","title":{"rendered":"JAB, J\u00f3venes Arquitectos de Albacete, retoma su actividad con energ\u00eda renovada"},"content":{"rendered":"<div>\n<p><a href=\"https:\/\/www.clubdelemprendimiento.com\/blog\/wp-content\/uploads\/2025\/07\/CICLO_DE_CONFERENCIAS_JAB_Conferencia_fue_impartida_por_Mara_Jos_Marcos_directora_del_Estudio_de_Arquitectura_MAGICARCH_Turbulencias_en_la_gran_escala.jpg\" target=\"_blank\" class=\"fotonota\" rel=\"noopener\"> <img decoding=\"async\" src=\"https:\/\/www.clubdelemprendimiento.com\/blog\/wp-content\/uploads\/2025\/07\/CICLO_DE_CONFERENCIAS_JAB_Conferencia_fue_impartida_por_Mara_Jos_Marcos_directora_del_Estudio_de_Arquitectura_MAGICARCH_Turbulencias_en_la_gran_escala.jpg\" style=\"max-width:600px;\" border=\"0\" class=\"postImage\" alt=\"\"><\/a><\/p>\n<p>Tras a\u00f1os de silencio forzado por la pandemia, el grupo JAB (J\u00f3venes Arquitectos de Albacete) vuelve a escena con impulso renovado. Con una trayectoria marcada, a partir de 2017, por la innovaci\u00f3n, el trabajo colaborativo y la apertura a nuevas formas de entender la arquitectura, JAB retoma su actividad con el objetivo de dinamizar la vida colegial y abrir nuevos espacios de participaci\u00f3n para las generaciones m\u00e1s j\u00f3venes<\/p>\n<p><\/p>\n<p>El grupo <strong>JAB, J\u00f3venes Arquitectos de Albacete<\/strong>, vuelve a la escena con fuerza renovada tras el par\u00f3n en su actividad provocado por la pandemia. Nacido en 2017 a iniciativa de la demarcaci\u00f3n del <strong>Colegio de Arquitectos de Castilla-La Mancha en Albacete<\/strong>, y concretamente de su entonces secretaria, Conchi Ponce, este colectivo surgi\u00f3 con el prop\u00f3sito claro de abrir nuevos espacios de participaci\u00f3n, reflexi\u00f3n y acci\u00f3n para la arquitectura joven, apostando por formatos m\u00e1s frescos, colaborativos y abiertos a la ciudad que les son naturales por edad.<\/p>\n<p>Seg\u00fan explica <strong>Blanca Belmonte, miembro del JAB desde su formaci\u00f3n<\/strong>, \u00abnuestra actividad comenz\u00f3 en 2017, como una propuesta para canalizar la voz de los j\u00f3venes arquitectos en diferentes actividades, como los presupuestos participativos del Ayuntamiento de Albacete\u00bb. A partir de ese momento, se convirti\u00f3 en una plataforma viva, con conferencias, cine, talleres y viajes que buscaban ampliar el espectro de lo que puede ser la arquitectura desde una mirada joven, comprometida y activa.<\/p>\n<p>Durante sus primeros a\u00f1os, el grupo organiz\u00f3 un ciclo documental con pel\u00edculas como <strong><em>Urbanized<\/em><\/strong> o <strong><em>The Human Scale<\/em><\/strong> que se proyectaron en la sede de la demarcaci\u00f3n albacete\u00f1a del COACM, talleres tan innovadores como el de videomapping \u2014una t\u00e9cnica que permite proyectar im\u00e1genes sobre superficies arquitect\u00f3nicas generando montajes lum\u00ednicos de alto impacto\u2014, y charlas con estudios punteros como <strong>Play Studio, El Fabricante de Espheras o Los Bandidos<\/strong>. Tambi\u00e9n impulsaron propuestas urbanas que llegaron a materializarse, como el acondicionamiento de un solar municipal para ampliar el parque infantil junto al Ayuntamiento de Albacete, fruto, precisamente, de su implicaci\u00f3n en los presupuestos participativos.<\/p>\n<p>\u00abQuer\u00edamos salirnos del canon habitual del Colegio, o mejor dicho, complementarlo desde nuestra perspectiva\u00bb, se\u00f1ala Belmonte, que lo resume en una frase muy gr\u00e1fica: \u00abcambiar el vino por la cerveza, invitar a estudios de nuestra generaci\u00f3n, hablar de videojuegos, ilustraci\u00f3n, urbanismo t\u00e1ctico o instalaciones ef\u00edmeras. En una palabra, crear comunidad\u00bb, a\u00f1ade.<\/p>\n<p>En diciembre de 2019, poco antes del par\u00f3n forzado por la COVID-19, el grupo cerr\u00f3 esta etapa con la exposici\u00f3n<em> <strong>Le Corbusier. Paris n\u2019est pas Moscou<\/strong><\/em>, en el Museo de Albacete, obra comisariada por Pedro Ponce, integrante del colectivo. Desde entonces, y pese a las dificultades del contexto, han mantenido vivo su esp\u00edritu mediante acciones puntuales y participaci\u00f3n en jornadas de nuevos colegiados.<\/p>\n<p>Ahora, con energ\u00edas renovadas, JAB ha retomado su actividad el pasado 26 de junio con una charla a cargo de <strong>Grandeza Estudio<\/strong>, un equipo de arquitectos asentados en Australia que hibrida metodolog\u00edas que entrelazan la investigaci\u00f3n con pr\u00e1cticas espaciales cr\u00edticas, dise\u00f1o, performance, artes vivas, cine, escritura y pedagog\u00eda, que fue designado como comisariado y direcci\u00f3n creativa del pabell\u00f3n australiano para la <strong>XXII Trienal de Mil\u00e1n<\/strong>. Con esta reactivaci\u00f3n, el grupo vuelve a ponerse en marcha, con ideas para nuevas conferencias, propuestas para el mes de la arquitectura y el firme prop\u00f3sito de seguir generando actividad desde y para los j\u00f3venes.<\/p>\n<p>La conexi\u00f3n de JAB con la red regional y nacional de j\u00f3venes arquitectos, <strong>impulsada por el COACM y el Consejo Superior de Colegios de Arquitectos de Espa\u00f1a (CSCAE)<\/strong>, respectivamente, refuerza su papel como agente dinamizador dentro del Colegio. Su enfoque abierto, igualitario y comunitario convierte al grupo en un espacio fundamental para fomentar la participaci\u00f3n joven en la vida colegial y en el debate urbano contempor\u00e1neo.<\/p>\n<p>Para unirse al grupo o proponer actividades, basta con contactar en <strong>jab@coacmab.com<\/strong>. \u00abLa arquitectura tambi\u00e9n se construye desde la energ\u00eda colectiva, y las nuevas generaciones, afortunadamente, ya est\u00e1n tomando la palabra\u00bb, afirma <strong>Elena Guijarro, decana del COACM.<\/strong><\/p>\n<\/div>\n","protected":false},"featured_media":20388,"template":"","meta":{"_acf_changed":false},"acf":[],"yoast_head":"<!-- This site is optimized with the Yoast SEO plugin v22.7 - https:\/\/yoast.com\/wordpress\/plugins\/seo\/ -->\n<title>JAB, J\u00f3venes Arquitectos de Albacete, retoma su actividad con energ\u00eda renovada - Blog Club del Emprendimiento<\/title>\n<meta name=\"robots\" content=\"index, follow, max-snippet:-1, max-image-preview:large, max-video-preview:-1\" \/>\n<link rel=\"canonical\" href=\"https:\/\/www.clubdelemprendimiento.com\/blog\/noticia-corporativa\/jab-jovenes-arquitectos-de-albacete-retoma-su-actividad-con-energia-renovada\/\" \/>\n<meta property=\"og:locale\" content=\"es_ES\" \/>\n<meta property=\"og:type\" content=\"article\" \/>\n<meta property=\"og:title\" content=\"JAB, J\u00f3venes Arquitectos de Albacete, retoma su actividad con energ\u00eda renovada - Blog Club del Emprendimiento\" \/>\n<meta property=\"og:description\" content=\"Tras a\u00f1os de silencio forzado por la pandemia, el grupo JAB (J\u00f3venes Arquitectos de&hellip;\" \/>\n<meta property=\"og:url\" content=\"https:\/\/www.clubdelemprendimiento.com\/blog\/noticia-corporativa\/jab-jovenes-arquitectos-de-albacete-retoma-su-actividad-con-energia-renovada\/\" \/>\n<meta property=\"og:site_name\" content=\"Blog Club del Emprendimiento\" \/>\n<meta property=\"og:image\" content=\"https:\/\/www.clubdelemprendimiento.com\/blog\/wp-content\/uploads\/2025\/07\/CICLO_DE_CONFERENCIAS_JAB_Conferencia_fue_impartida_por_Mara_Jos_Marcos_directora_del_Estudio_de_Arquitectura_MAGICARCH_Turbulencias_en_la_gran_escala.jpg\" \/>\n<meta name=\"twitter:card\" content=\"summary_large_image\" \/>\n<meta name=\"twitter:label1\" content=\"Tiempo de lectura\" \/>\n\t<meta name=\"twitter:data1\" content=\"4 minutos\" \/>\n<script type=\"application\/ld+json\" class=\"yoast-schema-graph\">{\"@context\":\"https:\/\/schema.org\",\"@graph\":[{\"@type\":\"WebPage\",\"@id\":\"https:\/\/www.clubdelemprendimiento.com\/blog\/noticia-corporativa\/jab-jovenes-arquitectos-de-albacete-retoma-su-actividad-con-energia-renovada\/\",\"url\":\"https:\/\/www.clubdelemprendimiento.com\/blog\/noticia-corporativa\/jab-jovenes-arquitectos-de-albacete-retoma-su-actividad-con-energia-renovada\/\",\"name\":\"JAB, J\u00f3venes Arquitectos de Albacete, retoma su actividad con energ\u00eda renovada - Blog Club del Emprendimiento\",\"isPartOf\":{\"@id\":\"https:\/\/www.clubdelemprendimiento.com\/blog\/#website\"},\"primaryImageOfPage\":{\"@id\":\"https:\/\/www.clubdelemprendimiento.com\/blog\/noticia-corporativa\/jab-jovenes-arquitectos-de-albacete-retoma-su-actividad-con-energia-renovada\/#primaryimage\"},\"image\":{\"@id\":\"https:\/\/www.clubdelemprendimiento.com\/blog\/noticia-corporativa\/jab-jovenes-arquitectos-de-albacete-retoma-su-actividad-con-energia-renovada\/#primaryimage\"},\"thumbnailUrl\":\"https:\/\/www.clubdelemprendimiento.com\/blog\/wp-content\/uploads\/2025\/07\/CICLO_DE_CONFERENCIAS_JAB_Conferencia_fue_impartida_por_Mara_Jos_Marcos_directora_del_Estudio_de_Arquitectura_MAGICARCH_Turbulencias_en_la_gran_escala.jpg\",\"datePublished\":\"2025-07-25T09:04:58+00:00\",\"dateModified\":\"2025-07-25T09:04:58+00:00\",\"breadcrumb\":{\"@id\":\"https:\/\/www.clubdelemprendimiento.com\/blog\/noticia-corporativa\/jab-jovenes-arquitectos-de-albacete-retoma-su-actividad-con-energia-renovada\/#breadcrumb\"},\"inLanguage\":\"es\",\"potentialAction\":[{\"@type\":\"ReadAction\",\"target\":[\"https:\/\/www.clubdelemprendimiento.com\/blog\/noticia-corporativa\/jab-jovenes-arquitectos-de-albacete-retoma-su-actividad-con-energia-renovada\/\"]}]},{\"@type\":\"ImageObject\",\"inLanguage\":\"es\",\"@id\":\"https:\/\/www.clubdelemprendimiento.com\/blog\/noticia-corporativa\/jab-jovenes-arquitectos-de-albacete-retoma-su-actividad-con-energia-renovada\/#primaryimage\",\"url\":\"https:\/\/www.clubdelemprendimiento.com\/blog\/wp-content\/uploads\/2025\/07\/CICLO_DE_CONFERENCIAS_JAB_Conferencia_fue_impartida_por_Mara_Jos_Marcos_directora_del_Estudio_de_Arquitectura_MAGICARCH_Turbulencias_en_la_gran_escala.jpg\",\"contentUrl\":\"https:\/\/www.clubdelemprendimiento.com\/blog\/wp-content\/uploads\/2025\/07\/CICLO_DE_CONFERENCIAS_JAB_Conferencia_fue_impartida_por_Mara_Jos_Marcos_directora_del_Estudio_de_Arquitectura_MAGICARCH_Turbulencias_en_la_gran_escala.jpg\",\"width\":1600,\"height\":1200},{\"@type\":\"BreadcrumbList\",\"@id\":\"https:\/\/www.clubdelemprendimiento.com\/blog\/noticia-corporativa\/jab-jovenes-arquitectos-de-albacete-retoma-su-actividad-con-energia-renovada\/#breadcrumb\",\"itemListElement\":[{\"@type\":\"ListItem\",\"position\":1,\"name\":\"Home\",\"item\":\"https:\/\/www.clubdelemprendimiento.com\/blog\/\"},{\"@type\":\"ListItem\",\"position\":2,\"name\":\"Noticias Corporativas\",\"item\":\"https:\/\/www.clubdelemprendimiento.com\/blog\/noticias-corporativas\/\"},{\"@type\":\"ListItem\",\"position\":3,\"name\":\"JAB, J\u00f3venes Arquitectos de Albacete, retoma su actividad con energ\u00eda renovada\"}]},{\"@type\":\"WebSite\",\"@id\":\"https:\/\/www.clubdelemprendimiento.com\/blog\/#website\",\"url\":\"https:\/\/www.clubdelemprendimiento.com\/blog\/\",\"name\":\"Blog Club del Emprendimiento\",\"description\":\"\",\"potentialAction\":[{\"@type\":\"SearchAction\",\"target\":{\"@type\":\"EntryPoint\",\"urlTemplate\":\"https:\/\/www.clubdelemprendimiento.com\/blog\/?s={search_term_string}\"},\"query-input\":\"required name=search_term_string\"}],\"inLanguage\":\"es\"}]}<\/script>\n<!-- \/ Yoast SEO plugin. -->","yoast_head_json":{"title":"JAB, J\u00f3venes Arquitectos de Albacete, retoma su actividad con energ\u00eda renovada - Blog Club del Emprendimiento","robots":{"index":"index","follow":"follow","max-snippet":"max-snippet:-1","max-image-preview":"max-image-preview:large","max-video-preview":"max-video-preview:-1"},"canonical":"https:\/\/www.clubdelemprendimiento.com\/blog\/noticia-corporativa\/jab-jovenes-arquitectos-de-albacete-retoma-su-actividad-con-energia-renovada\/","og_locale":"es_ES","og_type":"article","og_title":"JAB, J\u00f3venes Arquitectos de Albacete, retoma su actividad con energ\u00eda renovada - Blog Club del Emprendimiento","og_description":"Tras a\u00f1os de silencio forzado por la pandemia, el grupo JAB (J\u00f3venes Arquitectos de&hellip;","og_url":"https:\/\/www.clubdelemprendimiento.com\/blog\/noticia-corporativa\/jab-jovenes-arquitectos-de-albacete-retoma-su-actividad-con-energia-renovada\/","og_site_name":"Blog Club del Emprendimiento","og_image":[{"url":"https:\/\/www.clubdelemprendimiento.com\/blog\/wp-content\/uploads\/2025\/07\/CICLO_DE_CONFERENCIAS_JAB_Conferencia_fue_impartida_por_Mara_Jos_Marcos_directora_del_Estudio_de_Arquitectura_MAGICARCH_Turbulencias_en_la_gran_escala.jpg"}],"twitter_card":"summary_large_image","twitter_misc":{"Tiempo de lectura":"4 minutos"},"schema":{"@context":"https:\/\/schema.org","@graph":[{"@type":"WebPage","@id":"https:\/\/www.clubdelemprendimiento.com\/blog\/noticia-corporativa\/jab-jovenes-arquitectos-de-albacete-retoma-su-actividad-con-energia-renovada\/","url":"https:\/\/www.clubdelemprendimiento.com\/blog\/noticia-corporativa\/jab-jovenes-arquitectos-de-albacete-retoma-su-actividad-con-energia-renovada\/","name":"JAB, J\u00f3venes Arquitectos de Albacete, retoma su actividad con energ\u00eda renovada - Blog Club del Emprendimiento","isPartOf":{"@id":"https:\/\/www.clubdelemprendimiento.com\/blog\/#website"},"primaryImageOfPage":{"@id":"https:\/\/www.clubdelemprendimiento.com\/blog\/noticia-corporativa\/jab-jovenes-arquitectos-de-albacete-retoma-su-actividad-con-energia-renovada\/#primaryimage"},"image":{"@id":"https:\/\/www.clubdelemprendimiento.com\/blog\/noticia-corporativa\/jab-jovenes-arquitectos-de-albacete-retoma-su-actividad-con-energia-renovada\/#primaryimage"},"thumbnailUrl":"https:\/\/www.clubdelemprendimiento.com\/blog\/wp-content\/uploads\/2025\/07\/CICLO_DE_CONFERENCIAS_JAB_Conferencia_fue_impartida_por_Mara_Jos_Marcos_directora_del_Estudio_de_Arquitectura_MAGICARCH_Turbulencias_en_la_gran_escala.jpg","datePublished":"2025-07-25T09:04:58+00:00","dateModified":"2025-07-25T09:04:58+00:00","breadcrumb":{"@id":"https:\/\/www.clubdelemprendimiento.com\/blog\/noticia-corporativa\/jab-jovenes-arquitectos-de-albacete-retoma-su-actividad-con-energia-renovada\/#breadcrumb"},"inLanguage":"es","potentialAction":[{"@type":"ReadAction","target":["https:\/\/www.clubdelemprendimiento.com\/blog\/noticia-corporativa\/jab-jovenes-arquitectos-de-albacete-retoma-su-actividad-con-energia-renovada\/"]}]},{"@type":"ImageObject","inLanguage":"es","@id":"https:\/\/www.clubdelemprendimiento.com\/blog\/noticia-corporativa\/jab-jovenes-arquitectos-de-albacete-retoma-su-actividad-con-energia-renovada\/#primaryimage","url":"https:\/\/www.clubdelemprendimiento.com\/blog\/wp-content\/uploads\/2025\/07\/CICLO_DE_CONFERENCIAS_JAB_Conferencia_fue_impartida_por_Mara_Jos_Marcos_directora_del_Estudio_de_Arquitectura_MAGICARCH_Turbulencias_en_la_gran_escala.jpg","contentUrl":"https:\/\/www.clubdelemprendimiento.com\/blog\/wp-content\/uploads\/2025\/07\/CICLO_DE_CONFERENCIAS_JAB_Conferencia_fue_impartida_por_Mara_Jos_Marcos_directora_del_Estudio_de_Arquitectura_MAGICARCH_Turbulencias_en_la_gran_escala.jpg","width":1600,"height":1200},{"@type":"BreadcrumbList","@id":"https:\/\/www.clubdelemprendimiento.com\/blog\/noticia-corporativa\/jab-jovenes-arquitectos-de-albacete-retoma-su-actividad-con-energia-renovada\/#breadcrumb","itemListElement":[{"@type":"ListItem","position":1,"name":"Home","item":"https:\/\/www.clubdelemprendimiento.com\/blog\/"},{"@type":"ListItem","position":2,"name":"Noticias Corporativas","item":"https:\/\/www.clubdelemprendimiento.com\/blog\/noticias-corporativas\/"},{"@type":"ListItem","position":3,"name":"JAB, J\u00f3venes Arquitectos de Albacete, retoma su actividad con energ\u00eda renovada"}]},{"@type":"WebSite","@id":"https:\/\/www.clubdelemprendimiento.com\/blog\/#website","url":"https:\/\/www.clubdelemprendimiento.com\/blog\/","name":"Blog Club del Emprendimiento","description":"","potentialAction":[{"@type":"SearchAction","target":{"@type":"EntryPoint","urlTemplate":"https:\/\/www.clubdelemprendimiento.com\/blog\/?s={search_term_string}"},"query-input":"required name=search_term_string"}],"inLanguage":"es"}]}},"_links":{"self":[{"href":"https:\/\/www.clubdelemprendimiento.com\/blog\/wp-json\/wp\/v2\/noticia-corporativa\/20387"}],"collection":[{"href":"https:\/\/www.clubdelemprendimiento.com\/blog\/wp-json\/wp\/v2\/noticia-corporativa"}],"about":[{"href":"https:\/\/www.clubdelemprendimiento.com\/blog\/wp-json\/wp\/v2\/types\/noticia-corporativa"}],"wp:featuredmedia":[{"embeddable":true,"href":"https:\/\/www.clubdelemprendimiento.com\/blog\/wp-json\/wp\/v2\/media\/20388"}],"wp:attachment":[{"href":"https:\/\/www.clubdelemprendimiento.com\/blog\/wp-json\/wp\/v2\/media?parent=20387"}],"curies":[{"name":"wp","href":"https:\/\/api.w.org\/{rel}","templated":true}]}}