{"id":20379,"date":"2025-07-24T13:04:53","date_gmt":"2025-07-24T13:04:53","guid":{"rendered":"https:\/\/www.clubdelemprendimiento.com\/blog\/noticia-corporativa\/fsie-madrid-insta-a-cerrar-ya-el-acuerdo-de-jubilacion-parcial-en-la-ensenanza-concertada\/"},"modified":"2025-07-24T13:04:53","modified_gmt":"2025-07-24T13:04:53","slug":"fsie-madrid-insta-a-cerrar-ya-el-acuerdo-de-jubilacion-parcial-en-la-ensenanza-concertada","status":"publish","type":"noticia-corporativa","link":"https:\/\/www.clubdelemprendimiento.com\/blog\/noticia-corporativa\/fsie-madrid-insta-a-cerrar-ya-el-acuerdo-de-jubilacion-parcial-en-la-ensenanza-concertada\/","title":{"rendered":"FSIE Madrid insta a cerrar ya el acuerdo de jubilaci\u00f3n parcial en la ense\u00f1anza concertada"},"content":{"rendered":"<div>\n<p><a href=\"https:\/\/www.clubdelemprendimiento.com\/blog\/wp-content\/uploads\/2025\/07\/LOGO-FSIE-MADRID2.jpg\" target=\"_blank\" class=\"fotonota\" rel=\"noopener\"> <img decoding=\"async\" src=\"https:\/\/www.clubdelemprendimiento.com\/blog\/wp-content\/uploads\/2025\/07\/LOGO-FSIE-MADRID2.jpg\" style=\"max-width:600px;\" border=\"0\" class=\"postImage\" alt=\"\"><\/a><\/p>\n<p>FSIE Madrid exige a la Consejer\u00eda de Educaci\u00f3n y a las patronales cerrar cuanto antes el acuerdo sobre jubilaci\u00f3n parcial en la ense\u00f1anza concertada<\/p>\n<p><\/p>\n<p>FSIE Madrid exige a la Consejer\u00eda de Educaci\u00f3n y a las patronales cerrar cuanto antes el acuerdo sobre jubilaci\u00f3n parcial en la ense\u00f1anza concertada. En este sentido, el sindicato independiente de ense\u00f1anza de la Comunidad de Madrid manifiesta su preocupaci\u00f3n por \u00abla falta de concreci\u00f3n en el desarrollo del anuncio realizado por la Consejer\u00eda de Educaci\u00f3n el pasado 26 de mayo\u00bb.\u00a0<\/p>\n<p>FSIE Madrid explica en un comunicado que \u00aben aquella fecha, el consejero Emilio Viciana inform\u00f3 que, a partir del curso 2025\/26, los profesores de ense\u00f1anza concertada podr\u00edan acceder a la jubilaci\u00f3n parcial con contrato de relevo, financiada por la Comunidad de Madrid\u00bb. Desde el sindicato aseguran que, aunque en su momento valoraron positivamente este anuncio, siguen \u00absin contar con un marco normativo que permita la jubilaci\u00f3n parcial para el personal en pago delegado\u00bb.<\/p>\n<p>FSIE Madrid afirma que \u00abha mantenido reuniones con sindicatos, patronales y Consejer\u00eda para impulsar un acuerdo que recoja las condiciones necesarias que garanticen un acceso a la jubilaci\u00f3n parcial, real y efectivo. En este sentido, el pasado 12 de junio se celebr\u00f3 una reuni\u00f3n clave en la que se logr\u00f3 un avance significativo: la posibilidad de acogerse a una reducci\u00f3n de jornada de hasta el 75%, conforme al Real Decreto-ley 11\/2024. Este paso fue determinante para que FSIE y el resto de sindicatos, decidieran desconvocar las movilizaciones previstas para el 19 de junio y aplazar cualquier acci\u00f3n hasta el mes de septiembre\u00bb. No obstante, y a pesar de los progresos, \u00abpersisten aspectos esenciales sin resolver como la financiaci\u00f3n de la jornada completa del relevista, que ha paralizado la negociaci\u00f3n entre patronales y Consejer\u00eda\u00bb, aseguran desde el sindicato.<\/p>\n<p>Desde FSIE Madrid reiteran su \u00abexigencia de que la Consejer\u00eda de Educaci\u00f3n asuma el compromiso de permitir y financiar la jubilaci\u00f3n parcial con contrato relevo para el personal en pago delegado desde el 1 de septiembre de 2025\u00bb. De no alcanzarse \u00abun acuerdo claro y completo en las pr\u00f3ximas semanas\u00bb, el sindicato anuncia que continuar\u00e1 incluyendo la jubilaci\u00f3n parcial como una de las reivindicaciones a defender en las movilizaciones que llevar\u00e1n a cabo a partir del mes de septiembre.<\/p>\n<p>En FSIE Madrid \u00abse mantiene\u00a0firme el compromiso con el di\u00e1logo leal y constructivo\u00bb, finalizan.<\/p>\n<\/div>\n","protected":false},"featured_media":20380,"template":"","meta":{"_acf_changed":false},"acf":[],"yoast_head":"<!-- This site is optimized with the Yoast SEO plugin v22.7 - https:\/\/yoast.com\/wordpress\/plugins\/seo\/ -->\n<title>FSIE Madrid insta a cerrar ya el acuerdo de jubilaci\u00f3n parcial en la ense\u00f1anza concertada - Blog Club del Emprendimiento<\/title>\n<meta name=\"robots\" content=\"index, follow, max-snippet:-1, max-image-preview:large, max-video-preview:-1\" \/>\n<link rel=\"canonical\" href=\"https:\/\/www.clubdelemprendimiento.com\/blog\/noticia-corporativa\/fsie-madrid-insta-a-cerrar-ya-el-acuerdo-de-jubilacion-parcial-en-la-ensenanza-concertada\/\" \/>\n<meta property=\"og:locale\" content=\"es_ES\" \/>\n<meta property=\"og:type\" content=\"article\" \/>\n<meta property=\"og:title\" content=\"FSIE Madrid insta a cerrar ya el acuerdo de jubilaci\u00f3n parcial en la ense\u00f1anza concertada - Blog Club del Emprendimiento\" \/>\n<meta property=\"og:description\" content=\"FSIE Madrid exige a la Consejer\u00eda de Educaci\u00f3n y a las patronales cerrar cuanto&hellip;\" \/>\n<meta property=\"og:url\" content=\"https:\/\/www.clubdelemprendimiento.com\/blog\/noticia-corporativa\/fsie-madrid-insta-a-cerrar-ya-el-acuerdo-de-jubilacion-parcial-en-la-ensenanza-concertada\/\" \/>\n<meta property=\"og:site_name\" content=\"Blog Club del Emprendimiento\" \/>\n<meta property=\"og:image\" content=\"https:\/\/www.clubdelemprendimiento.com\/blog\/wp-content\/uploads\/2025\/07\/LOGO-FSIE-MADRID2.jpg\" \/>\n<meta name=\"twitter:card\" content=\"summary_large_image\" \/>\n<meta name=\"twitter:label1\" content=\"Tiempo de lectura\" \/>\n\t<meta name=\"twitter:data1\" content=\"2 minutos\" \/>\n<script type=\"application\/ld+json\" class=\"yoast-schema-graph\">{\"@context\":\"https:\/\/schema.org\",\"@graph\":[{\"@type\":\"WebPage\",\"@id\":\"https:\/\/www.clubdelemprendimiento.com\/blog\/noticia-corporativa\/fsie-madrid-insta-a-cerrar-ya-el-acuerdo-de-jubilacion-parcial-en-la-ensenanza-concertada\/\",\"url\":\"https:\/\/www.clubdelemprendimiento.com\/blog\/noticia-corporativa\/fsie-madrid-insta-a-cerrar-ya-el-acuerdo-de-jubilacion-parcial-en-la-ensenanza-concertada\/\",\"name\":\"FSIE Madrid insta a cerrar ya el acuerdo de jubilaci\u00f3n parcial en la ense\u00f1anza concertada - Blog Club del Emprendimiento\",\"isPartOf\":{\"@id\":\"https:\/\/www.clubdelemprendimiento.com\/blog\/#website\"},\"primaryImageOfPage\":{\"@id\":\"https:\/\/www.clubdelemprendimiento.com\/blog\/noticia-corporativa\/fsie-madrid-insta-a-cerrar-ya-el-acuerdo-de-jubilacion-parcial-en-la-ensenanza-concertada\/#primaryimage\"},\"image\":{\"@id\":\"https:\/\/www.clubdelemprendimiento.com\/blog\/noticia-corporativa\/fsie-madrid-insta-a-cerrar-ya-el-acuerdo-de-jubilacion-parcial-en-la-ensenanza-concertada\/#primaryimage\"},\"thumbnailUrl\":\"https:\/\/www.clubdelemprendimiento.com\/blog\/wp-content\/uploads\/2025\/07\/LOGO-FSIE-MADRID2.jpg\",\"datePublished\":\"2025-07-24T13:04:53+00:00\",\"dateModified\":\"2025-07-24T13:04:53+00:00\",\"breadcrumb\":{\"@id\":\"https:\/\/www.clubdelemprendimiento.com\/blog\/noticia-corporativa\/fsie-madrid-insta-a-cerrar-ya-el-acuerdo-de-jubilacion-parcial-en-la-ensenanza-concertada\/#breadcrumb\"},\"inLanguage\":\"es\",\"potentialAction\":[{\"@type\":\"ReadAction\",\"target\":[\"https:\/\/www.clubdelemprendimiento.com\/blog\/noticia-corporativa\/fsie-madrid-insta-a-cerrar-ya-el-acuerdo-de-jubilacion-parcial-en-la-ensenanza-concertada\/\"]}]},{\"@type\":\"ImageObject\",\"inLanguage\":\"es\",\"@id\":\"https:\/\/www.clubdelemprendimiento.com\/blog\/noticia-corporativa\/fsie-madrid-insta-a-cerrar-ya-el-acuerdo-de-jubilacion-parcial-en-la-ensenanza-concertada\/#primaryimage\",\"url\":\"https:\/\/www.clubdelemprendimiento.com\/blog\/wp-content\/uploads\/2025\/07\/LOGO-FSIE-MADRID2.jpg\",\"contentUrl\":\"https:\/\/www.clubdelemprendimiento.com\/blog\/wp-content\/uploads\/2025\/07\/LOGO-FSIE-MADRID2.jpg\",\"width\":1773,\"height\":1014},{\"@type\":\"BreadcrumbList\",\"@id\":\"https:\/\/www.clubdelemprendimiento.com\/blog\/noticia-corporativa\/fsie-madrid-insta-a-cerrar-ya-el-acuerdo-de-jubilacion-parcial-en-la-ensenanza-concertada\/#breadcrumb\",\"itemListElement\":[{\"@type\":\"ListItem\",\"position\":1,\"name\":\"Home\",\"item\":\"https:\/\/www.clubdelemprendimiento.com\/blog\/\"},{\"@type\":\"ListItem\",\"position\":2,\"name\":\"Noticias Corporativas\",\"item\":\"https:\/\/www.clubdelemprendimiento.com\/blog\/noticias-corporativas\/\"},{\"@type\":\"ListItem\",\"position\":3,\"name\":\"FSIE Madrid insta a cerrar ya el acuerdo de jubilaci\u00f3n parcial en la ense\u00f1anza concertada\"}]},{\"@type\":\"WebSite\",\"@id\":\"https:\/\/www.clubdelemprendimiento.com\/blog\/#website\",\"url\":\"https:\/\/www.clubdelemprendimiento.com\/blog\/\",\"name\":\"Blog Club del Emprendimiento\",\"description\":\"\",\"potentialAction\":[{\"@type\":\"SearchAction\",\"target\":{\"@type\":\"EntryPoint\",\"urlTemplate\":\"https:\/\/www.clubdelemprendimiento.com\/blog\/?s={search_term_string}\"},\"query-input\":\"required name=search_term_string\"}],\"inLanguage\":\"es\"}]}<\/script>\n<!-- \/ Yoast SEO plugin. -->","yoast_head_json":{"title":"FSIE Madrid insta a cerrar ya el acuerdo de jubilaci\u00f3n parcial en la ense\u00f1anza concertada - Blog Club del Emprendimiento","robots":{"index":"index","follow":"follow","max-snippet":"max-snippet:-1","max-image-preview":"max-image-preview:large","max-video-preview":"max-video-preview:-1"},"canonical":"https:\/\/www.clubdelemprendimiento.com\/blog\/noticia-corporativa\/fsie-madrid-insta-a-cerrar-ya-el-acuerdo-de-jubilacion-parcial-en-la-ensenanza-concertada\/","og_locale":"es_ES","og_type":"article","og_title":"FSIE Madrid insta a cerrar ya el acuerdo de jubilaci\u00f3n parcial en la ense\u00f1anza concertada - Blog Club del Emprendimiento","og_description":"FSIE Madrid exige a la Consejer\u00eda de Educaci\u00f3n y a las patronales cerrar cuanto&hellip;","og_url":"https:\/\/www.clubdelemprendimiento.com\/blog\/noticia-corporativa\/fsie-madrid-insta-a-cerrar-ya-el-acuerdo-de-jubilacion-parcial-en-la-ensenanza-concertada\/","og_site_name":"Blog Club del Emprendimiento","og_image":[{"url":"https:\/\/www.clubdelemprendimiento.com\/blog\/wp-content\/uploads\/2025\/07\/LOGO-FSIE-MADRID2.jpg"}],"twitter_card":"summary_large_image","twitter_misc":{"Tiempo de lectura":"2 minutos"},"schema":{"@context":"https:\/\/schema.org","@graph":[{"@type":"WebPage","@id":"https:\/\/www.clubdelemprendimiento.com\/blog\/noticia-corporativa\/fsie-madrid-insta-a-cerrar-ya-el-acuerdo-de-jubilacion-parcial-en-la-ensenanza-concertada\/","url":"https:\/\/www.clubdelemprendimiento.com\/blog\/noticia-corporativa\/fsie-madrid-insta-a-cerrar-ya-el-acuerdo-de-jubilacion-parcial-en-la-ensenanza-concertada\/","name":"FSIE Madrid insta a cerrar ya el acuerdo de jubilaci\u00f3n parcial en la ense\u00f1anza concertada - Blog Club del Emprendimiento","isPartOf":{"@id":"https:\/\/www.clubdelemprendimiento.com\/blog\/#website"},"primaryImageOfPage":{"@id":"https:\/\/www.clubdelemprendimiento.com\/blog\/noticia-corporativa\/fsie-madrid-insta-a-cerrar-ya-el-acuerdo-de-jubilacion-parcial-en-la-ensenanza-concertada\/#primaryimage"},"image":{"@id":"https:\/\/www.clubdelemprendimiento.com\/blog\/noticia-corporativa\/fsie-madrid-insta-a-cerrar-ya-el-acuerdo-de-jubilacion-parcial-en-la-ensenanza-concertada\/#primaryimage"},"thumbnailUrl":"https:\/\/www.clubdelemprendimiento.com\/blog\/wp-content\/uploads\/2025\/07\/LOGO-FSIE-MADRID2.jpg","datePublished":"2025-07-24T13:04:53+00:00","dateModified":"2025-07-24T13:04:53+00:00","breadcrumb":{"@id":"https:\/\/www.clubdelemprendimiento.com\/blog\/noticia-corporativa\/fsie-madrid-insta-a-cerrar-ya-el-acuerdo-de-jubilacion-parcial-en-la-ensenanza-concertada\/#breadcrumb"},"inLanguage":"es","potentialAction":[{"@type":"ReadAction","target":["https:\/\/www.clubdelemprendimiento.com\/blog\/noticia-corporativa\/fsie-madrid-insta-a-cerrar-ya-el-acuerdo-de-jubilacion-parcial-en-la-ensenanza-concertada\/"]}]},{"@type":"ImageObject","inLanguage":"es","@id":"https:\/\/www.clubdelemprendimiento.com\/blog\/noticia-corporativa\/fsie-madrid-insta-a-cerrar-ya-el-acuerdo-de-jubilacion-parcial-en-la-ensenanza-concertada\/#primaryimage","url":"https:\/\/www.clubdelemprendimiento.com\/blog\/wp-content\/uploads\/2025\/07\/LOGO-FSIE-MADRID2.jpg","contentUrl":"https:\/\/www.clubdelemprendimiento.com\/blog\/wp-content\/uploads\/2025\/07\/LOGO-FSIE-MADRID2.jpg","width":1773,"height":1014},{"@type":"BreadcrumbList","@id":"https:\/\/www.clubdelemprendimiento.com\/blog\/noticia-corporativa\/fsie-madrid-insta-a-cerrar-ya-el-acuerdo-de-jubilacion-parcial-en-la-ensenanza-concertada\/#breadcrumb","itemListElement":[{"@type":"ListItem","position":1,"name":"Home","item":"https:\/\/www.clubdelemprendimiento.com\/blog\/"},{"@type":"ListItem","position":2,"name":"Noticias Corporativas","item":"https:\/\/www.clubdelemprendimiento.com\/blog\/noticias-corporativas\/"},{"@type":"ListItem","position":3,"name":"FSIE Madrid insta a cerrar ya el acuerdo de jubilaci\u00f3n parcial en la ense\u00f1anza concertada"}]},{"@type":"WebSite","@id":"https:\/\/www.clubdelemprendimiento.com\/blog\/#website","url":"https:\/\/www.clubdelemprendimiento.com\/blog\/","name":"Blog Club del Emprendimiento","description":"","potentialAction":[{"@type":"SearchAction","target":{"@type":"EntryPoint","urlTemplate":"https:\/\/www.clubdelemprendimiento.com\/blog\/?s={search_term_string}"},"query-input":"required name=search_term_string"}],"inLanguage":"es"}]}},"_links":{"self":[{"href":"https:\/\/www.clubdelemprendimiento.com\/blog\/wp-json\/wp\/v2\/noticia-corporativa\/20379"}],"collection":[{"href":"https:\/\/www.clubdelemprendimiento.com\/blog\/wp-json\/wp\/v2\/noticia-corporativa"}],"about":[{"href":"https:\/\/www.clubdelemprendimiento.com\/blog\/wp-json\/wp\/v2\/types\/noticia-corporativa"}],"wp:featuredmedia":[{"embeddable":true,"href":"https:\/\/www.clubdelemprendimiento.com\/blog\/wp-json\/wp\/v2\/media\/20380"}],"wp:attachment":[{"href":"https:\/\/www.clubdelemprendimiento.com\/blog\/wp-json\/wp\/v2\/media?parent=20379"}],"curies":[{"name":"wp","href":"https:\/\/api.w.org\/{rel}","templated":true}]}}