{"id":20370,"date":"2025-07-24T11:05:11","date_gmt":"2025-07-24T11:05:11","guid":{"rendered":"https:\/\/www.clubdelemprendimiento.com\/blog\/noticia-corporativa\/arbancon-a-la-luz-de-las-velas-destino-de-premio\/"},"modified":"2025-07-24T11:05:11","modified_gmt":"2025-07-24T11:05:11","slug":"arbancon-a-la-luz-de-las-velas-destino-de-premio","status":"publish","type":"noticia-corporativa","link":"https:\/\/www.clubdelemprendimiento.com\/blog\/noticia-corporativa\/arbancon-a-la-luz-de-las-velas-destino-de-premio\/","title":{"rendered":"\u2018Arbanc\u00f3n a la luz de las velas\u2019, destino de premio"},"content":{"rendered":"<div>\n<p><a href=\"https:\/\/www.clubdelemprendimiento.com\/blog\/wp-content\/uploads\/2025\/07\/Arbancon_a_la_luz_de_las_velas_1.jpg\" target=\"_blank\" class=\"fotonota\" rel=\"noopener\"> <img decoding=\"async\" src=\"https:\/\/www.clubdelemprendimiento.com\/blog\/wp-content\/uploads\/2025\/07\/Arbancon_a_la_luz_de_las_velas_1.jpg\" style=\"max-width:600px;\" border=\"0\" class=\"postImage\" alt=\"\"><\/a><\/p>\n<p>El s\u00e1bado 26 de julio, \u00faltima oportunidad para disfrutar del evento reconocido en 2024 como referente del turismo rural en la regi\u00f3n. Este s\u00e1bado, Arbanc\u00f3n volver\u00e1 a brillar, literalmente<\/p>\n<p><\/p>\n<p>La villa serrana de Arbanc\u00f3n vivir\u00e1 este pr\u00f3ximo s\u00e1bado, 26 de julio, la segunda y \u00faltima jornada de la IX edici\u00f3n de \u2018Arbanc\u00f3n a la luz de las velas\u2019, una iniciativa tur\u00edstica y cultural que, tras nueve a\u00f1os de historia, se ha consolidado como uno de los eventos m\u00e1s emblem\u00e1ticos del verano en la Sierra Norte de Guadalajara.<\/p>\n<p>Su \u00e9xito y creciente proyecci\u00f3n obtuvieron un importante respaldo institucional en septiembre de 2024, cuando fue galardonada como Mejor Destino Tur\u00edstico de Castilla-La Mancha, en la categor\u00eda de entidades locales, durante la gala de los Premios de Turismo celebrada en Cogolludo. El alcalde de Arbanc\u00f3n, Gonzalo Bravo, recogi\u00f3 el premio de manos del presidente regional, Emiliano Garc\u00eda-Page, y la consejera de Econom\u00eda, Empresas y Empleo, Patricia Franco, acompa\u00f1ado por vecinos y representantes de ADEL Sierra Norte, entidad que tambi\u00e9n apoya y visibiliza esta iniciativa como modelo de dinamizaci\u00f3n rural.<\/p>\n<p>\u00abEste premio reconoce el trabajo de todo un pueblo. En solo nueve a\u00f1os hemos creado un destino que posiciona a Arbanc\u00f3n y a toda la comarca como referente tur\u00edstico\u00bb, destac\u00f3 el regidor arbanconero.<\/p>\n<p>Desde su primera edici\u00f3n, en 2016, el evento no ha dejado de crecer, tanto en p\u00fablico como en impacto econ\u00f3mico y social. \u00ab\u2019Arbanc\u00f3n a la luz de las velas\u2019 llena las plazas hoteleras, dinamiza la restauraci\u00f3n local y comarcal y demuestra que los pueblos peque\u00f1os, con ilusi\u00f3n y esfuerzo, tambi\u00e9n pueden convertirse en motores de desarrollo\u00bb, a\u00f1ade Bravo, que ya estudia solicitar para la fiesta la declaraci\u00f3n de Inter\u00e9s Tur\u00edstico Provincial.<\/p>\n<p><strong>M\u00e1s de 10.000 velas iluminando un pueblo con historia<\/strong><br \/>\nInspirada en la tradici\u00f3n de las Candelas de febrero, esta celebraci\u00f3n se ha convertido en una se\u00f1a de identidad del Arbanc\u00f3n estival. La actividad se desarrolla en los dos \u00faltimos fines de semana de julio, y consiste en iluminar el pueblo con m\u00e1s de 10.000 velas que crean formas art\u00edsticas y ambientan calles, plazas, y fachadas decoradas por los propios vecinos.<\/p>\n<p>El acceso al recorrido iluminado requiere una entrada simb\u00f3lica de 4 euros, disponible en <a href=\"http:\/\/www.turismoarbancon.com\/\" rel=\"nofollow\">www.turismoarbancon.com<\/a>. Esto permite controlar aforos, evitar aglomeraciones y contribuir a la autosostenibilidad del evento, as\u00ed como a la restauraci\u00f3n del patrimonio local.<\/p>\n<p>La edici\u00f3n de este a\u00f1o arranc\u00f3 el pasado 19 de julio, con la asistencia de m\u00e1s de 1.600 personas, y tendr\u00e1 su broche final este s\u00e1bado 26 de julio, a partir de las 22:00 horas.<\/p>\n<p>Antes del encendido, los visitantes pueden disfrutar de un completo programa cultural:<\/p>\n<p><strong>PROGRAMA 26 DE JULIO \u2013 IX \u2018A LA LUZ DE LAS VELAS\u2019<\/strong><\/p>\n<ul>\n<li>20:30 h. Jornadas de puertas abiertas del Museo de Historia y Costumbres, Museo del Apellido e Iglesia de San Benito Abad (siglo XVII), con sistema de audiogu\u00edas.<\/li>\n<li>21:30 h. Visita guiada \u00abArbanc\u00f3n Pueblo M\u00e1gico\u00bb desde la Plaza de la Iglesia.<\/li>\n<li>22:00 h. Encendido de las m\u00e1s de 10.000 velas.<\/li>\n<li>23:30 h. Concierto \u00abM\u00fasica a la luz de las velas\u00bb con el grupo \u00abToda una vida\u00bb en la fachada del museo. Aforo limitado (requiere entrada).<\/li>\n<li>00:30 h. Visita guiada nocturna \u00abUn Arbanc\u00f3n de Leyenda\u00bb, dirigida por estudiantes de Historia y Turismo de la UAH, en el marco del programa Campus Rural.<\/li>\n<\/ul>\n<p>Con el impulso del reconocimiento regional recibido en 2024, Arbanc\u00f3n da un paso m\u00e1s en su apuesta por el turismo como herramienta de futuro. La implicaci\u00f3n del vecindario, el apoyo de entidades como ADEL Sierra Norte, y la firme voluntad del Ayuntamiento han convertido esta cita en un ejemplo de c\u00f3mo los pueblos pueden construir propuestas atractivas, sostenibles y con identidad propia.<\/p>\n<\/div>\n","protected":false},"featured_media":20371,"template":"","meta":{"_acf_changed":false},"acf":[],"yoast_head":"<!-- This site is optimized with the Yoast SEO plugin v22.7 - https:\/\/yoast.com\/wordpress\/plugins\/seo\/ -->\n<title>\u2018Arbanc\u00f3n a la luz de las velas\u2019, destino de premio - Blog Club del Emprendimiento<\/title>\n<meta name=\"robots\" content=\"index, follow, max-snippet:-1, max-image-preview:large, max-video-preview:-1\" \/>\n<link rel=\"canonical\" href=\"https:\/\/www.clubdelemprendimiento.com\/blog\/noticia-corporativa\/arbancon-a-la-luz-de-las-velas-destino-de-premio\/\" \/>\n<meta property=\"og:locale\" content=\"es_ES\" \/>\n<meta property=\"og:type\" content=\"article\" \/>\n<meta property=\"og:title\" content=\"\u2018Arbanc\u00f3n a la luz de las velas\u2019, destino de premio - Blog Club del Emprendimiento\" \/>\n<meta property=\"og:description\" content=\"El s\u00e1bado 26 de julio, \u00faltima oportunidad para disfrutar del evento reconocido en 2024&hellip;\" \/>\n<meta property=\"og:url\" content=\"https:\/\/www.clubdelemprendimiento.com\/blog\/noticia-corporativa\/arbancon-a-la-luz-de-las-velas-destino-de-premio\/\" \/>\n<meta property=\"og:site_name\" content=\"Blog Club del Emprendimiento\" \/>\n<meta property=\"og:image\" content=\"https:\/\/www.clubdelemprendimiento.com\/blog\/wp-content\/uploads\/2025\/07\/Arbancon_a_la_luz_de_las_velas_1.jpg\" \/>\n<meta name=\"twitter:card\" content=\"summary_large_image\" \/>\n<meta name=\"twitter:label1\" content=\"Tiempo de lectura\" \/>\n\t<meta name=\"twitter:data1\" content=\"3 minutos\" \/>\n<script type=\"application\/ld+json\" class=\"yoast-schema-graph\">{\"@context\":\"https:\/\/schema.org\",\"@graph\":[{\"@type\":\"WebPage\",\"@id\":\"https:\/\/www.clubdelemprendimiento.com\/blog\/noticia-corporativa\/arbancon-a-la-luz-de-las-velas-destino-de-premio\/\",\"url\":\"https:\/\/www.clubdelemprendimiento.com\/blog\/noticia-corporativa\/arbancon-a-la-luz-de-las-velas-destino-de-premio\/\",\"name\":\"\u2018Arbanc\u00f3n a la luz de las velas\u2019, destino de premio - Blog Club del Emprendimiento\",\"isPartOf\":{\"@id\":\"https:\/\/www.clubdelemprendimiento.com\/blog\/#website\"},\"primaryImageOfPage\":{\"@id\":\"https:\/\/www.clubdelemprendimiento.com\/blog\/noticia-corporativa\/arbancon-a-la-luz-de-las-velas-destino-de-premio\/#primaryimage\"},\"image\":{\"@id\":\"https:\/\/www.clubdelemprendimiento.com\/blog\/noticia-corporativa\/arbancon-a-la-luz-de-las-velas-destino-de-premio\/#primaryimage\"},\"thumbnailUrl\":\"https:\/\/www.clubdelemprendimiento.com\/blog\/wp-content\/uploads\/2025\/07\/Arbancon_a_la_luz_de_las_velas_1.jpg\",\"datePublished\":\"2025-07-24T11:05:11+00:00\",\"dateModified\":\"2025-07-24T11:05:11+00:00\",\"breadcrumb\":{\"@id\":\"https:\/\/www.clubdelemprendimiento.com\/blog\/noticia-corporativa\/arbancon-a-la-luz-de-las-velas-destino-de-premio\/#breadcrumb\"},\"inLanguage\":\"es\",\"potentialAction\":[{\"@type\":\"ReadAction\",\"target\":[\"https:\/\/www.clubdelemprendimiento.com\/blog\/noticia-corporativa\/arbancon-a-la-luz-de-las-velas-destino-de-premio\/\"]}]},{\"@type\":\"ImageObject\",\"inLanguage\":\"es\",\"@id\":\"https:\/\/www.clubdelemprendimiento.com\/blog\/noticia-corporativa\/arbancon-a-la-luz-de-las-velas-destino-de-premio\/#primaryimage\",\"url\":\"https:\/\/www.clubdelemprendimiento.com\/blog\/wp-content\/uploads\/2025\/07\/Arbancon_a_la_luz_de_las_velas_1.jpg\",\"contentUrl\":\"https:\/\/www.clubdelemprendimiento.com\/blog\/wp-content\/uploads\/2025\/07\/Arbancon_a_la_luz_de_las_velas_1.jpg\",\"width\":1600,\"height\":720},{\"@type\":\"BreadcrumbList\",\"@id\":\"https:\/\/www.clubdelemprendimiento.com\/blog\/noticia-corporativa\/arbancon-a-la-luz-de-las-velas-destino-de-premio\/#breadcrumb\",\"itemListElement\":[{\"@type\":\"ListItem\",\"position\":1,\"name\":\"Home\",\"item\":\"https:\/\/www.clubdelemprendimiento.com\/blog\/\"},{\"@type\":\"ListItem\",\"position\":2,\"name\":\"Noticias Corporativas\",\"item\":\"https:\/\/www.clubdelemprendimiento.com\/blog\/noticias-corporativas\/\"},{\"@type\":\"ListItem\",\"position\":3,\"name\":\"\u2018Arbanc\u00f3n a la luz de las velas\u2019, destino de premio\"}]},{\"@type\":\"WebSite\",\"@id\":\"https:\/\/www.clubdelemprendimiento.com\/blog\/#website\",\"url\":\"https:\/\/www.clubdelemprendimiento.com\/blog\/\",\"name\":\"Blog Club del Emprendimiento\",\"description\":\"\",\"potentialAction\":[{\"@type\":\"SearchAction\",\"target\":{\"@type\":\"EntryPoint\",\"urlTemplate\":\"https:\/\/www.clubdelemprendimiento.com\/blog\/?s={search_term_string}\"},\"query-input\":\"required name=search_term_string\"}],\"inLanguage\":\"es\"}]}<\/script>\n<!-- \/ Yoast SEO plugin. -->","yoast_head_json":{"title":"\u2018Arbanc\u00f3n a la luz de las velas\u2019, destino de premio - Blog Club del Emprendimiento","robots":{"index":"index","follow":"follow","max-snippet":"max-snippet:-1","max-image-preview":"max-image-preview:large","max-video-preview":"max-video-preview:-1"},"canonical":"https:\/\/www.clubdelemprendimiento.com\/blog\/noticia-corporativa\/arbancon-a-la-luz-de-las-velas-destino-de-premio\/","og_locale":"es_ES","og_type":"article","og_title":"\u2018Arbanc\u00f3n a la luz de las velas\u2019, destino de premio - Blog Club del Emprendimiento","og_description":"El s\u00e1bado 26 de julio, \u00faltima oportunidad para disfrutar del evento reconocido en 2024&hellip;","og_url":"https:\/\/www.clubdelemprendimiento.com\/blog\/noticia-corporativa\/arbancon-a-la-luz-de-las-velas-destino-de-premio\/","og_site_name":"Blog Club del Emprendimiento","og_image":[{"url":"https:\/\/www.clubdelemprendimiento.com\/blog\/wp-content\/uploads\/2025\/07\/Arbancon_a_la_luz_de_las_velas_1.jpg"}],"twitter_card":"summary_large_image","twitter_misc":{"Tiempo de lectura":"3 minutos"},"schema":{"@context":"https:\/\/schema.org","@graph":[{"@type":"WebPage","@id":"https:\/\/www.clubdelemprendimiento.com\/blog\/noticia-corporativa\/arbancon-a-la-luz-de-las-velas-destino-de-premio\/","url":"https:\/\/www.clubdelemprendimiento.com\/blog\/noticia-corporativa\/arbancon-a-la-luz-de-las-velas-destino-de-premio\/","name":"\u2018Arbanc\u00f3n a la luz de las velas\u2019, destino de premio - Blog Club del Emprendimiento","isPartOf":{"@id":"https:\/\/www.clubdelemprendimiento.com\/blog\/#website"},"primaryImageOfPage":{"@id":"https:\/\/www.clubdelemprendimiento.com\/blog\/noticia-corporativa\/arbancon-a-la-luz-de-las-velas-destino-de-premio\/#primaryimage"},"image":{"@id":"https:\/\/www.clubdelemprendimiento.com\/blog\/noticia-corporativa\/arbancon-a-la-luz-de-las-velas-destino-de-premio\/#primaryimage"},"thumbnailUrl":"https:\/\/www.clubdelemprendimiento.com\/blog\/wp-content\/uploads\/2025\/07\/Arbancon_a_la_luz_de_las_velas_1.jpg","datePublished":"2025-07-24T11:05:11+00:00","dateModified":"2025-07-24T11:05:11+00:00","breadcrumb":{"@id":"https:\/\/www.clubdelemprendimiento.com\/blog\/noticia-corporativa\/arbancon-a-la-luz-de-las-velas-destino-de-premio\/#breadcrumb"},"inLanguage":"es","potentialAction":[{"@type":"ReadAction","target":["https:\/\/www.clubdelemprendimiento.com\/blog\/noticia-corporativa\/arbancon-a-la-luz-de-las-velas-destino-de-premio\/"]}]},{"@type":"ImageObject","inLanguage":"es","@id":"https:\/\/www.clubdelemprendimiento.com\/blog\/noticia-corporativa\/arbancon-a-la-luz-de-las-velas-destino-de-premio\/#primaryimage","url":"https:\/\/www.clubdelemprendimiento.com\/blog\/wp-content\/uploads\/2025\/07\/Arbancon_a_la_luz_de_las_velas_1.jpg","contentUrl":"https:\/\/www.clubdelemprendimiento.com\/blog\/wp-content\/uploads\/2025\/07\/Arbancon_a_la_luz_de_las_velas_1.jpg","width":1600,"height":720},{"@type":"BreadcrumbList","@id":"https:\/\/www.clubdelemprendimiento.com\/blog\/noticia-corporativa\/arbancon-a-la-luz-de-las-velas-destino-de-premio\/#breadcrumb","itemListElement":[{"@type":"ListItem","position":1,"name":"Home","item":"https:\/\/www.clubdelemprendimiento.com\/blog\/"},{"@type":"ListItem","position":2,"name":"Noticias Corporativas","item":"https:\/\/www.clubdelemprendimiento.com\/blog\/noticias-corporativas\/"},{"@type":"ListItem","position":3,"name":"\u2018Arbanc\u00f3n a la luz de las velas\u2019, destino de premio"}]},{"@type":"WebSite","@id":"https:\/\/www.clubdelemprendimiento.com\/blog\/#website","url":"https:\/\/www.clubdelemprendimiento.com\/blog\/","name":"Blog Club del Emprendimiento","description":"","potentialAction":[{"@type":"SearchAction","target":{"@type":"EntryPoint","urlTemplate":"https:\/\/www.clubdelemprendimiento.com\/blog\/?s={search_term_string}"},"query-input":"required name=search_term_string"}],"inLanguage":"es"}]}},"_links":{"self":[{"href":"https:\/\/www.clubdelemprendimiento.com\/blog\/wp-json\/wp\/v2\/noticia-corporativa\/20370"}],"collection":[{"href":"https:\/\/www.clubdelemprendimiento.com\/blog\/wp-json\/wp\/v2\/noticia-corporativa"}],"about":[{"href":"https:\/\/www.clubdelemprendimiento.com\/blog\/wp-json\/wp\/v2\/types\/noticia-corporativa"}],"wp:featuredmedia":[{"embeddable":true,"href":"https:\/\/www.clubdelemprendimiento.com\/blog\/wp-json\/wp\/v2\/media\/20371"}],"wp:attachment":[{"href":"https:\/\/www.clubdelemprendimiento.com\/blog\/wp-json\/wp\/v2\/media?parent=20370"}],"curies":[{"name":"wp","href":"https:\/\/api.w.org\/{rel}","templated":true}]}}