{"id":20358,"date":"2025-07-24T09:04:29","date_gmt":"2025-07-24T09:04:29","guid":{"rendered":"https:\/\/www.clubdelemprendimiento.com\/blog\/noticia-corporativa\/arquitectura-blanca-la-tradicion-que-inspira-el-diseno-de-hoy\/"},"modified":"2025-07-24T09:04:29","modified_gmt":"2025-07-24T09:04:29","slug":"arquitectura-blanca-la-tradicion-que-inspira-el-diseno-de-hoy","status":"publish","type":"noticia-corporativa","link":"https:\/\/www.clubdelemprendimiento.com\/blog\/noticia-corporativa\/arquitectura-blanca-la-tradicion-que-inspira-el-diseno-de-hoy\/","title":{"rendered":"Arquitectura blanca: la tradici\u00f3n que inspira el dise\u00f1o de hoy"},"content":{"rendered":"<div>\n<p><a href=\"https:\/\/www.clubdelemprendimiento.com\/blog\/wp-content\/uploads\/2025\/07\/EXT_05_PP.jpg\" target=\"_blank\" class=\"fotonota\" rel=\"noopener\"> <img decoding=\"async\" src=\"https:\/\/www.clubdelemprendimiento.com\/blog\/wp-content\/uploads\/2025\/07\/EXT_05_PP.jpg\" style=\"max-width:600px;\" border=\"0\" class=\"postImage\" alt=\"\"><\/a><\/p>\n<p>En pleno julio, cuando el calor manda, las construcciones encaladas del Mediterr\u00e1neo vuelven a ser icono de frescura y belleza. Desde pueblos griegos hasta las Alpujarras andaluzas, la arquitectura blanca es mucho m\u00e1s que una moda: es un lenguaje antiguo que hoy reinterpretan estudios como DmasC, enamorados de su claridad, su poder est\u00e9tico y su capacidad para atravesar siglos sin perder actualidad. https:\/\/dmasc.es\/ <\/p>\n<p><\/p>\n<p><strong>1. Un origen milenario y mediterr\u00e1neo<\/strong><br \/>\nLas primeras construcciones encaladas datan de miles de a\u00f1os atr\u00e1s en el Mediterr\u00e1neo, donde el blanco era una respuesta natural al sol extremo. Se usaba cal no solo para reflejar la luz, sino tambi\u00e9n por su efecto higi\u00e9nico y desinfectante.<\/p>\n<p><strong>2. Geograf\u00eda de la blancura: de Grecia a Andaluc\u00eda<\/strong><br \/>\nSantorini, Mykonos, las islas del Dodecaneso, los pueblos blancos de C\u00e1diz y M\u00e1laga, las Alpujarras granadinas, el Alentejo portugu\u00e9s, los trulli de Puglia, etc.\u00a0todos comparten el blanco como identidad, creando paisajes reconocibles y po\u00e9ticos.<\/p>\n<p><strong>3. Lo opuesto: arquitectura oscura y de retenci\u00f3n t\u00e9rmica<\/strong><br \/>\nEn contraste, zonas fr\u00edas del norte de Europa optaron hist\u00f3ricamente por maderas oscuras y tejados negros para absorber calor. La arquitectura blanca es justo la respuesta contraria: repelerlo.<\/p>\n<p><strong>4. Por qu\u00e9 los estudios modernos replican el blanco<\/strong><br \/>\nPorque sigue funcionando como recurso est\u00e9tico atemporal y vers\u00e1til: ampl\u00eda la luz, potencia materiales nobles, da serenidad a espacios urbanos y conecta con la memoria cultural de cada lugar. DmasC lo emplea para evocar frescura y elegancia sin renunciar a la contemporaneidad.<\/p>\n<p><strong>5. \u00bfQu\u00e9 pasa en invierno?<\/strong><br \/>\nAunque el blanco refleja y no ayuda a acumular calor, estas construcciones se dise\u00f1aban con estrategias que equilibraban estaciones: muros gruesos que retienen la temperatura, patios interiores y peque\u00f1as ventanas para limitar p\u00e9rdidas, y una orientaci\u00f3n calculada para <strong>aprovechar el sol bajo del invierno<\/strong> mientras los aleros, porches y voladizos protegen del <strong>sol alto y abrasador del verano<\/strong>. El color permanece, pero la arquitectura juega con la luz y la sombra todo el a\u00f1o.<\/p>\n<p><strong>6. \u00bfCu\u00e1nto cuesta una casa blanca?<\/strong><br \/>\nEl color blanco no encarece por s\u00ed solo la construcci\u00f3n: la cal y las pinturas claras son materiales asequibles. Lo que s\u00ed implica es un mantenimiento m\u00e1s frecuente, porque para conservar esa pureza luminosa hay que encalar o repintar peri\u00f3dicamente.<\/p>\n<p><strong>Sin embargo, ese cuidado adicional se compensa con un <\/strong>valor a\u00f1adido real<strong>:<\/strong><\/p>\n<ul>\n<li><strong>M\u00e1s luz interior:<\/strong> los acabados blancos multiplican la claridad y reducen la necesidad de iluminaci\u00f3n artificial.<\/li>\n<li><strong>Identidad cultural:<\/strong> transmiten un car\u00e1cter mediterr\u00e1neo muy apreciado, asociado a frescura y tradici\u00f3n.<\/li>\n<li><strong>Atractivo de mercado:<\/strong> una casa blanca bien mantenida suele revalorizarse, porque encaja en paisajes ic\u00f3nicos y tiene un fuerte tir\u00f3n est\u00e9tico.<\/li>\n<\/ul>\n<p><strong>Acerca de DmasC Arquitectos<\/strong><br \/>\nDmasC Arquitectos es un estudio de arquitectura con sede en Madrid, comprometido con el dise\u00f1o a medida y la vanguardia en cada proyecto. Con una filosof\u00eda basada en la cercan\u00eda, la experimentaci\u00f3n y la investigaci\u00f3n, buscan ofrecer soluciones innovadoras que mejoren la calidad de vida de las personas.<\/p>\n<p>El estudio trabaja mano a mano con cada cliente, asegurando un proceso fluido, donde el di\u00e1logo abierto e inteligente es la clave y donde se controlan rigurosamente el presupuesto y los plazos de ejecuci\u00f3n, garantizando un servicio fiable y una experiencia feliz.<\/p>\n<p>El equipo multidisciplinar DmasC cuenta con una brillante trayectoria en proyectos residenciales, comerciales y de oficinas, abordando cada dise\u00f1o con creatividad, funcionalidad y el enfoque m\u00e1s moderno. La combinaci\u00f3n de estos elementos permite a DmasC Arquitectos transformar cada idea en espacio y cada espacio en bienestar.<\/p>\n<p>\u00a0<\/p>\n<\/div>\n","protected":false},"featured_media":20359,"template":"","meta":{"_acf_changed":false},"acf":[],"yoast_head":"<!-- This site is optimized with the Yoast SEO plugin v22.7 - https:\/\/yoast.com\/wordpress\/plugins\/seo\/ -->\n<title>Arquitectura blanca: la tradici\u00f3n que inspira el dise\u00f1o de hoy - Blog Club del Emprendimiento<\/title>\n<meta name=\"robots\" content=\"index, follow, max-snippet:-1, max-image-preview:large, max-video-preview:-1\" \/>\n<link rel=\"canonical\" href=\"https:\/\/www.clubdelemprendimiento.com\/blog\/noticia-corporativa\/arquitectura-blanca-la-tradicion-que-inspira-el-diseno-de-hoy\/\" \/>\n<meta property=\"og:locale\" content=\"es_ES\" \/>\n<meta property=\"og:type\" content=\"article\" \/>\n<meta property=\"og:title\" content=\"Arquitectura blanca: la tradici\u00f3n que inspira el dise\u00f1o de hoy - Blog Club del Emprendimiento\" \/>\n<meta property=\"og:description\" content=\"En pleno julio, cuando el calor manda, las construcciones encaladas del Mediterr\u00e1neo vuelven a&hellip;\" \/>\n<meta property=\"og:url\" content=\"https:\/\/www.clubdelemprendimiento.com\/blog\/noticia-corporativa\/arquitectura-blanca-la-tradicion-que-inspira-el-diseno-de-hoy\/\" \/>\n<meta property=\"og:site_name\" content=\"Blog Club del Emprendimiento\" \/>\n<meta property=\"og:image\" content=\"https:\/\/www.clubdelemprendimiento.com\/blog\/wp-content\/uploads\/2025\/07\/EXT_05_PP.jpg\" \/>\n<meta name=\"twitter:card\" content=\"summary_large_image\" \/>\n<meta name=\"twitter:label1\" content=\"Tiempo de lectura\" \/>\n\t<meta name=\"twitter:data1\" content=\"3 minutos\" \/>\n<script type=\"application\/ld+json\" class=\"yoast-schema-graph\">{\"@context\":\"https:\/\/schema.org\",\"@graph\":[{\"@type\":\"WebPage\",\"@id\":\"https:\/\/www.clubdelemprendimiento.com\/blog\/noticia-corporativa\/arquitectura-blanca-la-tradicion-que-inspira-el-diseno-de-hoy\/\",\"url\":\"https:\/\/www.clubdelemprendimiento.com\/blog\/noticia-corporativa\/arquitectura-blanca-la-tradicion-que-inspira-el-diseno-de-hoy\/\",\"name\":\"Arquitectura blanca: la tradici\u00f3n que inspira el dise\u00f1o de hoy - Blog Club del Emprendimiento\",\"isPartOf\":{\"@id\":\"https:\/\/www.clubdelemprendimiento.com\/blog\/#website\"},\"primaryImageOfPage\":{\"@id\":\"https:\/\/www.clubdelemprendimiento.com\/blog\/noticia-corporativa\/arquitectura-blanca-la-tradicion-que-inspira-el-diseno-de-hoy\/#primaryimage\"},\"image\":{\"@id\":\"https:\/\/www.clubdelemprendimiento.com\/blog\/noticia-corporativa\/arquitectura-blanca-la-tradicion-que-inspira-el-diseno-de-hoy\/#primaryimage\"},\"thumbnailUrl\":\"https:\/\/www.clubdelemprendimiento.com\/blog\/wp-content\/uploads\/2025\/07\/EXT_05_PP-scaled.jpg\",\"datePublished\":\"2025-07-24T09:04:29+00:00\",\"dateModified\":\"2025-07-24T09:04:29+00:00\",\"breadcrumb\":{\"@id\":\"https:\/\/www.clubdelemprendimiento.com\/blog\/noticia-corporativa\/arquitectura-blanca-la-tradicion-que-inspira-el-diseno-de-hoy\/#breadcrumb\"},\"inLanguage\":\"es\",\"potentialAction\":[{\"@type\":\"ReadAction\",\"target\":[\"https:\/\/www.clubdelemprendimiento.com\/blog\/noticia-corporativa\/arquitectura-blanca-la-tradicion-que-inspira-el-diseno-de-hoy\/\"]}]},{\"@type\":\"ImageObject\",\"inLanguage\":\"es\",\"@id\":\"https:\/\/www.clubdelemprendimiento.com\/blog\/noticia-corporativa\/arquitectura-blanca-la-tradicion-que-inspira-el-diseno-de-hoy\/#primaryimage\",\"url\":\"https:\/\/www.clubdelemprendimiento.com\/blog\/wp-content\/uploads\/2025\/07\/EXT_05_PP-scaled.jpg\",\"contentUrl\":\"https:\/\/www.clubdelemprendimiento.com\/blog\/wp-content\/uploads\/2025\/07\/EXT_05_PP-scaled.jpg\",\"width\":2560,\"height\":1384},{\"@type\":\"BreadcrumbList\",\"@id\":\"https:\/\/www.clubdelemprendimiento.com\/blog\/noticia-corporativa\/arquitectura-blanca-la-tradicion-que-inspira-el-diseno-de-hoy\/#breadcrumb\",\"itemListElement\":[{\"@type\":\"ListItem\",\"position\":1,\"name\":\"Home\",\"item\":\"https:\/\/www.clubdelemprendimiento.com\/blog\/\"},{\"@type\":\"ListItem\",\"position\":2,\"name\":\"Noticias Corporativas\",\"item\":\"https:\/\/www.clubdelemprendimiento.com\/blog\/noticias-corporativas\/\"},{\"@type\":\"ListItem\",\"position\":3,\"name\":\"Arquitectura blanca: la tradici\u00f3n que inspira el dise\u00f1o de hoy\"}]},{\"@type\":\"WebSite\",\"@id\":\"https:\/\/www.clubdelemprendimiento.com\/blog\/#website\",\"url\":\"https:\/\/www.clubdelemprendimiento.com\/blog\/\",\"name\":\"Blog Club del Emprendimiento\",\"description\":\"\",\"potentialAction\":[{\"@type\":\"SearchAction\",\"target\":{\"@type\":\"EntryPoint\",\"urlTemplate\":\"https:\/\/www.clubdelemprendimiento.com\/blog\/?s={search_term_string}\"},\"query-input\":\"required name=search_term_string\"}],\"inLanguage\":\"es\"}]}<\/script>\n<!-- \/ Yoast SEO plugin. -->","yoast_head_json":{"title":"Arquitectura blanca: la tradici\u00f3n que inspira el dise\u00f1o de hoy - Blog Club del Emprendimiento","robots":{"index":"index","follow":"follow","max-snippet":"max-snippet:-1","max-image-preview":"max-image-preview:large","max-video-preview":"max-video-preview:-1"},"canonical":"https:\/\/www.clubdelemprendimiento.com\/blog\/noticia-corporativa\/arquitectura-blanca-la-tradicion-que-inspira-el-diseno-de-hoy\/","og_locale":"es_ES","og_type":"article","og_title":"Arquitectura blanca: la tradici\u00f3n que inspira el dise\u00f1o de hoy - Blog Club del Emprendimiento","og_description":"En pleno julio, cuando el calor manda, las construcciones encaladas del Mediterr\u00e1neo vuelven a&hellip;","og_url":"https:\/\/www.clubdelemprendimiento.com\/blog\/noticia-corporativa\/arquitectura-blanca-la-tradicion-que-inspira-el-diseno-de-hoy\/","og_site_name":"Blog Club del Emprendimiento","og_image":[{"url":"https:\/\/www.clubdelemprendimiento.com\/blog\/wp-content\/uploads\/2025\/07\/EXT_05_PP.jpg"}],"twitter_card":"summary_large_image","twitter_misc":{"Tiempo de lectura":"3 minutos"},"schema":{"@context":"https:\/\/schema.org","@graph":[{"@type":"WebPage","@id":"https:\/\/www.clubdelemprendimiento.com\/blog\/noticia-corporativa\/arquitectura-blanca-la-tradicion-que-inspira-el-diseno-de-hoy\/","url":"https:\/\/www.clubdelemprendimiento.com\/blog\/noticia-corporativa\/arquitectura-blanca-la-tradicion-que-inspira-el-diseno-de-hoy\/","name":"Arquitectura blanca: la tradici\u00f3n que inspira el dise\u00f1o de hoy - Blog Club del Emprendimiento","isPartOf":{"@id":"https:\/\/www.clubdelemprendimiento.com\/blog\/#website"},"primaryImageOfPage":{"@id":"https:\/\/www.clubdelemprendimiento.com\/blog\/noticia-corporativa\/arquitectura-blanca-la-tradicion-que-inspira-el-diseno-de-hoy\/#primaryimage"},"image":{"@id":"https:\/\/www.clubdelemprendimiento.com\/blog\/noticia-corporativa\/arquitectura-blanca-la-tradicion-que-inspira-el-diseno-de-hoy\/#primaryimage"},"thumbnailUrl":"https:\/\/www.clubdelemprendimiento.com\/blog\/wp-content\/uploads\/2025\/07\/EXT_05_PP-scaled.jpg","datePublished":"2025-07-24T09:04:29+00:00","dateModified":"2025-07-24T09:04:29+00:00","breadcrumb":{"@id":"https:\/\/www.clubdelemprendimiento.com\/blog\/noticia-corporativa\/arquitectura-blanca-la-tradicion-que-inspira-el-diseno-de-hoy\/#breadcrumb"},"inLanguage":"es","potentialAction":[{"@type":"ReadAction","target":["https:\/\/www.clubdelemprendimiento.com\/blog\/noticia-corporativa\/arquitectura-blanca-la-tradicion-que-inspira-el-diseno-de-hoy\/"]}]},{"@type":"ImageObject","inLanguage":"es","@id":"https:\/\/www.clubdelemprendimiento.com\/blog\/noticia-corporativa\/arquitectura-blanca-la-tradicion-que-inspira-el-diseno-de-hoy\/#primaryimage","url":"https:\/\/www.clubdelemprendimiento.com\/blog\/wp-content\/uploads\/2025\/07\/EXT_05_PP-scaled.jpg","contentUrl":"https:\/\/www.clubdelemprendimiento.com\/blog\/wp-content\/uploads\/2025\/07\/EXT_05_PP-scaled.jpg","width":2560,"height":1384},{"@type":"BreadcrumbList","@id":"https:\/\/www.clubdelemprendimiento.com\/blog\/noticia-corporativa\/arquitectura-blanca-la-tradicion-que-inspira-el-diseno-de-hoy\/#breadcrumb","itemListElement":[{"@type":"ListItem","position":1,"name":"Home","item":"https:\/\/www.clubdelemprendimiento.com\/blog\/"},{"@type":"ListItem","position":2,"name":"Noticias Corporativas","item":"https:\/\/www.clubdelemprendimiento.com\/blog\/noticias-corporativas\/"},{"@type":"ListItem","position":3,"name":"Arquitectura blanca: la tradici\u00f3n que inspira el dise\u00f1o de hoy"}]},{"@type":"WebSite","@id":"https:\/\/www.clubdelemprendimiento.com\/blog\/#website","url":"https:\/\/www.clubdelemprendimiento.com\/blog\/","name":"Blog Club del Emprendimiento","description":"","potentialAction":[{"@type":"SearchAction","target":{"@type":"EntryPoint","urlTemplate":"https:\/\/www.clubdelemprendimiento.com\/blog\/?s={search_term_string}"},"query-input":"required name=search_term_string"}],"inLanguage":"es"}]}},"_links":{"self":[{"href":"https:\/\/www.clubdelemprendimiento.com\/blog\/wp-json\/wp\/v2\/noticia-corporativa\/20358"}],"collection":[{"href":"https:\/\/www.clubdelemprendimiento.com\/blog\/wp-json\/wp\/v2\/noticia-corporativa"}],"about":[{"href":"https:\/\/www.clubdelemprendimiento.com\/blog\/wp-json\/wp\/v2\/types\/noticia-corporativa"}],"wp:featuredmedia":[{"embeddable":true,"href":"https:\/\/www.clubdelemprendimiento.com\/blog\/wp-json\/wp\/v2\/media\/20359"}],"wp:attachment":[{"href":"https:\/\/www.clubdelemprendimiento.com\/blog\/wp-json\/wp\/v2\/media?parent=20358"}],"curies":[{"name":"wp","href":"https:\/\/api.w.org\/{rel}","templated":true}]}}