{"id":20338,"date":"2025-07-23T14:04:50","date_gmt":"2025-07-23T14:04:50","guid":{"rendered":"https:\/\/www.clubdelemprendimiento.com\/blog\/noticia-corporativa\/esta-bolsa-tiene-muchas-vidas-y-tu-las-vives-todas-de-laljub-se-exhibe-en-la-48a-edicion-del-ficie\/"},"modified":"2025-07-23T14:04:50","modified_gmt":"2025-07-23T14:04:50","slug":"esta-bolsa-tiene-muchas-vidas-y-tu-las-vives-todas-de-laljub-se-exhibe-en-la-48a-edicion-del-ficie","status":"publish","type":"noticia-corporativa","link":"https:\/\/www.clubdelemprendimiento.com\/blog\/noticia-corporativa\/esta-bolsa-tiene-muchas-vidas-y-tu-las-vives-todas-de-laljub-se-exhibe-en-la-48a-edicion-del-ficie\/","title":{"rendered":"\u2018Esta bolsa tiene muchas vidas y t\u00fa las vives todas\u2019 de L\u2019Aljub se exhibe en la 48\u00aa edici\u00f3n del FICIE"},"content":{"rendered":"<div>\n<p><a href=\"https:\/\/www.clubdelemprendimiento.com\/blog\/wp-content\/uploads\/2025\/07\/FCE25-GCPhotocall_CClaljub.jpg\" target=\"_blank\" class=\"fotonota\" rel=\"noopener\"> <img decoding=\"async\" src=\"https:\/\/www.clubdelemprendimiento.com\/blog\/wp-content\/uploads\/2025\/07\/FCE25-GCPhotocall_CClaljub.jpg\" style=\"max-width:600px;\" border=\"0\" class=\"postImage\" alt=\"\"><\/a><\/p>\n<p>El centro comercial patrocina el FICIE y cumple m\u00e1s de una d\u00e9cada apoyando y colaborando con este prestigioso y reconocido certamen cinematogr\u00e1fico ilicitano. El proyecto de colaboraci\u00f3n con el colegio especial Tamarit ha sido galardonado con el premio a la \u2018Mejor Originalidad en Proyecto o Acci\u00f3n Social\u2019 en el Publifestival 2025<\/p>\n<p><\/p>\n<p>El <strong><a href=\"https:\/\/cclaljub.com\/\" rel=\"nofollow\">Centro Comercial L\u2019Aljub<\/a><\/strong>, gestionado por <a href=\"https:\/\/www.cbre.es\/\" rel=\"nofollow\">CBRE<\/a>, ha patrocinado, un a\u00f1o m\u00e1s, <strong>el <a href=\"https:\/\/ficie.fundacionmediterraneo.es\/\" rel=\"nofollow\">Festival Internacional de Cine Independiente de Elche (FICIE)<\/a><\/strong>. El certamen organizado por la <strong>Fundaci\u00f3n Mediterr\u00e1neo ha <\/strong>celebrado su 48\u00aa edici\u00f3n <strong>del 11 al 18 de julio. <\/strong>Adem\u00e1s, este a\u00f1o <strong>el centro comercial ha participado en la secci\u00f3n\u00a0 \u2018Mostra\u2019t\u2019<\/strong>, con el v\u00eddeo <strong>\u2018Esta bolsa tiene muchas vidas y t\u00fa las vives todas\u2019<\/strong>, una iniciativa educativa y sostenible creada junto al <strong>Colegio de Educaci\u00f3n Especial Tamarit<\/strong> de Elche. Un proyecto que ha sido galardonado recientemente con el premio a la <strong>\u2018Mejor Originalidad en Proyecto o Acci\u00f3n Social\u2019<\/strong> del <strong>Publifestival 2025 \u2013 Festival Internacional de Publicidad Social<\/strong>.<\/p>\n<p><strong>\u2018Mostra\u2019t\u2019 <\/strong>es una<strong> <\/strong>secci\u00f3n dedicada a <strong>proyectos audiovisuales y cortometrajes realizados en colaboraci\u00f3n con el \u00e1mbito universitario<\/strong>, especialmente con la Universidad Miguel Hern\u00e1ndez. La proyecci\u00f3n <strong>\u2018Esta bolsa tiene muchas vidas y t\u00fa las vives todas\u2019<\/strong> con la que participa L\u2019Aljub se pudo ver <strong>el domingo 15 de junio en el Hort del Xocolater<\/strong>. Este v\u00eddeo, premiado en el <strong>Publifestival 2025,<\/strong> ha sido posible gracias al trabajo conjunto del departamento de <strong><em>marketing<\/em> de L\u2019Aljub<\/strong>, la agencia creativa especializada en centros comerciales <strong>Creaktivamente<\/strong>, y la agencia estrat\u00e9gica <strong>Sensei<\/strong>, elegida sexta mejor agencia de comunicaci\u00f3n social en Espa\u00f1a en 2025.<\/p>\n<p>Este <strong>proyecto es fruto de una estrecha y constante colaboraci\u00f3n entre el Centro Comercial L\u2019Aljub y el Colegio Tamarit<\/strong>, basada en valores clave como la inclusi\u00f3n social, la sostenibilidad, la creatividad y el compromiso ambiental. De este modo, la proyecci\u00f3n narra como lo que comenz\u00f3 siendo simplemente <strong>una lona de m\u00e1s de 700 m\u00b2 <\/strong>cubriendo un espacio vac\u00edo del centro comercial, se convirti\u00f3 en un <strong>s\u00edmbolo de creatividad e inclusi\u00f3n<\/strong>. En lugar de desecharla, L\u2019Aljub decidi\u00f3 transformarla en una oportunidad \u00fanica junto al alumnado del colegio Tamarit. As\u00ed nacieron <strong>1.200 bolsas exclusivas<\/strong>, hechas a mano, cada una con una historia diferente, reflejando un <strong>potente mensaje de sostenibilidad, reutilizaci\u00f3n y segundas oportunidades.<\/strong><\/p>\n<p>Igualmente, el centro comercial tambi\u00e9n tuvo un <strong>protagonismo especial en la gala de clausura<\/strong>, que se celebr\u00f3 el <strong>viernes 18 en el Hort del Xocolater<\/strong>, ya que <strong>hizo entrega del premio Mejor Cortometraje Internacional<\/strong>, dotado con <strong>2.000 euros y Trofeo Dama<\/strong>.<\/p>\n<p>Adem\u00e1s, durante todo el festival, la <strong>pantalla gigante del centro comercial ha proyectado la programaci\u00f3n <\/strong>de<strong> <\/strong>este hist\u00f3rico certamen de cortometrajes. Una manera sencilla de recordar a todas las personas que han acudido a L\u2019Aljub que <strong>el FICIE estaba en marcha<\/strong> y que se pod\u00eda disfrutar de \u00e9l en diferentes lugares del municipio.<\/p>\n<p>Esta acci\u00f3n consolida la apuesta del centro comercial por la responsabilidad social corporativa, la sostenibilidad, la inclusi\u00f3n y la cultura enmarcado dentro del proyecto <strong>\u2018Destino 2030\u2019<\/strong>. Una iniciativa alineada con los <strong>Objetivos de Desarrollo Sostenible <\/strong>(ODS) de la ONU, especialmente con los objetivos: n\u00famero 4 <strong>\u2018Educaci\u00f3n de calidad\u2019<\/strong>,<strong> <\/strong>n\u00famero 10 <strong>\u2018Reducci\u00f3n de las desigua<\/strong>ldades\u2019, n\u00famero 12 <strong>\u2018Producci\u00f3n y consumo responsable\u2019<\/strong> y n\u00famero 13 <strong>\u2018Acci\u00f3n por el clima\u2019<\/strong>. Al mismo tiempo, forma parte de Caring for Communities, iniciativa del \u00e1rea de Property Management de CBRE que impulsa diversas acciones ESG en las comunidades donde opera.<\/p>\n<p><strong>Property Management de CBRE<\/strong><br \/>\nEl \u00e1rea de Property Management de CBRE cuenta con m\u00e1s de 700 activos bajo gesti\u00f3n en Espa\u00f1a y Portugal, con una superficie bruta alquilable de m\u00e1s de 12,1 millones de metros cuadrados. Esta acci\u00f3n \/ campa\u00f1a forma parte del Programa \u00abCaring for Communities\u00bb, una iniciativa impulsada por el \u00e1rea de Property Management para maximizar el valor de los activos inmobiliarios e impactar positivamente en las comunidades donde CBRE opera a trav\u00e9s de la gesti\u00f3n de activos. Este programa est\u00e1 alineado con la estrategia ESG de CBRE, con el objetivo de incidir especialmente en el \u00e1rea social y de sostenibilidad. En 2024, los activos gestionados por CBRE en Iberia realizaron 890 acciones en el marco de esta iniciativa, aportando m\u00e1s de 670.000\u20ac a causas sociales.<\/p>\n<p>CBRE es socio fundador de ACI, Asociaci\u00f3n de Consultoras Inmobiliarias.<\/p>\n<p class=\"mediakit\"><strong>V\u00eddeos<\/strong><br \/><a href=\"https:\/\/youtu.be\/pinp0hvpJx0?si=gC84BK2gCZFyWTvh\" target=\"_blank\" class=\"mediakit\" rel=\"noopener\"> Esta bolsa tiene muchas vidas. Y t\u00fa las vives todas<\/a><\/p>\n<\/div>\n","protected":false},"featured_media":20339,"template":"","meta":{"_acf_changed":false},"acf":[],"yoast_head":"<!-- This site is optimized with the Yoast SEO plugin v22.7 - https:\/\/yoast.com\/wordpress\/plugins\/seo\/ -->\n<title>\u2018Esta bolsa tiene muchas vidas y t\u00fa las vives todas\u2019 de L\u2019Aljub se exhibe en la 48\u00aa edici\u00f3n del FICIE - Blog Club del Emprendimiento<\/title>\n<meta name=\"robots\" content=\"index, follow, max-snippet:-1, max-image-preview:large, max-video-preview:-1\" \/>\n<link rel=\"canonical\" href=\"https:\/\/www.clubdelemprendimiento.com\/blog\/noticia-corporativa\/esta-bolsa-tiene-muchas-vidas-y-tu-las-vives-todas-de-laljub-se-exhibe-en-la-48a-edicion-del-ficie\/\" \/>\n<meta property=\"og:locale\" content=\"es_ES\" \/>\n<meta property=\"og:type\" content=\"article\" \/>\n<meta property=\"og:title\" content=\"\u2018Esta bolsa tiene muchas vidas y t\u00fa las vives todas\u2019 de L\u2019Aljub se exhibe en la 48\u00aa edici\u00f3n del FICIE - Blog Club del Emprendimiento\" \/>\n<meta property=\"og:description\" content=\"El centro comercial patrocina el FICIE y cumple m\u00e1s de una d\u00e9cada apoyando y&hellip;\" \/>\n<meta property=\"og:url\" content=\"https:\/\/www.clubdelemprendimiento.com\/blog\/noticia-corporativa\/esta-bolsa-tiene-muchas-vidas-y-tu-las-vives-todas-de-laljub-se-exhibe-en-la-48a-edicion-del-ficie\/\" \/>\n<meta property=\"og:site_name\" content=\"Blog Club del Emprendimiento\" \/>\n<meta property=\"og:image\" content=\"https:\/\/www.clubdelemprendimiento.com\/blog\/wp-content\/uploads\/2025\/07\/FCE25-GCPhotocall_CClaljub.jpg\" \/>\n<meta name=\"twitter:card\" content=\"summary_large_image\" \/>\n<meta name=\"twitter:label1\" content=\"Tiempo de lectura\" \/>\n\t<meta name=\"twitter:data1\" content=\"4 minutos\" \/>\n<script type=\"application\/ld+json\" class=\"yoast-schema-graph\">{\"@context\":\"https:\/\/schema.org\",\"@graph\":[{\"@type\":\"WebPage\",\"@id\":\"https:\/\/www.clubdelemprendimiento.com\/blog\/noticia-corporativa\/esta-bolsa-tiene-muchas-vidas-y-tu-las-vives-todas-de-laljub-se-exhibe-en-la-48a-edicion-del-ficie\/\",\"url\":\"https:\/\/www.clubdelemprendimiento.com\/blog\/noticia-corporativa\/esta-bolsa-tiene-muchas-vidas-y-tu-las-vives-todas-de-laljub-se-exhibe-en-la-48a-edicion-del-ficie\/\",\"name\":\"\u2018Esta bolsa tiene muchas vidas y t\u00fa las vives todas\u2019 de L\u2019Aljub se exhibe en la 48\u00aa edici\u00f3n del FICIE - Blog Club del Emprendimiento\",\"isPartOf\":{\"@id\":\"https:\/\/www.clubdelemprendimiento.com\/blog\/#website\"},\"primaryImageOfPage\":{\"@id\":\"https:\/\/www.clubdelemprendimiento.com\/blog\/noticia-corporativa\/esta-bolsa-tiene-muchas-vidas-y-tu-las-vives-todas-de-laljub-se-exhibe-en-la-48a-edicion-del-ficie\/#primaryimage\"},\"image\":{\"@id\":\"https:\/\/www.clubdelemprendimiento.com\/blog\/noticia-corporativa\/esta-bolsa-tiene-muchas-vidas-y-tu-las-vives-todas-de-laljub-se-exhibe-en-la-48a-edicion-del-ficie\/#primaryimage\"},\"thumbnailUrl\":\"https:\/\/www.clubdelemprendimiento.com\/blog\/wp-content\/uploads\/2025\/07\/FCE25-GCPhotocall_CClaljub.jpg\",\"datePublished\":\"2025-07-23T14:04:50+00:00\",\"dateModified\":\"2025-07-23T14:04:50+00:00\",\"breadcrumb\":{\"@id\":\"https:\/\/www.clubdelemprendimiento.com\/blog\/noticia-corporativa\/esta-bolsa-tiene-muchas-vidas-y-tu-las-vives-todas-de-laljub-se-exhibe-en-la-48a-edicion-del-ficie\/#breadcrumb\"},\"inLanguage\":\"es\",\"potentialAction\":[{\"@type\":\"ReadAction\",\"target\":[\"https:\/\/www.clubdelemprendimiento.com\/blog\/noticia-corporativa\/esta-bolsa-tiene-muchas-vidas-y-tu-las-vives-todas-de-laljub-se-exhibe-en-la-48a-edicion-del-ficie\/\"]}]},{\"@type\":\"ImageObject\",\"inLanguage\":\"es\",\"@id\":\"https:\/\/www.clubdelemprendimiento.com\/blog\/noticia-corporativa\/esta-bolsa-tiene-muchas-vidas-y-tu-las-vives-todas-de-laljub-se-exhibe-en-la-48a-edicion-del-ficie\/#primaryimage\",\"url\":\"https:\/\/www.clubdelemprendimiento.com\/blog\/wp-content\/uploads\/2025\/07\/FCE25-GCPhotocall_CClaljub.jpg\",\"contentUrl\":\"https:\/\/www.clubdelemprendimiento.com\/blog\/wp-content\/uploads\/2025\/07\/FCE25-GCPhotocall_CClaljub.jpg\",\"width\":1417,\"height\":945},{\"@type\":\"BreadcrumbList\",\"@id\":\"https:\/\/www.clubdelemprendimiento.com\/blog\/noticia-corporativa\/esta-bolsa-tiene-muchas-vidas-y-tu-las-vives-todas-de-laljub-se-exhibe-en-la-48a-edicion-del-ficie\/#breadcrumb\",\"itemListElement\":[{\"@type\":\"ListItem\",\"position\":1,\"name\":\"Home\",\"item\":\"https:\/\/www.clubdelemprendimiento.com\/blog\/\"},{\"@type\":\"ListItem\",\"position\":2,\"name\":\"Noticias Corporativas\",\"item\":\"https:\/\/www.clubdelemprendimiento.com\/blog\/noticias-corporativas\/\"},{\"@type\":\"ListItem\",\"position\":3,\"name\":\"\u2018Esta bolsa tiene muchas vidas y t\u00fa las vives todas\u2019 de L\u2019Aljub se exhibe en la 48\u00aa edici\u00f3n del FICIE\"}]},{\"@type\":\"WebSite\",\"@id\":\"https:\/\/www.clubdelemprendimiento.com\/blog\/#website\",\"url\":\"https:\/\/www.clubdelemprendimiento.com\/blog\/\",\"name\":\"Blog Club del Emprendimiento\",\"description\":\"\",\"potentialAction\":[{\"@type\":\"SearchAction\",\"target\":{\"@type\":\"EntryPoint\",\"urlTemplate\":\"https:\/\/www.clubdelemprendimiento.com\/blog\/?s={search_term_string}\"},\"query-input\":\"required name=search_term_string\"}],\"inLanguage\":\"es\"}]}<\/script>\n<!-- \/ Yoast SEO plugin. -->","yoast_head_json":{"title":"\u2018Esta bolsa tiene muchas vidas y t\u00fa las vives todas\u2019 de L\u2019Aljub se exhibe en la 48\u00aa edici\u00f3n del FICIE - Blog Club del Emprendimiento","robots":{"index":"index","follow":"follow","max-snippet":"max-snippet:-1","max-image-preview":"max-image-preview:large","max-video-preview":"max-video-preview:-1"},"canonical":"https:\/\/www.clubdelemprendimiento.com\/blog\/noticia-corporativa\/esta-bolsa-tiene-muchas-vidas-y-tu-las-vives-todas-de-laljub-se-exhibe-en-la-48a-edicion-del-ficie\/","og_locale":"es_ES","og_type":"article","og_title":"\u2018Esta bolsa tiene muchas vidas y t\u00fa las vives todas\u2019 de L\u2019Aljub se exhibe en la 48\u00aa edici\u00f3n del FICIE - Blog Club del Emprendimiento","og_description":"El centro comercial patrocina el FICIE y cumple m\u00e1s de una d\u00e9cada apoyando y&hellip;","og_url":"https:\/\/www.clubdelemprendimiento.com\/blog\/noticia-corporativa\/esta-bolsa-tiene-muchas-vidas-y-tu-las-vives-todas-de-laljub-se-exhibe-en-la-48a-edicion-del-ficie\/","og_site_name":"Blog Club del Emprendimiento","og_image":[{"url":"https:\/\/www.clubdelemprendimiento.com\/blog\/wp-content\/uploads\/2025\/07\/FCE25-GCPhotocall_CClaljub.jpg"}],"twitter_card":"summary_large_image","twitter_misc":{"Tiempo de lectura":"4 minutos"},"schema":{"@context":"https:\/\/schema.org","@graph":[{"@type":"WebPage","@id":"https:\/\/www.clubdelemprendimiento.com\/blog\/noticia-corporativa\/esta-bolsa-tiene-muchas-vidas-y-tu-las-vives-todas-de-laljub-se-exhibe-en-la-48a-edicion-del-ficie\/","url":"https:\/\/www.clubdelemprendimiento.com\/blog\/noticia-corporativa\/esta-bolsa-tiene-muchas-vidas-y-tu-las-vives-todas-de-laljub-se-exhibe-en-la-48a-edicion-del-ficie\/","name":"\u2018Esta bolsa tiene muchas vidas y t\u00fa las vives todas\u2019 de L\u2019Aljub se exhibe en la 48\u00aa edici\u00f3n del FICIE - Blog Club del Emprendimiento","isPartOf":{"@id":"https:\/\/www.clubdelemprendimiento.com\/blog\/#website"},"primaryImageOfPage":{"@id":"https:\/\/www.clubdelemprendimiento.com\/blog\/noticia-corporativa\/esta-bolsa-tiene-muchas-vidas-y-tu-las-vives-todas-de-laljub-se-exhibe-en-la-48a-edicion-del-ficie\/#primaryimage"},"image":{"@id":"https:\/\/www.clubdelemprendimiento.com\/blog\/noticia-corporativa\/esta-bolsa-tiene-muchas-vidas-y-tu-las-vives-todas-de-laljub-se-exhibe-en-la-48a-edicion-del-ficie\/#primaryimage"},"thumbnailUrl":"https:\/\/www.clubdelemprendimiento.com\/blog\/wp-content\/uploads\/2025\/07\/FCE25-GCPhotocall_CClaljub.jpg","datePublished":"2025-07-23T14:04:50+00:00","dateModified":"2025-07-23T14:04:50+00:00","breadcrumb":{"@id":"https:\/\/www.clubdelemprendimiento.com\/blog\/noticia-corporativa\/esta-bolsa-tiene-muchas-vidas-y-tu-las-vives-todas-de-laljub-se-exhibe-en-la-48a-edicion-del-ficie\/#breadcrumb"},"inLanguage":"es","potentialAction":[{"@type":"ReadAction","target":["https:\/\/www.clubdelemprendimiento.com\/blog\/noticia-corporativa\/esta-bolsa-tiene-muchas-vidas-y-tu-las-vives-todas-de-laljub-se-exhibe-en-la-48a-edicion-del-ficie\/"]}]},{"@type":"ImageObject","inLanguage":"es","@id":"https:\/\/www.clubdelemprendimiento.com\/blog\/noticia-corporativa\/esta-bolsa-tiene-muchas-vidas-y-tu-las-vives-todas-de-laljub-se-exhibe-en-la-48a-edicion-del-ficie\/#primaryimage","url":"https:\/\/www.clubdelemprendimiento.com\/blog\/wp-content\/uploads\/2025\/07\/FCE25-GCPhotocall_CClaljub.jpg","contentUrl":"https:\/\/www.clubdelemprendimiento.com\/blog\/wp-content\/uploads\/2025\/07\/FCE25-GCPhotocall_CClaljub.jpg","width":1417,"height":945},{"@type":"BreadcrumbList","@id":"https:\/\/www.clubdelemprendimiento.com\/blog\/noticia-corporativa\/esta-bolsa-tiene-muchas-vidas-y-tu-las-vives-todas-de-laljub-se-exhibe-en-la-48a-edicion-del-ficie\/#breadcrumb","itemListElement":[{"@type":"ListItem","position":1,"name":"Home","item":"https:\/\/www.clubdelemprendimiento.com\/blog\/"},{"@type":"ListItem","position":2,"name":"Noticias Corporativas","item":"https:\/\/www.clubdelemprendimiento.com\/blog\/noticias-corporativas\/"},{"@type":"ListItem","position":3,"name":"\u2018Esta bolsa tiene muchas vidas y t\u00fa las vives todas\u2019 de L\u2019Aljub se exhibe en la 48\u00aa edici\u00f3n del FICIE"}]},{"@type":"WebSite","@id":"https:\/\/www.clubdelemprendimiento.com\/blog\/#website","url":"https:\/\/www.clubdelemprendimiento.com\/blog\/","name":"Blog Club del Emprendimiento","description":"","potentialAction":[{"@type":"SearchAction","target":{"@type":"EntryPoint","urlTemplate":"https:\/\/www.clubdelemprendimiento.com\/blog\/?s={search_term_string}"},"query-input":"required name=search_term_string"}],"inLanguage":"es"}]}},"_links":{"self":[{"href":"https:\/\/www.clubdelemprendimiento.com\/blog\/wp-json\/wp\/v2\/noticia-corporativa\/20338"}],"collection":[{"href":"https:\/\/www.clubdelemprendimiento.com\/blog\/wp-json\/wp\/v2\/noticia-corporativa"}],"about":[{"href":"https:\/\/www.clubdelemprendimiento.com\/blog\/wp-json\/wp\/v2\/types\/noticia-corporativa"}],"wp:featuredmedia":[{"embeddable":true,"href":"https:\/\/www.clubdelemprendimiento.com\/blog\/wp-json\/wp\/v2\/media\/20339"}],"wp:attachment":[{"href":"https:\/\/www.clubdelemprendimiento.com\/blog\/wp-json\/wp\/v2\/media?parent=20338"}],"curies":[{"name":"wp","href":"https:\/\/api.w.org\/{rel}","templated":true}]}}