{"id":20334,"date":"2025-07-23T14:04:46","date_gmt":"2025-07-23T14:04:46","guid":{"rendered":"https:\/\/www.clubdelemprendimiento.com\/blog\/noticia-corporativa\/puigverd-assessors-analiza-como-afectan-las-vacaciones-de-verano-en-el-ambito-laboral\/"},"modified":"2025-07-23T14:04:46","modified_gmt":"2025-07-23T14:04:46","slug":"puigverd-assessors-analiza-como-afectan-las-vacaciones-de-verano-en-el-ambito-laboral","status":"publish","type":"noticia-corporativa","link":"https:\/\/www.clubdelemprendimiento.com\/blog\/noticia-corporativa\/puigverd-assessors-analiza-como-afectan-las-vacaciones-de-verano-en-el-ambito-laboral\/","title":{"rendered":"Puigverd Assessors analiza c\u00f3mo afectan las vacaciones de verano en el \u00e1mbito laboral"},"content":{"rendered":"<div>\n<p><a href=\"https:\/\/www.clubdelemprendimiento.com\/blog\/wp-content\/uploads\/2025\/07\/Captura_de_pantalla_2025-07-23_a_les_120759.png\" target=\"_blank\" class=\"fotonota\" rel=\"noopener\"> <img decoding=\"async\" src=\"https:\/\/www.clubdelemprendimiento.com\/blog\/wp-content\/uploads\/2025\/07\/Captura_de_pantalla_2025-07-23_a_les_120759.png\" style=\"max-width:600px;\" border=\"0\" class=\"postImage\" alt=\"\"><\/a><\/p>\n<p>El Estatuto de los Trabajadores, en su art\u00edculo 38, establece que todo empleado tiene derecho a un m\u00ednimo de 30 d\u00edas naturales de vacaciones al a\u00f1o<\/p>\n<p><\/p>\n<p>Las <strong>vacaciones de verano<\/strong> representan uno de los derechos laborales m\u00e1s importantes. No solo permiten al trabajador recuperar su energ\u00eda, sino que tambi\u00e9n tienen implicaciones directas en la gesti\u00f3n empresarial.\u00a0Como empresario y emprendedor, entender los <strong>derechos<\/strong> y las <strong>obligaciones<\/strong> relacionados con las vacaciones mejora la planificaci\u00f3n y fortalece el compromiso con la\u00a0plantilla.\u00a0<\/p>\n<p>El <strong>Estatuto de los Trabajadores<\/strong>, en su art\u00edculo 38, establece que todo empleado tiene derecho a un m\u00ednimo de <strong>30 d\u00edas naturales<\/strong> de vacaciones al a\u00f1o, equivalentes a 2,5 d\u00edas por mes trabajado. Los d\u00edas se cuentan en forma natural (incluyen festivos y domingos), salvo que convenio o contrato especifiquen m\u00e1s beneficios.<\/p>\n<p>Las vacaciones deben disfrutarse del 1 de enero al 31 de diciembre, salvo excepciones: si coinciden con <strong>bajas por enfermedad, maternidad o paternidad<\/strong>, el trabajador puede disfrutarlas dentro de los 18 meses siguientes.\u00a0Adem\u00e1s, el empleador est\u00e1 obligado a elaborar un <strong>calendario laboral<\/strong> con antelaci\u00f3n m\u00ednima de dos meses antes del periodo vacacional y consensuarlo con los trabajadores.<\/p>\n<p>Si no hay acuerdo, el Tribunal de lo Social puede determinar el periodo de vacaciones y la decisi\u00f3n ser\u00e1 <strong>irrecurrible<\/strong>.<\/p>\n<p><strong>Planificaci\u00f3n en verano: empresario vs trabajador<\/strong><\/p>\n<p><strong>Desde la perspectiva del empresario <\/strong><\/p>\n<p><strong>Organizaci\u00f3n operativa <\/strong><\/p>\n<ul>\n<li>Las vacaciones deben consensuarse para no perjudicar la actividad productiva.<\/li>\n<li>El calendario anual y los pactos interanuales permiten prever las ausencias y planificar recursos alternativos.<\/li>\n<\/ul>\n<p><strong>Sustituciones y refuerzos temporales <\/strong><\/p>\n<ul>\n<li>Contrataci\u00f3n de personal estacional o refuerzos durante agosto o julio.<\/li>\n<li>Formaci\u00f3n previa al periodo estival para garantizar continuidad en la actividad.<\/li>\n<\/ul>\n<p><strong>Documentaci\u00f3n y registro <\/strong><\/p>\n<ul>\n<li>Registro documental del acuerdo sobre fechas.<\/li>\n<li>Control de incidencias: bajas durante vacaciones, cambios de turno, etc.<\/li>\n<\/ul>\n<p><strong>Desde la perspectiva del trabajador<\/strong><\/p>\n<p><strong>Derecho al descanso efectivo <\/strong><\/p>\n<ul>\n<li>Las vacaciones deben disfrutarse sin compensaci\u00f3n econ\u00f3mica o sustituci\u00f3n, salvo extinci\u00f3n del contrato.<\/li>\n<li>Hasta 30 d\u00edas naturales anuales, proporcionales si se trabaj\u00f3 menos de un a\u00f1o.<\/li>\n<\/ul>\n<p><strong>Conciliaci\u00f3n familiar <\/strong><\/p>\n<ul>\n<li>La elecci\u00f3n de fechas puede influir en la compatibilidad con periodos escolares o actividades familiares.<\/li>\n<li>La negociaci\u00f3n debe ser bidireccional; el trabajador tiene voz en el acuerdo.<\/li>\n<\/ul>\n<p><strong>Emergencias y salud <\/strong><\/p>\n<ul>\n<li>Baja m\u00e9dica durante las vacaciones no las anula.<\/li>\n<li>El trabajador puede recuperarlas posteriormente, dentro de los 18\u2009meses permitidos.<\/li>\n<\/ul>\n<p><strong>Flexibilidad y adaptaciones: casos comunes<\/strong><\/p>\n<ul>\n<li><strong>Empresa peque\u00f1a vs. gran empresa <\/strong>\n<ul>\n<li>En pymes, la flexibilidad puede plantear m\u00e1s dificultades, pero tambi\u00e9n una gesti\u00f3n m\u00e1s cercana y humana.<\/li>\n<\/ul>\n<\/li>\n<li><strong>Rotaciones y preferencias <\/strong>\n<ul>\n<li>Se puede establecer rotaci\u00f3n anual para evitar que siempre elijan los mismos empleados.<\/li>\n<li>Prioridad por antig\u00fcedad, situaci\u00f3n familiar o circunstancias especiales. La clave est\u00e1 en el consenso.<\/li>\n<\/ul>\n<\/li>\n<li><strong>Festivos y puentes <\/strong>\n<ul>\n<li>Planificar las vacaciones en torno a festivos puede maximizar el descanso sin consumir tantos d\u00edas.<\/li>\n<\/ul>\n<\/li>\n<\/ul>\n<p><strong>Errores m\u00e1s frecuentes y c\u00f3mo evitarlos<\/strong><\/p>\n<ul>\n<li><strong>Imposici\u00f3n unilateral de fechas <\/strong>\n<ul>\n<li>La ley impide que el empleador decida sin acuerdo y sin justificaci\u00f3n.<\/li>\n<li>En caso de imposici\u00f3n, el trabajador puede demandar y recurrir a los tribunales.<\/li>\n<\/ul>\n<\/li>\n<li><strong>No comunicar con la antelaci\u00f3n adecuada <\/strong>\n<ul>\n<li>La comunicaci\u00f3n debe realizarse con dos meses de antelaci\u00f3n, salvo convenio que diga otra cosa.<\/li>\n<\/ul>\n<\/li>\n<li><strong>Solapamientos y baja m\u00e9dica <\/strong>\n<ul>\n<li>La empresa debe gestionar correctamente los casos de baja coincidente con vacaciones, trasladando el descanso.<\/li>\n<\/ul>\n<\/li>\n<li><strong>Confusi\u00f3n entre d\u00edas naturales y laborables <\/strong>\n<ul>\n<li>Si bien la ley habla de d\u00edas naturales, algunos convenios establecen d\u00edas laborables. Revisa el convenio aplicable.<\/li>\n<\/ul>\n<\/li>\n<\/ul>\n<p><strong>Ventajas de una buena gesti\u00f3n vacacional<\/strong><\/p>\n<ul>\n<li><strong>Aumento de productividad y satisfacci\u00f3n <\/strong>\n<ul>\n<li>Empleados descansados, motivados, y con sensaci\u00f3n de equidad.<\/li>\n<\/ul>\n<\/li>\n<li><strong>Mejor clima laboral <\/strong>\n<ul>\n<li>La rotaci\u00f3n ordenada y consensuada evita conflictos internos.<\/li>\n<\/ul>\n<\/li>\n<li><strong>Cumplimiento legal y seguridad jur\u00eddica <\/strong>\n<ul>\n<li>Evita\u00a0sanciones y litigios laborales costosos.<\/li>\n<\/ul>\n<\/li>\n<\/ul>\n<p><strong>Recomendaciones para empresarios y emprendedores<\/strong><\/p>\n<ol>\n<li><strong>Dise\u00f1ar un calendario anual participativo <\/strong>\n<ul>\n<li>Involucrar a representantes y empleados en la planificaci\u00f3n vacacional.<\/li>\n<\/ul>\n<\/li>\n<li><strong>Definir\u00a0criterios objetivos <\/strong>\n<ul>\n<li>Antig\u00fcedad, situaci\u00f3n familiar, necesidades del negocio. Formalizarlos en pol\u00edtica interna o convenio.<\/li>\n<\/ul>\n<\/li>\n<li><strong>Comunicar con claridad <\/strong>\n<ul>\n<li>Exponer\u00a0plazos, reglas y posibles ajustes. Dejar constancia escrita.<\/li>\n<\/ul>\n<\/li>\n<li><strong>Mantener\u00a0registros y documentaci\u00f3n <\/strong>\n<ul>\n<li>Guardar solicitudes, comunicaciones y acuerdos.<\/li>\n<\/ul>\n<\/li>\n<li><strong>Revisar el\u00a0convenio colectivo <\/strong>\n<ul>\n<li>Verificar si regula periodos preferentes y adaptar la\u00a0normativa interna.<strong> <\/strong><\/li>\n<\/ul>\n<\/li>\n<\/ol>\n<p>Las <strong>vacaciones de verano<\/strong> son un derecho consolidado de los trabajadores y una oportunidad para las empresas de planificar y reforzar su imagen como empleadoras responsables. Empresarios y emprendedores que conocen y aplican correctamente la normativa evitan conflictos, mejoran la gesti\u00f3n de los recursos humanos y refuerzan su cultura organizativa.<\/p>\n<p>En <a href=\"https:\/\/www.puigverdassessors.com\/\" target=\"_blank\" rel=\"nofollow noopener\"><strong>Puigverd Assessors<\/strong><\/a>\u00a0ayudan\u00a0a dise\u00f1ar pol\u00edticas claras y eficientes sobre vacaciones, garantizando el cumplimiento normativo y maximizando la satisfacci\u00f3n y productividad de los equipos.<\/p>\n<\/div>\n","protected":false},"featured_media":20335,"template":"","meta":{"_acf_changed":false},"acf":[],"yoast_head":"<!-- This site is optimized with the Yoast SEO plugin v22.7 - https:\/\/yoast.com\/wordpress\/plugins\/seo\/ -->\n<title>Puigverd Assessors analiza c\u00f3mo afectan las vacaciones de verano en el \u00e1mbito laboral - Blog Club del Emprendimiento<\/title>\n<meta name=\"robots\" content=\"index, follow, max-snippet:-1, max-image-preview:large, max-video-preview:-1\" \/>\n<link rel=\"canonical\" href=\"https:\/\/www.clubdelemprendimiento.com\/blog\/noticia-corporativa\/puigverd-assessors-analiza-como-afectan-las-vacaciones-de-verano-en-el-ambito-laboral\/\" \/>\n<meta property=\"og:locale\" content=\"es_ES\" \/>\n<meta property=\"og:type\" content=\"article\" \/>\n<meta property=\"og:title\" content=\"Puigverd Assessors analiza c\u00f3mo afectan las vacaciones de verano en el \u00e1mbito laboral - Blog Club del Emprendimiento\" \/>\n<meta property=\"og:description\" content=\"El Estatuto de los Trabajadores, en su art\u00edculo 38, establece que todo empleado tiene&hellip;\" \/>\n<meta property=\"og:url\" content=\"https:\/\/www.clubdelemprendimiento.com\/blog\/noticia-corporativa\/puigverd-assessors-analiza-como-afectan-las-vacaciones-de-verano-en-el-ambito-laboral\/\" \/>\n<meta property=\"og:site_name\" content=\"Blog Club del Emprendimiento\" \/>\n<meta property=\"og:image\" content=\"https:\/\/www.clubdelemprendimiento.com\/blog\/wp-content\/uploads\/2025\/07\/Captura_de_pantalla_2025-07-23_a_les_120759.png\" \/>\n<meta name=\"twitter:card\" content=\"summary_large_image\" \/>\n<meta name=\"twitter:label1\" content=\"Tiempo de lectura\" \/>\n\t<meta name=\"twitter:data1\" content=\"4 minutos\" \/>\n<script type=\"application\/ld+json\" class=\"yoast-schema-graph\">{\"@context\":\"https:\/\/schema.org\",\"@graph\":[{\"@type\":\"WebPage\",\"@id\":\"https:\/\/www.clubdelemprendimiento.com\/blog\/noticia-corporativa\/puigverd-assessors-analiza-como-afectan-las-vacaciones-de-verano-en-el-ambito-laboral\/\",\"url\":\"https:\/\/www.clubdelemprendimiento.com\/blog\/noticia-corporativa\/puigverd-assessors-analiza-como-afectan-las-vacaciones-de-verano-en-el-ambito-laboral\/\",\"name\":\"Puigverd Assessors analiza c\u00f3mo afectan las vacaciones de verano en el \u00e1mbito laboral - Blog Club del Emprendimiento\",\"isPartOf\":{\"@id\":\"https:\/\/www.clubdelemprendimiento.com\/blog\/#website\"},\"primaryImageOfPage\":{\"@id\":\"https:\/\/www.clubdelemprendimiento.com\/blog\/noticia-corporativa\/puigverd-assessors-analiza-como-afectan-las-vacaciones-de-verano-en-el-ambito-laboral\/#primaryimage\"},\"image\":{\"@id\":\"https:\/\/www.clubdelemprendimiento.com\/blog\/noticia-corporativa\/puigverd-assessors-analiza-como-afectan-las-vacaciones-de-verano-en-el-ambito-laboral\/#primaryimage\"},\"thumbnailUrl\":\"https:\/\/www.clubdelemprendimiento.com\/blog\/wp-content\/uploads\/2025\/07\/Captura_de_pantalla_2025-07-23_a_les_120759.png\",\"datePublished\":\"2025-07-23T14:04:46+00:00\",\"dateModified\":\"2025-07-23T14:04:46+00:00\",\"breadcrumb\":{\"@id\":\"https:\/\/www.clubdelemprendimiento.com\/blog\/noticia-corporativa\/puigverd-assessors-analiza-como-afectan-las-vacaciones-de-verano-en-el-ambito-laboral\/#breadcrumb\"},\"inLanguage\":\"es\",\"potentialAction\":[{\"@type\":\"ReadAction\",\"target\":[\"https:\/\/www.clubdelemprendimiento.com\/blog\/noticia-corporativa\/puigverd-assessors-analiza-como-afectan-las-vacaciones-de-verano-en-el-ambito-laboral\/\"]}]},{\"@type\":\"ImageObject\",\"inLanguage\":\"es\",\"@id\":\"https:\/\/www.clubdelemprendimiento.com\/blog\/noticia-corporativa\/puigverd-assessors-analiza-como-afectan-las-vacaciones-de-verano-en-el-ambito-laboral\/#primaryimage\",\"url\":\"https:\/\/www.clubdelemprendimiento.com\/blog\/wp-content\/uploads\/2025\/07\/Captura_de_pantalla_2025-07-23_a_les_120759.png\",\"contentUrl\":\"https:\/\/www.clubdelemprendimiento.com\/blog\/wp-content\/uploads\/2025\/07\/Captura_de_pantalla_2025-07-23_a_les_120759.png\",\"width\":848,\"height\":791},{\"@type\":\"BreadcrumbList\",\"@id\":\"https:\/\/www.clubdelemprendimiento.com\/blog\/noticia-corporativa\/puigverd-assessors-analiza-como-afectan-las-vacaciones-de-verano-en-el-ambito-laboral\/#breadcrumb\",\"itemListElement\":[{\"@type\":\"ListItem\",\"position\":1,\"name\":\"Home\",\"item\":\"https:\/\/www.clubdelemprendimiento.com\/blog\/\"},{\"@type\":\"ListItem\",\"position\":2,\"name\":\"Noticias Corporativas\",\"item\":\"https:\/\/www.clubdelemprendimiento.com\/blog\/noticias-corporativas\/\"},{\"@type\":\"ListItem\",\"position\":3,\"name\":\"Puigverd Assessors analiza c\u00f3mo afectan las vacaciones de verano en el \u00e1mbito laboral\"}]},{\"@type\":\"WebSite\",\"@id\":\"https:\/\/www.clubdelemprendimiento.com\/blog\/#website\",\"url\":\"https:\/\/www.clubdelemprendimiento.com\/blog\/\",\"name\":\"Blog Club del Emprendimiento\",\"description\":\"\",\"potentialAction\":[{\"@type\":\"SearchAction\",\"target\":{\"@type\":\"EntryPoint\",\"urlTemplate\":\"https:\/\/www.clubdelemprendimiento.com\/blog\/?s={search_term_string}\"},\"query-input\":\"required name=search_term_string\"}],\"inLanguage\":\"es\"}]}<\/script>\n<!-- \/ Yoast SEO plugin. -->","yoast_head_json":{"title":"Puigverd Assessors analiza c\u00f3mo afectan las vacaciones de verano en el \u00e1mbito laboral - Blog Club del Emprendimiento","robots":{"index":"index","follow":"follow","max-snippet":"max-snippet:-1","max-image-preview":"max-image-preview:large","max-video-preview":"max-video-preview:-1"},"canonical":"https:\/\/www.clubdelemprendimiento.com\/blog\/noticia-corporativa\/puigverd-assessors-analiza-como-afectan-las-vacaciones-de-verano-en-el-ambito-laboral\/","og_locale":"es_ES","og_type":"article","og_title":"Puigverd Assessors analiza c\u00f3mo afectan las vacaciones de verano en el \u00e1mbito laboral - Blog Club del Emprendimiento","og_description":"El Estatuto de los Trabajadores, en su art\u00edculo 38, establece que todo empleado tiene&hellip;","og_url":"https:\/\/www.clubdelemprendimiento.com\/blog\/noticia-corporativa\/puigverd-assessors-analiza-como-afectan-las-vacaciones-de-verano-en-el-ambito-laboral\/","og_site_name":"Blog Club del Emprendimiento","og_image":[{"url":"https:\/\/www.clubdelemprendimiento.com\/blog\/wp-content\/uploads\/2025\/07\/Captura_de_pantalla_2025-07-23_a_les_120759.png"}],"twitter_card":"summary_large_image","twitter_misc":{"Tiempo de lectura":"4 minutos"},"schema":{"@context":"https:\/\/schema.org","@graph":[{"@type":"WebPage","@id":"https:\/\/www.clubdelemprendimiento.com\/blog\/noticia-corporativa\/puigverd-assessors-analiza-como-afectan-las-vacaciones-de-verano-en-el-ambito-laboral\/","url":"https:\/\/www.clubdelemprendimiento.com\/blog\/noticia-corporativa\/puigverd-assessors-analiza-como-afectan-las-vacaciones-de-verano-en-el-ambito-laboral\/","name":"Puigverd Assessors analiza c\u00f3mo afectan las vacaciones de verano en el \u00e1mbito laboral - Blog Club del Emprendimiento","isPartOf":{"@id":"https:\/\/www.clubdelemprendimiento.com\/blog\/#website"},"primaryImageOfPage":{"@id":"https:\/\/www.clubdelemprendimiento.com\/blog\/noticia-corporativa\/puigverd-assessors-analiza-como-afectan-las-vacaciones-de-verano-en-el-ambito-laboral\/#primaryimage"},"image":{"@id":"https:\/\/www.clubdelemprendimiento.com\/blog\/noticia-corporativa\/puigverd-assessors-analiza-como-afectan-las-vacaciones-de-verano-en-el-ambito-laboral\/#primaryimage"},"thumbnailUrl":"https:\/\/www.clubdelemprendimiento.com\/blog\/wp-content\/uploads\/2025\/07\/Captura_de_pantalla_2025-07-23_a_les_120759.png","datePublished":"2025-07-23T14:04:46+00:00","dateModified":"2025-07-23T14:04:46+00:00","breadcrumb":{"@id":"https:\/\/www.clubdelemprendimiento.com\/blog\/noticia-corporativa\/puigverd-assessors-analiza-como-afectan-las-vacaciones-de-verano-en-el-ambito-laboral\/#breadcrumb"},"inLanguage":"es","potentialAction":[{"@type":"ReadAction","target":["https:\/\/www.clubdelemprendimiento.com\/blog\/noticia-corporativa\/puigverd-assessors-analiza-como-afectan-las-vacaciones-de-verano-en-el-ambito-laboral\/"]}]},{"@type":"ImageObject","inLanguage":"es","@id":"https:\/\/www.clubdelemprendimiento.com\/blog\/noticia-corporativa\/puigverd-assessors-analiza-como-afectan-las-vacaciones-de-verano-en-el-ambito-laboral\/#primaryimage","url":"https:\/\/www.clubdelemprendimiento.com\/blog\/wp-content\/uploads\/2025\/07\/Captura_de_pantalla_2025-07-23_a_les_120759.png","contentUrl":"https:\/\/www.clubdelemprendimiento.com\/blog\/wp-content\/uploads\/2025\/07\/Captura_de_pantalla_2025-07-23_a_les_120759.png","width":848,"height":791},{"@type":"BreadcrumbList","@id":"https:\/\/www.clubdelemprendimiento.com\/blog\/noticia-corporativa\/puigverd-assessors-analiza-como-afectan-las-vacaciones-de-verano-en-el-ambito-laboral\/#breadcrumb","itemListElement":[{"@type":"ListItem","position":1,"name":"Home","item":"https:\/\/www.clubdelemprendimiento.com\/blog\/"},{"@type":"ListItem","position":2,"name":"Noticias Corporativas","item":"https:\/\/www.clubdelemprendimiento.com\/blog\/noticias-corporativas\/"},{"@type":"ListItem","position":3,"name":"Puigverd Assessors analiza c\u00f3mo afectan las vacaciones de verano en el \u00e1mbito laboral"}]},{"@type":"WebSite","@id":"https:\/\/www.clubdelemprendimiento.com\/blog\/#website","url":"https:\/\/www.clubdelemprendimiento.com\/blog\/","name":"Blog Club del Emprendimiento","description":"","potentialAction":[{"@type":"SearchAction","target":{"@type":"EntryPoint","urlTemplate":"https:\/\/www.clubdelemprendimiento.com\/blog\/?s={search_term_string}"},"query-input":"required name=search_term_string"}],"inLanguage":"es"}]}},"_links":{"self":[{"href":"https:\/\/www.clubdelemprendimiento.com\/blog\/wp-json\/wp\/v2\/noticia-corporativa\/20334"}],"collection":[{"href":"https:\/\/www.clubdelemprendimiento.com\/blog\/wp-json\/wp\/v2\/noticia-corporativa"}],"about":[{"href":"https:\/\/www.clubdelemprendimiento.com\/blog\/wp-json\/wp\/v2\/types\/noticia-corporativa"}],"wp:featuredmedia":[{"embeddable":true,"href":"https:\/\/www.clubdelemprendimiento.com\/blog\/wp-json\/wp\/v2\/media\/20335"}],"wp:attachment":[{"href":"https:\/\/www.clubdelemprendimiento.com\/blog\/wp-json\/wp\/v2\/media?parent=20334"}],"curies":[{"name":"wp","href":"https:\/\/api.w.org\/{rel}","templated":true}]}}