{"id":20202,"date":"2025-07-18T14:00:40","date_gmt":"2025-07-18T14:00:40","guid":{"rendered":"https:\/\/www.clubdelemprendimiento.com\/blog\/noticia-corporativa\/el-instituto-u-de-formacion-profesional-obtiene-la-autorizacion-para-impartir-el-grado-superior-oficial-de-tecnico-en-desarrollo-de-aplicaciones-web\/"},"modified":"2025-07-18T14:00:40","modified_gmt":"2025-07-18T14:00:40","slug":"el-instituto-u-de-formacion-profesional-obtiene-la-autorizacion-para-impartir-el-grado-superior-oficial-de-tecnico-en-desarrollo-de-aplicaciones-web","status":"publish","type":"noticia-corporativa","link":"https:\/\/www.clubdelemprendimiento.com\/blog\/noticia-corporativa\/el-instituto-u-de-formacion-profesional-obtiene-la-autorizacion-para-impartir-el-grado-superior-oficial-de-tecnico-en-desarrollo-de-aplicaciones-web\/","title":{"rendered":"El Instituto U de Formaci\u00f3n Profesional obtiene la autorizaci\u00f3n para impartir el Grado Superior Oficial de T\u00e9cnico en Desarrollo de Aplicaciones Web"},"content":{"rendered":"<div>\n<p><a href=\"https:\/\/www.clubdelemprendimiento.com\/blog\/wp-content\/uploads\/2025\/07\/fp_oficial_desarrollo_web_instituto.jpg\" target=\"_blank\" class=\"fotonota\" rel=\"noopener\"> <img decoding=\"async\" src=\"https:\/\/www.clubdelemprendimiento.com\/blog\/wp-content\/uploads\/2025\/07\/fp_oficial_desarrollo_web_instituto.jpg\" style=\"max-width:600px;\" border=\"0\" class=\"postImage\" alt=\"\"><\/a><\/p>\n<p>El Instituto U de Formaci\u00f3n Profesional ha recibido la autorizaci\u00f3n oficial para ofrecer el Grado Superior Oficial en Desarrollo de Aplicaciones Web, formaci\u00f3n que se imparte mediante los modelos presencial y online (telepresencial)<\/p>\n<p><\/p>\n<p>Este Grado est\u00e1 dirigido a quienes buscan obtener la titulaci\u00f3n oficial de FP que les permita ejercer como profesionales en el \u00e1mbito de la inform\u00e1tica y comunicaciones. En otras palabras, los alumnos aprender\u00e1n a dise\u00f1ar, programar e implementar aplicaciones web adaptadas a diferentes dispositivos y necesidades, utilizando tecnolog\u00edas actuales y metodolog\u00edas \u00e1giles. Esta titulaci\u00f3n oficial est\u00e1 reconocida por el Ministerio de Educaci\u00f3n y Formaci\u00f3n Profesional y permitir\u00e1 a los alumnos ejercer como profesionales tanto en el \u00e1mbito p\u00fablico como privado.<\/p>\n<p>Profesiones como las de programadores web o desarrolladores de aplicaciones en entornos web est\u00e1n en alza porque presentan una alta demanda en agencias de marketing, o startups tecnol\u00f3gicas, as\u00ed como en empresas p\u00fablicas y privadas. Seg\u00fan el portal de noticias Infobae, aprender lenguajes de programaci\u00f3n como Java o Python abre nuevas oportunidades en \u00e1reas como la inteligencia artificial y el an\u00e1lisis de datos, lo que se traduce en elevados salarios.\u00a0 Seg\u00fan el \u00faltimo estudio de remuneraci\u00f3n de la consultora Michael Page 2024, un desarrollador junior puede ganar entre 25.000 y 38.000 euros al a\u00f1o (seg\u00fan la ciudad de referencia). Los perfiles senior pueden incluso llegar a los 80.000 anuales.<\/p>\n<p>Los m\u00f3dulos de este ciclo oficial est\u00e1n guiados por los profesores titulados y autorizados legalmente. Adem\u00e1s, los alumnos cuentan con un equipo de tutores que se encargar\u00e1n de hacer el seguimiento acad\u00e9mico personal a cada alumno, ofreciendo orientaci\u00f3n y apoyo en su proceso de aprendizaje. Junto a este cuadro docente tambi\u00e9n est\u00e1n los orientadores educativos para guiar a los alumnos en su toma de decisiones relacionadas con su futuro acad\u00e9mico y profesional.<\/p>\n<p>Gracias a su innovador modelo educativo, el <a href=\"https:\/\/iuformacionprofesional.com\/\" rel=\"nofollow\">Instituto U de Formaci\u00f3n Profesional<\/a> garantiza una completa inmersi\u00f3n formativa tanto en la modalidad presencial como en la online (telepresencial). Esto es posible gracias a la implantaci\u00f3n de tecnolog\u00eda avanzada en las aulas, sistemas inform\u00e1ticos y recursos audiovisuales de \u00faltima generaci\u00f3n que permiten a los alumnos adquirir los conocimientos te\u00f3ricos y pr\u00e1cticos de forma din\u00e1mica y \u00e1gil. En la modalidad online (telepresencia) los alumnos pueden seguir las clases en directo y disponer de ellas grabadas a trav\u00e9s del campus virtual, lo que facilita el aprendizaje flexible y adaptado a sus necesidades.<\/p>\n<p>Adem\u00e1s, el Instituto U de Formaci\u00f3n Profesional est\u00e1 autorizado oficialmente, lo que permite a sus alumnos acceder a las becas p\u00fablicas del Ministerio de Educaci\u00f3n.<\/p>\n<\/div>\n","protected":false},"featured_media":20203,"template":"","meta":{"_acf_changed":false},"acf":[],"yoast_head":"<!-- This site is optimized with the Yoast SEO plugin v22.7 - https:\/\/yoast.com\/wordpress\/plugins\/seo\/ -->\n<title>El Instituto U de Formaci\u00f3n Profesional obtiene la autorizaci\u00f3n para impartir el Grado Superior Oficial de T\u00e9cnico en Desarrollo de Aplicaciones Web - Blog Club del Emprendimiento<\/title>\n<meta name=\"robots\" content=\"index, follow, max-snippet:-1, max-image-preview:large, max-video-preview:-1\" \/>\n<link rel=\"canonical\" href=\"https:\/\/www.clubdelemprendimiento.com\/blog\/noticia-corporativa\/el-instituto-u-de-formacion-profesional-obtiene-la-autorizacion-para-impartir-el-grado-superior-oficial-de-tecnico-en-desarrollo-de-aplicaciones-web\/\" \/>\n<meta property=\"og:locale\" content=\"es_ES\" \/>\n<meta property=\"og:type\" content=\"article\" \/>\n<meta property=\"og:title\" content=\"El Instituto U de Formaci\u00f3n Profesional obtiene la autorizaci\u00f3n para impartir el Grado Superior Oficial de T\u00e9cnico en Desarrollo de Aplicaciones Web - Blog Club del Emprendimiento\" \/>\n<meta property=\"og:description\" content=\"El Instituto U de Formaci\u00f3n Profesional ha recibido la autorizaci\u00f3n oficial para ofrecer el&hellip;\" \/>\n<meta property=\"og:url\" content=\"https:\/\/www.clubdelemprendimiento.com\/blog\/noticia-corporativa\/el-instituto-u-de-formacion-profesional-obtiene-la-autorizacion-para-impartir-el-grado-superior-oficial-de-tecnico-en-desarrollo-de-aplicaciones-web\/\" \/>\n<meta property=\"og:site_name\" content=\"Blog Club del Emprendimiento\" \/>\n<meta property=\"og:image\" content=\"https:\/\/www.clubdelemprendimiento.com\/blog\/wp-content\/uploads\/2025\/07\/fp_oficial_desarrollo_web_instituto.jpg\" \/>\n<meta name=\"twitter:card\" content=\"summary_large_image\" \/>\n<meta name=\"twitter:label1\" content=\"Tiempo de lectura\" \/>\n\t<meta name=\"twitter:data1\" content=\"2 minutos\" \/>\n<script type=\"application\/ld+json\" class=\"yoast-schema-graph\">{\"@context\":\"https:\/\/schema.org\",\"@graph\":[{\"@type\":\"WebPage\",\"@id\":\"https:\/\/www.clubdelemprendimiento.com\/blog\/noticia-corporativa\/el-instituto-u-de-formacion-profesional-obtiene-la-autorizacion-para-impartir-el-grado-superior-oficial-de-tecnico-en-desarrollo-de-aplicaciones-web\/\",\"url\":\"https:\/\/www.clubdelemprendimiento.com\/blog\/noticia-corporativa\/el-instituto-u-de-formacion-profesional-obtiene-la-autorizacion-para-impartir-el-grado-superior-oficial-de-tecnico-en-desarrollo-de-aplicaciones-web\/\",\"name\":\"El Instituto U de Formaci\u00f3n Profesional obtiene la autorizaci\u00f3n para impartir el Grado Superior Oficial de T\u00e9cnico en Desarrollo de Aplicaciones Web - Blog Club del Emprendimiento\",\"isPartOf\":{\"@id\":\"https:\/\/www.clubdelemprendimiento.com\/blog\/#website\"},\"primaryImageOfPage\":{\"@id\":\"https:\/\/www.clubdelemprendimiento.com\/blog\/noticia-corporativa\/el-instituto-u-de-formacion-profesional-obtiene-la-autorizacion-para-impartir-el-grado-superior-oficial-de-tecnico-en-desarrollo-de-aplicaciones-web\/#primaryimage\"},\"image\":{\"@id\":\"https:\/\/www.clubdelemprendimiento.com\/blog\/noticia-corporativa\/el-instituto-u-de-formacion-profesional-obtiene-la-autorizacion-para-impartir-el-grado-superior-oficial-de-tecnico-en-desarrollo-de-aplicaciones-web\/#primaryimage\"},\"thumbnailUrl\":\"https:\/\/www.clubdelemprendimiento.com\/blog\/wp-content\/uploads\/2025\/07\/fp_oficial_desarrollo_web_instituto-scaled.jpg\",\"datePublished\":\"2025-07-18T14:00:40+00:00\",\"dateModified\":\"2025-07-18T14:00:40+00:00\",\"breadcrumb\":{\"@id\":\"https:\/\/www.clubdelemprendimiento.com\/blog\/noticia-corporativa\/el-instituto-u-de-formacion-profesional-obtiene-la-autorizacion-para-impartir-el-grado-superior-oficial-de-tecnico-en-desarrollo-de-aplicaciones-web\/#breadcrumb\"},\"inLanguage\":\"es\",\"potentialAction\":[{\"@type\":\"ReadAction\",\"target\":[\"https:\/\/www.clubdelemprendimiento.com\/blog\/noticia-corporativa\/el-instituto-u-de-formacion-profesional-obtiene-la-autorizacion-para-impartir-el-grado-superior-oficial-de-tecnico-en-desarrollo-de-aplicaciones-web\/\"]}]},{\"@type\":\"ImageObject\",\"inLanguage\":\"es\",\"@id\":\"https:\/\/www.clubdelemprendimiento.com\/blog\/noticia-corporativa\/el-instituto-u-de-formacion-profesional-obtiene-la-autorizacion-para-impartir-el-grado-superior-oficial-de-tecnico-en-desarrollo-de-aplicaciones-web\/#primaryimage\",\"url\":\"https:\/\/www.clubdelemprendimiento.com\/blog\/wp-content\/uploads\/2025\/07\/fp_oficial_desarrollo_web_instituto-scaled.jpg\",\"contentUrl\":\"https:\/\/www.clubdelemprendimiento.com\/blog\/wp-content\/uploads\/2025\/07\/fp_oficial_desarrollo_web_instituto-scaled.jpg\",\"width\":2560,\"height\":2407},{\"@type\":\"BreadcrumbList\",\"@id\":\"https:\/\/www.clubdelemprendimiento.com\/blog\/noticia-corporativa\/el-instituto-u-de-formacion-profesional-obtiene-la-autorizacion-para-impartir-el-grado-superior-oficial-de-tecnico-en-desarrollo-de-aplicaciones-web\/#breadcrumb\",\"itemListElement\":[{\"@type\":\"ListItem\",\"position\":1,\"name\":\"Home\",\"item\":\"https:\/\/www.clubdelemprendimiento.com\/blog\/\"},{\"@type\":\"ListItem\",\"position\":2,\"name\":\"Noticias Corporativas\",\"item\":\"https:\/\/www.clubdelemprendimiento.com\/blog\/noticias-corporativas\/\"},{\"@type\":\"ListItem\",\"position\":3,\"name\":\"El Instituto U de Formaci\u00f3n Profesional obtiene la autorizaci\u00f3n para impartir el Grado Superior Oficial de T\u00e9cnico en Desarrollo de Aplicaciones Web\"}]},{\"@type\":\"WebSite\",\"@id\":\"https:\/\/www.clubdelemprendimiento.com\/blog\/#website\",\"url\":\"https:\/\/www.clubdelemprendimiento.com\/blog\/\",\"name\":\"Blog Club del Emprendimiento\",\"description\":\"\",\"potentialAction\":[{\"@type\":\"SearchAction\",\"target\":{\"@type\":\"EntryPoint\",\"urlTemplate\":\"https:\/\/www.clubdelemprendimiento.com\/blog\/?s={search_term_string}\"},\"query-input\":\"required name=search_term_string\"}],\"inLanguage\":\"es\"}]}<\/script>\n<!-- \/ Yoast SEO plugin. -->","yoast_head_json":{"title":"El Instituto U de Formaci\u00f3n Profesional obtiene la autorizaci\u00f3n para impartir el Grado Superior Oficial de T\u00e9cnico en Desarrollo de Aplicaciones Web - Blog Club del Emprendimiento","robots":{"index":"index","follow":"follow","max-snippet":"max-snippet:-1","max-image-preview":"max-image-preview:large","max-video-preview":"max-video-preview:-1"},"canonical":"https:\/\/www.clubdelemprendimiento.com\/blog\/noticia-corporativa\/el-instituto-u-de-formacion-profesional-obtiene-la-autorizacion-para-impartir-el-grado-superior-oficial-de-tecnico-en-desarrollo-de-aplicaciones-web\/","og_locale":"es_ES","og_type":"article","og_title":"El Instituto U de Formaci\u00f3n Profesional obtiene la autorizaci\u00f3n para impartir el Grado Superior Oficial de T\u00e9cnico en Desarrollo de Aplicaciones Web - Blog Club del Emprendimiento","og_description":"El Instituto U de Formaci\u00f3n Profesional ha recibido la autorizaci\u00f3n oficial para ofrecer el&hellip;","og_url":"https:\/\/www.clubdelemprendimiento.com\/blog\/noticia-corporativa\/el-instituto-u-de-formacion-profesional-obtiene-la-autorizacion-para-impartir-el-grado-superior-oficial-de-tecnico-en-desarrollo-de-aplicaciones-web\/","og_site_name":"Blog Club del Emprendimiento","og_image":[{"url":"https:\/\/www.clubdelemprendimiento.com\/blog\/wp-content\/uploads\/2025\/07\/fp_oficial_desarrollo_web_instituto.jpg"}],"twitter_card":"summary_large_image","twitter_misc":{"Tiempo de lectura":"2 minutos"},"schema":{"@context":"https:\/\/schema.org","@graph":[{"@type":"WebPage","@id":"https:\/\/www.clubdelemprendimiento.com\/blog\/noticia-corporativa\/el-instituto-u-de-formacion-profesional-obtiene-la-autorizacion-para-impartir-el-grado-superior-oficial-de-tecnico-en-desarrollo-de-aplicaciones-web\/","url":"https:\/\/www.clubdelemprendimiento.com\/blog\/noticia-corporativa\/el-instituto-u-de-formacion-profesional-obtiene-la-autorizacion-para-impartir-el-grado-superior-oficial-de-tecnico-en-desarrollo-de-aplicaciones-web\/","name":"El Instituto U de Formaci\u00f3n Profesional obtiene la autorizaci\u00f3n para impartir el Grado Superior Oficial de T\u00e9cnico en Desarrollo de Aplicaciones Web - Blog Club del Emprendimiento","isPartOf":{"@id":"https:\/\/www.clubdelemprendimiento.com\/blog\/#website"},"primaryImageOfPage":{"@id":"https:\/\/www.clubdelemprendimiento.com\/blog\/noticia-corporativa\/el-instituto-u-de-formacion-profesional-obtiene-la-autorizacion-para-impartir-el-grado-superior-oficial-de-tecnico-en-desarrollo-de-aplicaciones-web\/#primaryimage"},"image":{"@id":"https:\/\/www.clubdelemprendimiento.com\/blog\/noticia-corporativa\/el-instituto-u-de-formacion-profesional-obtiene-la-autorizacion-para-impartir-el-grado-superior-oficial-de-tecnico-en-desarrollo-de-aplicaciones-web\/#primaryimage"},"thumbnailUrl":"https:\/\/www.clubdelemprendimiento.com\/blog\/wp-content\/uploads\/2025\/07\/fp_oficial_desarrollo_web_instituto-scaled.jpg","datePublished":"2025-07-18T14:00:40+00:00","dateModified":"2025-07-18T14:00:40+00:00","breadcrumb":{"@id":"https:\/\/www.clubdelemprendimiento.com\/blog\/noticia-corporativa\/el-instituto-u-de-formacion-profesional-obtiene-la-autorizacion-para-impartir-el-grado-superior-oficial-de-tecnico-en-desarrollo-de-aplicaciones-web\/#breadcrumb"},"inLanguage":"es","potentialAction":[{"@type":"ReadAction","target":["https:\/\/www.clubdelemprendimiento.com\/blog\/noticia-corporativa\/el-instituto-u-de-formacion-profesional-obtiene-la-autorizacion-para-impartir-el-grado-superior-oficial-de-tecnico-en-desarrollo-de-aplicaciones-web\/"]}]},{"@type":"ImageObject","inLanguage":"es","@id":"https:\/\/www.clubdelemprendimiento.com\/blog\/noticia-corporativa\/el-instituto-u-de-formacion-profesional-obtiene-la-autorizacion-para-impartir-el-grado-superior-oficial-de-tecnico-en-desarrollo-de-aplicaciones-web\/#primaryimage","url":"https:\/\/www.clubdelemprendimiento.com\/blog\/wp-content\/uploads\/2025\/07\/fp_oficial_desarrollo_web_instituto-scaled.jpg","contentUrl":"https:\/\/www.clubdelemprendimiento.com\/blog\/wp-content\/uploads\/2025\/07\/fp_oficial_desarrollo_web_instituto-scaled.jpg","width":2560,"height":2407},{"@type":"BreadcrumbList","@id":"https:\/\/www.clubdelemprendimiento.com\/blog\/noticia-corporativa\/el-instituto-u-de-formacion-profesional-obtiene-la-autorizacion-para-impartir-el-grado-superior-oficial-de-tecnico-en-desarrollo-de-aplicaciones-web\/#breadcrumb","itemListElement":[{"@type":"ListItem","position":1,"name":"Home","item":"https:\/\/www.clubdelemprendimiento.com\/blog\/"},{"@type":"ListItem","position":2,"name":"Noticias Corporativas","item":"https:\/\/www.clubdelemprendimiento.com\/blog\/noticias-corporativas\/"},{"@type":"ListItem","position":3,"name":"El Instituto U de Formaci\u00f3n Profesional obtiene la autorizaci\u00f3n para impartir el Grado Superior Oficial de T\u00e9cnico en Desarrollo de Aplicaciones Web"}]},{"@type":"WebSite","@id":"https:\/\/www.clubdelemprendimiento.com\/blog\/#website","url":"https:\/\/www.clubdelemprendimiento.com\/blog\/","name":"Blog Club del Emprendimiento","description":"","potentialAction":[{"@type":"SearchAction","target":{"@type":"EntryPoint","urlTemplate":"https:\/\/www.clubdelemprendimiento.com\/blog\/?s={search_term_string}"},"query-input":"required name=search_term_string"}],"inLanguage":"es"}]}},"_links":{"self":[{"href":"https:\/\/www.clubdelemprendimiento.com\/blog\/wp-json\/wp\/v2\/noticia-corporativa\/20202"}],"collection":[{"href":"https:\/\/www.clubdelemprendimiento.com\/blog\/wp-json\/wp\/v2\/noticia-corporativa"}],"about":[{"href":"https:\/\/www.clubdelemprendimiento.com\/blog\/wp-json\/wp\/v2\/types\/noticia-corporativa"}],"wp:featuredmedia":[{"embeddable":true,"href":"https:\/\/www.clubdelemprendimiento.com\/blog\/wp-json\/wp\/v2\/media\/20203"}],"wp:attachment":[{"href":"https:\/\/www.clubdelemprendimiento.com\/blog\/wp-json\/wp\/v2\/media?parent=20202"}],"curies":[{"name":"wp","href":"https:\/\/api.w.org\/{rel}","templated":true}]}}