{"id":20198,"date":"2025-07-18T14:00:27","date_gmt":"2025-07-18T14:00:27","guid":{"rendered":"https:\/\/www.clubdelemprendimiento.com\/blog\/noticia-corporativa\/la-escuela-de-capacitacion-profesional-de-konecta-foundation-y-banco-santander-impulsa-la-empleabilidad\/"},"modified":"2025-07-18T14:00:27","modified_gmt":"2025-07-18T14:00:27","slug":"la-escuela-de-capacitacion-profesional-de-konecta-foundation-y-banco-santander-impulsa-la-empleabilidad","status":"publish","type":"noticia-corporativa","link":"https:\/\/www.clubdelemprendimiento.com\/blog\/noticia-corporativa\/la-escuela-de-capacitacion-profesional-de-konecta-foundation-y-banco-santander-impulsa-la-empleabilidad\/","title":{"rendered":"La Escuela de Capacitaci\u00f3n Profesional de Konecta Foundation y Banco Santander impulsa la empleabilidad"},"content":{"rendered":"<div>\n<p><a href=\"https:\/\/www.clubdelemprendimiento.com\/blog\/wp-content\/uploads\/2025\/07\/Escuela_de_Capacitacin_Profesional_Fundacin_Konecta.jpg\" target=\"_blank\" class=\"fotonota\" rel=\"noopener\"> <img decoding=\"async\" src=\"https:\/\/www.clubdelemprendimiento.com\/blog\/wp-content\/uploads\/2025\/07\/Escuela_de_Capacitacin_Profesional_Fundacin_Konecta.jpg\" style=\"max-width:600px;\" border=\"0\" class=\"postImage\" alt=\"\"><\/a><\/p>\n<p>El programa, que combina formaci\u00f3n en t\u00e9cnicas de venta, habilidades digitales y contenidos espec\u00edficos sobre el servicio del Banco Santander, arranca un nuevo curso con m\u00e1s de 20 alumnos. Desde su lanzamiento, la Escuela ha formado y otorgado un certificado de profesionalidad a 105 personas en situaci\u00f3n de vulnerabilidad, logrando la inserci\u00f3n laboral del 85% de ellas<\/p>\n<p><\/p>\n<p><strong>Konecta<\/strong><strong> <\/strong><strong>Foundation <\/strong>y <strong>Banco Santander<\/strong> celebraron antes de ayer la inauguraci\u00f3n de una nueva edici\u00f3n de su <strong>Escuela de Capacitaci\u00f3n Profesional<\/strong>, un programa impulsado por ambas entidades con el objetivo de facilitar la inserci\u00f3n laboral de personas en situaci\u00f3n de vulnerabilidad. El acto tuvo lugar en el Centro de Formaci\u00f3n Aranda, en Madrid, donde se desarrolla el itinerario formativo durante estas semanas.<\/p>\n<p>La nueva edici\u00f3n ha arrancado con m\u00e1s de 20 participantes que han sido preseleccionados por <a href=\"https:\/\/www.konectafoundation.org\/es\/\" rel=\"nofollow\"><strong>Konecta Foundation<\/strong><\/a>, para ser formados por el equipo de la <strong>Fundaci\u00f3n<\/strong>, as\u00ed como los equipos de Capital Humano de <strong>Konecta <\/strong>y <strong>Banco Santander<\/strong>. Asimismo, en el proceso de captaci\u00f3n han colaborado diversas entidades sociales como Fundaci\u00f3n ONCE, C\u00e1ritas, Cruz Roja, Fundaci\u00f3n MUM, la Oficina de Empleo de Madrid y organizaciones del \u00e1mbito de la discapacidad auditiva como FESORCAM, CNSE, Asomadrid o IELSE.<\/p>\n<p>La formaci\u00f3n, que comenz\u00f3 el pasado 30 de junio, se estructura en dos bloques: una primera fase centrada en t\u00e9cnicas de venta y competencias digitales, y una segunda dedicada a la formaci\u00f3n espec\u00edfica en productos y procesos del Banco Santander, trabajando con el manual de calidad de la empresa y el glosario de t\u00e9rminos financieros, para familiarizarse con la terminolog\u00eda y los procesos. Adem\u00e1s, los participantes reciben sesiones de coaching, formaci\u00f3n en ofim\u00e1tica, charlas inspiradoras \u2014como la impartida por Beatriz Trigueros, antigua alumna del programa\u2014 y un acompa\u00f1amiento personalizado por parte del equipo de <strong>Konecta Foundation<\/strong>.<\/p>\n<p>El prop\u00f3sito del proyecto es facilitar el acceso al empleo en el sector de atenci\u00f3n al cliente, un \u00e1mbito con alta demanda de perfiles especializados. En este sentido, est\u00e1 previsto que los participantes se incorporen a sus nuevos puestos de trabajo el pr\u00f3ximo 25 de agosto.<\/p>\n<p>Desde su creaci\u00f3n, la <strong>Escuela de Capacitaci\u00f3n de Konecta Foundation <\/strong>ha formado a m\u00e1s de 100 personas, con una tasa de inserci\u00f3n laboral del 85%. \u00abEste proyecto demuestra que la colaboraci\u00f3n entre el sector empresarial y el tercer sector puede generar un verdadero impacto social, proporcionando herramientas reales a quienes m\u00e1s lo necesitan\u00bb, apunta <strong>Graciela de la Morena, directora de Konecta Foundation<\/strong>.<\/p>\n<p>Igualmente, <strong>Juan Carlos Andaranz<\/strong>, <strong>director de Clientes de Konecta en Espa\u00f1a<\/strong>, destaca que \u00abel apoyo de Banco Santander es clave para impulsar esta iniciativa y facilitar la inserci\u00f3n laboral. Desde Konecta, buscamos crear oportunidades reales de empleo, as\u00ed como acompa\u00f1ar a los alumnos con un equipo comprometido y con experiencia en integraci\u00f3n. Por ello, se les anima\u00a0a aprovechar esta oportunidad y prepararse para su futuro profesional\u00bb.<\/p>\n<p>Por su parte, <strong>Gregorio Pantoja, director de Digital Sales &amp; Service en Banco Santander Espa\u00f1a<\/strong>, a\u00f1ade que \u00abla Escuela de Capacitaci\u00f3n Profesional de Konecta Foundation ofrece algo esencial: formaci\u00f3n que transforma vidas. Lo que la hace \u00fanica es el v\u00ednculo humano que se genera entre participantes y formadores, y el compromiso de todo el equipo. En Banco Santander se cree\u00a0firmemente en este tipo de iniciativas y seguiremos impuls\u00e1ndolas porque ayudan a las personas a crecer y evolucionar y enriquecen a todos los que participamos en ellas\u00bb.<\/p>\n<p>La colaboraci\u00f3n entre ambas entidades, que comenz\u00f3 en 2021, se consolida como un ejemplo de alianza estrat\u00e9gica con impacto, en el que convergen la acci\u00f3n social, la formaci\u00f3n y la empleabilidad.<\/p>\n<\/div>\n","protected":false},"featured_media":20199,"template":"","meta":{"_acf_changed":false},"acf":[],"yoast_head":"<!-- This site is optimized with the Yoast SEO plugin v22.7 - https:\/\/yoast.com\/wordpress\/plugins\/seo\/ -->\n<title>La Escuela de Capacitaci\u00f3n Profesional de Konecta Foundation y Banco Santander impulsa la empleabilidad - Blog Club del Emprendimiento<\/title>\n<meta name=\"robots\" content=\"index, follow, max-snippet:-1, max-image-preview:large, max-video-preview:-1\" \/>\n<link rel=\"canonical\" href=\"https:\/\/www.clubdelemprendimiento.com\/blog\/noticia-corporativa\/la-escuela-de-capacitacion-profesional-de-konecta-foundation-y-banco-santander-impulsa-la-empleabilidad\/\" \/>\n<meta property=\"og:locale\" content=\"es_ES\" \/>\n<meta property=\"og:type\" content=\"article\" \/>\n<meta property=\"og:title\" content=\"La Escuela de Capacitaci\u00f3n Profesional de Konecta Foundation y Banco Santander impulsa la empleabilidad - Blog Club del Emprendimiento\" \/>\n<meta property=\"og:description\" content=\"El programa, que combina formaci\u00f3n en t\u00e9cnicas de venta, habilidades digitales y contenidos espec\u00edficos&hellip;\" \/>\n<meta property=\"og:url\" content=\"https:\/\/www.clubdelemprendimiento.com\/blog\/noticia-corporativa\/la-escuela-de-capacitacion-profesional-de-konecta-foundation-y-banco-santander-impulsa-la-empleabilidad\/\" \/>\n<meta property=\"og:site_name\" content=\"Blog Club del Emprendimiento\" \/>\n<meta property=\"og:image\" content=\"https:\/\/www.clubdelemprendimiento.com\/blog\/wp-content\/uploads\/2025\/07\/Escuela_de_Capacitacin_Profesional_Fundacin_Konecta.jpg\" \/>\n<meta name=\"twitter:card\" content=\"summary_large_image\" \/>\n<meta name=\"twitter:label1\" content=\"Tiempo de lectura\" \/>\n\t<meta name=\"twitter:data1\" content=\"3 minutos\" \/>\n<script type=\"application\/ld+json\" class=\"yoast-schema-graph\">{\"@context\":\"https:\/\/schema.org\",\"@graph\":[{\"@type\":\"WebPage\",\"@id\":\"https:\/\/www.clubdelemprendimiento.com\/blog\/noticia-corporativa\/la-escuela-de-capacitacion-profesional-de-konecta-foundation-y-banco-santander-impulsa-la-empleabilidad\/\",\"url\":\"https:\/\/www.clubdelemprendimiento.com\/blog\/noticia-corporativa\/la-escuela-de-capacitacion-profesional-de-konecta-foundation-y-banco-santander-impulsa-la-empleabilidad\/\",\"name\":\"La Escuela de Capacitaci\u00f3n Profesional de Konecta Foundation y Banco Santander impulsa la empleabilidad - Blog Club del Emprendimiento\",\"isPartOf\":{\"@id\":\"https:\/\/www.clubdelemprendimiento.com\/blog\/#website\"},\"primaryImageOfPage\":{\"@id\":\"https:\/\/www.clubdelemprendimiento.com\/blog\/noticia-corporativa\/la-escuela-de-capacitacion-profesional-de-konecta-foundation-y-banco-santander-impulsa-la-empleabilidad\/#primaryimage\"},\"image\":{\"@id\":\"https:\/\/www.clubdelemprendimiento.com\/blog\/noticia-corporativa\/la-escuela-de-capacitacion-profesional-de-konecta-foundation-y-banco-santander-impulsa-la-empleabilidad\/#primaryimage\"},\"thumbnailUrl\":\"https:\/\/www.clubdelemprendimiento.com\/blog\/wp-content\/uploads\/2025\/07\/Escuela_de_Capacitacin_Profesional_Fundacin_Konecta.jpg\",\"datePublished\":\"2025-07-18T14:00:27+00:00\",\"dateModified\":\"2025-07-18T14:00:27+00:00\",\"breadcrumb\":{\"@id\":\"https:\/\/www.clubdelemprendimiento.com\/blog\/noticia-corporativa\/la-escuela-de-capacitacion-profesional-de-konecta-foundation-y-banco-santander-impulsa-la-empleabilidad\/#breadcrumb\"},\"inLanguage\":\"es\",\"potentialAction\":[{\"@type\":\"ReadAction\",\"target\":[\"https:\/\/www.clubdelemprendimiento.com\/blog\/noticia-corporativa\/la-escuela-de-capacitacion-profesional-de-konecta-foundation-y-banco-santander-impulsa-la-empleabilidad\/\"]}]},{\"@type\":\"ImageObject\",\"inLanguage\":\"es\",\"@id\":\"https:\/\/www.clubdelemprendimiento.com\/blog\/noticia-corporativa\/la-escuela-de-capacitacion-profesional-de-konecta-foundation-y-banco-santander-impulsa-la-empleabilidad\/#primaryimage\",\"url\":\"https:\/\/www.clubdelemprendimiento.com\/blog\/wp-content\/uploads\/2025\/07\/Escuela_de_Capacitacin_Profesional_Fundacin_Konecta.jpg\",\"contentUrl\":\"https:\/\/www.clubdelemprendimiento.com\/blog\/wp-content\/uploads\/2025\/07\/Escuela_de_Capacitacin_Profesional_Fundacin_Konecta.jpg\",\"width\":2016,\"height\":1512},{\"@type\":\"BreadcrumbList\",\"@id\":\"https:\/\/www.clubdelemprendimiento.com\/blog\/noticia-corporativa\/la-escuela-de-capacitacion-profesional-de-konecta-foundation-y-banco-santander-impulsa-la-empleabilidad\/#breadcrumb\",\"itemListElement\":[{\"@type\":\"ListItem\",\"position\":1,\"name\":\"Home\",\"item\":\"https:\/\/www.clubdelemprendimiento.com\/blog\/\"},{\"@type\":\"ListItem\",\"position\":2,\"name\":\"Noticias Corporativas\",\"item\":\"https:\/\/www.clubdelemprendimiento.com\/blog\/noticias-corporativas\/\"},{\"@type\":\"ListItem\",\"position\":3,\"name\":\"La Escuela de Capacitaci\u00f3n Profesional de Konecta Foundation y Banco Santander impulsa la empleabilidad\"}]},{\"@type\":\"WebSite\",\"@id\":\"https:\/\/www.clubdelemprendimiento.com\/blog\/#website\",\"url\":\"https:\/\/www.clubdelemprendimiento.com\/blog\/\",\"name\":\"Blog Club del Emprendimiento\",\"description\":\"\",\"potentialAction\":[{\"@type\":\"SearchAction\",\"target\":{\"@type\":\"EntryPoint\",\"urlTemplate\":\"https:\/\/www.clubdelemprendimiento.com\/blog\/?s={search_term_string}\"},\"query-input\":\"required name=search_term_string\"}],\"inLanguage\":\"es\"}]}<\/script>\n<!-- \/ Yoast SEO plugin. -->","yoast_head_json":{"title":"La Escuela de Capacitaci\u00f3n Profesional de Konecta Foundation y Banco Santander impulsa la empleabilidad - Blog Club del Emprendimiento","robots":{"index":"index","follow":"follow","max-snippet":"max-snippet:-1","max-image-preview":"max-image-preview:large","max-video-preview":"max-video-preview:-1"},"canonical":"https:\/\/www.clubdelemprendimiento.com\/blog\/noticia-corporativa\/la-escuela-de-capacitacion-profesional-de-konecta-foundation-y-banco-santander-impulsa-la-empleabilidad\/","og_locale":"es_ES","og_type":"article","og_title":"La Escuela de Capacitaci\u00f3n Profesional de Konecta Foundation y Banco Santander impulsa la empleabilidad - Blog Club del Emprendimiento","og_description":"El programa, que combina formaci\u00f3n en t\u00e9cnicas de venta, habilidades digitales y contenidos espec\u00edficos&hellip;","og_url":"https:\/\/www.clubdelemprendimiento.com\/blog\/noticia-corporativa\/la-escuela-de-capacitacion-profesional-de-konecta-foundation-y-banco-santander-impulsa-la-empleabilidad\/","og_site_name":"Blog Club del Emprendimiento","og_image":[{"url":"https:\/\/www.clubdelemprendimiento.com\/blog\/wp-content\/uploads\/2025\/07\/Escuela_de_Capacitacin_Profesional_Fundacin_Konecta.jpg"}],"twitter_card":"summary_large_image","twitter_misc":{"Tiempo de lectura":"3 minutos"},"schema":{"@context":"https:\/\/schema.org","@graph":[{"@type":"WebPage","@id":"https:\/\/www.clubdelemprendimiento.com\/blog\/noticia-corporativa\/la-escuela-de-capacitacion-profesional-de-konecta-foundation-y-banco-santander-impulsa-la-empleabilidad\/","url":"https:\/\/www.clubdelemprendimiento.com\/blog\/noticia-corporativa\/la-escuela-de-capacitacion-profesional-de-konecta-foundation-y-banco-santander-impulsa-la-empleabilidad\/","name":"La Escuela de Capacitaci\u00f3n Profesional de Konecta Foundation y Banco Santander impulsa la empleabilidad - Blog Club del Emprendimiento","isPartOf":{"@id":"https:\/\/www.clubdelemprendimiento.com\/blog\/#website"},"primaryImageOfPage":{"@id":"https:\/\/www.clubdelemprendimiento.com\/blog\/noticia-corporativa\/la-escuela-de-capacitacion-profesional-de-konecta-foundation-y-banco-santander-impulsa-la-empleabilidad\/#primaryimage"},"image":{"@id":"https:\/\/www.clubdelemprendimiento.com\/blog\/noticia-corporativa\/la-escuela-de-capacitacion-profesional-de-konecta-foundation-y-banco-santander-impulsa-la-empleabilidad\/#primaryimage"},"thumbnailUrl":"https:\/\/www.clubdelemprendimiento.com\/blog\/wp-content\/uploads\/2025\/07\/Escuela_de_Capacitacin_Profesional_Fundacin_Konecta.jpg","datePublished":"2025-07-18T14:00:27+00:00","dateModified":"2025-07-18T14:00:27+00:00","breadcrumb":{"@id":"https:\/\/www.clubdelemprendimiento.com\/blog\/noticia-corporativa\/la-escuela-de-capacitacion-profesional-de-konecta-foundation-y-banco-santander-impulsa-la-empleabilidad\/#breadcrumb"},"inLanguage":"es","potentialAction":[{"@type":"ReadAction","target":["https:\/\/www.clubdelemprendimiento.com\/blog\/noticia-corporativa\/la-escuela-de-capacitacion-profesional-de-konecta-foundation-y-banco-santander-impulsa-la-empleabilidad\/"]}]},{"@type":"ImageObject","inLanguage":"es","@id":"https:\/\/www.clubdelemprendimiento.com\/blog\/noticia-corporativa\/la-escuela-de-capacitacion-profesional-de-konecta-foundation-y-banco-santander-impulsa-la-empleabilidad\/#primaryimage","url":"https:\/\/www.clubdelemprendimiento.com\/blog\/wp-content\/uploads\/2025\/07\/Escuela_de_Capacitacin_Profesional_Fundacin_Konecta.jpg","contentUrl":"https:\/\/www.clubdelemprendimiento.com\/blog\/wp-content\/uploads\/2025\/07\/Escuela_de_Capacitacin_Profesional_Fundacin_Konecta.jpg","width":2016,"height":1512},{"@type":"BreadcrumbList","@id":"https:\/\/www.clubdelemprendimiento.com\/blog\/noticia-corporativa\/la-escuela-de-capacitacion-profesional-de-konecta-foundation-y-banco-santander-impulsa-la-empleabilidad\/#breadcrumb","itemListElement":[{"@type":"ListItem","position":1,"name":"Home","item":"https:\/\/www.clubdelemprendimiento.com\/blog\/"},{"@type":"ListItem","position":2,"name":"Noticias Corporativas","item":"https:\/\/www.clubdelemprendimiento.com\/blog\/noticias-corporativas\/"},{"@type":"ListItem","position":3,"name":"La Escuela de Capacitaci\u00f3n Profesional de Konecta Foundation y Banco Santander impulsa la empleabilidad"}]},{"@type":"WebSite","@id":"https:\/\/www.clubdelemprendimiento.com\/blog\/#website","url":"https:\/\/www.clubdelemprendimiento.com\/blog\/","name":"Blog Club del Emprendimiento","description":"","potentialAction":[{"@type":"SearchAction","target":{"@type":"EntryPoint","urlTemplate":"https:\/\/www.clubdelemprendimiento.com\/blog\/?s={search_term_string}"},"query-input":"required name=search_term_string"}],"inLanguage":"es"}]}},"_links":{"self":[{"href":"https:\/\/www.clubdelemprendimiento.com\/blog\/wp-json\/wp\/v2\/noticia-corporativa\/20198"}],"collection":[{"href":"https:\/\/www.clubdelemprendimiento.com\/blog\/wp-json\/wp\/v2\/noticia-corporativa"}],"about":[{"href":"https:\/\/www.clubdelemprendimiento.com\/blog\/wp-json\/wp\/v2\/types\/noticia-corporativa"}],"wp:featuredmedia":[{"embeddable":true,"href":"https:\/\/www.clubdelemprendimiento.com\/blog\/wp-json\/wp\/v2\/media\/20199"}],"wp:attachment":[{"href":"https:\/\/www.clubdelemprendimiento.com\/blog\/wp-json\/wp\/v2\/media?parent=20198"}],"curies":[{"name":"wp","href":"https:\/\/api.w.org\/{rel}","templated":true}]}}