{"id":20196,"date":"2025-07-18T14:00:25","date_gmt":"2025-07-18T14:00:25","guid":{"rendered":"https:\/\/www.clubdelemprendimiento.com\/blog\/noticia-corporativa\/la-tecnologica-redi-gana-la-primera-edicion-del-innovationlab\/"},"modified":"2025-07-18T14:00:25","modified_gmt":"2025-07-18T14:00:25","slug":"la-tecnologica-redi-gana-la-primera-edicion-del-innovationlab","status":"publish","type":"noticia-corporativa","link":"https:\/\/www.clubdelemprendimiento.com\/blog\/noticia-corporativa\/la-tecnologica-redi-gana-la-primera-edicion-del-innovationlab\/","title":{"rendered":"La tecnol\u00f3gica REDI gana la primera edici\u00f3n del InnovationLab"},"content":{"rendered":"<div>\n<p><a href=\"https:\/\/www.clubdelemprendimiento.com\/blog\/wp-content\/uploads\/2025\/07\/Ganadora_concurso.jpg\" target=\"_blank\" class=\"fotonota\" rel=\"noopener\"> <img decoding=\"async\" src=\"https:\/\/www.clubdelemprendimiento.com\/blog\/wp-content\/uploads\/2025\/07\/Ganadora_concurso.jpg\" style=\"max-width:600px;\" border=\"0\" class=\"postImage\" alt=\"\"><\/a><\/p>\n<p>La empresa liderada por Lorena Oset entra as\u00ed en un programa de aceleraci\u00f3n valorado en 100.000\u20ac en concepto de mentoring y asesoramiento empresarial. Adem\u00e1s, tendr\u00e1 conexi\u00f3n directa con los actores clave del sector y acceso a rondas de financiaci\u00f3n, REDI obtendr\u00e1 una validaci\u00f3n real de su soluci\u00f3n y recibir\u00e1 acompa\u00f1amiento experto y consultor\u00eda especializada para llevar el proyecto al siguiente nivel<\/p>\n<p><\/p>\n<p><a href=\"https:\/\/redi.run\/\" rel=\"nofollow\"><strong>REDI<\/strong><\/a>, la consultora espa\u00f1ola de tecnolog\u00eda y gesti\u00f3n de datos especializada en real estate, fundada y dirigida por expertos en el sector con una dilatada experiencia profesional, se ha alzado con la victoria en la primera edici\u00f3n del <strong>InnovationLab<\/strong>. La compa\u00f1\u00eda construye soluciones tecnol\u00f3gicas y de gesti\u00f3n del dato necesarias para mejorar la eficiencia operativa y la competitividad en el negocio inmobiliario, y se ha impuesto a otras siete empresas finalistas en el concurso organizado por la<strong> <\/strong><a href=\"https:\/\/somosenlace.com\/\" rel=\"nofollow\"><strong>consultora ENLACE<\/strong><\/a>. Se trata de las siguientes proptech: <strong>Ciudadela, Inmochat, <\/strong><strong>\u2060Myllox, Placenet, Raizo, Rebroker y Vecinfy<\/strong>. En el concurso <strong>participaron un total de 20 compa\u00f1\u00edas<\/strong>.<\/p>\n<p>Fundada y dirigida por la emprendedora Lorena Oset, REDI fue la mejor propuesta presentada en el concurso celebrado el pasado 28 de mayo en el Pier 01 (Palau de Mar de Barcelona), la sede de Tech Barcelona.\u00a0 \u00a0Las finalistas fueron startups con mucho margen de crecimiento que aportan soluciones innovadoras en los campos de la automatizaci\u00f3n de procesos de comunicaci\u00f3n tanto interna como externa; la identificaci\u00f3n, optimizaci\u00f3n y explotaci\u00f3n de las bases de datos propias; o la plataforma de formaci\u00f3n sectorial, profesionalizaci\u00f3n del sector y comunicaci\u00f3n de su rol.<\/p>\n<p>REDI entra as\u00ed en un<strong> programa de aceleraci\u00f3n valorado en 100.000\u20ac en concepto de mentoring y asesoramiento empresarial. <\/strong>Adem\u00e1s, tendr\u00e1 conexi\u00f3n directa con los actores clave del sector y acceso a rondas de financiaci\u00f3n; obtendr\u00e1 una validaci\u00f3n real de su soluci\u00f3n con administradores de fincas y clientes potenciales; alcanzar\u00e1 visibilidad en medios especializados del sector para impulsar su marca y posicionamiento; y recibir\u00e1 acompa\u00f1amiento experto y consultor\u00eda especializada para llevar el proyecto al siguiente nivel.<\/p>\n<p>El concurso se desarroll\u00f3 juntamente con el Cl\u00faster de Servicios Inmobiliarios (CSIM), y cont\u00f3 con la colaboraci\u00f3n de ACCI\u00d3 (Generalitat de Catalunya), el Colegio de Administradores de Fincas de Barcelona y Lleida, Innomads, JV20 Investment &amp; Advisory, la asociaci\u00f3n Women In Real Estate Spain (WIRES) y The Fringe\/LABS.<\/p>\n<p>El <strong>jurado <\/strong>estuvo compuesto por expertos de mucho peso en el sector como <strong>Marc Oll\u00e9<\/strong>, socio fundador de ENLACE; <strong>Juan Velayos<\/strong>, presidente de The District; <strong>Marta Pallar\u00e9s<\/strong>, CSO, cofundadora de Zenova y socia de ENLACE; <strong>David Hueso<\/strong>, cofundador de The Fringe\/LABS; <strong>Patr\u00edcia Remiro<\/strong>, cl\u00faster Manager del CSIM; <strong>Domingo S\u00e1nchez<\/strong>&#8211;<strong>Carillo<\/strong>, vocal del Colegio de Administradores de Fincas de Barcelona y Lleida; <strong>M\u00f3nica Hern\u00e1ndez<\/strong>, vocal Internacional y de Eventos Externos de WIRES; y <strong>X\u00e8nia Robert<\/strong>, hub director de Innomads Proptech Hub.<\/p>\n<\/div>\n","protected":false},"featured_media":20197,"template":"","meta":{"_acf_changed":false},"acf":[],"yoast_head":"<!-- This site is optimized with the Yoast SEO plugin v22.7 - https:\/\/yoast.com\/wordpress\/plugins\/seo\/ -->\n<title>La tecnol\u00f3gica REDI gana la primera edici\u00f3n del InnovationLab - Blog Club del Emprendimiento<\/title>\n<meta name=\"robots\" content=\"index, follow, max-snippet:-1, max-image-preview:large, max-video-preview:-1\" \/>\n<link rel=\"canonical\" href=\"https:\/\/www.clubdelemprendimiento.com\/blog\/noticia-corporativa\/la-tecnologica-redi-gana-la-primera-edicion-del-innovationlab\/\" \/>\n<meta property=\"og:locale\" content=\"es_ES\" \/>\n<meta property=\"og:type\" content=\"article\" \/>\n<meta property=\"og:title\" content=\"La tecnol\u00f3gica REDI gana la primera edici\u00f3n del InnovationLab - Blog Club del Emprendimiento\" \/>\n<meta property=\"og:description\" content=\"La empresa liderada por Lorena Oset entra as\u00ed en un programa de aceleraci\u00f3n valorado&hellip;\" \/>\n<meta property=\"og:url\" content=\"https:\/\/www.clubdelemprendimiento.com\/blog\/noticia-corporativa\/la-tecnologica-redi-gana-la-primera-edicion-del-innovationlab\/\" \/>\n<meta property=\"og:site_name\" content=\"Blog Club del Emprendimiento\" \/>\n<meta property=\"og:image\" content=\"https:\/\/www.clubdelemprendimiento.com\/blog\/wp-content\/uploads\/2025\/07\/Ganadora_concurso.jpg\" \/>\n<meta name=\"twitter:card\" content=\"summary_large_image\" \/>\n<meta name=\"twitter:label1\" content=\"Tiempo de lectura\" \/>\n\t<meta name=\"twitter:data1\" content=\"2 minutos\" \/>\n<script type=\"application\/ld+json\" class=\"yoast-schema-graph\">{\"@context\":\"https:\/\/schema.org\",\"@graph\":[{\"@type\":\"WebPage\",\"@id\":\"https:\/\/www.clubdelemprendimiento.com\/blog\/noticia-corporativa\/la-tecnologica-redi-gana-la-primera-edicion-del-innovationlab\/\",\"url\":\"https:\/\/www.clubdelemprendimiento.com\/blog\/noticia-corporativa\/la-tecnologica-redi-gana-la-primera-edicion-del-innovationlab\/\",\"name\":\"La tecnol\u00f3gica REDI gana la primera edici\u00f3n del InnovationLab - Blog Club del Emprendimiento\",\"isPartOf\":{\"@id\":\"https:\/\/www.clubdelemprendimiento.com\/blog\/#website\"},\"primaryImageOfPage\":{\"@id\":\"https:\/\/www.clubdelemprendimiento.com\/blog\/noticia-corporativa\/la-tecnologica-redi-gana-la-primera-edicion-del-innovationlab\/#primaryimage\"},\"image\":{\"@id\":\"https:\/\/www.clubdelemprendimiento.com\/blog\/noticia-corporativa\/la-tecnologica-redi-gana-la-primera-edicion-del-innovationlab\/#primaryimage\"},\"thumbnailUrl\":\"https:\/\/www.clubdelemprendimiento.com\/blog\/wp-content\/uploads\/2025\/07\/Ganadora_concurso.jpg\",\"datePublished\":\"2025-07-18T14:00:25+00:00\",\"dateModified\":\"2025-07-18T14:00:25+00:00\",\"breadcrumb\":{\"@id\":\"https:\/\/www.clubdelemprendimiento.com\/blog\/noticia-corporativa\/la-tecnologica-redi-gana-la-primera-edicion-del-innovationlab\/#breadcrumb\"},\"inLanguage\":\"es\",\"potentialAction\":[{\"@type\":\"ReadAction\",\"target\":[\"https:\/\/www.clubdelemprendimiento.com\/blog\/noticia-corporativa\/la-tecnologica-redi-gana-la-primera-edicion-del-innovationlab\/\"]}]},{\"@type\":\"ImageObject\",\"inLanguage\":\"es\",\"@id\":\"https:\/\/www.clubdelemprendimiento.com\/blog\/noticia-corporativa\/la-tecnologica-redi-gana-la-primera-edicion-del-innovationlab\/#primaryimage\",\"url\":\"https:\/\/www.clubdelemprendimiento.com\/blog\/wp-content\/uploads\/2025\/07\/Ganadora_concurso.jpg\",\"contentUrl\":\"https:\/\/www.clubdelemprendimiento.com\/blog\/wp-content\/uploads\/2025\/07\/Ganadora_concurso.jpg\",\"width\":1824,\"height\":1613},{\"@type\":\"BreadcrumbList\",\"@id\":\"https:\/\/www.clubdelemprendimiento.com\/blog\/noticia-corporativa\/la-tecnologica-redi-gana-la-primera-edicion-del-innovationlab\/#breadcrumb\",\"itemListElement\":[{\"@type\":\"ListItem\",\"position\":1,\"name\":\"Home\",\"item\":\"https:\/\/www.clubdelemprendimiento.com\/blog\/\"},{\"@type\":\"ListItem\",\"position\":2,\"name\":\"Noticias Corporativas\",\"item\":\"https:\/\/www.clubdelemprendimiento.com\/blog\/noticias-corporativas\/\"},{\"@type\":\"ListItem\",\"position\":3,\"name\":\"La tecnol\u00f3gica REDI gana la primera edici\u00f3n del InnovationLab\"}]},{\"@type\":\"WebSite\",\"@id\":\"https:\/\/www.clubdelemprendimiento.com\/blog\/#website\",\"url\":\"https:\/\/www.clubdelemprendimiento.com\/blog\/\",\"name\":\"Blog Club del Emprendimiento\",\"description\":\"\",\"potentialAction\":[{\"@type\":\"SearchAction\",\"target\":{\"@type\":\"EntryPoint\",\"urlTemplate\":\"https:\/\/www.clubdelemprendimiento.com\/blog\/?s={search_term_string}\"},\"query-input\":\"required name=search_term_string\"}],\"inLanguage\":\"es\"}]}<\/script>\n<!-- \/ Yoast SEO plugin. -->","yoast_head_json":{"title":"La tecnol\u00f3gica REDI gana la primera edici\u00f3n del InnovationLab - Blog Club del Emprendimiento","robots":{"index":"index","follow":"follow","max-snippet":"max-snippet:-1","max-image-preview":"max-image-preview:large","max-video-preview":"max-video-preview:-1"},"canonical":"https:\/\/www.clubdelemprendimiento.com\/blog\/noticia-corporativa\/la-tecnologica-redi-gana-la-primera-edicion-del-innovationlab\/","og_locale":"es_ES","og_type":"article","og_title":"La tecnol\u00f3gica REDI gana la primera edici\u00f3n del InnovationLab - Blog Club del Emprendimiento","og_description":"La empresa liderada por Lorena Oset entra as\u00ed en un programa de aceleraci\u00f3n valorado&hellip;","og_url":"https:\/\/www.clubdelemprendimiento.com\/blog\/noticia-corporativa\/la-tecnologica-redi-gana-la-primera-edicion-del-innovationlab\/","og_site_name":"Blog Club del Emprendimiento","og_image":[{"url":"https:\/\/www.clubdelemprendimiento.com\/blog\/wp-content\/uploads\/2025\/07\/Ganadora_concurso.jpg"}],"twitter_card":"summary_large_image","twitter_misc":{"Tiempo de lectura":"2 minutos"},"schema":{"@context":"https:\/\/schema.org","@graph":[{"@type":"WebPage","@id":"https:\/\/www.clubdelemprendimiento.com\/blog\/noticia-corporativa\/la-tecnologica-redi-gana-la-primera-edicion-del-innovationlab\/","url":"https:\/\/www.clubdelemprendimiento.com\/blog\/noticia-corporativa\/la-tecnologica-redi-gana-la-primera-edicion-del-innovationlab\/","name":"La tecnol\u00f3gica REDI gana la primera edici\u00f3n del InnovationLab - Blog Club del Emprendimiento","isPartOf":{"@id":"https:\/\/www.clubdelemprendimiento.com\/blog\/#website"},"primaryImageOfPage":{"@id":"https:\/\/www.clubdelemprendimiento.com\/blog\/noticia-corporativa\/la-tecnologica-redi-gana-la-primera-edicion-del-innovationlab\/#primaryimage"},"image":{"@id":"https:\/\/www.clubdelemprendimiento.com\/blog\/noticia-corporativa\/la-tecnologica-redi-gana-la-primera-edicion-del-innovationlab\/#primaryimage"},"thumbnailUrl":"https:\/\/www.clubdelemprendimiento.com\/blog\/wp-content\/uploads\/2025\/07\/Ganadora_concurso.jpg","datePublished":"2025-07-18T14:00:25+00:00","dateModified":"2025-07-18T14:00:25+00:00","breadcrumb":{"@id":"https:\/\/www.clubdelemprendimiento.com\/blog\/noticia-corporativa\/la-tecnologica-redi-gana-la-primera-edicion-del-innovationlab\/#breadcrumb"},"inLanguage":"es","potentialAction":[{"@type":"ReadAction","target":["https:\/\/www.clubdelemprendimiento.com\/blog\/noticia-corporativa\/la-tecnologica-redi-gana-la-primera-edicion-del-innovationlab\/"]}]},{"@type":"ImageObject","inLanguage":"es","@id":"https:\/\/www.clubdelemprendimiento.com\/blog\/noticia-corporativa\/la-tecnologica-redi-gana-la-primera-edicion-del-innovationlab\/#primaryimage","url":"https:\/\/www.clubdelemprendimiento.com\/blog\/wp-content\/uploads\/2025\/07\/Ganadora_concurso.jpg","contentUrl":"https:\/\/www.clubdelemprendimiento.com\/blog\/wp-content\/uploads\/2025\/07\/Ganadora_concurso.jpg","width":1824,"height":1613},{"@type":"BreadcrumbList","@id":"https:\/\/www.clubdelemprendimiento.com\/blog\/noticia-corporativa\/la-tecnologica-redi-gana-la-primera-edicion-del-innovationlab\/#breadcrumb","itemListElement":[{"@type":"ListItem","position":1,"name":"Home","item":"https:\/\/www.clubdelemprendimiento.com\/blog\/"},{"@type":"ListItem","position":2,"name":"Noticias Corporativas","item":"https:\/\/www.clubdelemprendimiento.com\/blog\/noticias-corporativas\/"},{"@type":"ListItem","position":3,"name":"La tecnol\u00f3gica REDI gana la primera edici\u00f3n del InnovationLab"}]},{"@type":"WebSite","@id":"https:\/\/www.clubdelemprendimiento.com\/blog\/#website","url":"https:\/\/www.clubdelemprendimiento.com\/blog\/","name":"Blog Club del Emprendimiento","description":"","potentialAction":[{"@type":"SearchAction","target":{"@type":"EntryPoint","urlTemplate":"https:\/\/www.clubdelemprendimiento.com\/blog\/?s={search_term_string}"},"query-input":"required name=search_term_string"}],"inLanguage":"es"}]}},"_links":{"self":[{"href":"https:\/\/www.clubdelemprendimiento.com\/blog\/wp-json\/wp\/v2\/noticia-corporativa\/20196"}],"collection":[{"href":"https:\/\/www.clubdelemprendimiento.com\/blog\/wp-json\/wp\/v2\/noticia-corporativa"}],"about":[{"href":"https:\/\/www.clubdelemprendimiento.com\/blog\/wp-json\/wp\/v2\/types\/noticia-corporativa"}],"wp:featuredmedia":[{"embeddable":true,"href":"https:\/\/www.clubdelemprendimiento.com\/blog\/wp-json\/wp\/v2\/media\/20197"}],"wp:attachment":[{"href":"https:\/\/www.clubdelemprendimiento.com\/blog\/wp-json\/wp\/v2\/media?parent=20196"}],"curies":[{"name":"wp","href":"https:\/\/api.w.org\/{rel}","templated":true}]}}