{"id":20175,"date":"2025-07-17T15:05:03","date_gmt":"2025-07-17T15:05:03","guid":{"rendered":"https:\/\/www.clubdelemprendimiento.com\/blog\/noticia-corporativa\/el-46-de-los-ninos-con-altas-capacidades-que-usan-smartick-estan-un-curso-por-encima-de-su-edad-en-40-dias\/"},"modified":"2025-07-17T15:05:03","modified_gmt":"2025-07-17T15:05:03","slug":"el-46-de-los-ninos-con-altas-capacidades-que-usan-smartick-estan-un-curso-por-encima-de-su-edad-en-40-dias","status":"publish","type":"noticia-corporativa","link":"https:\/\/www.clubdelemprendimiento.com\/blog\/noticia-corporativa\/el-46-de-los-ninos-con-altas-capacidades-que-usan-smartick-estan-un-curso-por-encima-de-su-edad-en-40-dias\/","title":{"rendered":"El 46% de los ni\u00f1os con Altas Capacidades que usan Smartick est\u00e1n un curso por encima de su edad en 40 d\u00edas"},"content":{"rendered":"<div>\n<p><a href=\"https:\/\/www.clubdelemprendimiento.com\/blog\/wp-content\/uploads\/2025\/07\/Nios_haciendo_Smartick_5_web.jpg\" target=\"_blank\" class=\"fotonota\" rel=\"noopener\"> <img decoding=\"async\" src=\"https:\/\/www.clubdelemprendimiento.com\/blog\/wp-content\/uploads\/2025\/07\/Nios_haciendo_Smartick_5_web.jpg\" style=\"max-width:600px;\" border=\"0\" class=\"postImage\" alt=\"\"><\/a><\/p>\n<p>Smartick impulsa el talento de los ni\u00f1os de Altas Capacidades en Espa\u00f1a y consigue que rindan por encima de su curso tras apenas 6 semanas. La innovadora plataforma espa\u00f1ola adapta los contenidos al ritmo real de cada alumno gracias a inteligencia artificial y ejercicios personalizados. M\u00e1s de 1.000 familias confirman que sus hijos se sienten desafiados y motivados con el m\u00e9todo Smartick<\/p>\n<p><\/p>\n<p>Ante la creciente conciencia sobre la necesidad de apoyar el talento de los ni\u00f1os de Altas Capacidades, Smartick, la innovadora plataforma espa\u00f1ola de aprendizaje online de matem\u00e1ticas y comprensi\u00f3n lectora, demuestra que su metodolog\u00eda <strong>potencia su talento y consigue que el 46% de los ni\u00f1os que la usan se sit\u00faen por encima de su curso escolar en matem\u00e1ticas en apenas seis semanas.<\/strong> Seg\u00fan sus anal\u00edticas de datos, casi la mitad trabajan contenidos por encima de su curso escolar, con una racha de 40 d\u00edas de sesiones de 15 minutos de Smartick.\u00a0<\/p>\n<p>En Espa\u00f1a, donde se estima que alrededor del 2% de los estudiantes tienen Altas Capacidades, el reto es ofrecerles una educaci\u00f3n que desaf\u00ede su intelecto y evite la frustraci\u00f3n y desmotivaci\u00f3n. Smartick responde a esta necesidad con un m\u00e9todo que personaliza el aprendizaje, adapt\u00e1ndose al ritmo y nivel de cada ni\u00f1o. \u00abNuestra plataforma demuestra que basar la educaci\u00f3n \u00fanicamente en la edad es un error. La tecnolog\u00eda nos permite ofrecer a cada alumno el contenido que realmente le reta\u00bb, asegura Javier Arroyo, cofundador de Smartick. \u00abAhora que se cuestiona desde algunos \u00e1mbitos muy integristas de la educaci\u00f3n tradicional el uso de la tecnolog\u00eda, nosotros probamos que, en el caso de las altas capacidades, es fundamental para quitarse el cors\u00e9 del mismo contenido para todos, independientemente de lo que sean capaces de hacer cada uno, de personalizar sin etiquetas ni l\u00edmites\u00bb, a\u00f1adi\u00f3.\u00a0<\/p>\n<p><strong>Evidencia cient\u00edfica\u00a0<\/strong><br \/>\nEl prestigioso catedr\u00e1tico de Psicolog\u00eda Diferencial de la Universidad Aut\u00f3noma de Madrid, Roberto Colom, uno de los mayores expertos mundiales en inteligencia, respalda esta visi\u00f3n. En un webinar organizado por Smartick, Colom destac\u00f3 que, desde los estudios pioneros de Alfred Binet a principios del siglo XX, sabemos que la \u00abedad mental no siempre coincide con la cronol\u00f3gica\u00bb. Sin embargo, los sistemas educativos tradicionales rara vez se adaptan a esta realidad. La tecnolog\u00eda de Smartick, pionera en Espa\u00f1a, rompe estas barreras al <strong>ofrecer ejercicios personalizados que permiten a los ni\u00f1os de AACC avanzar seg\u00fan su potencial.\u00a0<\/strong><\/p>\n<p><strong>Resultados que motivan\u00a0<\/strong><br \/>\nEn apenas 6 semanas \u2013el equivalente a 40 sesiones de pr\u00e1ctica diaria de 15 minutos- \u00abel 46% de los ni\u00f1os de Altas Capacidades que usan Smartick ya resuelven ejercicios de un nivel superior al de su curso escolar\u00bb. Este enfoque no solo hace que las matem\u00e1ticas sean m\u00e1s desafiantes y atractivas, sino que tambi\u00e9n motiva a los alumnos, como confirman las 1.000 familias espa\u00f1olas de AACC que conf\u00edan en la plataforma. \u00abLas familias nos dicen que Smartick hace que sus hijos se sientan estimulados y disfruten aprendiendo, algo que no siempre encuentran en el aula\u00bb, a\u00f1ade Arroyo.\u00a0<\/p>\n<p><strong>Un m\u00e9todo que marca la diferencia y potencia el talento\u00a0<\/strong><br \/>\nDesde el primer d\u00eda, los ni\u00f1os de AACC son identificados en la plataforma, recibiendo una evaluaci\u00f3n adaptada a sus capacidades. La inteligencia artificial de Smartick ajusta los ejercicios en tiempo real seg\u00fan las respuestas de cada alumno, garantizando un aprendizaje a medida. Adem\u00e1s, introduce antes que al resto problemas de l\u00f3gica y est\u00edmulo del talento matem\u00e1tico dise\u00f1ados espec\u00edficamente para estos estudiantes. En el programa de comprensi\u00f3n lectora, los ni\u00f1os enfrentan preguntas sofisticadas que desarrollan habilidades como distinguir entre informaci\u00f3n impl\u00edcita y expl\u00edcita, extraer conclusiones o priorizar ideas.\u00a0<\/p>\n<p><strong>Innovaci\u00f3n con pensamiento cr\u00edtico\u00a0<\/strong><br \/>\nSmartick no se detiene. Recientemente, ha lanzado Thinking, un programa de pensamiento cr\u00edtico que est\u00e1 causando sensaci\u00f3n entre los alumnos de AACC. Este m\u00f3dulo fomenta habilidades anal\u00edticas y creativas, perfectas para mentes inquietas. \u00abEste programa, para todos los ni\u00f1os, tiene tambi\u00e9n una introducci\u00f3n a la filosof\u00eda y estamos viendo que es algo atractivo para este perfil de ni\u00f1os\u00bb, a\u00f1ade Javier Arroyo.\u00a0\u00a0<\/p>\n<\/div>\n","protected":false},"featured_media":20176,"template":"","meta":{"_acf_changed":false},"acf":[],"yoast_head":"<!-- This site is optimized with the Yoast SEO plugin v22.7 - https:\/\/yoast.com\/wordpress\/plugins\/seo\/ -->\n<title>El 46% de los ni\u00f1os con Altas Capacidades que usan Smartick est\u00e1n un curso por encima de su edad en 40 d\u00edas - Blog Club del Emprendimiento<\/title>\n<meta name=\"robots\" content=\"index, follow, max-snippet:-1, max-image-preview:large, max-video-preview:-1\" \/>\n<link rel=\"canonical\" href=\"https:\/\/www.clubdelemprendimiento.com\/blog\/noticia-corporativa\/el-46-de-los-ninos-con-altas-capacidades-que-usan-smartick-estan-un-curso-por-encima-de-su-edad-en-40-dias\/\" \/>\n<meta property=\"og:locale\" content=\"es_ES\" \/>\n<meta property=\"og:type\" content=\"article\" \/>\n<meta property=\"og:title\" content=\"El 46% de los ni\u00f1os con Altas Capacidades que usan Smartick est\u00e1n un curso por encima de su edad en 40 d\u00edas - Blog Club del Emprendimiento\" \/>\n<meta property=\"og:description\" content=\"Smartick impulsa el talento de los ni\u00f1os de Altas Capacidades en Espa\u00f1a y consigue&hellip;\" \/>\n<meta property=\"og:url\" content=\"https:\/\/www.clubdelemprendimiento.com\/blog\/noticia-corporativa\/el-46-de-los-ninos-con-altas-capacidades-que-usan-smartick-estan-un-curso-por-encima-de-su-edad-en-40-dias\/\" \/>\n<meta property=\"og:site_name\" content=\"Blog Club del Emprendimiento\" \/>\n<meta property=\"og:image\" content=\"https:\/\/www.clubdelemprendimiento.com\/blog\/wp-content\/uploads\/2025\/07\/Nios_haciendo_Smartick_5_web.jpg\" \/>\n<meta name=\"twitter:card\" content=\"summary_large_image\" \/>\n<meta name=\"twitter:label1\" content=\"Tiempo de lectura\" \/>\n\t<meta name=\"twitter:data1\" content=\"4 minutos\" \/>\n<script type=\"application\/ld+json\" class=\"yoast-schema-graph\">{\"@context\":\"https:\/\/schema.org\",\"@graph\":[{\"@type\":\"WebPage\",\"@id\":\"https:\/\/www.clubdelemprendimiento.com\/blog\/noticia-corporativa\/el-46-de-los-ninos-con-altas-capacidades-que-usan-smartick-estan-un-curso-por-encima-de-su-edad-en-40-dias\/\",\"url\":\"https:\/\/www.clubdelemprendimiento.com\/blog\/noticia-corporativa\/el-46-de-los-ninos-con-altas-capacidades-que-usan-smartick-estan-un-curso-por-encima-de-su-edad-en-40-dias\/\",\"name\":\"El 46% de los ni\u00f1os con Altas Capacidades que usan Smartick est\u00e1n un curso por encima de su edad en 40 d\u00edas - Blog Club del Emprendimiento\",\"isPartOf\":{\"@id\":\"https:\/\/www.clubdelemprendimiento.com\/blog\/#website\"},\"primaryImageOfPage\":{\"@id\":\"https:\/\/www.clubdelemprendimiento.com\/blog\/noticia-corporativa\/el-46-de-los-ninos-con-altas-capacidades-que-usan-smartick-estan-un-curso-por-encima-de-su-edad-en-40-dias\/#primaryimage\"},\"image\":{\"@id\":\"https:\/\/www.clubdelemprendimiento.com\/blog\/noticia-corporativa\/el-46-de-los-ninos-con-altas-capacidades-que-usan-smartick-estan-un-curso-por-encima-de-su-edad-en-40-dias\/#primaryimage\"},\"thumbnailUrl\":\"https:\/\/www.clubdelemprendimiento.com\/blog\/wp-content\/uploads\/2025\/07\/Nios_haciendo_Smartick_5_web.jpg\",\"datePublished\":\"2025-07-17T15:05:03+00:00\",\"dateModified\":\"2025-07-17T15:05:03+00:00\",\"breadcrumb\":{\"@id\":\"https:\/\/www.clubdelemprendimiento.com\/blog\/noticia-corporativa\/el-46-de-los-ninos-con-altas-capacidades-que-usan-smartick-estan-un-curso-por-encima-de-su-edad-en-40-dias\/#breadcrumb\"},\"inLanguage\":\"es\",\"potentialAction\":[{\"@type\":\"ReadAction\",\"target\":[\"https:\/\/www.clubdelemprendimiento.com\/blog\/noticia-corporativa\/el-46-de-los-ninos-con-altas-capacidades-que-usan-smartick-estan-un-curso-por-encima-de-su-edad-en-40-dias\/\"]}]},{\"@type\":\"ImageObject\",\"inLanguage\":\"es\",\"@id\":\"https:\/\/www.clubdelemprendimiento.com\/blog\/noticia-corporativa\/el-46-de-los-ninos-con-altas-capacidades-que-usan-smartick-estan-un-curso-por-encima-de-su-edad-en-40-dias\/#primaryimage\",\"url\":\"https:\/\/www.clubdelemprendimiento.com\/blog\/wp-content\/uploads\/2025\/07\/Nios_haciendo_Smartick_5_web.jpg\",\"contentUrl\":\"https:\/\/www.clubdelemprendimiento.com\/blog\/wp-content\/uploads\/2025\/07\/Nios_haciendo_Smartick_5_web.jpg\",\"width\":1200,\"height\":800},{\"@type\":\"BreadcrumbList\",\"@id\":\"https:\/\/www.clubdelemprendimiento.com\/blog\/noticia-corporativa\/el-46-de-los-ninos-con-altas-capacidades-que-usan-smartick-estan-un-curso-por-encima-de-su-edad-en-40-dias\/#breadcrumb\",\"itemListElement\":[{\"@type\":\"ListItem\",\"position\":1,\"name\":\"Home\",\"item\":\"https:\/\/www.clubdelemprendimiento.com\/blog\/\"},{\"@type\":\"ListItem\",\"position\":2,\"name\":\"Noticias Corporativas\",\"item\":\"https:\/\/www.clubdelemprendimiento.com\/blog\/noticias-corporativas\/\"},{\"@type\":\"ListItem\",\"position\":3,\"name\":\"El 46% de los ni\u00f1os con Altas Capacidades que usan Smartick est\u00e1n un curso por encima de su edad en 40 d\u00edas\"}]},{\"@type\":\"WebSite\",\"@id\":\"https:\/\/www.clubdelemprendimiento.com\/blog\/#website\",\"url\":\"https:\/\/www.clubdelemprendimiento.com\/blog\/\",\"name\":\"Blog Club del Emprendimiento\",\"description\":\"\",\"potentialAction\":[{\"@type\":\"SearchAction\",\"target\":{\"@type\":\"EntryPoint\",\"urlTemplate\":\"https:\/\/www.clubdelemprendimiento.com\/blog\/?s={search_term_string}\"},\"query-input\":\"required name=search_term_string\"}],\"inLanguage\":\"es\"}]}<\/script>\n<!-- \/ Yoast SEO plugin. -->","yoast_head_json":{"title":"El 46% de los ni\u00f1os con Altas Capacidades que usan Smartick est\u00e1n un curso por encima de su edad en 40 d\u00edas - Blog Club del Emprendimiento","robots":{"index":"index","follow":"follow","max-snippet":"max-snippet:-1","max-image-preview":"max-image-preview:large","max-video-preview":"max-video-preview:-1"},"canonical":"https:\/\/www.clubdelemprendimiento.com\/blog\/noticia-corporativa\/el-46-de-los-ninos-con-altas-capacidades-que-usan-smartick-estan-un-curso-por-encima-de-su-edad-en-40-dias\/","og_locale":"es_ES","og_type":"article","og_title":"El 46% de los ni\u00f1os con Altas Capacidades que usan Smartick est\u00e1n un curso por encima de su edad en 40 d\u00edas - Blog Club del Emprendimiento","og_description":"Smartick impulsa el talento de los ni\u00f1os de Altas Capacidades en Espa\u00f1a y consigue&hellip;","og_url":"https:\/\/www.clubdelemprendimiento.com\/blog\/noticia-corporativa\/el-46-de-los-ninos-con-altas-capacidades-que-usan-smartick-estan-un-curso-por-encima-de-su-edad-en-40-dias\/","og_site_name":"Blog Club del Emprendimiento","og_image":[{"url":"https:\/\/www.clubdelemprendimiento.com\/blog\/wp-content\/uploads\/2025\/07\/Nios_haciendo_Smartick_5_web.jpg"}],"twitter_card":"summary_large_image","twitter_misc":{"Tiempo de lectura":"4 minutos"},"schema":{"@context":"https:\/\/schema.org","@graph":[{"@type":"WebPage","@id":"https:\/\/www.clubdelemprendimiento.com\/blog\/noticia-corporativa\/el-46-de-los-ninos-con-altas-capacidades-que-usan-smartick-estan-un-curso-por-encima-de-su-edad-en-40-dias\/","url":"https:\/\/www.clubdelemprendimiento.com\/blog\/noticia-corporativa\/el-46-de-los-ninos-con-altas-capacidades-que-usan-smartick-estan-un-curso-por-encima-de-su-edad-en-40-dias\/","name":"El 46% de los ni\u00f1os con Altas Capacidades que usan Smartick est\u00e1n un curso por encima de su edad en 40 d\u00edas - Blog Club del Emprendimiento","isPartOf":{"@id":"https:\/\/www.clubdelemprendimiento.com\/blog\/#website"},"primaryImageOfPage":{"@id":"https:\/\/www.clubdelemprendimiento.com\/blog\/noticia-corporativa\/el-46-de-los-ninos-con-altas-capacidades-que-usan-smartick-estan-un-curso-por-encima-de-su-edad-en-40-dias\/#primaryimage"},"image":{"@id":"https:\/\/www.clubdelemprendimiento.com\/blog\/noticia-corporativa\/el-46-de-los-ninos-con-altas-capacidades-que-usan-smartick-estan-un-curso-por-encima-de-su-edad-en-40-dias\/#primaryimage"},"thumbnailUrl":"https:\/\/www.clubdelemprendimiento.com\/blog\/wp-content\/uploads\/2025\/07\/Nios_haciendo_Smartick_5_web.jpg","datePublished":"2025-07-17T15:05:03+00:00","dateModified":"2025-07-17T15:05:03+00:00","breadcrumb":{"@id":"https:\/\/www.clubdelemprendimiento.com\/blog\/noticia-corporativa\/el-46-de-los-ninos-con-altas-capacidades-que-usan-smartick-estan-un-curso-por-encima-de-su-edad-en-40-dias\/#breadcrumb"},"inLanguage":"es","potentialAction":[{"@type":"ReadAction","target":["https:\/\/www.clubdelemprendimiento.com\/blog\/noticia-corporativa\/el-46-de-los-ninos-con-altas-capacidades-que-usan-smartick-estan-un-curso-por-encima-de-su-edad-en-40-dias\/"]}]},{"@type":"ImageObject","inLanguage":"es","@id":"https:\/\/www.clubdelemprendimiento.com\/blog\/noticia-corporativa\/el-46-de-los-ninos-con-altas-capacidades-que-usan-smartick-estan-un-curso-por-encima-de-su-edad-en-40-dias\/#primaryimage","url":"https:\/\/www.clubdelemprendimiento.com\/blog\/wp-content\/uploads\/2025\/07\/Nios_haciendo_Smartick_5_web.jpg","contentUrl":"https:\/\/www.clubdelemprendimiento.com\/blog\/wp-content\/uploads\/2025\/07\/Nios_haciendo_Smartick_5_web.jpg","width":1200,"height":800},{"@type":"BreadcrumbList","@id":"https:\/\/www.clubdelemprendimiento.com\/blog\/noticia-corporativa\/el-46-de-los-ninos-con-altas-capacidades-que-usan-smartick-estan-un-curso-por-encima-de-su-edad-en-40-dias\/#breadcrumb","itemListElement":[{"@type":"ListItem","position":1,"name":"Home","item":"https:\/\/www.clubdelemprendimiento.com\/blog\/"},{"@type":"ListItem","position":2,"name":"Noticias Corporativas","item":"https:\/\/www.clubdelemprendimiento.com\/blog\/noticias-corporativas\/"},{"@type":"ListItem","position":3,"name":"El 46% de los ni\u00f1os con Altas Capacidades que usan Smartick est\u00e1n un curso por encima de su edad en 40 d\u00edas"}]},{"@type":"WebSite","@id":"https:\/\/www.clubdelemprendimiento.com\/blog\/#website","url":"https:\/\/www.clubdelemprendimiento.com\/blog\/","name":"Blog Club del Emprendimiento","description":"","potentialAction":[{"@type":"SearchAction","target":{"@type":"EntryPoint","urlTemplate":"https:\/\/www.clubdelemprendimiento.com\/blog\/?s={search_term_string}"},"query-input":"required name=search_term_string"}],"inLanguage":"es"}]}},"_links":{"self":[{"href":"https:\/\/www.clubdelemprendimiento.com\/blog\/wp-json\/wp\/v2\/noticia-corporativa\/20175"}],"collection":[{"href":"https:\/\/www.clubdelemprendimiento.com\/blog\/wp-json\/wp\/v2\/noticia-corporativa"}],"about":[{"href":"https:\/\/www.clubdelemprendimiento.com\/blog\/wp-json\/wp\/v2\/types\/noticia-corporativa"}],"wp:featuredmedia":[{"embeddable":true,"href":"https:\/\/www.clubdelemprendimiento.com\/blog\/wp-json\/wp\/v2\/media\/20176"}],"wp:attachment":[{"href":"https:\/\/www.clubdelemprendimiento.com\/blog\/wp-json\/wp\/v2\/media?parent=20175"}],"curies":[{"name":"wp","href":"https:\/\/api.w.org\/{rel}","templated":true}]}}