{"id":20172,"date":"2025-07-17T13:05:06","date_gmt":"2025-07-17T13:05:06","guid":{"rendered":"https:\/\/www.clubdelemprendimiento.com\/blog\/noticia-corporativa\/delfin-natura-abre-sus-puertas-en-el-albir-alicante-con-una-formula-mixta-de-propiedad-y-alquiler-vacacional-gestionado-por-goya-real-estate\/"},"modified":"2025-07-17T13:05:06","modified_gmt":"2025-07-17T13:05:06","slug":"delfin-natura-abre-sus-puertas-en-el-albir-alicante-con-una-formula-mixta-de-propiedad-y-alquiler-vacacional-gestionado-por-goya-real-estate","status":"publish","type":"noticia-corporativa","link":"https:\/\/www.clubdelemprendimiento.com\/blog\/noticia-corporativa\/delfin-natura-abre-sus-puertas-en-el-albir-alicante-con-una-formula-mixta-de-propiedad-y-alquiler-vacacional-gestionado-por-goya-real-estate\/","title":{"rendered":"Delfin Natura abre sus puertas en El Albir (Alicante) con una f\u00f3rmula mixta de propiedad y alquiler vacacional gestionado por Goya Real Estate"},"content":{"rendered":"<div>\n<p><a href=\"https:\/\/www.clubdelemprendimiento.com\/blog\/wp-content\/uploads\/2025\/07\/Delfin_Natura_5.png\" target=\"_blank\" class=\"fotonota\" rel=\"noopener\"> <img decoding=\"async\" src=\"https:\/\/www.clubdelemprendimiento.com\/blog\/wp-content\/uploads\/2025\/07\/Delfin_Natura_5.png\" style=\"max-width:600px;\" border=\"0\" class=\"postImage\" alt=\"\"><\/a><\/p>\n<p>Delfin Natura inaugura la primera fase de su complejo de apartamentos tur\u00edsticos, con 80 millones de euros de inversi\u00f3n y los apartamentos de sus tres fases pr\u00e1cticamente vendidos. El complejo se ubica en una parcela de m\u00e1s de 30.000 m\u00b2 en un enclave privilegiado entre la Playa del Albir y el Parque Natural de Sierra Helada<\/p>\n<p><\/p>\n<p>Goya Real Estate present\u00f3 oficialmente Delfin Natura, su primer complejo tur\u00edstico con f\u00f3rmula mixta en El Albir (Alicante), un modelo que permite al propietario residir en su apartamento o incorporarla a un programa de alquiler vacacional gestionado \u00edntegramente por la propia promotora. Esta f\u00f3rmula, pionera en la trayectoria de la firma alicantina, est\u00e1 dise\u00f1ada para atraer inversi\u00f3n inmobiliaria a la comarca de la Marina Baja, ofreciendo un producto que combina uso personal con rentabilidad tur\u00edstica bajo est\u00e1ndares de calidad y servicio.<\/p>\n<p>El complejo, que ha supuesto una inversi\u00f3n global de 80 millones de euros, se asienta en un enclave privilegiado sobre una parcela de m\u00e1s de 30.000 m\u00b2 entre la Playa del Albir y el Parque Natural de Sierra Helada. Se trata de una ubicaci\u00f3n hist\u00f3rica que alberg\u00f3 la antigua residencia de empleados del BBVA, recuperada ahora como activo inmobiliario singular de alta rentabilidad.\u00a0 Tras a\u00f1os en desuso, <a href=\"https:\/\/www.goyare.com\/\" rel=\"nofollow\">Goya Real Estate<\/a> ha recuperado este espacio emblem\u00e1tico, transform\u00e1ndolo en un complejo tur\u00edstico de alto nivel, con 1.200 m\u00b2 de zonas comunes, 6.000 m\u00b2 de jardines y 5.800 m\u00b2 de terrazas, que ofrecen una experiencia de vida enfocada al confort, el bienestar y la conexi\u00f3n con el entorno natural.<\/p>\n<p>La primera fase de Delfin Natura incluye 73 apartamentos, de los cuales solo tres est\u00e1n disponibles. La segunda fase, con 25 unidades, ya est\u00e1 completamente vendida, y la tercera \u2013actualmente en comercializaci\u00f3n\u2013 cuenta con 62 apartamentos, de los cuales se han reservado 54. El precio medio de venta ha ido en aumento con cada fase: 449.000 \u20ac en la primera, 516.000 \u20ac en la segunda y 655.000 \u20ac en la tercera, lo que evidencia una demanda sostenida y una revalorizaci\u00f3n progresiva del activo.<\/p>\n<p>Durante el acto de inauguraci\u00f3n, el CEO de Goya Real Estate, Sergio Vidal Balaguer, explic\u00f3 el origen del proyecto: \u00abDelfin Natura naci\u00f3 con la inspiraci\u00f3n de las memorias vividas por miles de familias durante m\u00e1s de medio siglo en este terreno; nuestro objetivo no era solo crear apartamentos, sino dise\u00f1ar un nuevo estilo de vida. Hemos querido desarrollar un refugio para quienes buscan bienestar y una conexi\u00f3n real con la naturaleza, inspir\u00e1ndonos en los antiguos bancales agr\u00edcolas de la zona y creando as\u00ed un espacio abierto, luminoso y lleno de vida donde los habitantes son el alma del complejo\u00bb.<\/p>\n<p>El perfil mayoritario de los compradores es inversor, aunque muchos han optado por disfrutar de la vivienda como segunda residencia en los meses estivales. La promoci\u00f3n ha atra\u00eddo a clientes de m\u00e1s de 12 nacionalidades, destacando Pa\u00edses Bajos, Espa\u00f1a, B\u00e9lgica, Noruega, Polonia, Suecia, Rusia, Ucrania, Bielorrusia, Alemania y Francia. Este car\u00e1cter internacional refuerza el posicionamiento de El Albir como destino residencial premium.<\/p>\n<p>El proyecto ha sido desarrollado bajo criterios de sostenibilidad alineados con la certificaci\u00f3n internacional BREEAM (nivel Excelente). Se han recuperado m\u00e1s de 600 \u00e1rboles ejemplares, plantado 7.200 especies aut\u00f3ctonas de bajo consumo h\u00eddrico y conservado los pozos hist\u00f3ricos de la finca.<\/p>\n<p>\u00abLa sostenibilidad ha sido una prioridad absoluta en Delfin Natura. Con la recuperaci\u00f3n de \u00e1rboles, pensando en reducir el consumo h\u00eddrico y respetar la biodiversidad de la zona\u00bb, a\u00f1adi\u00f3 Vidal Balaguer. Todo el sistema de riego del jard\u00edn funciona sin consumir agua potable, manteniendo los antiguos acu\u00edferos del solar realizados en 1963 y reforzando as\u00ed el compromiso medioambiental del proyecto.<\/p>\n<p>Las viviendas, de 1 a 4 dormitorios, cuentan con terrazas de hasta 130 m\u00b2, adem\u00e1s de acceso a zonas comunes que incluyen piscina exterior, spa con piscina climatizada, gimnasio, coworking, sala de cine y espacios paisaj\u00edsticos integrados. Todo ello dentro de un ecosistema pensado para elevar los est\u00e1ndares del turismo residencial en la Costa Blanca.<\/p>\n<p>El evento de inauguraci\u00f3n cont\u00f3 con una amplia representaci\u00f3n institucional. Entre las autoridades asistentes estuvieron Marian Cano, Consellera de Innovaci\u00f3n, Industria, Comercio y Turismo; Ra\u00fal M\u00e9rida, secretario Auton\u00f3mico de Medio Ambiente y Territorio; Javier Sendra, secretario Auton\u00f3mico de Infraestructuras y Transportes; Toni P\u00e9rez, presidente de la Diputaci\u00f3n de Alicante y alcalde de Benidorm; y Vicente Arques, alcalde de Alfaz del Pi. Tambi\u00e9n participaron alcaldes y concejales de municipios cercanos como La Nuc\u00eda, Callosa d\u2019en Sarri\u00e0, Benimantell, Guadalest, as\u00ed como representantes del sector tur\u00edstico, financiero y empresarial.<\/p>\n<p>La consellera Marian Cano destac\u00f3 que \u00abeste proyecto combina la tradici\u00f3n del turismo residencial con innovaci\u00f3n, sostenibilidad y respeto por el\u00a0entorno natural. Delf\u00edn Natura refleja perfectamente la estrategia tur\u00edstica del Consell y refuerza nuestro compromiso con un modelo que cuida el territorio y mejora la calidad de vida\u00bb.<\/p>\n<p>Por su parte, el presidente de la Diputaci\u00f3n de Alicante, Toni P\u00e9rez, subray\u00f3 \u00abla transformaci\u00f3n ejemplar que ha supuesto este proyecto para un enclave hist\u00f3rico del Albir, coincidiendo adem\u00e1s con el 20\u00ba aniversario del Parque Natural de Sierra Helada\u00bb.<\/p>\n<p><strong>Sobre Goya Real Estate<\/strong><br \/>\nGoya Real Estate es una firma alicantina especializada en el desarrollo y gesti\u00f3n de proyectos inmobiliarios singulares. Bajo la direcci\u00f3n de Sergio Vidal Balaguer, la compa\u00f1\u00eda ha consolidado una s\u00f3lida trayectoria en \u00e1mbitos como el senior living, con la promoci\u00f3n de THE COMM, en Alfaz del Pi, en vivienda residencial de lujo con Delfin Tower en Benidorm, y m\u00e1s recientemente, con apartamentos tur\u00edsticos, con el lanzamiento de Delf\u00edn Natura en El Albir. Actualmente, est\u00e1n trabajando en futuras promociones como Gran Delfin, y las siguientes fases de Delfin Natura y THE COMM.<\/p>\n<p>Goya Real Estate mantiene un firme compromiso con el medio ambiente y la innovaci\u00f3n en cada uno de sus desarrollos. Prueba de ello son los reconocimientos obtenidos, como el Premio Arquitectura y Sostenibilidad en los IV Premios Construcci\u00f3n y Vivienda de La Raz\u00f3n, y el galard\u00f3n recibido en los Premios Macael de 2022, entregados por sus Majestades los Reyes de Espa\u00f1a en la categor\u00eda sostenibilidad, que avalan su apuesta por el dise\u00f1o responsable, la eficiencia energ\u00e9tica y la integraci\u00f3n con el entorno.<\/p>\n<\/div>\n","protected":false},"featured_media":20173,"template":"","meta":{"_acf_changed":false},"acf":[],"yoast_head":"<!-- This site is optimized with the Yoast SEO plugin v22.7 - https:\/\/yoast.com\/wordpress\/plugins\/seo\/ -->\n<title>Delfin Natura abre sus puertas en El Albir (Alicante) con una f\u00f3rmula mixta de propiedad y alquiler vacacional gestionado por Goya Real Estate - Blog Club del Emprendimiento<\/title>\n<meta name=\"robots\" content=\"index, follow, max-snippet:-1, max-image-preview:large, max-video-preview:-1\" \/>\n<link rel=\"canonical\" href=\"https:\/\/www.clubdelemprendimiento.com\/blog\/noticia-corporativa\/delfin-natura-abre-sus-puertas-en-el-albir-alicante-con-una-formula-mixta-de-propiedad-y-alquiler-vacacional-gestionado-por-goya-real-estate\/\" \/>\n<meta property=\"og:locale\" content=\"es_ES\" \/>\n<meta property=\"og:type\" content=\"article\" \/>\n<meta property=\"og:title\" content=\"Delfin Natura abre sus puertas en El Albir (Alicante) con una f\u00f3rmula mixta de propiedad y alquiler vacacional gestionado por Goya Real Estate - Blog Club del Emprendimiento\" \/>\n<meta property=\"og:description\" content=\"Delfin Natura inaugura la primera fase de su complejo de apartamentos tur\u00edsticos, con 80&hellip;\" \/>\n<meta property=\"og:url\" content=\"https:\/\/www.clubdelemprendimiento.com\/blog\/noticia-corporativa\/delfin-natura-abre-sus-puertas-en-el-albir-alicante-con-una-formula-mixta-de-propiedad-y-alquiler-vacacional-gestionado-por-goya-real-estate\/\" \/>\n<meta property=\"og:site_name\" content=\"Blog Club del Emprendimiento\" \/>\n<meta property=\"og:image\" content=\"https:\/\/www.clubdelemprendimiento.com\/blog\/wp-content\/uploads\/2025\/07\/Delfin_Natura_5.png\" \/>\n<meta name=\"twitter:card\" content=\"summary_large_image\" \/>\n<meta name=\"twitter:label1\" content=\"Tiempo de lectura\" \/>\n\t<meta name=\"twitter:data1\" content=\"5 minutos\" \/>\n<script type=\"application\/ld+json\" class=\"yoast-schema-graph\">{\"@context\":\"https:\/\/schema.org\",\"@graph\":[{\"@type\":\"WebPage\",\"@id\":\"https:\/\/www.clubdelemprendimiento.com\/blog\/noticia-corporativa\/delfin-natura-abre-sus-puertas-en-el-albir-alicante-con-una-formula-mixta-de-propiedad-y-alquiler-vacacional-gestionado-por-goya-real-estate\/\",\"url\":\"https:\/\/www.clubdelemprendimiento.com\/blog\/noticia-corporativa\/delfin-natura-abre-sus-puertas-en-el-albir-alicante-con-una-formula-mixta-de-propiedad-y-alquiler-vacacional-gestionado-por-goya-real-estate\/\",\"name\":\"Delfin Natura abre sus puertas en El Albir (Alicante) con una f\u00f3rmula mixta de propiedad y alquiler vacacional gestionado por Goya Real Estate - Blog Club del Emprendimiento\",\"isPartOf\":{\"@id\":\"https:\/\/www.clubdelemprendimiento.com\/blog\/#website\"},\"primaryImageOfPage\":{\"@id\":\"https:\/\/www.clubdelemprendimiento.com\/blog\/noticia-corporativa\/delfin-natura-abre-sus-puertas-en-el-albir-alicante-con-una-formula-mixta-de-propiedad-y-alquiler-vacacional-gestionado-por-goya-real-estate\/#primaryimage\"},\"image\":{\"@id\":\"https:\/\/www.clubdelemprendimiento.com\/blog\/noticia-corporativa\/delfin-natura-abre-sus-puertas-en-el-albir-alicante-con-una-formula-mixta-de-propiedad-y-alquiler-vacacional-gestionado-por-goya-real-estate\/#primaryimage\"},\"thumbnailUrl\":\"https:\/\/www.clubdelemprendimiento.com\/blog\/wp-content\/uploads\/2025\/07\/Delfin_Natura_5.png\",\"datePublished\":\"2025-07-17T13:05:06+00:00\",\"dateModified\":\"2025-07-17T13:05:06+00:00\",\"breadcrumb\":{\"@id\":\"https:\/\/www.clubdelemprendimiento.com\/blog\/noticia-corporativa\/delfin-natura-abre-sus-puertas-en-el-albir-alicante-con-una-formula-mixta-de-propiedad-y-alquiler-vacacional-gestionado-por-goya-real-estate\/#breadcrumb\"},\"inLanguage\":\"es\",\"potentialAction\":[{\"@type\":\"ReadAction\",\"target\":[\"https:\/\/www.clubdelemprendimiento.com\/blog\/noticia-corporativa\/delfin-natura-abre-sus-puertas-en-el-albir-alicante-con-una-formula-mixta-de-propiedad-y-alquiler-vacacional-gestionado-por-goya-real-estate\/\"]}]},{\"@type\":\"ImageObject\",\"inLanguage\":\"es\",\"@id\":\"https:\/\/www.clubdelemprendimiento.com\/blog\/noticia-corporativa\/delfin-natura-abre-sus-puertas-en-el-albir-alicante-con-una-formula-mixta-de-propiedad-y-alquiler-vacacional-gestionado-por-goya-real-estate\/#primaryimage\",\"url\":\"https:\/\/www.clubdelemprendimiento.com\/blog\/wp-content\/uploads\/2025\/07\/Delfin_Natura_5.png\",\"contentUrl\":\"https:\/\/www.clubdelemprendimiento.com\/blog\/wp-content\/uploads\/2025\/07\/Delfin_Natura_5.png\",\"width\":2048,\"height\":1187},{\"@type\":\"BreadcrumbList\",\"@id\":\"https:\/\/www.clubdelemprendimiento.com\/blog\/noticia-corporativa\/delfin-natura-abre-sus-puertas-en-el-albir-alicante-con-una-formula-mixta-de-propiedad-y-alquiler-vacacional-gestionado-por-goya-real-estate\/#breadcrumb\",\"itemListElement\":[{\"@type\":\"ListItem\",\"position\":1,\"name\":\"Home\",\"item\":\"https:\/\/www.clubdelemprendimiento.com\/blog\/\"},{\"@type\":\"ListItem\",\"position\":2,\"name\":\"Noticias Corporativas\",\"item\":\"https:\/\/www.clubdelemprendimiento.com\/blog\/noticias-corporativas\/\"},{\"@type\":\"ListItem\",\"position\":3,\"name\":\"Delfin Natura abre sus puertas en El Albir (Alicante) con una f\u00f3rmula mixta de propiedad y alquiler vacacional gestionado por Goya Real Estate\"}]},{\"@type\":\"WebSite\",\"@id\":\"https:\/\/www.clubdelemprendimiento.com\/blog\/#website\",\"url\":\"https:\/\/www.clubdelemprendimiento.com\/blog\/\",\"name\":\"Blog Club del Emprendimiento\",\"description\":\"\",\"potentialAction\":[{\"@type\":\"SearchAction\",\"target\":{\"@type\":\"EntryPoint\",\"urlTemplate\":\"https:\/\/www.clubdelemprendimiento.com\/blog\/?s={search_term_string}\"},\"query-input\":\"required name=search_term_string\"}],\"inLanguage\":\"es\"}]}<\/script>\n<!-- \/ Yoast SEO plugin. -->","yoast_head_json":{"title":"Delfin Natura abre sus puertas en El Albir (Alicante) con una f\u00f3rmula mixta de propiedad y alquiler vacacional gestionado por Goya Real Estate - Blog Club del Emprendimiento","robots":{"index":"index","follow":"follow","max-snippet":"max-snippet:-1","max-image-preview":"max-image-preview:large","max-video-preview":"max-video-preview:-1"},"canonical":"https:\/\/www.clubdelemprendimiento.com\/blog\/noticia-corporativa\/delfin-natura-abre-sus-puertas-en-el-albir-alicante-con-una-formula-mixta-de-propiedad-y-alquiler-vacacional-gestionado-por-goya-real-estate\/","og_locale":"es_ES","og_type":"article","og_title":"Delfin Natura abre sus puertas en El Albir (Alicante) con una f\u00f3rmula mixta de propiedad y alquiler vacacional gestionado por Goya Real Estate - Blog Club del Emprendimiento","og_description":"Delfin Natura inaugura la primera fase de su complejo de apartamentos tur\u00edsticos, con 80&hellip;","og_url":"https:\/\/www.clubdelemprendimiento.com\/blog\/noticia-corporativa\/delfin-natura-abre-sus-puertas-en-el-albir-alicante-con-una-formula-mixta-de-propiedad-y-alquiler-vacacional-gestionado-por-goya-real-estate\/","og_site_name":"Blog Club del Emprendimiento","og_image":[{"url":"https:\/\/www.clubdelemprendimiento.com\/blog\/wp-content\/uploads\/2025\/07\/Delfin_Natura_5.png"}],"twitter_card":"summary_large_image","twitter_misc":{"Tiempo de lectura":"5 minutos"},"schema":{"@context":"https:\/\/schema.org","@graph":[{"@type":"WebPage","@id":"https:\/\/www.clubdelemprendimiento.com\/blog\/noticia-corporativa\/delfin-natura-abre-sus-puertas-en-el-albir-alicante-con-una-formula-mixta-de-propiedad-y-alquiler-vacacional-gestionado-por-goya-real-estate\/","url":"https:\/\/www.clubdelemprendimiento.com\/blog\/noticia-corporativa\/delfin-natura-abre-sus-puertas-en-el-albir-alicante-con-una-formula-mixta-de-propiedad-y-alquiler-vacacional-gestionado-por-goya-real-estate\/","name":"Delfin Natura abre sus puertas en El Albir (Alicante) con una f\u00f3rmula mixta de propiedad y alquiler vacacional gestionado por Goya Real Estate - Blog Club del Emprendimiento","isPartOf":{"@id":"https:\/\/www.clubdelemprendimiento.com\/blog\/#website"},"primaryImageOfPage":{"@id":"https:\/\/www.clubdelemprendimiento.com\/blog\/noticia-corporativa\/delfin-natura-abre-sus-puertas-en-el-albir-alicante-con-una-formula-mixta-de-propiedad-y-alquiler-vacacional-gestionado-por-goya-real-estate\/#primaryimage"},"image":{"@id":"https:\/\/www.clubdelemprendimiento.com\/blog\/noticia-corporativa\/delfin-natura-abre-sus-puertas-en-el-albir-alicante-con-una-formula-mixta-de-propiedad-y-alquiler-vacacional-gestionado-por-goya-real-estate\/#primaryimage"},"thumbnailUrl":"https:\/\/www.clubdelemprendimiento.com\/blog\/wp-content\/uploads\/2025\/07\/Delfin_Natura_5.png","datePublished":"2025-07-17T13:05:06+00:00","dateModified":"2025-07-17T13:05:06+00:00","breadcrumb":{"@id":"https:\/\/www.clubdelemprendimiento.com\/blog\/noticia-corporativa\/delfin-natura-abre-sus-puertas-en-el-albir-alicante-con-una-formula-mixta-de-propiedad-y-alquiler-vacacional-gestionado-por-goya-real-estate\/#breadcrumb"},"inLanguage":"es","potentialAction":[{"@type":"ReadAction","target":["https:\/\/www.clubdelemprendimiento.com\/blog\/noticia-corporativa\/delfin-natura-abre-sus-puertas-en-el-albir-alicante-con-una-formula-mixta-de-propiedad-y-alquiler-vacacional-gestionado-por-goya-real-estate\/"]}]},{"@type":"ImageObject","inLanguage":"es","@id":"https:\/\/www.clubdelemprendimiento.com\/blog\/noticia-corporativa\/delfin-natura-abre-sus-puertas-en-el-albir-alicante-con-una-formula-mixta-de-propiedad-y-alquiler-vacacional-gestionado-por-goya-real-estate\/#primaryimage","url":"https:\/\/www.clubdelemprendimiento.com\/blog\/wp-content\/uploads\/2025\/07\/Delfin_Natura_5.png","contentUrl":"https:\/\/www.clubdelemprendimiento.com\/blog\/wp-content\/uploads\/2025\/07\/Delfin_Natura_5.png","width":2048,"height":1187},{"@type":"BreadcrumbList","@id":"https:\/\/www.clubdelemprendimiento.com\/blog\/noticia-corporativa\/delfin-natura-abre-sus-puertas-en-el-albir-alicante-con-una-formula-mixta-de-propiedad-y-alquiler-vacacional-gestionado-por-goya-real-estate\/#breadcrumb","itemListElement":[{"@type":"ListItem","position":1,"name":"Home","item":"https:\/\/www.clubdelemprendimiento.com\/blog\/"},{"@type":"ListItem","position":2,"name":"Noticias Corporativas","item":"https:\/\/www.clubdelemprendimiento.com\/blog\/noticias-corporativas\/"},{"@type":"ListItem","position":3,"name":"Delfin Natura abre sus puertas en El Albir (Alicante) con una f\u00f3rmula mixta de propiedad y alquiler vacacional gestionado por Goya Real Estate"}]},{"@type":"WebSite","@id":"https:\/\/www.clubdelemprendimiento.com\/blog\/#website","url":"https:\/\/www.clubdelemprendimiento.com\/blog\/","name":"Blog Club del Emprendimiento","description":"","potentialAction":[{"@type":"SearchAction","target":{"@type":"EntryPoint","urlTemplate":"https:\/\/www.clubdelemprendimiento.com\/blog\/?s={search_term_string}"},"query-input":"required name=search_term_string"}],"inLanguage":"es"}]}},"_links":{"self":[{"href":"https:\/\/www.clubdelemprendimiento.com\/blog\/wp-json\/wp\/v2\/noticia-corporativa\/20172"}],"collection":[{"href":"https:\/\/www.clubdelemprendimiento.com\/blog\/wp-json\/wp\/v2\/noticia-corporativa"}],"about":[{"href":"https:\/\/www.clubdelemprendimiento.com\/blog\/wp-json\/wp\/v2\/types\/noticia-corporativa"}],"wp:featuredmedia":[{"embeddable":true,"href":"https:\/\/www.clubdelemprendimiento.com\/blog\/wp-json\/wp\/v2\/media\/20173"}],"wp:attachment":[{"href":"https:\/\/www.clubdelemprendimiento.com\/blog\/wp-json\/wp\/v2\/media?parent=20172"}],"curies":[{"name":"wp","href":"https:\/\/api.w.org\/{rel}","templated":true}]}}