{"id":20162,"date":"2025-07-17T12:05:34","date_gmt":"2025-07-17T12:05:34","guid":{"rendered":"https:\/\/www.clubdelemprendimiento.com\/blog\/noticia-corporativa\/air-europa-refuerza-su-compromiso-con-la-sostenibilidad-en-su-informe-2024\/"},"modified":"2025-07-17T12:05:34","modified_gmt":"2025-07-17T12:05:34","slug":"air-europa-refuerza-su-compromiso-con-la-sostenibilidad-en-su-informe-2024","status":"publish","type":"noticia-corporativa","link":"https:\/\/www.clubdelemprendimiento.com\/blog\/noticia-corporativa\/air-europa-refuerza-su-compromiso-con-la-sostenibilidad-en-su-informe-2024\/","title":{"rendered":"Air Europa refuerza su compromiso con la sostenibilidad en su Informe 2024"},"content":{"rendered":"<div>\n<p><a href=\"https:\/\/www.clubdelemprendimiento.com\/blog\/wp-content\/uploads\/2025\/07\/image-20250717-090147-148.jpeg\" target=\"_blank\" class=\"fotonota\" rel=\"noopener\"> <img decoding=\"async\" src=\"https:\/\/www.clubdelemprendimiento.com\/blog\/wp-content\/uploads\/2025\/07\/image-20250717-090147-148.jpeg\" style=\"max-width:600px;\" border=\"0\" class=\"postImage\" alt=\"Air Europa refuerza su compromiso con la sostenibilidad en su Informe 2024\"><\/a><\/p>\n<p>La aerol\u00ednea del Grupo Globalia consolida medidas ambientales, sociales y de gobernanza en su nueva estrategia para los pr\u00f3ximos tres a\u00f1os<\/p>\n<p><\/p>\n<p><a href=\"https:\/\/www.aireuropa.com\/es\/es\/home\" rel=\"nofollow\"><strong>Air Europa<\/strong><\/a> reafirma este a\u00f1o su compromiso con una aviaci\u00f3n m\u00e1s responsable tras la publicaci\u00f3n de su <strong>Informe de Sostenibilidad 2024<\/strong>, que recoge los avances m\u00e1s recientes en materia ambiental, social y de gobernanza. El documento actualiza los resultados del \u00faltimo ejercicio y marca la hoja de ruta del <strong>Plan Director de Sostenibilidad 2025-2027<\/strong>, que orienta las acciones de la aerol\u00ednea hacia un futuro m\u00e1s eficiente y sostenible.<\/p>\n<p>Durante los \u00faltimos meses, la compa\u00f1\u00eda ha reforzado sus m\u00e9tricas operativas clave, incrementando la eficiencia de su flota, reduciendo emisiones y renovando certificaciones medioambientales de referencia.<\/p>\n<p>En 2024, <strong>Air Europa<\/strong> logr\u00f3 <strong>disminuir m\u00e1s de un 21% las emisiones de CO\u2082<\/strong> respecto a 2015, un hito que la acerca a su objetivo de <strong>reducir un 30% para 2030<\/strong>. Para avanzar en esta meta, la aerol\u00ednea sigue incorporando nuevos <strong>Boeing 787 Dreamliner<\/strong>, que destacan por su bajo consumo de combustible y menor impacto ac\u00fastico frente a la media del sector.<\/p>\n<p>Adem\u00e1s, la compa\u00f1\u00eda mantiene vigentes sus certificaciones medioambientales <strong>EMAS<\/strong> e <strong>ISO 14001<\/strong>, y ha intensificado la utilizaci\u00f3n de <strong>SAF (combustible sostenible de aviaci\u00f3n)<\/strong> en rutas estrat\u00e9gicas como parte de su apuesta por la transici\u00f3n energ\u00e9tica en el transporte a\u00e9reo.<\/p>\n<p>La aerol\u00ednea fue <strong>reconocida en los premios APEX<\/strong> por su excelencia en la experiencia de vuelo por segundo a\u00f1o consecutivo, mientras que <strong>Air Europa Express<\/strong> recibi\u00f3 el premio a la <strong>Excelencia en Formaci\u00f3n Inicial<\/strong> como uno de los mejores programas de Espa\u00f1a.<\/p>\n<p>Paralelamente, Air Europa ha introducido innovaciones para mejorar la experiencia de sus pasajeros, como el modelo <strong>\u00abpet friendly\u00bb<\/strong> para facilitar el transporte de mascotas y el <strong>Proyecto de Log\u00edstica Interna de Air Europa Mantenimiento<\/strong>, que optimiza recursos y procesos log\u00edsticos, contribuyendo a la sostenibilidad operativa.<\/p>\n<p><strong>Vuelo 2030: un plan participativo y transparente<\/strong><br \/>\nEl <strong>Informe de Sostenibilidad 2024<\/strong> se ha elaborado bajo un enfoque de <strong>doble materialidad<\/strong> \u2013impacto y financiero\u2013 para priorizar los temas m\u00e1s relevantes. La estrategia se ha definido tras m\u00e1s de <strong>700 consultas<\/strong> a empleados, clientes y proveedores, garantizando una planificaci\u00f3n participativa y alineada con las expectativas de todos los grupos de inter\u00e9s.<\/p>\n<p>Dentro del programa <strong>Vuelo 2030<\/strong>, la aerol\u00ednea contin\u00faa desplegando m\u00e1s de 40 acciones orientadas a la <strong>descarbonizaci\u00f3n<\/strong>, la <strong>optimizaci\u00f3n de procesos<\/strong> y la mejora de los <strong>impactos sociales y laborales<\/strong>.<\/p>\n<p>En palabras de <strong>Rosa Nordfeldt<\/strong>, directora de Sostenibilidad de Air Europa:<\/p>\n<blockquote>\n<p><em>\u00abLa sostenibilidad ya no es una opci\u00f3n, es una forma de operar. En 2024 avanzamos con acciones concretas que reflejan nuestro compromiso con el medio ambiente y con las personas que conf\u00edan en nosotros\u00bb.<\/em><\/p>\n<\/blockquote>\n<p><strong>Sobre Air Europa<\/strong><br \/>\nFundada en 1986, <strong>Air Europa<\/strong> es miembro de la alianza <strong>SkyTeam<\/strong> y cuenta con una de las flotas m\u00e1s modernas de Europa, compuesta por <strong>Boeing 787 Dreamliner y Boeing 737<\/strong>, que destacan por su eficiencia y confort. Conecta m\u00e1s de <strong>55 destinos en Europa y Am\u00e9rica<\/strong> desde su hub en <strong>Madrid-Barajas<\/strong>, y es reconocida como una de las aerol\u00edneas m\u00e1s puntuales del continente. Su estrategia combina <strong>innovaci\u00f3n tecnol\u00f3gica<\/strong> y un firme compromiso con la <strong>descarbonizaci\u00f3n del transporte a\u00e9reo<\/strong>.<\/p>\n<p>\u00a0<\/p>\n<\/div>\n","protected":false},"featured_media":20163,"template":"","meta":{"_acf_changed":false},"acf":[],"yoast_head":"<!-- This site is optimized with the Yoast SEO plugin v22.7 - https:\/\/yoast.com\/wordpress\/plugins\/seo\/ -->\n<title>Air Europa refuerza su compromiso con la sostenibilidad en su Informe 2024 - Blog Club del Emprendimiento<\/title>\n<meta name=\"robots\" content=\"index, follow, max-snippet:-1, max-image-preview:large, max-video-preview:-1\" \/>\n<link rel=\"canonical\" href=\"https:\/\/www.clubdelemprendimiento.com\/blog\/noticia-corporativa\/air-europa-refuerza-su-compromiso-con-la-sostenibilidad-en-su-informe-2024\/\" \/>\n<meta property=\"og:locale\" content=\"es_ES\" \/>\n<meta property=\"og:type\" content=\"article\" \/>\n<meta property=\"og:title\" content=\"Air Europa refuerza su compromiso con la sostenibilidad en su Informe 2024 - Blog Club del Emprendimiento\" \/>\n<meta property=\"og:description\" content=\"La aerol\u00ednea del Grupo Globalia consolida medidas ambientales, sociales y de gobernanza en su&hellip;\" \/>\n<meta property=\"og:url\" content=\"https:\/\/www.clubdelemprendimiento.com\/blog\/noticia-corporativa\/air-europa-refuerza-su-compromiso-con-la-sostenibilidad-en-su-informe-2024\/\" \/>\n<meta property=\"og:site_name\" content=\"Blog Club del Emprendimiento\" \/>\n<meta property=\"og:image\" content=\"https:\/\/www.clubdelemprendimiento.com\/blog\/wp-content\/uploads\/2025\/07\/image-20250717-090147-148.jpeg\" \/>\n<meta name=\"twitter:card\" content=\"summary_large_image\" \/>\n<meta name=\"twitter:label1\" content=\"Tiempo de lectura\" \/>\n\t<meta name=\"twitter:data1\" content=\"3 minutos\" \/>\n<script type=\"application\/ld+json\" class=\"yoast-schema-graph\">{\"@context\":\"https:\/\/schema.org\",\"@graph\":[{\"@type\":\"WebPage\",\"@id\":\"https:\/\/www.clubdelemprendimiento.com\/blog\/noticia-corporativa\/air-europa-refuerza-su-compromiso-con-la-sostenibilidad-en-su-informe-2024\/\",\"url\":\"https:\/\/www.clubdelemprendimiento.com\/blog\/noticia-corporativa\/air-europa-refuerza-su-compromiso-con-la-sostenibilidad-en-su-informe-2024\/\",\"name\":\"Air Europa refuerza su compromiso con la sostenibilidad en su Informe 2024 - Blog Club del Emprendimiento\",\"isPartOf\":{\"@id\":\"https:\/\/www.clubdelemprendimiento.com\/blog\/#website\"},\"primaryImageOfPage\":{\"@id\":\"https:\/\/www.clubdelemprendimiento.com\/blog\/noticia-corporativa\/air-europa-refuerza-su-compromiso-con-la-sostenibilidad-en-su-informe-2024\/#primaryimage\"},\"image\":{\"@id\":\"https:\/\/www.clubdelemprendimiento.com\/blog\/noticia-corporativa\/air-europa-refuerza-su-compromiso-con-la-sostenibilidad-en-su-informe-2024\/#primaryimage\"},\"thumbnailUrl\":\"https:\/\/www.clubdelemprendimiento.com\/blog\/wp-content\/uploads\/2025\/07\/image-20250717-090147-148.jpeg\",\"datePublished\":\"2025-07-17T12:05:34+00:00\",\"dateModified\":\"2025-07-17T12:05:34+00:00\",\"breadcrumb\":{\"@id\":\"https:\/\/www.clubdelemprendimiento.com\/blog\/noticia-corporativa\/air-europa-refuerza-su-compromiso-con-la-sostenibilidad-en-su-informe-2024\/#breadcrumb\"},\"inLanguage\":\"es\",\"potentialAction\":[{\"@type\":\"ReadAction\",\"target\":[\"https:\/\/www.clubdelemprendimiento.com\/blog\/noticia-corporativa\/air-europa-refuerza-su-compromiso-con-la-sostenibilidad-en-su-informe-2024\/\"]}]},{\"@type\":\"ImageObject\",\"inLanguage\":\"es\",\"@id\":\"https:\/\/www.clubdelemprendimiento.com\/blog\/noticia-corporativa\/air-europa-refuerza-su-compromiso-con-la-sostenibilidad-en-su-informe-2024\/#primaryimage\",\"url\":\"https:\/\/www.clubdelemprendimiento.com\/blog\/wp-content\/uploads\/2025\/07\/image-20250717-090147-148.jpeg\",\"contentUrl\":\"https:\/\/www.clubdelemprendimiento.com\/blog\/wp-content\/uploads\/2025\/07\/image-20250717-090147-148.jpeg\",\"width\":1600,\"height\":1068,\"caption\":\"Air Europa refuerza su compromiso con la sostenibilidad en su Informe 2024\"},{\"@type\":\"BreadcrumbList\",\"@id\":\"https:\/\/www.clubdelemprendimiento.com\/blog\/noticia-corporativa\/air-europa-refuerza-su-compromiso-con-la-sostenibilidad-en-su-informe-2024\/#breadcrumb\",\"itemListElement\":[{\"@type\":\"ListItem\",\"position\":1,\"name\":\"Home\",\"item\":\"https:\/\/www.clubdelemprendimiento.com\/blog\/\"},{\"@type\":\"ListItem\",\"position\":2,\"name\":\"Noticias Corporativas\",\"item\":\"https:\/\/www.clubdelemprendimiento.com\/blog\/noticias-corporativas\/\"},{\"@type\":\"ListItem\",\"position\":3,\"name\":\"Air Europa refuerza su compromiso con la sostenibilidad en su Informe 2024\"}]},{\"@type\":\"WebSite\",\"@id\":\"https:\/\/www.clubdelemprendimiento.com\/blog\/#website\",\"url\":\"https:\/\/www.clubdelemprendimiento.com\/blog\/\",\"name\":\"Blog Club del Emprendimiento\",\"description\":\"\",\"potentialAction\":[{\"@type\":\"SearchAction\",\"target\":{\"@type\":\"EntryPoint\",\"urlTemplate\":\"https:\/\/www.clubdelemprendimiento.com\/blog\/?s={search_term_string}\"},\"query-input\":\"required name=search_term_string\"}],\"inLanguage\":\"es\"}]}<\/script>\n<!-- \/ Yoast SEO plugin. -->","yoast_head_json":{"title":"Air Europa refuerza su compromiso con la sostenibilidad en su Informe 2024 - Blog Club del Emprendimiento","robots":{"index":"index","follow":"follow","max-snippet":"max-snippet:-1","max-image-preview":"max-image-preview:large","max-video-preview":"max-video-preview:-1"},"canonical":"https:\/\/www.clubdelemprendimiento.com\/blog\/noticia-corporativa\/air-europa-refuerza-su-compromiso-con-la-sostenibilidad-en-su-informe-2024\/","og_locale":"es_ES","og_type":"article","og_title":"Air Europa refuerza su compromiso con la sostenibilidad en su Informe 2024 - Blog Club del Emprendimiento","og_description":"La aerol\u00ednea del Grupo Globalia consolida medidas ambientales, sociales y de gobernanza en su&hellip;","og_url":"https:\/\/www.clubdelemprendimiento.com\/blog\/noticia-corporativa\/air-europa-refuerza-su-compromiso-con-la-sostenibilidad-en-su-informe-2024\/","og_site_name":"Blog Club del Emprendimiento","og_image":[{"url":"https:\/\/www.clubdelemprendimiento.com\/blog\/wp-content\/uploads\/2025\/07\/image-20250717-090147-148.jpeg"}],"twitter_card":"summary_large_image","twitter_misc":{"Tiempo de lectura":"3 minutos"},"schema":{"@context":"https:\/\/schema.org","@graph":[{"@type":"WebPage","@id":"https:\/\/www.clubdelemprendimiento.com\/blog\/noticia-corporativa\/air-europa-refuerza-su-compromiso-con-la-sostenibilidad-en-su-informe-2024\/","url":"https:\/\/www.clubdelemprendimiento.com\/blog\/noticia-corporativa\/air-europa-refuerza-su-compromiso-con-la-sostenibilidad-en-su-informe-2024\/","name":"Air Europa refuerza su compromiso con la sostenibilidad en su Informe 2024 - Blog Club del Emprendimiento","isPartOf":{"@id":"https:\/\/www.clubdelemprendimiento.com\/blog\/#website"},"primaryImageOfPage":{"@id":"https:\/\/www.clubdelemprendimiento.com\/blog\/noticia-corporativa\/air-europa-refuerza-su-compromiso-con-la-sostenibilidad-en-su-informe-2024\/#primaryimage"},"image":{"@id":"https:\/\/www.clubdelemprendimiento.com\/blog\/noticia-corporativa\/air-europa-refuerza-su-compromiso-con-la-sostenibilidad-en-su-informe-2024\/#primaryimage"},"thumbnailUrl":"https:\/\/www.clubdelemprendimiento.com\/blog\/wp-content\/uploads\/2025\/07\/image-20250717-090147-148.jpeg","datePublished":"2025-07-17T12:05:34+00:00","dateModified":"2025-07-17T12:05:34+00:00","breadcrumb":{"@id":"https:\/\/www.clubdelemprendimiento.com\/blog\/noticia-corporativa\/air-europa-refuerza-su-compromiso-con-la-sostenibilidad-en-su-informe-2024\/#breadcrumb"},"inLanguage":"es","potentialAction":[{"@type":"ReadAction","target":["https:\/\/www.clubdelemprendimiento.com\/blog\/noticia-corporativa\/air-europa-refuerza-su-compromiso-con-la-sostenibilidad-en-su-informe-2024\/"]}]},{"@type":"ImageObject","inLanguage":"es","@id":"https:\/\/www.clubdelemprendimiento.com\/blog\/noticia-corporativa\/air-europa-refuerza-su-compromiso-con-la-sostenibilidad-en-su-informe-2024\/#primaryimage","url":"https:\/\/www.clubdelemprendimiento.com\/blog\/wp-content\/uploads\/2025\/07\/image-20250717-090147-148.jpeg","contentUrl":"https:\/\/www.clubdelemprendimiento.com\/blog\/wp-content\/uploads\/2025\/07\/image-20250717-090147-148.jpeg","width":1600,"height":1068,"caption":"Air Europa refuerza su compromiso con la sostenibilidad en su Informe 2024"},{"@type":"BreadcrumbList","@id":"https:\/\/www.clubdelemprendimiento.com\/blog\/noticia-corporativa\/air-europa-refuerza-su-compromiso-con-la-sostenibilidad-en-su-informe-2024\/#breadcrumb","itemListElement":[{"@type":"ListItem","position":1,"name":"Home","item":"https:\/\/www.clubdelemprendimiento.com\/blog\/"},{"@type":"ListItem","position":2,"name":"Noticias Corporativas","item":"https:\/\/www.clubdelemprendimiento.com\/blog\/noticias-corporativas\/"},{"@type":"ListItem","position":3,"name":"Air Europa refuerza su compromiso con la sostenibilidad en su Informe 2024"}]},{"@type":"WebSite","@id":"https:\/\/www.clubdelemprendimiento.com\/blog\/#website","url":"https:\/\/www.clubdelemprendimiento.com\/blog\/","name":"Blog Club del Emprendimiento","description":"","potentialAction":[{"@type":"SearchAction","target":{"@type":"EntryPoint","urlTemplate":"https:\/\/www.clubdelemprendimiento.com\/blog\/?s={search_term_string}"},"query-input":"required name=search_term_string"}],"inLanguage":"es"}]}},"_links":{"self":[{"href":"https:\/\/www.clubdelemprendimiento.com\/blog\/wp-json\/wp\/v2\/noticia-corporativa\/20162"}],"collection":[{"href":"https:\/\/www.clubdelemprendimiento.com\/blog\/wp-json\/wp\/v2\/noticia-corporativa"}],"about":[{"href":"https:\/\/www.clubdelemprendimiento.com\/blog\/wp-json\/wp\/v2\/types\/noticia-corporativa"}],"wp:featuredmedia":[{"embeddable":true,"href":"https:\/\/www.clubdelemprendimiento.com\/blog\/wp-json\/wp\/v2\/media\/20163"}],"wp:attachment":[{"href":"https:\/\/www.clubdelemprendimiento.com\/blog\/wp-json\/wp\/v2\/media?parent=20162"}],"curies":[{"name":"wp","href":"https:\/\/api.w.org\/{rel}","templated":true}]}}