{"id":20160,"date":"2025-07-17T12:05:28","date_gmt":"2025-07-17T12:05:28","guid":{"rendered":"https:\/\/www.clubdelemprendimiento.com\/blog\/noticia-corporativa\/el-mercado-laboral-tech-en-cifras-de-espana-a-hispanoamerica-2025\/"},"modified":"2025-07-17T12:05:28","modified_gmt":"2025-07-17T12:05:28","slug":"el-mercado-laboral-tech-en-cifras-de-espana-a-hispanoamerica-2025","status":"publish","type":"noticia-corporativa","link":"https:\/\/www.clubdelemprendimiento.com\/blog\/noticia-corporativa\/el-mercado-laboral-tech-en-cifras-de-espana-a-hispanoamerica-2025\/","title":{"rendered":"El mercado laboral tech en cifras: de Espa\u00f1a a Hispanoam\u00e9rica 2025"},"content":{"rendered":"<div>\n<p><a href=\"https:\/\/www.clubdelemprendimiento.com\/blog\/wp-content\/uploads\/2025\/07\/67a49e8a2e4b26ec23356f1c_software-gestion-emrpesarial-guia-1024x585-1.png\" target=\"_blank\" class=\"fotonota\" rel=\"noopener\"> <img decoding=\"async\" src=\"https:\/\/www.clubdelemprendimiento.com\/blog\/wp-content\/uploads\/2025\/07\/67a49e8a2e4b26ec23356f1c_software-gestion-emrpesarial-guia-1024x585-1.png\" style=\"max-width:600px;\" border=\"0\" class=\"postImage\" alt=\"\"><\/a><\/p>\n<p>Velneo presenta &#8216;El mercado laboral tech en cifras: de Espa\u00f1a a Hispanoam\u00e9rica 2025&#8217;, un estudio de m\u00e1s de 2.000 desarrolladores que revela salarios medios, principales tecnolog\u00edas y tendencias de trabajo y formaci\u00f3n en la comunidad hispanohablante<\/p>\n<p><\/p>\n<p>Velneo\u00a0presenta el estudio &#8216;<a href=\"https:\/\/velneo.com\/radiografia-programadores-hablahispana-2025\/\" rel=\"nofollow\">El mercado laboral tech en cifras: de Espa\u00f1a a Hispanoam\u00e9rica 2025&#8242;<\/a>,\u00a0un an\u00e1lisis pionero que revela c\u00f3mo trabajan, qui\u00e9nes son y cu\u00e1nto ganan miles de desarrolladores de Espa\u00f1a y Latinoam\u00e9rica.<\/p>\n<p>Este informe ofrece datos clave para empresas, profesionales y responsables de pol\u00edticas educativas.<\/p>\n<p><strong>Cu\u00e1nto ganan los programadores hoy: seg\u00fan pa\u00eds y tecnolog\u00eda<\/strong><br \/>\nSeg\u00fan los resultados obtenidos, se ha podido valorar el salario medio por pa\u00eds, destacando Espa\u00f1a, Argentina, M\u00e9xico, Colombia, Chile, Per\u00fa, Ecuador y Uruguay.<\/p>\n<p>Mientras que el salario medio general se cifra en 29.690 \u20ac, en Espa\u00f1a asciende a 39.167 \u20ac, superando ampliamente la media de Hispanoam\u00e9rica, que no supera los 20.250 \u20ac.<\/p>\n<p>Con m\u00e1s de 2.000 encuestados, este informe proporciona una visi\u00f3n global de la comunidad:<\/p>\n<ul>\n<li>Distribuci\u00f3n geogr\u00e1fica: 76\u202f% en Hispanoam\u00e9rica, 24\u202f% en Espa\u00f1a.<\/li>\n<li>Edad: el 53\u202f% tiene entre 41\u201360 a\u00f1os, demostrando la madurez del perfil.<\/li>\n<li>Diversidad: aunque existe una brecha de g\u00e9nero, el 97,2\u202f% apoya iniciativas para reducirla, aunque actualmente el 93\u202f% de los profesionales son hombres.<\/li>\n<li>Formas de trabajo: 38\u202f% trabaja en remoto, 33\u202f% en modelos h\u00edbridos y 29\u202f% de forma presencial.<\/li>\n<\/ul>\n<p><strong>Conclusiones del estudio<\/strong><\/p>\n<ul>\n<li>El lenguaje de programaci\u00f3n C# lidera el mercado con un 19\u202f%, seguido por JavaScript (16,3\u202f%), Python (13,1\u202f%), PHP (10,7\u202f%) y Java (9,5\u202f%), siendo adem\u00e1s los desarrolladores en C# los que cuentan con mayor satisfacci\u00f3n salarial.<\/li>\n<li>El low-code contin\u00faa en alza, con un 17\u202f% ya utiliz\u00e1ndolo en producci\u00f3n y el restante planeando implementarlo este mismo a\u00f1o.<\/li>\n<li>Este sector requiere formaci\u00f3n constante: el 44\u202f% de los programadores se actualiza mensualmente, principalmente mediante cursos online (25\u202f%), YouTube (22\u202f%) y libros (17\u202f%).<\/li>\n<li>Adem\u00e1s, los profesionales valoran enormemente ciertos beneficios laborales: hasta un 87\u202f% disfruta de ventajas como seguro m\u00e9dico, formaci\u00f3n continua y flexibilidad horaria.<\/li>\n<\/ul>\n<p>Tras la recogida de m\u00e1s de 15 bloques de informaci\u00f3n como lenguajes principales y secundarios, hobbies, edad, pa\u00edses, perspectivas o cargos, entre otros, este estudio muestra la realidad del mercado de desarrolladores hispanohablantes.<\/p>\n<\/div>\n","protected":false},"featured_media":20161,"template":"","meta":{"_acf_changed":false},"acf":[],"yoast_head":"<!-- This site is optimized with the Yoast SEO plugin v22.7 - https:\/\/yoast.com\/wordpress\/plugins\/seo\/ -->\n<title>El mercado laboral tech en cifras: de Espa\u00f1a a Hispanoam\u00e9rica 2025 - Blog Club del Emprendimiento<\/title>\n<meta name=\"robots\" content=\"index, follow, max-snippet:-1, max-image-preview:large, max-video-preview:-1\" \/>\n<link rel=\"canonical\" href=\"https:\/\/www.clubdelemprendimiento.com\/blog\/noticia-corporativa\/el-mercado-laboral-tech-en-cifras-de-espana-a-hispanoamerica-2025\/\" \/>\n<meta property=\"og:locale\" content=\"es_ES\" \/>\n<meta property=\"og:type\" content=\"article\" \/>\n<meta property=\"og:title\" content=\"El mercado laboral tech en cifras: de Espa\u00f1a a Hispanoam\u00e9rica 2025 - Blog Club del Emprendimiento\" \/>\n<meta property=\"og:description\" content=\"Velneo presenta &#8216;El mercado laboral tech en cifras: de Espa\u00f1a a Hispanoam\u00e9rica 2025&#8217;, un&hellip;\" \/>\n<meta property=\"og:url\" content=\"https:\/\/www.clubdelemprendimiento.com\/blog\/noticia-corporativa\/el-mercado-laboral-tech-en-cifras-de-espana-a-hispanoamerica-2025\/\" \/>\n<meta property=\"og:site_name\" content=\"Blog Club del Emprendimiento\" \/>\n<meta property=\"og:image\" content=\"https:\/\/www.clubdelemprendimiento.com\/blog\/wp-content\/uploads\/2025\/07\/67a49e8a2e4b26ec23356f1c_software-gestion-emrpesarial-guia-1024x585-1.png\" \/>\n<meta name=\"twitter:card\" content=\"summary_large_image\" \/>\n<meta name=\"twitter:label1\" content=\"Tiempo de lectura\" \/>\n\t<meta name=\"twitter:data1\" content=\"2 minutos\" \/>\n<script type=\"application\/ld+json\" class=\"yoast-schema-graph\">{\"@context\":\"https:\/\/schema.org\",\"@graph\":[{\"@type\":\"WebPage\",\"@id\":\"https:\/\/www.clubdelemprendimiento.com\/blog\/noticia-corporativa\/el-mercado-laboral-tech-en-cifras-de-espana-a-hispanoamerica-2025\/\",\"url\":\"https:\/\/www.clubdelemprendimiento.com\/blog\/noticia-corporativa\/el-mercado-laboral-tech-en-cifras-de-espana-a-hispanoamerica-2025\/\",\"name\":\"El mercado laboral tech en cifras: de Espa\u00f1a a Hispanoam\u00e9rica 2025 - Blog Club del Emprendimiento\",\"isPartOf\":{\"@id\":\"https:\/\/www.clubdelemprendimiento.com\/blog\/#website\"},\"primaryImageOfPage\":{\"@id\":\"https:\/\/www.clubdelemprendimiento.com\/blog\/noticia-corporativa\/el-mercado-laboral-tech-en-cifras-de-espana-a-hispanoamerica-2025\/#primaryimage\"},\"image\":{\"@id\":\"https:\/\/www.clubdelemprendimiento.com\/blog\/noticia-corporativa\/el-mercado-laboral-tech-en-cifras-de-espana-a-hispanoamerica-2025\/#primaryimage\"},\"thumbnailUrl\":\"https:\/\/www.clubdelemprendimiento.com\/blog\/wp-content\/uploads\/2025\/07\/67a49e8a2e4b26ec23356f1c_software-gestion-emrpesarial-guia-1024x585-1.png\",\"datePublished\":\"2025-07-17T12:05:28+00:00\",\"dateModified\":\"2025-07-17T12:05:28+00:00\",\"breadcrumb\":{\"@id\":\"https:\/\/www.clubdelemprendimiento.com\/blog\/noticia-corporativa\/el-mercado-laboral-tech-en-cifras-de-espana-a-hispanoamerica-2025\/#breadcrumb\"},\"inLanguage\":\"es\",\"potentialAction\":[{\"@type\":\"ReadAction\",\"target\":[\"https:\/\/www.clubdelemprendimiento.com\/blog\/noticia-corporativa\/el-mercado-laboral-tech-en-cifras-de-espana-a-hispanoamerica-2025\/\"]}]},{\"@type\":\"ImageObject\",\"inLanguage\":\"es\",\"@id\":\"https:\/\/www.clubdelemprendimiento.com\/blog\/noticia-corporativa\/el-mercado-laboral-tech-en-cifras-de-espana-a-hispanoamerica-2025\/#primaryimage\",\"url\":\"https:\/\/www.clubdelemprendimiento.com\/blog\/wp-content\/uploads\/2025\/07\/67a49e8a2e4b26ec23356f1c_software-gestion-emrpesarial-guia-1024x585-1.png\",\"contentUrl\":\"https:\/\/www.clubdelemprendimiento.com\/blog\/wp-content\/uploads\/2025\/07\/67a49e8a2e4b26ec23356f1c_software-gestion-emrpesarial-guia-1024x585-1.png\",\"width\":1024,\"height\":585},{\"@type\":\"BreadcrumbList\",\"@id\":\"https:\/\/www.clubdelemprendimiento.com\/blog\/noticia-corporativa\/el-mercado-laboral-tech-en-cifras-de-espana-a-hispanoamerica-2025\/#breadcrumb\",\"itemListElement\":[{\"@type\":\"ListItem\",\"position\":1,\"name\":\"Home\",\"item\":\"https:\/\/www.clubdelemprendimiento.com\/blog\/\"},{\"@type\":\"ListItem\",\"position\":2,\"name\":\"Noticias Corporativas\",\"item\":\"https:\/\/www.clubdelemprendimiento.com\/blog\/noticias-corporativas\/\"},{\"@type\":\"ListItem\",\"position\":3,\"name\":\"El mercado laboral tech en cifras: de Espa\u00f1a a Hispanoam\u00e9rica 2025\"}]},{\"@type\":\"WebSite\",\"@id\":\"https:\/\/www.clubdelemprendimiento.com\/blog\/#website\",\"url\":\"https:\/\/www.clubdelemprendimiento.com\/blog\/\",\"name\":\"Blog Club del Emprendimiento\",\"description\":\"\",\"potentialAction\":[{\"@type\":\"SearchAction\",\"target\":{\"@type\":\"EntryPoint\",\"urlTemplate\":\"https:\/\/www.clubdelemprendimiento.com\/blog\/?s={search_term_string}\"},\"query-input\":\"required name=search_term_string\"}],\"inLanguage\":\"es\"}]}<\/script>\n<!-- \/ Yoast SEO plugin. -->","yoast_head_json":{"title":"El mercado laboral tech en cifras: de Espa\u00f1a a Hispanoam\u00e9rica 2025 - Blog Club del Emprendimiento","robots":{"index":"index","follow":"follow","max-snippet":"max-snippet:-1","max-image-preview":"max-image-preview:large","max-video-preview":"max-video-preview:-1"},"canonical":"https:\/\/www.clubdelemprendimiento.com\/blog\/noticia-corporativa\/el-mercado-laboral-tech-en-cifras-de-espana-a-hispanoamerica-2025\/","og_locale":"es_ES","og_type":"article","og_title":"El mercado laboral tech en cifras: de Espa\u00f1a a Hispanoam\u00e9rica 2025 - Blog Club del Emprendimiento","og_description":"Velneo presenta &#8216;El mercado laboral tech en cifras: de Espa\u00f1a a Hispanoam\u00e9rica 2025&#8217;, un&hellip;","og_url":"https:\/\/www.clubdelemprendimiento.com\/blog\/noticia-corporativa\/el-mercado-laboral-tech-en-cifras-de-espana-a-hispanoamerica-2025\/","og_site_name":"Blog Club del Emprendimiento","og_image":[{"url":"https:\/\/www.clubdelemprendimiento.com\/blog\/wp-content\/uploads\/2025\/07\/67a49e8a2e4b26ec23356f1c_software-gestion-emrpesarial-guia-1024x585-1.png"}],"twitter_card":"summary_large_image","twitter_misc":{"Tiempo de lectura":"2 minutos"},"schema":{"@context":"https:\/\/schema.org","@graph":[{"@type":"WebPage","@id":"https:\/\/www.clubdelemprendimiento.com\/blog\/noticia-corporativa\/el-mercado-laboral-tech-en-cifras-de-espana-a-hispanoamerica-2025\/","url":"https:\/\/www.clubdelemprendimiento.com\/blog\/noticia-corporativa\/el-mercado-laboral-tech-en-cifras-de-espana-a-hispanoamerica-2025\/","name":"El mercado laboral tech en cifras: de Espa\u00f1a a Hispanoam\u00e9rica 2025 - Blog Club del Emprendimiento","isPartOf":{"@id":"https:\/\/www.clubdelemprendimiento.com\/blog\/#website"},"primaryImageOfPage":{"@id":"https:\/\/www.clubdelemprendimiento.com\/blog\/noticia-corporativa\/el-mercado-laboral-tech-en-cifras-de-espana-a-hispanoamerica-2025\/#primaryimage"},"image":{"@id":"https:\/\/www.clubdelemprendimiento.com\/blog\/noticia-corporativa\/el-mercado-laboral-tech-en-cifras-de-espana-a-hispanoamerica-2025\/#primaryimage"},"thumbnailUrl":"https:\/\/www.clubdelemprendimiento.com\/blog\/wp-content\/uploads\/2025\/07\/67a49e8a2e4b26ec23356f1c_software-gestion-emrpesarial-guia-1024x585-1.png","datePublished":"2025-07-17T12:05:28+00:00","dateModified":"2025-07-17T12:05:28+00:00","breadcrumb":{"@id":"https:\/\/www.clubdelemprendimiento.com\/blog\/noticia-corporativa\/el-mercado-laboral-tech-en-cifras-de-espana-a-hispanoamerica-2025\/#breadcrumb"},"inLanguage":"es","potentialAction":[{"@type":"ReadAction","target":["https:\/\/www.clubdelemprendimiento.com\/blog\/noticia-corporativa\/el-mercado-laboral-tech-en-cifras-de-espana-a-hispanoamerica-2025\/"]}]},{"@type":"ImageObject","inLanguage":"es","@id":"https:\/\/www.clubdelemprendimiento.com\/blog\/noticia-corporativa\/el-mercado-laboral-tech-en-cifras-de-espana-a-hispanoamerica-2025\/#primaryimage","url":"https:\/\/www.clubdelemprendimiento.com\/blog\/wp-content\/uploads\/2025\/07\/67a49e8a2e4b26ec23356f1c_software-gestion-emrpesarial-guia-1024x585-1.png","contentUrl":"https:\/\/www.clubdelemprendimiento.com\/blog\/wp-content\/uploads\/2025\/07\/67a49e8a2e4b26ec23356f1c_software-gestion-emrpesarial-guia-1024x585-1.png","width":1024,"height":585},{"@type":"BreadcrumbList","@id":"https:\/\/www.clubdelemprendimiento.com\/blog\/noticia-corporativa\/el-mercado-laboral-tech-en-cifras-de-espana-a-hispanoamerica-2025\/#breadcrumb","itemListElement":[{"@type":"ListItem","position":1,"name":"Home","item":"https:\/\/www.clubdelemprendimiento.com\/blog\/"},{"@type":"ListItem","position":2,"name":"Noticias Corporativas","item":"https:\/\/www.clubdelemprendimiento.com\/blog\/noticias-corporativas\/"},{"@type":"ListItem","position":3,"name":"El mercado laboral tech en cifras: de Espa\u00f1a a Hispanoam\u00e9rica 2025"}]},{"@type":"WebSite","@id":"https:\/\/www.clubdelemprendimiento.com\/blog\/#website","url":"https:\/\/www.clubdelemprendimiento.com\/blog\/","name":"Blog Club del Emprendimiento","description":"","potentialAction":[{"@type":"SearchAction","target":{"@type":"EntryPoint","urlTemplate":"https:\/\/www.clubdelemprendimiento.com\/blog\/?s={search_term_string}"},"query-input":"required name=search_term_string"}],"inLanguage":"es"}]}},"_links":{"self":[{"href":"https:\/\/www.clubdelemprendimiento.com\/blog\/wp-json\/wp\/v2\/noticia-corporativa\/20160"}],"collection":[{"href":"https:\/\/www.clubdelemprendimiento.com\/blog\/wp-json\/wp\/v2\/noticia-corporativa"}],"about":[{"href":"https:\/\/www.clubdelemprendimiento.com\/blog\/wp-json\/wp\/v2\/types\/noticia-corporativa"}],"wp:featuredmedia":[{"embeddable":true,"href":"https:\/\/www.clubdelemprendimiento.com\/blog\/wp-json\/wp\/v2\/media\/20161"}],"wp:attachment":[{"href":"https:\/\/www.clubdelemprendimiento.com\/blog\/wp-json\/wp\/v2\/media?parent=20160"}],"curies":[{"name":"wp","href":"https:\/\/api.w.org\/{rel}","templated":true}]}}