{"id":19847,"date":"2025-07-08T13:01:22","date_gmt":"2025-07-08T13:01:22","guid":{"rendered":"https:\/\/www.clubdelemprendimiento.com\/blog\/noticia-corporativa\/empleo-pone-en-marcha-el-i-foro-de-economia-social-de-canarias\/"},"modified":"2025-07-08T13:01:22","modified_gmt":"2025-07-08T13:01:22","slug":"empleo-pone-en-marcha-el-i-foro-de-economia-social-de-canarias","status":"publish","type":"noticia-corporativa","link":"https:\/\/www.clubdelemprendimiento.com\/blog\/noticia-corporativa\/empleo-pone-en-marcha-el-i-foro-de-economia-social-de-canarias\/","title":{"rendered":"Empleo pone en marcha el I Foro de Econom\u00eda Social de Canarias"},"content":{"rendered":"<div>\n<p><a href=\"https:\/\/www.clubdelemprendimiento.com\/blog\/wp-content\/uploads\/2025\/07\/Cartel_I_Foro_de_Economa_Social_LR.png\" target=\"_blank\" class=\"fotonota\" rel=\"noopener\"> <img decoding=\"async\" src=\"https:\/\/www.clubdelemprendimiento.com\/blog\/wp-content\/uploads\/2025\/07\/Cartel_I_Foro_de_Economa_Social_LR.png\" style=\"max-width:600px;\" border=\"0\" class=\"postImage\" alt=\"\"><\/a><\/p>\n<p>Se celebrar\u00e1 en Las Palmas de Gran Canaria el 18 de julio y el plazo de inscripci\u00f3n se encuentra abierto en la p\u00e1gina web www.foroeconomiasocial.org. La viceconsejera de Empleo del Gobierno de Canarias, Isabel Le\u00f3n, y la directora del Servicio Canario de Empleo, Mar\u00eda Teresa Ortega, participar\u00e1n en la jornada<\/p>\n<p><\/p>\n<p>El Museo Elder de la Ciencia y la Tecnolog\u00eda de Las Palmas de Gran Canaria acoger\u00e1 el viernes, 18 de julio, la primera edici\u00f3n del Foro de Econom\u00eda Social de Canarias, promovido por la Consejer\u00eda de Turismo y Empleo del Gobierno de Canarias y en el que se dar\u00e1n a conocer las opciones de empleo que ofrece el cooperativismo en la comunidad aut\u00f3noma. La jornada est\u00e1 organizada por la agencia de creatividad canaria CREAT\u00cdVICA y en ella colaboran EAPN Canarias y la Red Anagos.<\/p>\n<p>\u00abLa econom\u00eda social ofrece muchas posibilidades desde el punto de vista de la empleabilidad y la intenci\u00f3n de esta jornada es dinamizar y visibilizar c\u00f3mo las acciones colectivas pueden ser un aliciente para las personas emprendedoras\u00bb, indica la viceconsejera de Empleo del Ejecutivo auton\u00f3mico, Isabel Le\u00f3n.<\/p>\n<p>Adem\u00e1s, la viceconsejera recuerda que el pasado a\u00f1o el Gobierno regional present\u00f3 el primer Cat\u00e1logo de la Econom\u00eda Social en Canarias. Isabel Le\u00f3n ha hecho hincapi\u00e9 en el papel de la econom\u00eda social en el \u00e1mbito de los cuidados \u00abun sector emergente por su importante potencial de creaci\u00f3n de empleo, asociado a la necesidad de dar respuesta a una demanda social que crecer\u00e1 a un ritmo muy alto\u00bb, ha apuntado del que ser\u00e1 uno de los temas que se abordar\u00e1n en este espacio.<\/p>\n<p>Por su parte, la directora del Servicio Canario de Empleo (SCE), Mar\u00eda Teresa Ortega, ha asegurado que \u00abla econom\u00eda social es un sector clave en las islas, formado por cooperativas, sociedades laborales, centros especiales de empleo, empresas de inserci\u00f3n, cofrad\u00edas de pescadores y otras f\u00f3rmulas que combinan actividad econ\u00f3mica con inter\u00e9s social\u00bb. En la actualidad existen alrededor de 4.000 entidades de este tipo en el archipi\u00e9lago, que generan cerca de 19.000 empleos.<\/p>\n<p>El I Foro de la Econom\u00eda Social de Canarias contar\u00e1 con la participaci\u00f3n de la directora general de Econom\u00eda Social y Responsabilidad Social de las Empresas del Gobierno de Espa\u00f1a, Aicha Belassir; el presidente de la Confederaci\u00f3n Empresarial Espa\u00f1ola de la Econom\u00eda Social (CEPES), Juan Antonio Pedre\u00f1o; la jefa de secci\u00f3n del SCE, Mar\u00eda Francisca D\u00edaz y la profesora titular de Derecho Mercantil de la Universidad de Las Palmas de Gran Canaria (ULPGC), Mar\u00eda del Pino Dom\u00ednguez.<\/p>\n<p>Tambi\u00e9n se dar\u00e1n cita la doctora en Econom\u00eda y Direcci\u00f3n de Empresas de la ULPGC, Inmaculada Galv\u00e1n; el doctor en Econom\u00eda por la Universidad de La Laguna (ULL), Javier Mendoza y el catedr\u00e1tico de la ULL y director de la C\u00e1tedra Cajasiete de Econom\u00eda Social y Cooperativa, C\u00e1ndido Rom\u00e1n.<\/p>\n<p>Las entidades sociales estar\u00e1n representadas por el vicepresidente de la Red Anagos, Eduardo Calder\u00f3n; la presidenta de la\u00a0Red Europea de Lucha Contra la Pobreza y la Exclusi\u00f3n Social (EAPN-Canarias), Esther G\u00e1lvez y la experta en Programas Europeos, Econom\u00eda Social y Solidaria, Eusebia Nuez.<\/p>\n<\/div>\n","protected":false},"featured_media":19848,"template":"","meta":{"_acf_changed":false},"acf":[],"yoast_head":"<!-- This site is optimized with the Yoast SEO plugin v22.7 - https:\/\/yoast.com\/wordpress\/plugins\/seo\/ -->\n<title>Empleo pone en marcha el I Foro de Econom\u00eda Social de Canarias - Blog Club del Emprendimiento<\/title>\n<meta name=\"robots\" content=\"index, follow, max-snippet:-1, max-image-preview:large, max-video-preview:-1\" \/>\n<link rel=\"canonical\" href=\"https:\/\/www.clubdelemprendimiento.com\/blog\/noticia-corporativa\/empleo-pone-en-marcha-el-i-foro-de-economia-social-de-canarias\/\" \/>\n<meta property=\"og:locale\" content=\"es_ES\" \/>\n<meta property=\"og:type\" content=\"article\" \/>\n<meta property=\"og:title\" content=\"Empleo pone en marcha el I Foro de Econom\u00eda Social de Canarias - Blog Club del Emprendimiento\" \/>\n<meta property=\"og:description\" content=\"Se celebrar\u00e1 en Las Palmas de Gran Canaria el 18 de julio y el&hellip;\" \/>\n<meta property=\"og:url\" content=\"https:\/\/www.clubdelemprendimiento.com\/blog\/noticia-corporativa\/empleo-pone-en-marcha-el-i-foro-de-economia-social-de-canarias\/\" \/>\n<meta property=\"og:site_name\" content=\"Blog Club del Emprendimiento\" \/>\n<meta property=\"og:image\" content=\"https:\/\/www.clubdelemprendimiento.com\/blog\/wp-content\/uploads\/2025\/07\/Cartel_I_Foro_de_Economa_Social_LR.png\" \/>\n<meta name=\"twitter:card\" content=\"summary_large_image\" \/>\n<meta name=\"twitter:label1\" content=\"Tiempo de lectura\" \/>\n\t<meta name=\"twitter:data1\" content=\"3 minutos\" \/>\n<script type=\"application\/ld+json\" class=\"yoast-schema-graph\">{\"@context\":\"https:\/\/schema.org\",\"@graph\":[{\"@type\":\"WebPage\",\"@id\":\"https:\/\/www.clubdelemprendimiento.com\/blog\/noticia-corporativa\/empleo-pone-en-marcha-el-i-foro-de-economia-social-de-canarias\/\",\"url\":\"https:\/\/www.clubdelemprendimiento.com\/blog\/noticia-corporativa\/empleo-pone-en-marcha-el-i-foro-de-economia-social-de-canarias\/\",\"name\":\"Empleo pone en marcha el I Foro de Econom\u00eda Social de Canarias - Blog Club del Emprendimiento\",\"isPartOf\":{\"@id\":\"https:\/\/www.clubdelemprendimiento.com\/blog\/#website\"},\"primaryImageOfPage\":{\"@id\":\"https:\/\/www.clubdelemprendimiento.com\/blog\/noticia-corporativa\/empleo-pone-en-marcha-el-i-foro-de-economia-social-de-canarias\/#primaryimage\"},\"image\":{\"@id\":\"https:\/\/www.clubdelemprendimiento.com\/blog\/noticia-corporativa\/empleo-pone-en-marcha-el-i-foro-de-economia-social-de-canarias\/#primaryimage\"},\"thumbnailUrl\":\"https:\/\/www.clubdelemprendimiento.com\/blog\/wp-content\/uploads\/2025\/07\/Cartel_I_Foro_de_Economa_Social_LR.png\",\"datePublished\":\"2025-07-08T13:01:22+00:00\",\"dateModified\":\"2025-07-08T13:01:22+00:00\",\"breadcrumb\":{\"@id\":\"https:\/\/www.clubdelemprendimiento.com\/blog\/noticia-corporativa\/empleo-pone-en-marcha-el-i-foro-de-economia-social-de-canarias\/#breadcrumb\"},\"inLanguage\":\"es\",\"potentialAction\":[{\"@type\":\"ReadAction\",\"target\":[\"https:\/\/www.clubdelemprendimiento.com\/blog\/noticia-corporativa\/empleo-pone-en-marcha-el-i-foro-de-economia-social-de-canarias\/\"]}]},{\"@type\":\"ImageObject\",\"inLanguage\":\"es\",\"@id\":\"https:\/\/www.clubdelemprendimiento.com\/blog\/noticia-corporativa\/empleo-pone-en-marcha-el-i-foro-de-economia-social-de-canarias\/#primaryimage\",\"url\":\"https:\/\/www.clubdelemprendimiento.com\/blog\/wp-content\/uploads\/2025\/07\/Cartel_I_Foro_de_Economa_Social_LR.png\",\"contentUrl\":\"https:\/\/www.clubdelemprendimiento.com\/blog\/wp-content\/uploads\/2025\/07\/Cartel_I_Foro_de_Economa_Social_LR.png\",\"width\":2000,\"height\":2828},{\"@type\":\"BreadcrumbList\",\"@id\":\"https:\/\/www.clubdelemprendimiento.com\/blog\/noticia-corporativa\/empleo-pone-en-marcha-el-i-foro-de-economia-social-de-canarias\/#breadcrumb\",\"itemListElement\":[{\"@type\":\"ListItem\",\"position\":1,\"name\":\"Home\",\"item\":\"https:\/\/www.clubdelemprendimiento.com\/blog\/\"},{\"@type\":\"ListItem\",\"position\":2,\"name\":\"Noticias Corporativas\",\"item\":\"https:\/\/www.clubdelemprendimiento.com\/blog\/noticias-corporativas\/\"},{\"@type\":\"ListItem\",\"position\":3,\"name\":\"Empleo pone en marcha el I Foro de Econom\u00eda Social de Canarias\"}]},{\"@type\":\"WebSite\",\"@id\":\"https:\/\/www.clubdelemprendimiento.com\/blog\/#website\",\"url\":\"https:\/\/www.clubdelemprendimiento.com\/blog\/\",\"name\":\"Blog Club del Emprendimiento\",\"description\":\"\",\"potentialAction\":[{\"@type\":\"SearchAction\",\"target\":{\"@type\":\"EntryPoint\",\"urlTemplate\":\"https:\/\/www.clubdelemprendimiento.com\/blog\/?s={search_term_string}\"},\"query-input\":\"required name=search_term_string\"}],\"inLanguage\":\"es\"}]}<\/script>\n<!-- \/ Yoast SEO plugin. -->","yoast_head_json":{"title":"Empleo pone en marcha el I Foro de Econom\u00eda Social de Canarias - Blog Club del Emprendimiento","robots":{"index":"index","follow":"follow","max-snippet":"max-snippet:-1","max-image-preview":"max-image-preview:large","max-video-preview":"max-video-preview:-1"},"canonical":"https:\/\/www.clubdelemprendimiento.com\/blog\/noticia-corporativa\/empleo-pone-en-marcha-el-i-foro-de-economia-social-de-canarias\/","og_locale":"es_ES","og_type":"article","og_title":"Empleo pone en marcha el I Foro de Econom\u00eda Social de Canarias - Blog Club del Emprendimiento","og_description":"Se celebrar\u00e1 en Las Palmas de Gran Canaria el 18 de julio y el&hellip;","og_url":"https:\/\/www.clubdelemprendimiento.com\/blog\/noticia-corporativa\/empleo-pone-en-marcha-el-i-foro-de-economia-social-de-canarias\/","og_site_name":"Blog Club del Emprendimiento","og_image":[{"url":"https:\/\/www.clubdelemprendimiento.com\/blog\/wp-content\/uploads\/2025\/07\/Cartel_I_Foro_de_Economa_Social_LR.png"}],"twitter_card":"summary_large_image","twitter_misc":{"Tiempo de lectura":"3 minutos"},"schema":{"@context":"https:\/\/schema.org","@graph":[{"@type":"WebPage","@id":"https:\/\/www.clubdelemprendimiento.com\/blog\/noticia-corporativa\/empleo-pone-en-marcha-el-i-foro-de-economia-social-de-canarias\/","url":"https:\/\/www.clubdelemprendimiento.com\/blog\/noticia-corporativa\/empleo-pone-en-marcha-el-i-foro-de-economia-social-de-canarias\/","name":"Empleo pone en marcha el I Foro de Econom\u00eda Social de Canarias - Blog Club del Emprendimiento","isPartOf":{"@id":"https:\/\/www.clubdelemprendimiento.com\/blog\/#website"},"primaryImageOfPage":{"@id":"https:\/\/www.clubdelemprendimiento.com\/blog\/noticia-corporativa\/empleo-pone-en-marcha-el-i-foro-de-economia-social-de-canarias\/#primaryimage"},"image":{"@id":"https:\/\/www.clubdelemprendimiento.com\/blog\/noticia-corporativa\/empleo-pone-en-marcha-el-i-foro-de-economia-social-de-canarias\/#primaryimage"},"thumbnailUrl":"https:\/\/www.clubdelemprendimiento.com\/blog\/wp-content\/uploads\/2025\/07\/Cartel_I_Foro_de_Economa_Social_LR.png","datePublished":"2025-07-08T13:01:22+00:00","dateModified":"2025-07-08T13:01:22+00:00","breadcrumb":{"@id":"https:\/\/www.clubdelemprendimiento.com\/blog\/noticia-corporativa\/empleo-pone-en-marcha-el-i-foro-de-economia-social-de-canarias\/#breadcrumb"},"inLanguage":"es","potentialAction":[{"@type":"ReadAction","target":["https:\/\/www.clubdelemprendimiento.com\/blog\/noticia-corporativa\/empleo-pone-en-marcha-el-i-foro-de-economia-social-de-canarias\/"]}]},{"@type":"ImageObject","inLanguage":"es","@id":"https:\/\/www.clubdelemprendimiento.com\/blog\/noticia-corporativa\/empleo-pone-en-marcha-el-i-foro-de-economia-social-de-canarias\/#primaryimage","url":"https:\/\/www.clubdelemprendimiento.com\/blog\/wp-content\/uploads\/2025\/07\/Cartel_I_Foro_de_Economa_Social_LR.png","contentUrl":"https:\/\/www.clubdelemprendimiento.com\/blog\/wp-content\/uploads\/2025\/07\/Cartel_I_Foro_de_Economa_Social_LR.png","width":2000,"height":2828},{"@type":"BreadcrumbList","@id":"https:\/\/www.clubdelemprendimiento.com\/blog\/noticia-corporativa\/empleo-pone-en-marcha-el-i-foro-de-economia-social-de-canarias\/#breadcrumb","itemListElement":[{"@type":"ListItem","position":1,"name":"Home","item":"https:\/\/www.clubdelemprendimiento.com\/blog\/"},{"@type":"ListItem","position":2,"name":"Noticias Corporativas","item":"https:\/\/www.clubdelemprendimiento.com\/blog\/noticias-corporativas\/"},{"@type":"ListItem","position":3,"name":"Empleo pone en marcha el I Foro de Econom\u00eda Social de Canarias"}]},{"@type":"WebSite","@id":"https:\/\/www.clubdelemprendimiento.com\/blog\/#website","url":"https:\/\/www.clubdelemprendimiento.com\/blog\/","name":"Blog Club del Emprendimiento","description":"","potentialAction":[{"@type":"SearchAction","target":{"@type":"EntryPoint","urlTemplate":"https:\/\/www.clubdelemprendimiento.com\/blog\/?s={search_term_string}"},"query-input":"required name=search_term_string"}],"inLanguage":"es"}]}},"_links":{"self":[{"href":"https:\/\/www.clubdelemprendimiento.com\/blog\/wp-json\/wp\/v2\/noticia-corporativa\/19847"}],"collection":[{"href":"https:\/\/www.clubdelemprendimiento.com\/blog\/wp-json\/wp\/v2\/noticia-corporativa"}],"about":[{"href":"https:\/\/www.clubdelemprendimiento.com\/blog\/wp-json\/wp\/v2\/types\/noticia-corporativa"}],"wp:featuredmedia":[{"embeddable":true,"href":"https:\/\/www.clubdelemprendimiento.com\/blog\/wp-json\/wp\/v2\/media\/19848"}],"wp:attachment":[{"href":"https:\/\/www.clubdelemprendimiento.com\/blog\/wp-json\/wp\/v2\/media?parent=19847"}],"curies":[{"name":"wp","href":"https:\/\/api.w.org\/{rel}","templated":true}]}}