{"id":19833,"date":"2025-07-08T10:05:25","date_gmt":"2025-07-08T10:05:25","guid":{"rendered":"https:\/\/www.clubdelemprendimiento.com\/blog\/noticia-corporativa\/la-generacion-z-valora-el-cuidado-de-la-salud-mental-mientras-que-en-la-generacion-x-prima-el-teletrabajo\/"},"modified":"2025-07-08T10:05:25","modified_gmt":"2025-07-08T10:05:25","slug":"la-generacion-z-valora-el-cuidado-de-la-salud-mental-mientras-que-en-la-generacion-x-prima-el-teletrabajo","status":"publish","type":"noticia-corporativa","link":"https:\/\/www.clubdelemprendimiento.com\/blog\/noticia-corporativa\/la-generacion-z-valora-el-cuidado-de-la-salud-mental-mientras-que-en-la-generacion-x-prima-el-teletrabajo\/","title":{"rendered":"La Generaci\u00f3n Z valora el cuidado de la salud mental, mientras que en la Generaci\u00f3n X prima el teletrabajo"},"content":{"rendered":"<div>\n<p><a href=\"https:\/\/www.clubdelemprendimiento.com\/blog\/wp-content\/uploads\/2025\/07\/Portada.jpg\" target=\"_blank\" class=\"fotonota\" rel=\"noopener\"> <img decoding=\"async\" src=\"https:\/\/www.clubdelemprendimiento.com\/blog\/wp-content\/uploads\/2025\/07\/Portada.jpg\" style=\"max-width:600px;\" border=\"0\" class=\"postImage\" alt=\"\"><\/a><\/p>\n<p>Seg\u00fan el estudio elaborado por Gi Group Holding, en colaboraci\u00f3n con las \u00e1reas de RR.\u00a0HH. de BBVA y Vitaance, el 32% de los espa\u00f1oles reconoce que busca un empleo donde pueda aprender y mejorar sus habilidades a largo plazo, especialmente los j\u00f3venes de entre 18 y 24 a\u00f1os\n<\/p>\n<p><\/p>\n<p>El mercado laboral espa\u00f1ol vive una transformaci\u00f3n acelerada, marcada por la convivencia in\u00e9dita de cuatro generaciones en activo, una brecha de expectativas creciente y una percepci\u00f3n cada vez m\u00e1s clara: no basta con tener un buen salario, es necesario cuidar el bienestar emocional y ofrecer una propuesta de valor al empleado. As\u00ed lo refleja el <strong>informe &#8216;Perspectivas Laborales Intergeneracionales&#8217;<\/strong>, elaborado por <a href=\"https:\/\/es.gigroup.com\/\" rel=\"nofollow\">Gi Group Holding<\/a>, en colaboraci\u00f3n con las \u00e1reas de RR.\u00a0HH. de BBVA y Vitaance.<\/p>\n<p>En el momento de incorporarse a un empleo, <strong>7 de cada 10 espa\u00f1oles priorizan un salario competitivo, <\/strong>la <strong>estabilidad laboral<\/strong> (68%) y el <strong>ambiente laboral<\/strong> (66,9%). Adem\u00e1s, los trabajadores tambi\u00e9n tienen en cuenta otros factores como la <strong>flexibilidad horaria <\/strong>(59,2%), las <strong>oportunidades de crecimiento profesional<\/strong> (44,5%) o el <strong>teletrabajo<\/strong> (26,9%). Mientras los trabajadores de <strong>entre 35 y 54 a\u00f1os <\/strong>son los que m\u00e1s valoran el <strong>teletrabajo <\/strong>(+30%), los <strong>menores de 24 a\u00f1os <\/strong>prefieren en mayor medida la <strong>flexibilidad horaria <\/strong>(64,2% vs 21,7% del teletrabajo). Por g\u00e9nero, las mujeres apuestan en mayor medida que los hombres por el teletrabajo (28,9% vs 24,9%) y la flexibilidad horaria (63,8% vs 54,6%).<\/p>\n<p>En cuanto a las oportunidades de crecimiento y desarrollo, m\u00e1s de la mitad de los trabajadores asegura que las valora dentro de una empresa, aunque <strong>el 32,2% reconoce que busca un empleo donde pueda aprender y mejorar sus habilidades a largo plazo,<\/strong> especialmente los j\u00f3venes de entre 18 y 24 a\u00f1os. A<strong> partir de los 45 a\u00f1os, el 14,3% no considera esencial crecer profesionalmente.<\/strong><\/p>\n<p><strong>La estabilidad es un factor importante para casi la mitad de los espa\u00f1oles<\/strong>, sin embargo, el ambiente laboral y las oportunidades de desarrollo son valoradas por el 36% de los encuestados. M\u00e1s de la mitad de las mujeres reconoce que busca estabilidad laboral, mientras que, en el caso de los hombres, esa cifra cae 5 puntos.\u00a0<\/p>\n<p><strong>Fuga de talento: un reto sin resolver<\/strong><br \/>\nSeg\u00fan el estudio de <strong>Gi Group Holding,<\/strong> <strong>el 37% de los espa\u00f1oles afirma haber considerado emigrar al extranjero por razones laborales<\/strong>, un porcentaje muy similar al de los<strong> <\/strong>trabajadores de entre 55 y 65 a\u00f1os que aseguran que nunca ha considerado trabajar en el extranjero.<strong> <\/strong>El porcentaje de <strong>trabajadores que ya han tenido una o varias experiencias laborales fuera de Espa\u00f1a alcanza el 12%,<\/strong> algo que aseguran en mayor medida los trabajadores de <strong>entre 25 y 44 a\u00f1os. <\/strong>Por g\u00e9nero, los hombres consideran trabajar en el extranjero en mayor medida que las mujeres y un 10% de ellos est\u00e1 plante\u00e1ndose buscar un empleo fuera de nuestras fronteras frente al 7,2% de las mujeres. Del mismo modo, casi 1 de cada 4 mujeres reconoce que nunca ha pensado en emigrar en busca de mejores oportunidades laborales, frente al 23,4% de hombres que s\u00ed se lo ha planteado.<\/p>\n<p>Entre las <strong>razones para trabajar en otro pa\u00eds<\/strong> se encuentra principalmente el <strong>salario <\/strong>(60,9%) motivo que destaca entre las personas de entre 35 y 44 a\u00f1os (64%), seguido de la <strong>mejora de la calidad de vida<\/strong> (47,8%) para m\u00e1s de la mitad de los espa\u00f1oles entre 45 y 54 a\u00f1os y <strong>vivir una experiencia diferente<\/strong> (38,3%) la elecci\u00f3n de los j\u00f3venes entre 18 y 24 a\u00f1os (45,4%).<\/p>\n<p>En este sentido, <strong>m\u00e1s de la mitad de los espa\u00f1oles opina que un aumento de los salarios, con el objetivo de que sean competitivos, y una mayor estabilidad laboral, evitar\u00eda la fuga de talento de nuestro pa\u00eds.<\/strong> Otras de las medidas que piden son m\u00e1s incentivos para que emprendedores puedan desarrollar su carrera (46,4%), mayor apoyo a la conciliaci\u00f3n (43,8%) y m\u00e1s oportunidades de crecimiento profesional y formaci\u00f3n continua (41,3%).<\/p>\n<p><strong>\u00bfSalario emocional o econ\u00f3mico?<\/strong><br \/>\nSeg\u00fan se desprende del estudio de <strong>Gi Group Holding<\/strong>, <strong>4 de cada 10 trabajadores aseguran que el salario emocional es muy importante, incluso m\u00e1s que el econ\u00f3mico.<\/strong> Una percepci\u00f3n que resulta habitual entre los menores de 34 a\u00f1os. Es a partir de los 35 cuando el salario econ\u00f3mico pasa a un primer plano, especialmente a partir de los 45 a\u00f1os, as\u00ed lo piensan 6 de cada 10 encuestados de esa edad.<\/p>\n<p>As\u00ed, la conciliaci\u00f3n entre la vida laboral y personal (62,5%), el horario flexible y la posibilidad de teletrabajo (51,5%) y d\u00edas libres o adicionales, adem\u00e1s de los permisos especiales (50,6%) son los aspectos m\u00e1s valorados por los profesionales en lo que se refiere al salario emocional.<\/p>\n<p>En la actualidad, la importancia del salario emocional es tal que, <strong>el 37% de los espa\u00f1oles reconoce haber rechazado un empleo por no ofrecer beneficios m\u00e1s all\u00e1 del sueldo<\/strong>, porcentaje que supera el 50% entre los espa\u00f1oles de 25 a 34 a\u00f1os.<\/p>\n<p><strong>Retener con prop\u00f3sito y bienestar<\/strong><br \/>\nEn general, <strong>los trabajadores reconocen estar satisfechos con su trabajo, como manifiestan 8 de cada 10 espa\u00f1oles<\/strong>. Especialmente satisfechos est\u00e1n los hombres (83,1%) y los j\u00f3venes de entre 18 y 24 a\u00f1os (87,1%). Preguntados por los factores que har\u00edan que se quedasen en una empresa: el 53,3% confiesa que ser\u00eda necesario un <strong>aumento salarial acorde al mercado<\/strong>, el 47,1% cree que un <strong>mayor equilibrio entre vida personal y profesional<\/strong> y un 41%, <strong>horarios flexibles y posibilidad de teletrabajo<\/strong>.<\/p>\n<p>Asimismo, <strong>el 64,4% de los trabajadores afirma estar satisfecho con los beneficios que le ofrecen en su trabajo actual.<\/strong> En este sentido, los m\u00e1s habituales son: formaci\u00f3n y cursos pagados por la empresa (57,8%); salario competitivo (55,5%); d\u00edas de permiso adicionales y horario flexible, ambos con un 49,9%.<\/p>\n<p><strong>Una visi\u00f3n generacional del futuro del empleo<\/strong><br \/>\nPreguntados por la percepci\u00f3n del futuro del mercado laboral, <strong>m\u00e1s de 1 de cada 4 profesionales cree que habr\u00e1 menos empleo y peores condiciones<\/strong>.\u00a0 En este escenario, <strong>el 16,5% de los espa\u00f1oles piensa que no est\u00e1 suficientemente preparado para hacer frente a los cambios laborales. <\/strong>Por edades, los j\u00f3venes entre 25 y 34 a\u00f1os son qui\u00e9nes, en mayor medida, considera que la formaci\u00f3n que reciben para adaptarse a los cambios del mercado es adecuada (40,3%), mientras que 1 de cada 5 trabajadores de entre 55 y 65 a\u00f1os opina que es mala.<\/p>\n<p><strong>Brecha institucional: \u00bfhacen lo suficiente las empresas y la Administraci\u00f3n?<\/strong><br \/>\nEl informe refleja una percepci\u00f3n cr\u00edtica hacia la colaboraci\u00f3n p\u00fablico-privada: <strong>un 50,3% piensa que la relaci\u00f3n entre empresas y organismos p\u00fablicos es \u00abbuena, pero insuficiente\u00bb<\/strong> y un 31,4% la califica de \u00abinsuficiente\u00bb. Asimismo, solo el 20,2% de los encuestados declara que la Administraci\u00f3n P\u00fablica est\u00e1 actuando de forma adecuada para favorecer la estabilidad laboral y el desarrollo profesional.<\/p>\n<p>Entre las <strong>pol\u00edticas m\u00e1s demandadas<\/strong> por los profesionales destacan: <strong>programas de empleo para mayores de 45 a\u00f1os y colectivos vulnerables<\/strong> (46,2%); <strong>mejores beneficios para la conciliaci\u00f3n familiar y laboral<\/strong> (46,2%); <strong>la colaboraci\u00f3n entre empresas y universidades<\/strong> para mejorar la empleabilidad (39,6%); los <strong>planes de empleo juvenil <\/strong>con incentivos para la contrataci\u00f3n de reci\u00e9n graduados (39,5%); <strong>incentivos fiscales para empresas<\/strong> que generen empleo estable (38,7%) y una mayor <strong>regulaci\u00f3n para evitar brechas salariales y desigualdades<\/strong> (38,4%).<\/p>\n<p><strong>Para ver el informe completo, pinchar\u00a0<\/strong><a href=\"https:\/\/www.gigroupholding.com\/espana\/informe-perspectivas-laborales-intergeneracionales\/?utm_source=prensa&amp;utm_medium=online&amp;utm_campaign=informe_intergeneracional\" rel=\"nofollow\"><strong>aqu\u00ed<\/strong><\/a>.<\/p>\n<\/div>\n","protected":false},"featured_media":19834,"template":"","meta":{"_acf_changed":false},"acf":[],"yoast_head":"<!-- This site is optimized with the Yoast SEO plugin v22.7 - https:\/\/yoast.com\/wordpress\/plugins\/seo\/ -->\n<title>La Generaci\u00f3n Z valora el cuidado de la salud mental, mientras que en la Generaci\u00f3n X prima el teletrabajo - Blog Club del Emprendimiento<\/title>\n<meta name=\"robots\" content=\"index, follow, max-snippet:-1, max-image-preview:large, max-video-preview:-1\" \/>\n<link rel=\"canonical\" href=\"https:\/\/www.clubdelemprendimiento.com\/blog\/noticia-corporativa\/la-generacion-z-valora-el-cuidado-de-la-salud-mental-mientras-que-en-la-generacion-x-prima-el-teletrabajo\/\" \/>\n<meta property=\"og:locale\" content=\"es_ES\" \/>\n<meta property=\"og:type\" content=\"article\" \/>\n<meta property=\"og:title\" content=\"La Generaci\u00f3n Z valora el cuidado de la salud mental, mientras que en la Generaci\u00f3n X prima el teletrabajo - Blog Club del Emprendimiento\" \/>\n<meta property=\"og:description\" content=\"Seg\u00fan el estudio elaborado por Gi Group Holding, en colaboraci\u00f3n con las \u00e1reas de&hellip;\" \/>\n<meta property=\"og:url\" content=\"https:\/\/www.clubdelemprendimiento.com\/blog\/noticia-corporativa\/la-generacion-z-valora-el-cuidado-de-la-salud-mental-mientras-que-en-la-generacion-x-prima-el-teletrabajo\/\" \/>\n<meta property=\"og:site_name\" content=\"Blog Club del Emprendimiento\" \/>\n<meta property=\"og:image\" content=\"https:\/\/www.clubdelemprendimiento.com\/blog\/wp-content\/uploads\/2025\/07\/Portada.jpg\" \/>\n<meta name=\"twitter:card\" content=\"summary_large_image\" \/>\n<meta name=\"twitter:label1\" content=\"Tiempo de lectura\" \/>\n\t<meta name=\"twitter:data1\" content=\"6 minutos\" \/>\n<script type=\"application\/ld+json\" class=\"yoast-schema-graph\">{\"@context\":\"https:\/\/schema.org\",\"@graph\":[{\"@type\":\"WebPage\",\"@id\":\"https:\/\/www.clubdelemprendimiento.com\/blog\/noticia-corporativa\/la-generacion-z-valora-el-cuidado-de-la-salud-mental-mientras-que-en-la-generacion-x-prima-el-teletrabajo\/\",\"url\":\"https:\/\/www.clubdelemprendimiento.com\/blog\/noticia-corporativa\/la-generacion-z-valora-el-cuidado-de-la-salud-mental-mientras-que-en-la-generacion-x-prima-el-teletrabajo\/\",\"name\":\"La Generaci\u00f3n Z valora el cuidado de la salud mental, mientras que en la Generaci\u00f3n X prima el teletrabajo - Blog Club del Emprendimiento\",\"isPartOf\":{\"@id\":\"https:\/\/www.clubdelemprendimiento.com\/blog\/#website\"},\"primaryImageOfPage\":{\"@id\":\"https:\/\/www.clubdelemprendimiento.com\/blog\/noticia-corporativa\/la-generacion-z-valora-el-cuidado-de-la-salud-mental-mientras-que-en-la-generacion-x-prima-el-teletrabajo\/#primaryimage\"},\"image\":{\"@id\":\"https:\/\/www.clubdelemprendimiento.com\/blog\/noticia-corporativa\/la-generacion-z-valora-el-cuidado-de-la-salud-mental-mientras-que-en-la-generacion-x-prima-el-teletrabajo\/#primaryimage\"},\"thumbnailUrl\":\"https:\/\/www.clubdelemprendimiento.com\/blog\/wp-content\/uploads\/2025\/07\/Portada.jpg\",\"datePublished\":\"2025-07-08T10:05:25+00:00\",\"dateModified\":\"2025-07-08T10:05:25+00:00\",\"breadcrumb\":{\"@id\":\"https:\/\/www.clubdelemprendimiento.com\/blog\/noticia-corporativa\/la-generacion-z-valora-el-cuidado-de-la-salud-mental-mientras-que-en-la-generacion-x-prima-el-teletrabajo\/#breadcrumb\"},\"inLanguage\":\"es\",\"potentialAction\":[{\"@type\":\"ReadAction\",\"target\":[\"https:\/\/www.clubdelemprendimiento.com\/blog\/noticia-corporativa\/la-generacion-z-valora-el-cuidado-de-la-salud-mental-mientras-que-en-la-generacion-x-prima-el-teletrabajo\/\"]}]},{\"@type\":\"ImageObject\",\"inLanguage\":\"es\",\"@id\":\"https:\/\/www.clubdelemprendimiento.com\/blog\/noticia-corporativa\/la-generacion-z-valora-el-cuidado-de-la-salud-mental-mientras-que-en-la-generacion-x-prima-el-teletrabajo\/#primaryimage\",\"url\":\"https:\/\/www.clubdelemprendimiento.com\/blog\/wp-content\/uploads\/2025\/07\/Portada.jpg\",\"contentUrl\":\"https:\/\/www.clubdelemprendimiento.com\/blog\/wp-content\/uploads\/2025\/07\/Portada.jpg\",\"width\":1332,\"height\":887},{\"@type\":\"BreadcrumbList\",\"@id\":\"https:\/\/www.clubdelemprendimiento.com\/blog\/noticia-corporativa\/la-generacion-z-valora-el-cuidado-de-la-salud-mental-mientras-que-en-la-generacion-x-prima-el-teletrabajo\/#breadcrumb\",\"itemListElement\":[{\"@type\":\"ListItem\",\"position\":1,\"name\":\"Home\",\"item\":\"https:\/\/www.clubdelemprendimiento.com\/blog\/\"},{\"@type\":\"ListItem\",\"position\":2,\"name\":\"Noticias Corporativas\",\"item\":\"https:\/\/www.clubdelemprendimiento.com\/blog\/noticias-corporativas\/\"},{\"@type\":\"ListItem\",\"position\":3,\"name\":\"La Generaci\u00f3n Z valora el cuidado de la salud mental, mientras que en la Generaci\u00f3n X prima el teletrabajo\"}]},{\"@type\":\"WebSite\",\"@id\":\"https:\/\/www.clubdelemprendimiento.com\/blog\/#website\",\"url\":\"https:\/\/www.clubdelemprendimiento.com\/blog\/\",\"name\":\"Blog Club del Emprendimiento\",\"description\":\"\",\"potentialAction\":[{\"@type\":\"SearchAction\",\"target\":{\"@type\":\"EntryPoint\",\"urlTemplate\":\"https:\/\/www.clubdelemprendimiento.com\/blog\/?s={search_term_string}\"},\"query-input\":\"required name=search_term_string\"}],\"inLanguage\":\"es\"}]}<\/script>\n<!-- \/ Yoast SEO plugin. -->","yoast_head_json":{"title":"La Generaci\u00f3n Z valora el cuidado de la salud mental, mientras que en la Generaci\u00f3n X prima el teletrabajo - Blog Club del Emprendimiento","robots":{"index":"index","follow":"follow","max-snippet":"max-snippet:-1","max-image-preview":"max-image-preview:large","max-video-preview":"max-video-preview:-1"},"canonical":"https:\/\/www.clubdelemprendimiento.com\/blog\/noticia-corporativa\/la-generacion-z-valora-el-cuidado-de-la-salud-mental-mientras-que-en-la-generacion-x-prima-el-teletrabajo\/","og_locale":"es_ES","og_type":"article","og_title":"La Generaci\u00f3n Z valora el cuidado de la salud mental, mientras que en la Generaci\u00f3n X prima el teletrabajo - Blog Club del Emprendimiento","og_description":"Seg\u00fan el estudio elaborado por Gi Group Holding, en colaboraci\u00f3n con las \u00e1reas de&hellip;","og_url":"https:\/\/www.clubdelemprendimiento.com\/blog\/noticia-corporativa\/la-generacion-z-valora-el-cuidado-de-la-salud-mental-mientras-que-en-la-generacion-x-prima-el-teletrabajo\/","og_site_name":"Blog Club del Emprendimiento","og_image":[{"url":"https:\/\/www.clubdelemprendimiento.com\/blog\/wp-content\/uploads\/2025\/07\/Portada.jpg"}],"twitter_card":"summary_large_image","twitter_misc":{"Tiempo de lectura":"6 minutos"},"schema":{"@context":"https:\/\/schema.org","@graph":[{"@type":"WebPage","@id":"https:\/\/www.clubdelemprendimiento.com\/blog\/noticia-corporativa\/la-generacion-z-valora-el-cuidado-de-la-salud-mental-mientras-que-en-la-generacion-x-prima-el-teletrabajo\/","url":"https:\/\/www.clubdelemprendimiento.com\/blog\/noticia-corporativa\/la-generacion-z-valora-el-cuidado-de-la-salud-mental-mientras-que-en-la-generacion-x-prima-el-teletrabajo\/","name":"La Generaci\u00f3n Z valora el cuidado de la salud mental, mientras que en la Generaci\u00f3n X prima el teletrabajo - Blog Club del Emprendimiento","isPartOf":{"@id":"https:\/\/www.clubdelemprendimiento.com\/blog\/#website"},"primaryImageOfPage":{"@id":"https:\/\/www.clubdelemprendimiento.com\/blog\/noticia-corporativa\/la-generacion-z-valora-el-cuidado-de-la-salud-mental-mientras-que-en-la-generacion-x-prima-el-teletrabajo\/#primaryimage"},"image":{"@id":"https:\/\/www.clubdelemprendimiento.com\/blog\/noticia-corporativa\/la-generacion-z-valora-el-cuidado-de-la-salud-mental-mientras-que-en-la-generacion-x-prima-el-teletrabajo\/#primaryimage"},"thumbnailUrl":"https:\/\/www.clubdelemprendimiento.com\/blog\/wp-content\/uploads\/2025\/07\/Portada.jpg","datePublished":"2025-07-08T10:05:25+00:00","dateModified":"2025-07-08T10:05:25+00:00","breadcrumb":{"@id":"https:\/\/www.clubdelemprendimiento.com\/blog\/noticia-corporativa\/la-generacion-z-valora-el-cuidado-de-la-salud-mental-mientras-que-en-la-generacion-x-prima-el-teletrabajo\/#breadcrumb"},"inLanguage":"es","potentialAction":[{"@type":"ReadAction","target":["https:\/\/www.clubdelemprendimiento.com\/blog\/noticia-corporativa\/la-generacion-z-valora-el-cuidado-de-la-salud-mental-mientras-que-en-la-generacion-x-prima-el-teletrabajo\/"]}]},{"@type":"ImageObject","inLanguage":"es","@id":"https:\/\/www.clubdelemprendimiento.com\/blog\/noticia-corporativa\/la-generacion-z-valora-el-cuidado-de-la-salud-mental-mientras-que-en-la-generacion-x-prima-el-teletrabajo\/#primaryimage","url":"https:\/\/www.clubdelemprendimiento.com\/blog\/wp-content\/uploads\/2025\/07\/Portada.jpg","contentUrl":"https:\/\/www.clubdelemprendimiento.com\/blog\/wp-content\/uploads\/2025\/07\/Portada.jpg","width":1332,"height":887},{"@type":"BreadcrumbList","@id":"https:\/\/www.clubdelemprendimiento.com\/blog\/noticia-corporativa\/la-generacion-z-valora-el-cuidado-de-la-salud-mental-mientras-que-en-la-generacion-x-prima-el-teletrabajo\/#breadcrumb","itemListElement":[{"@type":"ListItem","position":1,"name":"Home","item":"https:\/\/www.clubdelemprendimiento.com\/blog\/"},{"@type":"ListItem","position":2,"name":"Noticias Corporativas","item":"https:\/\/www.clubdelemprendimiento.com\/blog\/noticias-corporativas\/"},{"@type":"ListItem","position":3,"name":"La Generaci\u00f3n Z valora el cuidado de la salud mental, mientras que en la Generaci\u00f3n X prima el teletrabajo"}]},{"@type":"WebSite","@id":"https:\/\/www.clubdelemprendimiento.com\/blog\/#website","url":"https:\/\/www.clubdelemprendimiento.com\/blog\/","name":"Blog Club del Emprendimiento","description":"","potentialAction":[{"@type":"SearchAction","target":{"@type":"EntryPoint","urlTemplate":"https:\/\/www.clubdelemprendimiento.com\/blog\/?s={search_term_string}"},"query-input":"required name=search_term_string"}],"inLanguage":"es"}]}},"_links":{"self":[{"href":"https:\/\/www.clubdelemprendimiento.com\/blog\/wp-json\/wp\/v2\/noticia-corporativa\/19833"}],"collection":[{"href":"https:\/\/www.clubdelemprendimiento.com\/blog\/wp-json\/wp\/v2\/noticia-corporativa"}],"about":[{"href":"https:\/\/www.clubdelemprendimiento.com\/blog\/wp-json\/wp\/v2\/types\/noticia-corporativa"}],"wp:featuredmedia":[{"embeddable":true,"href":"https:\/\/www.clubdelemprendimiento.com\/blog\/wp-json\/wp\/v2\/media\/19834"}],"wp:attachment":[{"href":"https:\/\/www.clubdelemprendimiento.com\/blog\/wp-json\/wp\/v2\/media?parent=19833"}],"curies":[{"name":"wp","href":"https:\/\/api.w.org\/{rel}","templated":true}]}}