{"id":19823,"date":"2025-07-08T09:05:05","date_gmt":"2025-07-08T09:05:05","guid":{"rendered":"https:\/\/www.clubdelemprendimiento.com\/blog\/noticia-corporativa\/cedered-celebra-el-iii-encuentro-de-auditores-de-cuentas-y-directores-financieros-de-castilla-y-leon\/"},"modified":"2025-07-08T09:05:05","modified_gmt":"2025-07-08T09:05:05","slug":"cedered-celebra-el-iii-encuentro-de-auditores-de-cuentas-y-directores-financieros-de-castilla-y-leon","status":"publish","type":"noticia-corporativa","link":"https:\/\/www.clubdelemprendimiento.com\/blog\/noticia-corporativa\/cedered-celebra-el-iii-encuentro-de-auditores-de-cuentas-y-directores-financieros-de-castilla-y-leon\/","title":{"rendered":"Cedered celebra el III Encuentro de Auditores de Cuentas y Directores Financieros de Castilla y Le\u00f3n"},"content":{"rendered":"<div>\n<p><a href=\"https:\/\/www.clubdelemprendimiento.com\/blog\/wp-content\/uploads\/2025\/07\/Encuentro_Audotires_y_Directores_Financieros_Cedered_CyL_jun2025_v2.jpeg\" target=\"_blank\" class=\"fotonota\" rel=\"noopener\"> <img decoding=\"async\" src=\"https:\/\/www.clubdelemprendimiento.com\/blog\/wp-content\/uploads\/2025\/07\/Encuentro_Audotires_y_Directores_Financieros_Cedered_CyL_jun2025_v2.jpeg\" style=\"max-width:600px;\" border=\"0\" class=\"postImage\" alt=\"\"><\/a><\/p>\n<p>Con la participaci\u00f3n de m\u00e1s de 80 profesionales de empresas y firmas auditoras m\u00e1s destacadas de la regi\u00f3n<\/p>\n<p><\/p>\n<p>M\u00e1s de 80 profesionales y directivos se reunieron en el III Encuentro de Auditores de Cuentas y de Directores Financieros de Castilla y Le\u00f3n, organizado por la Agrupaci\u00f3n 6\u00aa Castilla y Le\u00f3n del Instituto de Censores Jurados de Cuentas de Espa\u00f1a (<a href=\"https:\/\/www.icjce.es\/\" target=\"_blank\" rel=\"nofollow noopener\">ICJCE<\/a>) y la Red de Directores Financieros de Castilla y Le\u00f3n, que coordina\u00a0<a href=\"https:\/\/cedered.es\/\" target=\"_blank\" rel=\"nofollow noopener\">Cedered<\/a>.<\/p>\n<p>Rodrigo Cabrejas, presidente de la citada agrupaci\u00f3n se\u00f1al\u00f3:\u00a0<strong>\u00abla auditor\u00eda de cuentas es un instrumento imprescindible para dar confianza a las transacciones econ\u00f3micas y representa una garant\u00eda para los grupos de inter\u00e9s que operan en el tr\u00e1fico econ\u00f3mico: empresas, accionistas, entidades financieras, administraci\u00f3n p\u00fablica, empleados, entre otros. Y, no solo eso, sino que tambi\u00e9n juega un papel determinante en la salud de las empresas, alertando de riesgos y oportunidades. Por esto, la actual propuesta del Ministerio de Econom\u00eda de elevar los l\u00edmites de las auditor\u00edas obligatorias generar\u00eda un efecto negativo en la confianza y transparencia del tejido empresarial espa\u00f1ol, donde existen muchas m\u00e1s pymes que en otros pa\u00edses (dejar\u00edan de auditarse cerca de 4.000 empresas), y mermar\u00eda la recaudaci\u00f3n fiscal al generar un incremento de la econom\u00eda sumergida\u00bb<\/strong>.<\/p>\n<p>Adem\u00e1s, Cabrejas defendi\u00f3 que no debe percibirse la auditor\u00eda como una carga administrativa y pues en una pyme es un proceso ventajoso y prepara y ayuda a la entidad a su crecimiento y rentabilidad: \u00ab<strong>la auditor\u00eda da confianza a terceros y facilita el acceso a los mercados, la internacionalizaci\u00f3n, el acceso a financiaci\u00f3n, as\u00ed como la captaci\u00f3n de empleo, y esto ayuda al crecimiento de la facturaci\u00f3n y de la compa\u00f1\u00eda. Y tambi\u00e9n obliga a la pyme a prepararse y mejorar los controles para poder ser sometida a auditor\u00eda y, por tanto, ayuda a mejorar sus sistemas de control interno, lo que acaba redundando en mejora de la eficiencia, en ahorro de costes y, en definitiva, en incremento de su rentabilidad<\/strong>\u00ab.<\/p>\n<p><strong>\u00c9tica y sostenibilidad empresarial<\/strong><br \/>\nLa jornada se inici\u00f3 con una ponencia a cargo de Javier L\u00f3pez-Galiacho, director de Cumplimiento y Sostenibilidad del Grupo FCC y acad\u00e9mico de n\u00famero de la Real Academia Europea de Doctores, con el t\u00edtulo La \u00e9tica y la sostenibilidad empresarial: de los cuentos a las cuentas, en la que ofreci\u00f3 su visi\u00f3n y reflexiones sobre c\u00f3mo, en los 20 \u00faltimos a\u00f1os, la sostenibilidad y la \u00e9tica empresarial han pasado de lo puramente voluntario a lo legal y obligatorio, es decir, han pasado de los cuentos a las cuentas, del contar historias a ser estrategia empresarial, motivo por el que velar por la integridad, la responsabilidad y la transparencia de las organizaciones y por la sostenibilidad debe ser tarea fundamental de sus \u00f3rganos de gobierno.<\/p>\n<p><strong>\u00abLa sostenibilidad, la \u00e9tica o integridad empresarial, ni es comunicaci\u00f3n, ni relaci\u00f3n institucional, y, mucho menos, puras finanzas o relaci\u00f3n con inversores. Es pura estrategia empresarial y, por tanto, competencia de los \u00f3rganos de gobierno de las organizaciones, que deben supervisar y delegar su ejecuci\u00f3n correcta entre quien re\u00fana m\u00e9rito y capacidad\u00bb<\/strong>, explic\u00f3.<\/p>\n<p><strong>Reconocimientos<\/strong><br \/>\nTras la ponencia y debate posterior, se entregaron reconocimientos de ambas entidades. Por parte de la Red de Directivos Financieros de Cedered, a Jos\u00e9 Luis G\u00f3mez Marcos, por su destacada colaboraci\u00f3n con la Red desde el inicio de la misma, hace m\u00e1s de 25 a\u00f1os, participando activamente en las iniciativas de esta Red directiva y siendo un referente profesional para sus integrantes, as\u00ed como su disposici\u00f3n para ayudar a sus miembros. Por parte de la Agrupaci\u00f3n de Auditores, a Mariano Gonz\u00e1lez Aparicio, por su dilatada trayectoria en la actividad auditora y por su compromiso en su etapa como presidente de la Agrupaci\u00f3n en la defensa y promoci\u00f3n en Castilla y Le\u00f3n de la relevancia del papel del auditor, as\u00ed como en reconocimiento y agradecimiento a su labor de revitalizaci\u00f3n y dinamizaci\u00f3n de las actividades de la Agrupaci\u00f3n.<\/p>\n<p>Tambi\u00e9n se entregaron los reconocimientos de bienvenida a los miembros incorporados recientemente en la Agrupaci\u00f3n de Auditores, que representan a las nuevas generaciones que van tomando el testigo de las funciones auditoras en Castilla y Le\u00f3n.<\/p>\n<p>Jos\u00e9 Mar\u00eda L\u00f3pez Rodr\u00edguez, CEO de Cedered y Chairman de la Red de Directivos Financieros, coment\u00f3:\u00a0<strong>\u00abha sido una jornada extraordinaria, contando con un ponente y asistentes de primer nivel. Emotiva en los reconocimientos realizados. T\u00e9cnicamente muy completa y clara en la ponencia. Y un ejemplo del\u00a0<em>networking<\/em>\u00a0de alto nivel que fomentamos desde la Red de Directores Financieros de Cedered, desde la cercan\u00eda y practicidad, que son el sello de la casa. Una Red que aglutina empresas que ya suman cerca de 10.000 trabajadores y 2.000 millones de facturaci\u00f3n, dentro de la regi\u00f3n. Una Red que hoy sigue muy viva, y creciendo, con nuevas incorporaciones que puedan continuar con el testigo de sus fundadores\u00bb<\/strong>.<\/p>\n<p>\u00ab<strong>Ha resultado un aut\u00e9ntico regalo contar con un ponente extraordinario, de amplia carrera profesional en la rama financiera, destacando la importancia del concepto de humanismo capitalista: ganar dinero s\u00ed, pero haci\u00e9ndolo muy bien. Al igual que compartiendo unas palabras de una sabia mujer que ante imprevistos y dificultades que surgen y surgir\u00e1n en nuestra vida siempre le anim\u00f3\u00a0adelante, Javier, siempre adelante\u00bb<\/strong>, coment\u00f3 L\u00f3pez Rodr\u00edguez.<\/p>\n<\/div>\n","protected":false},"featured_media":19824,"template":"","meta":{"_acf_changed":false},"acf":[],"yoast_head":"<!-- This site is optimized with the Yoast SEO plugin v22.7 - https:\/\/yoast.com\/wordpress\/plugins\/seo\/ -->\n<title>Cedered celebra el III Encuentro de Auditores de Cuentas y Directores Financieros de Castilla y Le\u00f3n - Blog Club del Emprendimiento<\/title>\n<meta name=\"robots\" content=\"index, follow, max-snippet:-1, max-image-preview:large, max-video-preview:-1\" \/>\n<link rel=\"canonical\" href=\"https:\/\/www.clubdelemprendimiento.com\/blog\/noticia-corporativa\/cedered-celebra-el-iii-encuentro-de-auditores-de-cuentas-y-directores-financieros-de-castilla-y-leon\/\" \/>\n<meta property=\"og:locale\" content=\"es_ES\" \/>\n<meta property=\"og:type\" content=\"article\" \/>\n<meta property=\"og:title\" content=\"Cedered celebra el III Encuentro de Auditores de Cuentas y Directores Financieros de Castilla y Le\u00f3n - Blog Club del Emprendimiento\" \/>\n<meta property=\"og:description\" content=\"Con la participaci\u00f3n de m\u00e1s de 80 profesionales de empresas y firmas auditoras m\u00e1s&hellip;\" \/>\n<meta property=\"og:url\" content=\"https:\/\/www.clubdelemprendimiento.com\/blog\/noticia-corporativa\/cedered-celebra-el-iii-encuentro-de-auditores-de-cuentas-y-directores-financieros-de-castilla-y-leon\/\" \/>\n<meta property=\"og:site_name\" content=\"Blog Club del Emprendimiento\" \/>\n<meta property=\"og:image\" content=\"https:\/\/www.clubdelemprendimiento.com\/blog\/wp-content\/uploads\/2025\/07\/Encuentro_Audotires_y_Directores_Financieros_Cedered_CyL_jun2025_v2.jpeg\" \/>\n<meta name=\"twitter:card\" content=\"summary_large_image\" \/>\n<meta name=\"twitter:label1\" content=\"Tiempo de lectura\" \/>\n\t<meta name=\"twitter:data1\" content=\"5 minutos\" \/>\n<script type=\"application\/ld+json\" class=\"yoast-schema-graph\">{\"@context\":\"https:\/\/schema.org\",\"@graph\":[{\"@type\":\"WebPage\",\"@id\":\"https:\/\/www.clubdelemprendimiento.com\/blog\/noticia-corporativa\/cedered-celebra-el-iii-encuentro-de-auditores-de-cuentas-y-directores-financieros-de-castilla-y-leon\/\",\"url\":\"https:\/\/www.clubdelemprendimiento.com\/blog\/noticia-corporativa\/cedered-celebra-el-iii-encuentro-de-auditores-de-cuentas-y-directores-financieros-de-castilla-y-leon\/\",\"name\":\"Cedered celebra el III Encuentro de Auditores de Cuentas y Directores Financieros de Castilla y Le\u00f3n - Blog Club del Emprendimiento\",\"isPartOf\":{\"@id\":\"https:\/\/www.clubdelemprendimiento.com\/blog\/#website\"},\"primaryImageOfPage\":{\"@id\":\"https:\/\/www.clubdelemprendimiento.com\/blog\/noticia-corporativa\/cedered-celebra-el-iii-encuentro-de-auditores-de-cuentas-y-directores-financieros-de-castilla-y-leon\/#primaryimage\"},\"image\":{\"@id\":\"https:\/\/www.clubdelemprendimiento.com\/blog\/noticia-corporativa\/cedered-celebra-el-iii-encuentro-de-auditores-de-cuentas-y-directores-financieros-de-castilla-y-leon\/#primaryimage\"},\"thumbnailUrl\":\"https:\/\/www.clubdelemprendimiento.com\/blog\/wp-content\/uploads\/2025\/07\/Encuentro_Audotires_y_Directores_Financieros_Cedered_CyL_jun2025_v2-scaled.jpeg\",\"datePublished\":\"2025-07-08T09:05:05+00:00\",\"dateModified\":\"2025-07-08T09:05:05+00:00\",\"breadcrumb\":{\"@id\":\"https:\/\/www.clubdelemprendimiento.com\/blog\/noticia-corporativa\/cedered-celebra-el-iii-encuentro-de-auditores-de-cuentas-y-directores-financieros-de-castilla-y-leon\/#breadcrumb\"},\"inLanguage\":\"es\",\"potentialAction\":[{\"@type\":\"ReadAction\",\"target\":[\"https:\/\/www.clubdelemprendimiento.com\/blog\/noticia-corporativa\/cedered-celebra-el-iii-encuentro-de-auditores-de-cuentas-y-directores-financieros-de-castilla-y-leon\/\"]}]},{\"@type\":\"ImageObject\",\"inLanguage\":\"es\",\"@id\":\"https:\/\/www.clubdelemprendimiento.com\/blog\/noticia-corporativa\/cedered-celebra-el-iii-encuentro-de-auditores-de-cuentas-y-directores-financieros-de-castilla-y-leon\/#primaryimage\",\"url\":\"https:\/\/www.clubdelemprendimiento.com\/blog\/wp-content\/uploads\/2025\/07\/Encuentro_Audotires_y_Directores_Financieros_Cedered_CyL_jun2025_v2-scaled.jpeg\",\"contentUrl\":\"https:\/\/www.clubdelemprendimiento.com\/blog\/wp-content\/uploads\/2025\/07\/Encuentro_Audotires_y_Directores_Financieros_Cedered_CyL_jun2025_v2-scaled.jpeg\",\"width\":2560,\"height\":1443},{\"@type\":\"BreadcrumbList\",\"@id\":\"https:\/\/www.clubdelemprendimiento.com\/blog\/noticia-corporativa\/cedered-celebra-el-iii-encuentro-de-auditores-de-cuentas-y-directores-financieros-de-castilla-y-leon\/#breadcrumb\",\"itemListElement\":[{\"@type\":\"ListItem\",\"position\":1,\"name\":\"Home\",\"item\":\"https:\/\/www.clubdelemprendimiento.com\/blog\/\"},{\"@type\":\"ListItem\",\"position\":2,\"name\":\"Noticias Corporativas\",\"item\":\"https:\/\/www.clubdelemprendimiento.com\/blog\/noticias-corporativas\/\"},{\"@type\":\"ListItem\",\"position\":3,\"name\":\"Cedered celebra el III Encuentro de Auditores de Cuentas y Directores Financieros de Castilla y Le\u00f3n\"}]},{\"@type\":\"WebSite\",\"@id\":\"https:\/\/www.clubdelemprendimiento.com\/blog\/#website\",\"url\":\"https:\/\/www.clubdelemprendimiento.com\/blog\/\",\"name\":\"Blog Club del Emprendimiento\",\"description\":\"\",\"potentialAction\":[{\"@type\":\"SearchAction\",\"target\":{\"@type\":\"EntryPoint\",\"urlTemplate\":\"https:\/\/www.clubdelemprendimiento.com\/blog\/?s={search_term_string}\"},\"query-input\":\"required name=search_term_string\"}],\"inLanguage\":\"es\"}]}<\/script>\n<!-- \/ Yoast SEO plugin. -->","yoast_head_json":{"title":"Cedered celebra el III Encuentro de Auditores de Cuentas y Directores Financieros de Castilla y Le\u00f3n - Blog Club del Emprendimiento","robots":{"index":"index","follow":"follow","max-snippet":"max-snippet:-1","max-image-preview":"max-image-preview:large","max-video-preview":"max-video-preview:-1"},"canonical":"https:\/\/www.clubdelemprendimiento.com\/blog\/noticia-corporativa\/cedered-celebra-el-iii-encuentro-de-auditores-de-cuentas-y-directores-financieros-de-castilla-y-leon\/","og_locale":"es_ES","og_type":"article","og_title":"Cedered celebra el III Encuentro de Auditores de Cuentas y Directores Financieros de Castilla y Le\u00f3n - Blog Club del Emprendimiento","og_description":"Con la participaci\u00f3n de m\u00e1s de 80 profesionales de empresas y firmas auditoras m\u00e1s&hellip;","og_url":"https:\/\/www.clubdelemprendimiento.com\/blog\/noticia-corporativa\/cedered-celebra-el-iii-encuentro-de-auditores-de-cuentas-y-directores-financieros-de-castilla-y-leon\/","og_site_name":"Blog Club del Emprendimiento","og_image":[{"url":"https:\/\/www.clubdelemprendimiento.com\/blog\/wp-content\/uploads\/2025\/07\/Encuentro_Audotires_y_Directores_Financieros_Cedered_CyL_jun2025_v2.jpeg"}],"twitter_card":"summary_large_image","twitter_misc":{"Tiempo de lectura":"5 minutos"},"schema":{"@context":"https:\/\/schema.org","@graph":[{"@type":"WebPage","@id":"https:\/\/www.clubdelemprendimiento.com\/blog\/noticia-corporativa\/cedered-celebra-el-iii-encuentro-de-auditores-de-cuentas-y-directores-financieros-de-castilla-y-leon\/","url":"https:\/\/www.clubdelemprendimiento.com\/blog\/noticia-corporativa\/cedered-celebra-el-iii-encuentro-de-auditores-de-cuentas-y-directores-financieros-de-castilla-y-leon\/","name":"Cedered celebra el III Encuentro de Auditores de Cuentas y Directores Financieros de Castilla y Le\u00f3n - Blog Club del Emprendimiento","isPartOf":{"@id":"https:\/\/www.clubdelemprendimiento.com\/blog\/#website"},"primaryImageOfPage":{"@id":"https:\/\/www.clubdelemprendimiento.com\/blog\/noticia-corporativa\/cedered-celebra-el-iii-encuentro-de-auditores-de-cuentas-y-directores-financieros-de-castilla-y-leon\/#primaryimage"},"image":{"@id":"https:\/\/www.clubdelemprendimiento.com\/blog\/noticia-corporativa\/cedered-celebra-el-iii-encuentro-de-auditores-de-cuentas-y-directores-financieros-de-castilla-y-leon\/#primaryimage"},"thumbnailUrl":"https:\/\/www.clubdelemprendimiento.com\/blog\/wp-content\/uploads\/2025\/07\/Encuentro_Audotires_y_Directores_Financieros_Cedered_CyL_jun2025_v2-scaled.jpeg","datePublished":"2025-07-08T09:05:05+00:00","dateModified":"2025-07-08T09:05:05+00:00","breadcrumb":{"@id":"https:\/\/www.clubdelemprendimiento.com\/blog\/noticia-corporativa\/cedered-celebra-el-iii-encuentro-de-auditores-de-cuentas-y-directores-financieros-de-castilla-y-leon\/#breadcrumb"},"inLanguage":"es","potentialAction":[{"@type":"ReadAction","target":["https:\/\/www.clubdelemprendimiento.com\/blog\/noticia-corporativa\/cedered-celebra-el-iii-encuentro-de-auditores-de-cuentas-y-directores-financieros-de-castilla-y-leon\/"]}]},{"@type":"ImageObject","inLanguage":"es","@id":"https:\/\/www.clubdelemprendimiento.com\/blog\/noticia-corporativa\/cedered-celebra-el-iii-encuentro-de-auditores-de-cuentas-y-directores-financieros-de-castilla-y-leon\/#primaryimage","url":"https:\/\/www.clubdelemprendimiento.com\/blog\/wp-content\/uploads\/2025\/07\/Encuentro_Audotires_y_Directores_Financieros_Cedered_CyL_jun2025_v2-scaled.jpeg","contentUrl":"https:\/\/www.clubdelemprendimiento.com\/blog\/wp-content\/uploads\/2025\/07\/Encuentro_Audotires_y_Directores_Financieros_Cedered_CyL_jun2025_v2-scaled.jpeg","width":2560,"height":1443},{"@type":"BreadcrumbList","@id":"https:\/\/www.clubdelemprendimiento.com\/blog\/noticia-corporativa\/cedered-celebra-el-iii-encuentro-de-auditores-de-cuentas-y-directores-financieros-de-castilla-y-leon\/#breadcrumb","itemListElement":[{"@type":"ListItem","position":1,"name":"Home","item":"https:\/\/www.clubdelemprendimiento.com\/blog\/"},{"@type":"ListItem","position":2,"name":"Noticias Corporativas","item":"https:\/\/www.clubdelemprendimiento.com\/blog\/noticias-corporativas\/"},{"@type":"ListItem","position":3,"name":"Cedered celebra el III Encuentro de Auditores de Cuentas y Directores Financieros de Castilla y Le\u00f3n"}]},{"@type":"WebSite","@id":"https:\/\/www.clubdelemprendimiento.com\/blog\/#website","url":"https:\/\/www.clubdelemprendimiento.com\/blog\/","name":"Blog Club del Emprendimiento","description":"","potentialAction":[{"@type":"SearchAction","target":{"@type":"EntryPoint","urlTemplate":"https:\/\/www.clubdelemprendimiento.com\/blog\/?s={search_term_string}"},"query-input":"required name=search_term_string"}],"inLanguage":"es"}]}},"_links":{"self":[{"href":"https:\/\/www.clubdelemprendimiento.com\/blog\/wp-json\/wp\/v2\/noticia-corporativa\/19823"}],"collection":[{"href":"https:\/\/www.clubdelemprendimiento.com\/blog\/wp-json\/wp\/v2\/noticia-corporativa"}],"about":[{"href":"https:\/\/www.clubdelemprendimiento.com\/blog\/wp-json\/wp\/v2\/types\/noticia-corporativa"}],"wp:featuredmedia":[{"embeddable":true,"href":"https:\/\/www.clubdelemprendimiento.com\/blog\/wp-json\/wp\/v2\/media\/19824"}],"wp:attachment":[{"href":"https:\/\/www.clubdelemprendimiento.com\/blog\/wp-json\/wp\/v2\/media?parent=19823"}],"curies":[{"name":"wp","href":"https:\/\/api.w.org\/{rel}","templated":true}]}}