{"id":19807,"date":"2025-07-07T13:05:14","date_gmt":"2025-07-07T13:05:14","guid":{"rendered":"https:\/\/www.clubdelemprendimiento.com\/blog\/noticia-corporativa\/educa-edtech-group-llevara-su-tecnologia-educativa-a-instituciones-con-el-apoyo-de-la-comunidad-de-madrid\/"},"modified":"2025-07-07T13:05:14","modified_gmt":"2025-07-07T13:05:14","slug":"educa-edtech-group-llevara-su-tecnologia-educativa-a-instituciones-con-el-apoyo-de-la-comunidad-de-madrid","status":"publish","type":"noticia-corporativa","link":"https:\/\/www.clubdelemprendimiento.com\/blog\/noticia-corporativa\/educa-edtech-group-llevara-su-tecnologia-educativa-a-instituciones-con-el-apoyo-de-la-comunidad-de-madrid\/","title":{"rendered":"EDUCA EDTECH Group llevar\u00e1 su tecnolog\u00eda educativa a instituciones con el apoyo de la Comunidad de Madrid"},"content":{"rendered":"<div>\n<p><a href=\"https:\/\/www.clubdelemprendimiento.com\/blog\/wp-content\/uploads\/2025\/07\/Educa-pro-comunidad-madrid.jpg\" target=\"_blank\" class=\"fotonota\" rel=\"noopener\"> <img decoding=\"async\" src=\"https:\/\/www.clubdelemprendimiento.com\/blog\/wp-content\/uploads\/2025\/07\/Educa-pro-comunidad-madrid.jpg\" style=\"max-width:600px;\" border=\"0\" class=\"postImage\" alt=\"\"><\/a><\/p>\n<p>La alianza refuerza el compromiso del grupo con la educaci\u00f3n accesible, innovadora y de calidad en colaboraci\u00f3n con las instituciones p\u00fablicas<\/p>\n<p><\/p>\n<p><strong><a href=\"https:\/\/educaedtech.com\/\" rel=\"nofollow\">EDUCA EDTECH Group<\/a><\/strong>, l\u00edder en formaci\u00f3n online y tecnolog\u00eda educativa en Espa\u00f1a y Am\u00e9rica Latina, ha formalizado un <strong>convenio de colaboraci\u00f3n con la Comunidad de Madrid<\/strong>, en el marco del impulso institucional a la digitalizaci\u00f3n y la mejora de las competencias profesionales a trav\u00e9s de la educaci\u00f3n online, y que tendr\u00e1 en su plataforma <strong><a href=\"https:\/\/educa.pro\/\" rel=\"nofollow\">Educa Pro<\/a><\/strong> su epicentro digital. \u00a0<\/p>\n<p>El convenio, que ha sido tramitado bajo los principios de transparencia y ausencia de conflicto de inter\u00e9s seg\u00fan la normativa vigente (Orden HFP 1030\/2021 y Ley 9\/2017), representa un paso m\u00e1s en el posicionamiento de <strong>Grupo\u00a0EDUCA EDTECH<\/strong> como un actor estrat\u00e9gico en el ecosistema educativo p\u00fablico-privado. A trav\u00e9s de esta alianza, el grupo contribuir\u00e1 con su <strong>experiencia tecnol\u00f3gica y pedag\u00f3gica<\/strong> al dise\u00f1o y ejecuci\u00f3n de programas formativos alineados con las prioridades digitales de la regi\u00f3n.\u00a0<\/p>\n<p>\u00abEste acuerdo es mucho m\u00e1s que un tr\u00e1mite administrativo. Es un reconocimiento a la\u00a0capacidad para ofrecer soluciones educativas innovadoras, eficaces y adaptadas a los retos del presente\u00bb, afirma Rafael Garc\u00eda-Parrado, CEO de EDUCA EDTECH Group. \u00abPara EDUCA EDTECH Group, colaborar con la administraci\u00f3n p\u00fablica es una oportunidad para amplificar el prop\u00f3sito que perseguimos: facilitar el acceso a la educaci\u00f3n de calidad apoy\u00e1ndonos en la mejor tecnolog\u00eda disponible\u00bb.\u00a0<\/p>\n<p>Con <strong>m\u00e1s de 20 a\u00f1os de experiencia<\/strong>, EDUCA EDTECH Group cuenta con un <strong>ecosistema formativo \u00fanico<\/strong>, que integra <strong>16 instituciones educativas<\/strong>, <strong>m\u00e1s de un mill\u00f3n de estudiantes <\/strong>formados, <strong>50 millones de usuarios <\/strong>\u00fanicos y una metodolog\u00eda propia basada en inteligencia artificial: <strong><a href=\"https:\/\/educaedtech.com\/educa-lxp\/\" rel=\"nofollow\">EDUCA LXP.<\/a><\/strong> Esta alianza permitir\u00e1 poner ese conocimiento al servicio de las pol\u00edticas p\u00fablicas orientadas a la mejora del capital humano en la <strong>Comunidad de Madrid.<\/strong>\u00a0<\/p>\n<p><strong>La soluci\u00f3n integral de formaci\u00f3n para empresas e instituciones educativas\u00a0<\/strong><br \/>\nEn concreto, la formaci\u00f3n tendr\u00e1 lugar en la <strong>plataforma Educa Pro<\/strong>, la soluci\u00f3n formativa de EDUCA EDTECH Group <strong>orientada a empresas y universidades<\/strong>, dise\u00f1ada para facilitar el aprendizaje continuo, personalizado y con prop\u00f3sito. Esta plataforma Integra <strong>Inteligencia Artificial <\/strong>para tutorizaci\u00f3n, evaluaci\u00f3n y generaci\u00f3n de contenidos adaptados a las necesidades espec\u00edficas de cada organizaci\u00f3n. Su objetivo principal es ayudar a retener y potenciar el talento interno, unificando la gesti\u00f3n del conocimiento en una \u00fanica plataforma tecnol\u00f3gica avanzada.\u00a0<\/p>\n<p>\u00abEl saber no necesita lugar, pero s\u00ed necesita compromiso. Y este convenio es un ejemplo de c\u00f3mo el sector p\u00fablico y el privado pueden caminar juntos hacia una sociedad m\u00e1s preparada, m\u00e1s conectada y con m\u00e1s oportunidades para todos\u00bb, subraya Garc\u00eda-Parrado.\u00a0<\/p>\n<p><strong>Innovaci\u00f3n educativa para la transformaci\u00f3n laboral\u00a0<\/strong><br \/>\nEl acuerdo contempla la colaboraci\u00f3n en iniciativas formativas, asesoramiento especializado, desarrollo de contenidos y transferencia de tecnolog\u00eda educativa. Adem\u00e1s, supone un avance significativo en la consolidaci\u00f3n de <strong>EDUCA EDTECH como referente en innovaci\u00f3n educativa a nivel institucional.\u00a0<\/strong><\/p>\n<p>Desde el grupo, se destaca tambi\u00e9n la importancia de este tipo de acuerdos para abrir nuevas v\u00edas de crecimiento sostenible, especialmente en \u00e1reas clave como la <strong>empleabilidad<\/strong>, la <strong>transformaci\u00f3n digital<\/strong> de las organizaciones y el acceso inclusivo a la <strong>educaci\u00f3n online<\/strong> de calidad.\u00a0<\/p>\n<p>Este nuevo hito refuerza la visi\u00f3n de EDUCA EDTECH Group como socio estrat\u00e9gico para administraciones, universidades y empresas, y se enmarca en una hoja de ruta ambiciosa que contempla la expansi\u00f3n internacional, el desarrollo de nuevas soluciones tecnol\u00f3gicas (como la <strong>plataforma MyLXP<\/strong>) y el lanzamiento de nuevas instituciones educativas especializadas.\u00a0<\/p>\n<\/div>\n","protected":false},"featured_media":19808,"template":"","meta":{"_acf_changed":false},"acf":[],"yoast_head":"<!-- This site is optimized with the Yoast SEO plugin v22.7 - https:\/\/yoast.com\/wordpress\/plugins\/seo\/ -->\n<title>EDUCA EDTECH Group llevar\u00e1 su tecnolog\u00eda educativa a instituciones con el apoyo de la Comunidad de Madrid - Blog Club del Emprendimiento<\/title>\n<meta name=\"robots\" content=\"index, follow, max-snippet:-1, max-image-preview:large, max-video-preview:-1\" \/>\n<link rel=\"canonical\" href=\"https:\/\/www.clubdelemprendimiento.com\/blog\/noticia-corporativa\/educa-edtech-group-llevara-su-tecnologia-educativa-a-instituciones-con-el-apoyo-de-la-comunidad-de-madrid\/\" \/>\n<meta property=\"og:locale\" content=\"es_ES\" \/>\n<meta property=\"og:type\" content=\"article\" \/>\n<meta property=\"og:title\" content=\"EDUCA EDTECH Group llevar\u00e1 su tecnolog\u00eda educativa a instituciones con el apoyo de la Comunidad de Madrid - Blog Club del Emprendimiento\" \/>\n<meta property=\"og:description\" content=\"La alianza refuerza el compromiso del grupo con la educaci\u00f3n accesible, innovadora y de&hellip;\" \/>\n<meta property=\"og:url\" content=\"https:\/\/www.clubdelemprendimiento.com\/blog\/noticia-corporativa\/educa-edtech-group-llevara-su-tecnologia-educativa-a-instituciones-con-el-apoyo-de-la-comunidad-de-madrid\/\" \/>\n<meta property=\"og:site_name\" content=\"Blog Club del Emprendimiento\" \/>\n<meta property=\"og:image\" content=\"https:\/\/www.clubdelemprendimiento.com\/blog\/wp-content\/uploads\/2025\/07\/Educa-pro-comunidad-madrid.jpg\" \/>\n<meta name=\"twitter:card\" content=\"summary_large_image\" \/>\n<meta name=\"twitter:label1\" content=\"Tiempo de lectura\" \/>\n\t<meta name=\"twitter:data1\" content=\"3 minutos\" \/>\n<script type=\"application\/ld+json\" class=\"yoast-schema-graph\">{\"@context\":\"https:\/\/schema.org\",\"@graph\":[{\"@type\":\"WebPage\",\"@id\":\"https:\/\/www.clubdelemprendimiento.com\/blog\/noticia-corporativa\/educa-edtech-group-llevara-su-tecnologia-educativa-a-instituciones-con-el-apoyo-de-la-comunidad-de-madrid\/\",\"url\":\"https:\/\/www.clubdelemprendimiento.com\/blog\/noticia-corporativa\/educa-edtech-group-llevara-su-tecnologia-educativa-a-instituciones-con-el-apoyo-de-la-comunidad-de-madrid\/\",\"name\":\"EDUCA EDTECH Group llevar\u00e1 su tecnolog\u00eda educativa a instituciones con el apoyo de la Comunidad de Madrid - Blog Club del Emprendimiento\",\"isPartOf\":{\"@id\":\"https:\/\/www.clubdelemprendimiento.com\/blog\/#website\"},\"primaryImageOfPage\":{\"@id\":\"https:\/\/www.clubdelemprendimiento.com\/blog\/noticia-corporativa\/educa-edtech-group-llevara-su-tecnologia-educativa-a-instituciones-con-el-apoyo-de-la-comunidad-de-madrid\/#primaryimage\"},\"image\":{\"@id\":\"https:\/\/www.clubdelemprendimiento.com\/blog\/noticia-corporativa\/educa-edtech-group-llevara-su-tecnologia-educativa-a-instituciones-con-el-apoyo-de-la-comunidad-de-madrid\/#primaryimage\"},\"thumbnailUrl\":\"https:\/\/www.clubdelemprendimiento.com\/blog\/wp-content\/uploads\/2025\/07\/Educa-pro-comunidad-madrid.jpg\",\"datePublished\":\"2025-07-07T13:05:14+00:00\",\"dateModified\":\"2025-07-07T13:05:14+00:00\",\"breadcrumb\":{\"@id\":\"https:\/\/www.clubdelemprendimiento.com\/blog\/noticia-corporativa\/educa-edtech-group-llevara-su-tecnologia-educativa-a-instituciones-con-el-apoyo-de-la-comunidad-de-madrid\/#breadcrumb\"},\"inLanguage\":\"es\",\"potentialAction\":[{\"@type\":\"ReadAction\",\"target\":[\"https:\/\/www.clubdelemprendimiento.com\/blog\/noticia-corporativa\/educa-edtech-group-llevara-su-tecnologia-educativa-a-instituciones-con-el-apoyo-de-la-comunidad-de-madrid\/\"]}]},{\"@type\":\"ImageObject\",\"inLanguage\":\"es\",\"@id\":\"https:\/\/www.clubdelemprendimiento.com\/blog\/noticia-corporativa\/educa-edtech-group-llevara-su-tecnologia-educativa-a-instituciones-con-el-apoyo-de-la-comunidad-de-madrid\/#primaryimage\",\"url\":\"https:\/\/www.clubdelemprendimiento.com\/blog\/wp-content\/uploads\/2025\/07\/Educa-pro-comunidad-madrid.jpg\",\"contentUrl\":\"https:\/\/www.clubdelemprendimiento.com\/blog\/wp-content\/uploads\/2025\/07\/Educa-pro-comunidad-madrid.jpg\",\"width\":1920,\"height\":1080},{\"@type\":\"BreadcrumbList\",\"@id\":\"https:\/\/www.clubdelemprendimiento.com\/blog\/noticia-corporativa\/educa-edtech-group-llevara-su-tecnologia-educativa-a-instituciones-con-el-apoyo-de-la-comunidad-de-madrid\/#breadcrumb\",\"itemListElement\":[{\"@type\":\"ListItem\",\"position\":1,\"name\":\"Home\",\"item\":\"https:\/\/www.clubdelemprendimiento.com\/blog\/\"},{\"@type\":\"ListItem\",\"position\":2,\"name\":\"Noticias Corporativas\",\"item\":\"https:\/\/www.clubdelemprendimiento.com\/blog\/noticias-corporativas\/\"},{\"@type\":\"ListItem\",\"position\":3,\"name\":\"EDUCA EDTECH Group llevar\u00e1 su tecnolog\u00eda educativa a instituciones con el apoyo de la Comunidad de Madrid\"}]},{\"@type\":\"WebSite\",\"@id\":\"https:\/\/www.clubdelemprendimiento.com\/blog\/#website\",\"url\":\"https:\/\/www.clubdelemprendimiento.com\/blog\/\",\"name\":\"Blog Club del Emprendimiento\",\"description\":\"\",\"potentialAction\":[{\"@type\":\"SearchAction\",\"target\":{\"@type\":\"EntryPoint\",\"urlTemplate\":\"https:\/\/www.clubdelemprendimiento.com\/blog\/?s={search_term_string}\"},\"query-input\":\"required name=search_term_string\"}],\"inLanguage\":\"es\"}]}<\/script>\n<!-- \/ Yoast SEO plugin. -->","yoast_head_json":{"title":"EDUCA EDTECH Group llevar\u00e1 su tecnolog\u00eda educativa a instituciones con el apoyo de la Comunidad de Madrid - Blog Club del Emprendimiento","robots":{"index":"index","follow":"follow","max-snippet":"max-snippet:-1","max-image-preview":"max-image-preview:large","max-video-preview":"max-video-preview:-1"},"canonical":"https:\/\/www.clubdelemprendimiento.com\/blog\/noticia-corporativa\/educa-edtech-group-llevara-su-tecnologia-educativa-a-instituciones-con-el-apoyo-de-la-comunidad-de-madrid\/","og_locale":"es_ES","og_type":"article","og_title":"EDUCA EDTECH Group llevar\u00e1 su tecnolog\u00eda educativa a instituciones con el apoyo de la Comunidad de Madrid - Blog Club del Emprendimiento","og_description":"La alianza refuerza el compromiso del grupo con la educaci\u00f3n accesible, innovadora y de&hellip;","og_url":"https:\/\/www.clubdelemprendimiento.com\/blog\/noticia-corporativa\/educa-edtech-group-llevara-su-tecnologia-educativa-a-instituciones-con-el-apoyo-de-la-comunidad-de-madrid\/","og_site_name":"Blog Club del Emprendimiento","og_image":[{"url":"https:\/\/www.clubdelemprendimiento.com\/blog\/wp-content\/uploads\/2025\/07\/Educa-pro-comunidad-madrid.jpg"}],"twitter_card":"summary_large_image","twitter_misc":{"Tiempo de lectura":"3 minutos"},"schema":{"@context":"https:\/\/schema.org","@graph":[{"@type":"WebPage","@id":"https:\/\/www.clubdelemprendimiento.com\/blog\/noticia-corporativa\/educa-edtech-group-llevara-su-tecnologia-educativa-a-instituciones-con-el-apoyo-de-la-comunidad-de-madrid\/","url":"https:\/\/www.clubdelemprendimiento.com\/blog\/noticia-corporativa\/educa-edtech-group-llevara-su-tecnologia-educativa-a-instituciones-con-el-apoyo-de-la-comunidad-de-madrid\/","name":"EDUCA EDTECH Group llevar\u00e1 su tecnolog\u00eda educativa a instituciones con el apoyo de la Comunidad de Madrid - Blog Club del Emprendimiento","isPartOf":{"@id":"https:\/\/www.clubdelemprendimiento.com\/blog\/#website"},"primaryImageOfPage":{"@id":"https:\/\/www.clubdelemprendimiento.com\/blog\/noticia-corporativa\/educa-edtech-group-llevara-su-tecnologia-educativa-a-instituciones-con-el-apoyo-de-la-comunidad-de-madrid\/#primaryimage"},"image":{"@id":"https:\/\/www.clubdelemprendimiento.com\/blog\/noticia-corporativa\/educa-edtech-group-llevara-su-tecnologia-educativa-a-instituciones-con-el-apoyo-de-la-comunidad-de-madrid\/#primaryimage"},"thumbnailUrl":"https:\/\/www.clubdelemprendimiento.com\/blog\/wp-content\/uploads\/2025\/07\/Educa-pro-comunidad-madrid.jpg","datePublished":"2025-07-07T13:05:14+00:00","dateModified":"2025-07-07T13:05:14+00:00","breadcrumb":{"@id":"https:\/\/www.clubdelemprendimiento.com\/blog\/noticia-corporativa\/educa-edtech-group-llevara-su-tecnologia-educativa-a-instituciones-con-el-apoyo-de-la-comunidad-de-madrid\/#breadcrumb"},"inLanguage":"es","potentialAction":[{"@type":"ReadAction","target":["https:\/\/www.clubdelemprendimiento.com\/blog\/noticia-corporativa\/educa-edtech-group-llevara-su-tecnologia-educativa-a-instituciones-con-el-apoyo-de-la-comunidad-de-madrid\/"]}]},{"@type":"ImageObject","inLanguage":"es","@id":"https:\/\/www.clubdelemprendimiento.com\/blog\/noticia-corporativa\/educa-edtech-group-llevara-su-tecnologia-educativa-a-instituciones-con-el-apoyo-de-la-comunidad-de-madrid\/#primaryimage","url":"https:\/\/www.clubdelemprendimiento.com\/blog\/wp-content\/uploads\/2025\/07\/Educa-pro-comunidad-madrid.jpg","contentUrl":"https:\/\/www.clubdelemprendimiento.com\/blog\/wp-content\/uploads\/2025\/07\/Educa-pro-comunidad-madrid.jpg","width":1920,"height":1080},{"@type":"BreadcrumbList","@id":"https:\/\/www.clubdelemprendimiento.com\/blog\/noticia-corporativa\/educa-edtech-group-llevara-su-tecnologia-educativa-a-instituciones-con-el-apoyo-de-la-comunidad-de-madrid\/#breadcrumb","itemListElement":[{"@type":"ListItem","position":1,"name":"Home","item":"https:\/\/www.clubdelemprendimiento.com\/blog\/"},{"@type":"ListItem","position":2,"name":"Noticias Corporativas","item":"https:\/\/www.clubdelemprendimiento.com\/blog\/noticias-corporativas\/"},{"@type":"ListItem","position":3,"name":"EDUCA EDTECH Group llevar\u00e1 su tecnolog\u00eda educativa a instituciones con el apoyo de la Comunidad de Madrid"}]},{"@type":"WebSite","@id":"https:\/\/www.clubdelemprendimiento.com\/blog\/#website","url":"https:\/\/www.clubdelemprendimiento.com\/blog\/","name":"Blog Club del Emprendimiento","description":"","potentialAction":[{"@type":"SearchAction","target":{"@type":"EntryPoint","urlTemplate":"https:\/\/www.clubdelemprendimiento.com\/blog\/?s={search_term_string}"},"query-input":"required name=search_term_string"}],"inLanguage":"es"}]}},"_links":{"self":[{"href":"https:\/\/www.clubdelemprendimiento.com\/blog\/wp-json\/wp\/v2\/noticia-corporativa\/19807"}],"collection":[{"href":"https:\/\/www.clubdelemprendimiento.com\/blog\/wp-json\/wp\/v2\/noticia-corporativa"}],"about":[{"href":"https:\/\/www.clubdelemprendimiento.com\/blog\/wp-json\/wp\/v2\/types\/noticia-corporativa"}],"wp:featuredmedia":[{"embeddable":true,"href":"https:\/\/www.clubdelemprendimiento.com\/blog\/wp-json\/wp\/v2\/media\/19808"}],"wp:attachment":[{"href":"https:\/\/www.clubdelemprendimiento.com\/blog\/wp-json\/wp\/v2\/media?parent=19807"}],"curies":[{"name":"wp","href":"https:\/\/api.w.org\/{rel}","templated":true}]}}