{"id":19799,"date":"2025-07-07T11:04:33","date_gmt":"2025-07-07T11:04:33","guid":{"rendered":"https:\/\/www.clubdelemprendimiento.com\/blog\/noticia-corporativa\/exito-educativo-refuerza-su-internacionalizacion-con-canal-iberoamerica\/"},"modified":"2025-07-07T11:04:33","modified_gmt":"2025-07-07T11:04:33","slug":"exito-educativo-refuerza-su-internacionalizacion-con-canal-iberoamerica","status":"publish","type":"noticia-corporativa","link":"https:\/\/www.clubdelemprendimiento.com\/blog\/noticia-corporativa\/exito-educativo-refuerza-su-internacionalizacion-con-canal-iberoamerica\/","title":{"rendered":"\u00c9XITO EDUCATIVO refuerza su internacionalizaci\u00f3n con Canal Iberoam\u00e9rica"},"content":{"rendered":"<div>\n<p><a href=\"https:\/\/www.clubdelemprendimiento.com\/blog\/wp-content\/uploads\/2025\/07\/NEWSLETTER_IBEROAMERICA_030725.jpg\" target=\"_blank\" class=\"fotonota\" rel=\"noopener\"> <img decoding=\"async\" src=\"https:\/\/www.clubdelemprendimiento.com\/blog\/wp-content\/uploads\/2025\/07\/NEWSLETTER_IBEROAMERICA_030725.jpg\" style=\"max-width:600px;\" border=\"0\" class=\"postImage\" alt=\"\"><\/a><\/p>\n<p>El canal, dirigido a directivos y profesionales de la educaci\u00f3n en Iberoam\u00e9rica, refuerza el compromiso del medio con la cooperaci\u00f3n educativa en el \u00e1mbito iberoamericano a trav\u00e9s de un bolet\u00edn semanal<\/p>\n<p><\/p>\n<p>En su firme compromiso con la internacionalizaci\u00f3n de la informaci\u00f3n educativa y el fortalecimiento de los lazos entre Espa\u00f1a y Am\u00e9rica Latina, <strong>\u00c9XITO EDUCATIVO<\/strong> ha lanzado Canal Iberoam\u00e9rica, una nueva edici\u00f3n de su <em>newsletter<\/em>, dirigida a directivos, docentes y profesionales del sector educativo del continente americano, busca consolidarse como un canal clave para el intercambio de conocimientos, buenas pr\u00e1cticas e innovaci\u00f3n pedag\u00f3gica a ambos lados del Atl\u00e1ntico.<\/p>\n<p>Desde marzo de 2024, el \u00c9XITO EDUCATIVO ha intensificado su cobertura internacional con la creaci\u00f3n de una secci\u00f3n espec\u00edfica dedicada a Iberoam\u00e9rica, centr\u00e1ndose en contenidos relacionados con la calidad educativa, la gesti\u00f3n escolar, la sostenibilidad y la transformaci\u00f3n pedag\u00f3gica. Esta apuesta informativa se ve reforzada ahora con una edici\u00f3n peri\u00f3dica especialmente pensada para el contexto iberoamericano.<\/p>\n<p>\u00abLa educaci\u00f3n no tiene fronteras, y desde nuestro diario queremos seguir construyendo puentes que permitan a las comunidades educativas iberoamericanas compartir sus avances, retos y experiencias\u00bb, afirma <strong>V\u00edctor N\u00fa\u00f1ez<\/strong>, director del medio y miembro de la Junta Ejecutiva de la <strong>Red Iberoamericana de Educaci\u00f3n y Felicidad (REDIFE).<\/strong><\/p>\n<p>El lanzamiento de este canal viene acompa\u00f1ado de alianzas estrat\u00e9gicas con entidades educativas influyentes en la regi\u00f3n como la <strong>Confederaci\u00f3n Interamericana de Educaci\u00f3n Cat\u00f3lica (CIEC)<\/strong>, el <strong>Consejo Latinoamericano de Escuelas de Administraci\u00f3n (CLADEA)<\/strong>, la <strong>Asociaci\u00f3n Iberoamericana de Formaci\u00f3n y Certificaci\u00f3n (AIFYC)<\/strong>, la <strong>Red Ecuatoriana de Pedagog\u00eda<\/strong> y la <strong>Fundaci\u00f3n Iberoamericana de Educaci\u00f3n (FIbE)<\/strong> y la propia <strong>Red Iberoamericana de Educaci\u00f3n y Felicidad (REDIFE).<\/strong><\/p>\n<p><strong>Respaldo institucional al nuevo canal<\/strong><br \/>\nEl anuncio ha sido recibido con entusiasmo por parte de representantes de importantes instituciones educativas de la regi\u00f3n.<\/p>\n<p>Desde Colombia, sede de la CIEC, su secretario general, <strong>\u00d3scar P\u00e9rez Sayago<\/strong> ha expresado su apoyo al nuevo canal informativo, subrayando la importancia de estar \u00abactualizados a nivel mundial y continental sobre los grandes acontecimientos educativos, de innovaci\u00f3n, liderazgo, marketing y asociaci\u00f3n\u00bb. P\u00e9rez Sayago ha aplaudido la labor de \u00c9XITO EDUCATIVO y su contribuci\u00f3n a la difusi\u00f3n de pr\u00e1cticas relevantes en el \u00e1mbito educativo.<\/p>\n<p>Por su parte, <strong>Gisela Veritier<\/strong>, presidenta electa del Consejo Latinoamericano de Escuelas de Administraci\u00f3n (CLADEA), calific\u00f3 el lanzamiento como \u00abuna gran oportunidad para fortalecer la comunidad hispanohablante y construir juntos una educaci\u00f3n verdaderamente global, inclusiva y transformadora\u00bb. Veritier destaca desde Argentina el papel del bolet\u00edn en visibilizar el trabajo de las universidades iberoamericanas y crear un espacio de encuentro informativo sin fronteras.<\/p>\n<p><strong>Marcela Barbosa<\/strong>, presidenta de REDIFE, ha celebrado la iniciativa destacando su potencial para \u00abseguir uniendo comunidades educativas de nuestra regi\u00f3n, promoviendo eventos culturales y educativos, y lo m\u00e1s importante: salud mental para los miembros de los colegios aliados\u00bb. Adem\u00e1s, confirm\u00f3 la participaci\u00f3n conjunta en el evento &#8216;Expo Educaci\u00f3n y Felicidad&#8217;, que se prev\u00e9 como un punto de encuentro clave entre educadores de Am\u00e9rica y Espa\u00f1a y que se celebrar\u00e1 en septiembre en el Colegio Los Sauces de Torrelodones (Madrid).<\/p>\n<p>Desde M\u00e9xico, <strong>Mart\u00edn Fern\u00e1ndez D\u00edez<\/strong>, presidente de la <strong>Asociaci\u00f3n Iberoamericana de Formaci\u00f3n y Certificaci\u00f3n<\/strong>, ha enviado un mensaje de felicitaci\u00f3n a V\u00edctor N\u00fa\u00f1ez y su equipo, augurando que la nueva edici\u00f3n ser\u00e1 \u00abun referente para estar a la vanguardia en temas y noticias del \u00e1mbito educativo\u00bb.<\/p>\n<p>Tambi\u00e9n <strong>Josu\u00e9 Habacuc<\/strong>, director de la Red Ecuatoriana de Pedagog\u00eda y presidente de la Fundaci\u00f3n Iberoamericana de Educaci\u00f3n dedica unas palabras a este nuevo canal e invita a los lectores a suscribirse de manera gratuita.<\/p>\n<p><strong>Compromiso con la educaci\u00f3n iberoamericana<\/strong><br \/>\nEl equipo de \u00c9XITO EDUCATIVO reafirma su vocaci\u00f3n de servicio al ecosistema educativo iberoamericano y su voluntad de seguir siendo un referente informativo para la regi\u00f3n. La nueva newsletter incluir\u00e1 noticias, entrevistas, art\u00edculos de opini\u00f3n, experiencias de centros escolares, as\u00ed como informaci\u00f3n sobre eventos, programas de formaci\u00f3n y recursos para docentes.<\/p>\n<p>La suscripci\u00f3n a la Edici\u00f3n Iberoam\u00e9rica est\u00e1 abierta y es gratuita. Las personas interesadas pueden registrarse a trav\u00e9s del siguiente formulario en la web de <a href=\"https:\/\/exitoeducativo.net\/suscribete-a-\" rel=\"nofollow\">\u00c9XITO EDUCATIVO<\/a>.<\/p>\n<\/div>\n","protected":false},"featured_media":19800,"template":"","meta":{"_acf_changed":false},"acf":[],"yoast_head":"<!-- This site is optimized with the Yoast SEO plugin v22.7 - https:\/\/yoast.com\/wordpress\/plugins\/seo\/ -->\n<title>\u00c9XITO EDUCATIVO refuerza su internacionalizaci\u00f3n con Canal Iberoam\u00e9rica - Blog Club del Emprendimiento<\/title>\n<meta name=\"robots\" content=\"index, follow, max-snippet:-1, max-image-preview:large, max-video-preview:-1\" \/>\n<link rel=\"canonical\" href=\"https:\/\/www.clubdelemprendimiento.com\/blog\/noticia-corporativa\/exito-educativo-refuerza-su-internacionalizacion-con-canal-iberoamerica\/\" \/>\n<meta property=\"og:locale\" content=\"es_ES\" \/>\n<meta property=\"og:type\" content=\"article\" \/>\n<meta property=\"og:title\" content=\"\u00c9XITO EDUCATIVO refuerza su internacionalizaci\u00f3n con Canal Iberoam\u00e9rica - Blog Club del Emprendimiento\" \/>\n<meta property=\"og:description\" content=\"El canal, dirigido a directivos y profesionales de la educaci\u00f3n en Iberoam\u00e9rica, refuerza el&hellip;\" \/>\n<meta property=\"og:url\" content=\"https:\/\/www.clubdelemprendimiento.com\/blog\/noticia-corporativa\/exito-educativo-refuerza-su-internacionalizacion-con-canal-iberoamerica\/\" \/>\n<meta property=\"og:site_name\" content=\"Blog Club del Emprendimiento\" \/>\n<meta property=\"og:image\" content=\"https:\/\/www.clubdelemprendimiento.com\/blog\/wp-content\/uploads\/2025\/07\/NEWSLETTER_IBEROAMERICA_030725.jpg\" \/>\n<meta name=\"twitter:card\" content=\"summary_large_image\" \/>\n<meta name=\"twitter:label1\" content=\"Tiempo de lectura\" \/>\n\t<meta name=\"twitter:data1\" content=\"4 minutos\" \/>\n<script type=\"application\/ld+json\" class=\"yoast-schema-graph\">{\"@context\":\"https:\/\/schema.org\",\"@graph\":[{\"@type\":\"WebPage\",\"@id\":\"https:\/\/www.clubdelemprendimiento.com\/blog\/noticia-corporativa\/exito-educativo-refuerza-su-internacionalizacion-con-canal-iberoamerica\/\",\"url\":\"https:\/\/www.clubdelemprendimiento.com\/blog\/noticia-corporativa\/exito-educativo-refuerza-su-internacionalizacion-con-canal-iberoamerica\/\",\"name\":\"\u00c9XITO EDUCATIVO refuerza su internacionalizaci\u00f3n con Canal Iberoam\u00e9rica - Blog Club del Emprendimiento\",\"isPartOf\":{\"@id\":\"https:\/\/www.clubdelemprendimiento.com\/blog\/#website\"},\"primaryImageOfPage\":{\"@id\":\"https:\/\/www.clubdelemprendimiento.com\/blog\/noticia-corporativa\/exito-educativo-refuerza-su-internacionalizacion-con-canal-iberoamerica\/#primaryimage\"},\"image\":{\"@id\":\"https:\/\/www.clubdelemprendimiento.com\/blog\/noticia-corporativa\/exito-educativo-refuerza-su-internacionalizacion-con-canal-iberoamerica\/#primaryimage\"},\"thumbnailUrl\":\"https:\/\/www.clubdelemprendimiento.com\/blog\/wp-content\/uploads\/2025\/07\/NEWSLETTER_IBEROAMERICA_030725.jpg\",\"datePublished\":\"2025-07-07T11:04:33+00:00\",\"dateModified\":\"2025-07-07T11:04:33+00:00\",\"breadcrumb\":{\"@id\":\"https:\/\/www.clubdelemprendimiento.com\/blog\/noticia-corporativa\/exito-educativo-refuerza-su-internacionalizacion-con-canal-iberoamerica\/#breadcrumb\"},\"inLanguage\":\"es\",\"potentialAction\":[{\"@type\":\"ReadAction\",\"target\":[\"https:\/\/www.clubdelemprendimiento.com\/blog\/noticia-corporativa\/exito-educativo-refuerza-su-internacionalizacion-con-canal-iberoamerica\/\"]}]},{\"@type\":\"ImageObject\",\"inLanguage\":\"es\",\"@id\":\"https:\/\/www.clubdelemprendimiento.com\/blog\/noticia-corporativa\/exito-educativo-refuerza-su-internacionalizacion-con-canal-iberoamerica\/#primaryimage\",\"url\":\"https:\/\/www.clubdelemprendimiento.com\/blog\/wp-content\/uploads\/2025\/07\/NEWSLETTER_IBEROAMERICA_030725.jpg\",\"contentUrl\":\"https:\/\/www.clubdelemprendimiento.com\/blog\/wp-content\/uploads\/2025\/07\/NEWSLETTER_IBEROAMERICA_030725.jpg\",\"width\":900,\"height\":637},{\"@type\":\"BreadcrumbList\",\"@id\":\"https:\/\/www.clubdelemprendimiento.com\/blog\/noticia-corporativa\/exito-educativo-refuerza-su-internacionalizacion-con-canal-iberoamerica\/#breadcrumb\",\"itemListElement\":[{\"@type\":\"ListItem\",\"position\":1,\"name\":\"Home\",\"item\":\"https:\/\/www.clubdelemprendimiento.com\/blog\/\"},{\"@type\":\"ListItem\",\"position\":2,\"name\":\"Noticias Corporativas\",\"item\":\"https:\/\/www.clubdelemprendimiento.com\/blog\/noticias-corporativas\/\"},{\"@type\":\"ListItem\",\"position\":3,\"name\":\"\u00c9XITO EDUCATIVO refuerza su internacionalizaci\u00f3n con Canal Iberoam\u00e9rica\"}]},{\"@type\":\"WebSite\",\"@id\":\"https:\/\/www.clubdelemprendimiento.com\/blog\/#website\",\"url\":\"https:\/\/www.clubdelemprendimiento.com\/blog\/\",\"name\":\"Blog Club del Emprendimiento\",\"description\":\"\",\"potentialAction\":[{\"@type\":\"SearchAction\",\"target\":{\"@type\":\"EntryPoint\",\"urlTemplate\":\"https:\/\/www.clubdelemprendimiento.com\/blog\/?s={search_term_string}\"},\"query-input\":\"required name=search_term_string\"}],\"inLanguage\":\"es\"}]}<\/script>\n<!-- \/ Yoast SEO plugin. -->","yoast_head_json":{"title":"\u00c9XITO EDUCATIVO refuerza su internacionalizaci\u00f3n con Canal Iberoam\u00e9rica - Blog Club del Emprendimiento","robots":{"index":"index","follow":"follow","max-snippet":"max-snippet:-1","max-image-preview":"max-image-preview:large","max-video-preview":"max-video-preview:-1"},"canonical":"https:\/\/www.clubdelemprendimiento.com\/blog\/noticia-corporativa\/exito-educativo-refuerza-su-internacionalizacion-con-canal-iberoamerica\/","og_locale":"es_ES","og_type":"article","og_title":"\u00c9XITO EDUCATIVO refuerza su internacionalizaci\u00f3n con Canal Iberoam\u00e9rica - Blog Club del Emprendimiento","og_description":"El canal, dirigido a directivos y profesionales de la educaci\u00f3n en Iberoam\u00e9rica, refuerza el&hellip;","og_url":"https:\/\/www.clubdelemprendimiento.com\/blog\/noticia-corporativa\/exito-educativo-refuerza-su-internacionalizacion-con-canal-iberoamerica\/","og_site_name":"Blog Club del Emprendimiento","og_image":[{"url":"https:\/\/www.clubdelemprendimiento.com\/blog\/wp-content\/uploads\/2025\/07\/NEWSLETTER_IBEROAMERICA_030725.jpg"}],"twitter_card":"summary_large_image","twitter_misc":{"Tiempo de lectura":"4 minutos"},"schema":{"@context":"https:\/\/schema.org","@graph":[{"@type":"WebPage","@id":"https:\/\/www.clubdelemprendimiento.com\/blog\/noticia-corporativa\/exito-educativo-refuerza-su-internacionalizacion-con-canal-iberoamerica\/","url":"https:\/\/www.clubdelemprendimiento.com\/blog\/noticia-corporativa\/exito-educativo-refuerza-su-internacionalizacion-con-canal-iberoamerica\/","name":"\u00c9XITO EDUCATIVO refuerza su internacionalizaci\u00f3n con Canal Iberoam\u00e9rica - Blog Club del Emprendimiento","isPartOf":{"@id":"https:\/\/www.clubdelemprendimiento.com\/blog\/#website"},"primaryImageOfPage":{"@id":"https:\/\/www.clubdelemprendimiento.com\/blog\/noticia-corporativa\/exito-educativo-refuerza-su-internacionalizacion-con-canal-iberoamerica\/#primaryimage"},"image":{"@id":"https:\/\/www.clubdelemprendimiento.com\/blog\/noticia-corporativa\/exito-educativo-refuerza-su-internacionalizacion-con-canal-iberoamerica\/#primaryimage"},"thumbnailUrl":"https:\/\/www.clubdelemprendimiento.com\/blog\/wp-content\/uploads\/2025\/07\/NEWSLETTER_IBEROAMERICA_030725.jpg","datePublished":"2025-07-07T11:04:33+00:00","dateModified":"2025-07-07T11:04:33+00:00","breadcrumb":{"@id":"https:\/\/www.clubdelemprendimiento.com\/blog\/noticia-corporativa\/exito-educativo-refuerza-su-internacionalizacion-con-canal-iberoamerica\/#breadcrumb"},"inLanguage":"es","potentialAction":[{"@type":"ReadAction","target":["https:\/\/www.clubdelemprendimiento.com\/blog\/noticia-corporativa\/exito-educativo-refuerza-su-internacionalizacion-con-canal-iberoamerica\/"]}]},{"@type":"ImageObject","inLanguage":"es","@id":"https:\/\/www.clubdelemprendimiento.com\/blog\/noticia-corporativa\/exito-educativo-refuerza-su-internacionalizacion-con-canal-iberoamerica\/#primaryimage","url":"https:\/\/www.clubdelemprendimiento.com\/blog\/wp-content\/uploads\/2025\/07\/NEWSLETTER_IBEROAMERICA_030725.jpg","contentUrl":"https:\/\/www.clubdelemprendimiento.com\/blog\/wp-content\/uploads\/2025\/07\/NEWSLETTER_IBEROAMERICA_030725.jpg","width":900,"height":637},{"@type":"BreadcrumbList","@id":"https:\/\/www.clubdelemprendimiento.com\/blog\/noticia-corporativa\/exito-educativo-refuerza-su-internacionalizacion-con-canal-iberoamerica\/#breadcrumb","itemListElement":[{"@type":"ListItem","position":1,"name":"Home","item":"https:\/\/www.clubdelemprendimiento.com\/blog\/"},{"@type":"ListItem","position":2,"name":"Noticias Corporativas","item":"https:\/\/www.clubdelemprendimiento.com\/blog\/noticias-corporativas\/"},{"@type":"ListItem","position":3,"name":"\u00c9XITO EDUCATIVO refuerza su internacionalizaci\u00f3n con Canal Iberoam\u00e9rica"}]},{"@type":"WebSite","@id":"https:\/\/www.clubdelemprendimiento.com\/blog\/#website","url":"https:\/\/www.clubdelemprendimiento.com\/blog\/","name":"Blog Club del Emprendimiento","description":"","potentialAction":[{"@type":"SearchAction","target":{"@type":"EntryPoint","urlTemplate":"https:\/\/www.clubdelemprendimiento.com\/blog\/?s={search_term_string}"},"query-input":"required name=search_term_string"}],"inLanguage":"es"}]}},"_links":{"self":[{"href":"https:\/\/www.clubdelemprendimiento.com\/blog\/wp-json\/wp\/v2\/noticia-corporativa\/19799"}],"collection":[{"href":"https:\/\/www.clubdelemprendimiento.com\/blog\/wp-json\/wp\/v2\/noticia-corporativa"}],"about":[{"href":"https:\/\/www.clubdelemprendimiento.com\/blog\/wp-json\/wp\/v2\/types\/noticia-corporativa"}],"wp:featuredmedia":[{"embeddable":true,"href":"https:\/\/www.clubdelemprendimiento.com\/blog\/wp-json\/wp\/v2\/media\/19800"}],"wp:attachment":[{"href":"https:\/\/www.clubdelemprendimiento.com\/blog\/wp-json\/wp\/v2\/media?parent=19799"}],"curies":[{"name":"wp","href":"https:\/\/api.w.org\/{rel}","templated":true}]}}