{"id":19788,"date":"2025-07-07T09:01:08","date_gmt":"2025-07-07T09:01:08","guid":{"rendered":"https:\/\/www.clubdelemprendimiento.com\/blog\/noticia-corporativa\/las-tres-preocupaciones-de-la-piel-que-mas-se-preguntan-en-las-farmacias\/"},"modified":"2025-07-07T09:01:08","modified_gmt":"2025-07-07T09:01:08","slug":"las-tres-preocupaciones-de-la-piel-que-mas-se-preguntan-en-las-farmacias","status":"publish","type":"noticia-corporativa","link":"https:\/\/www.clubdelemprendimiento.com\/blog\/noticia-corporativa\/las-tres-preocupaciones-de-la-piel-que-mas-se-preguntan-en-las-farmacias\/","title":{"rendered":"Las tres preocupaciones de la piel que m\u00e1s se preguntan en las farmacias"},"content":{"rendered":"<div>\n<p><a href=\"https:\/\/www.clubdelemprendimiento.com\/blog\/wp-content\/uploads\/2025\/07\/Captura_de_pantalla_2025-07-03_090420.png\" target=\"_blank\" class=\"fotonota\" rel=\"noopener\"> <img decoding=\"async\" src=\"https:\/\/www.clubdelemprendimiento.com\/blog\/wp-content\/uploads\/2025\/07\/Captura_de_pantalla_2025-07-03_090420.png\" style=\"max-width:600px;\" border=\"0\" class=\"postImage\" alt=\"\"><\/a><\/p>\n<p>Ni arrugas ni manchas, hay algo que preocupa m\u00e1s a las espa\u00f1olas, seg\u00fan las expertas en dermocosm\u00e9tica de Perricone MD, Medik8, Byoode  y una farmac\u00e9utica <\/p>\n<p><\/p>\n<p>Lo m\u00e1s com\u00fan ser\u00eda pensar que lo que m\u00e1s preocupa a quienes buscan consejo en la farmacia son las arrugas, la flacidez o los signos t\u00edpicos del envejecimiento. Pero no. Hay otros temas que quitan m\u00e1s el sue\u00f1o a quienes se acercan al mostrador en busca de ayuda. Y no se habla\u00a0solo de pieles maduras: muchas de estas preocupaciones empiezan cada vez m\u00e1s j\u00f3venes y tienen poco que ver con la edad.<\/p>\n<p><strong>\u00abLas dudas vienen tanto de personas m\u00e1s maduras como j\u00f3venes<\/strong>. Lo cierto es que cada d\u00eda atendemos a m\u00e1s personas que llegan con inquietudes muy concretas sobre el estado de su piel. Muchas veces vienen confundidas por todo lo que leen en redes sociales y necesitan una gu\u00eda clara sobre c\u00f3mo tratar sus problemas reales, no lo que la tendencia dice que deber\u00edan tener\u00bb, explica Marina Garc\u00eda, farmac\u00e9utica titular de la Farmacia Marina Garc\u00eda, en Paseo de las Delicias (Madrid).<\/p>\n<p><strong>1. La ros\u00e1cea<\/strong><br \/>\nUna inflamaci\u00f3n que pide calma\u2026 por dentro, por fuera y por dentro otra vez. Y la ros\u00e1cea no iba a ser menos<strong>. \u00abLa ros\u00e1cea es, sin duda, una de las consultas m\u00e1s frecuentes<\/strong>, incluso en chicas de menos de 30 a\u00f1os\u00bb, apunta la farmac\u00e9utica titular de la Farmacia Marina Garc\u00eda. \u00abVienen con rojeces en las mejillas, granitos tipo acn\u00e9 o sensaci\u00f3n de ardor. No siempre est\u00e1 diagnosticada como tal, pero los s\u00edntomas est\u00e1n ah\u00ed y generan mucho malestar\u00bb, a\u00f1ade la farmac\u00e9utica.\u00a0<\/p>\n<p>M\u00e1s all\u00e1 de los brotes, hay un factor invisible que juega un papel clave: el estr\u00e9s. <strong>\u00abC\u00f3mo alguien se encuentra a nivel\u00a0emocional se refleja claramente sobre la piel <\/strong>y en el caso de la ros\u00e1cea es clar\u00edsimo. El estr\u00e9s act\u00faa como desencadenante y puede agravar los brotes, intensificar las rojeces e incluso generar m\u00e1s sensibilidad\u00bb<strong>,<\/strong> explica Raquel Gonz\u00e1lez, cosmet\u00f3loga y creadora de Byoode.\u00a0<\/p>\n<p>Pero el estr\u00e9s no solo influye a nivel nervioso, tambi\u00e9n altera el equilibrio intestinal, otro eje que la experta considera fundamental. <strong>\u00abUna microbiota desequilibrada puede generar un estado inflamatorio sist\u00e9mico <\/strong>que termina manifest\u00e1ndose en la piel. Por eso, en los casos de ros\u00e1cea, muchas veces es imprescindible acompa\u00f1ar el tratamiento con probi\u00f3ticos orales y h\u00e1bitos que ayuden a reducir el estr\u00e9s\u00bb, a\u00f1ade Marta Agust\u00ed, directora nutricional de Advanced Nutrition Programme.\u00a0<\/p>\n<p>\u00bfY a nivel t\u00f3pico? \u00ab<strong>Es importante apostar por f\u00f3rmulas con activos calmantes como la niacinamida, el bisabolol, la centella asi\u00e1tica <\/strong>o el extracto de regaliz. Y los probi\u00f3ticos t\u00f3picos, que cada vez est\u00e1n m\u00e1s presentes en cosm\u00e9tica, tambi\u00e9n ayudan a reforzar la barrera cut\u00e1nea y a restablecer el equilibrio\u00bb, a\u00f1ade Raquel.<\/p>\n<p><strong>Watercress\u00a0&amp; Copper Lyric de Byoode\u00a0<\/strong>es un suero altamente reafirmante e iluminador con berros,\u00a0gluconato de cobre y niacinamida. 55\u20ac en\u00a0<a href=\"https:\/\/awipf.r.a.d.sendibm1.com\/mk\/cl\/f\/sh\/SMK1E8tHeGn5P8cO80w0nxyVwSn8\/2gYPImcQBjHb\" rel=\"nofollow\">Byoode.com<\/a><\/p>\n<p><strong>Skin\u00a0Clear\u00a0Biome, de Advanced Nutrition Programme.<\/strong>\u00a0Este suplemento para la piel incluye los\u00a0probi\u00f3ticos\u00a0concretos para tratar pieles con problem\u00e1ticas como el\u00a0acn\u00e9\u00a0o la ros\u00e1cea. Equilibra el microbioma para que la piel se estabilice y act\u00fae adecuadamente.\u00a0Skin\u00a0Clear\u00a0Biome\u2122 combina cuatro cepas espec\u00edficas de bacterias y levaduras seleccionadas por los\u00a0expertos cient\u00edficos y en nutrici\u00f3n por sus impactos respaldados por investigaciones sobre las causas subyacentes de los problemas de la piel. 41\u20ac en\u00a0<a href=\"https:\/\/awipf.r.a.d.sendibm1.com\/mk\/cl\/f\/sh\/SMK1E8tHeGEm8QVcECAaKpSo4xrq\/1bkfpn1dLVFN\" rel=\"nofollow\">Purenichelab.com<\/a><\/p>\n<p><strong>2. Los poros abiertos<\/strong><br \/>\nA menudo se asocian a una piel grasa y joven, pero los poros dilatados tambi\u00e9n preocupan (y mucho) a las pieles maduras. <strong>\u00abEn la farmacia lo explicamos constantemente<\/strong>: los poros dilatados no son solo cuesti\u00f3n de sebo. Con los a\u00f1os, la piel pierde estructura, y eso tambi\u00e9n los hace m\u00e1s visibles\u00bb, se\u00f1ala la farmac\u00e9utica.<\/p>\n<p><strong>\u00abCon la p\u00e9rdida de col\u00e1geno, elastina y \u00e1cido hialur\u00f3nico<\/strong>, la piel se vuelve m\u00e1s fl\u00e1cida, y esa falta de tensi\u00f3n hace que los poros se vean m\u00e1s abiertos\u00bb, explica Mireia Fern\u00e1ndez, directora dermocosm\u00e9tica de Perricone MD.<strong> <\/strong>\u00abAdem\u00e1s,<strong> la renovaci\u00f3n celular se ralentiza, se acumulan c\u00e9lulas muertas <\/strong>y la textura se vuelve m\u00e1s rugosa\u00bb, apostilla Isabel Reverte, directora dermocosm\u00e9tica de Ambari.<\/p>\n<p>La clave est\u00e1 en combinar exfoliaci\u00f3n con tratamiento reafirmante. \u00ab<strong>El \u00e1cido salic\u00edlico es un b\u00e1sico porque limpia el interior del poro<\/strong>, pero tambi\u00e9n hay que estimular la renovaci\u00f3n con alfahidroxi\u00e1cidos reforzar la estructura de la piel con ingredientes como los retinoides, la vitamina C o los p\u00e9ptidos\u00bb, recomienda Raquel Gonz\u00e1lez, cosmet\u00f3loga y creadora de Byoode.\u00a0<\/p>\n<p><strong>Retin-A\u00a0Night\u00a0de Byoode<\/strong>\u00a0es un innovador s\u00e9rum de noche que combina dos potentes retinoides &#8211;\u00a0retinal\u00a0y retinART- junto con p\u00e9ptidos, factores de crecimiento, vitaminas C y E, \u00e1cido hialur\u00f3nico, niacinamida y otros activos para combatir el envejecimiento de la piel de forma eficaz y sin irritaci\u00f3n. Su f\u00f3rmula avanzada estimula la producci\u00f3n de col\u00e1geno hasta un 90% m\u00e1s que el retinol tradicional, mejora la firmeza, hidrataci\u00f3n y luminosidad, y desmiente mitos sobre la incompatibilidad entre vitamina C y retinoides. Enriquecido con superalimentos como okra, r\u00e1banos y esp\u00e1rragos, este s\u00e9rum reafirma, redensifica y equilibra la piel, ofreciendo resultados visibles y respaldados por estudios cl\u00ednicos. 75\u20ac en\u00a0Byoode.com\u00a0<\/p>\n<p>Una o dos veces a la semana, la mascarilla\u00a0<strong>Ambari\u00a0Gold\u00a0Perfection22 Mask<\/strong>\u00a0le aportar\u00e1 un efecto glow instant\u00e1neo, con 22% de alfahidroxi\u00e1cidos,\u00a0rica en hongos Reishi y aceite de canabidiol. 115 \u20ac en\u00a0Purenichelab.com\u00a0<\/p>\n<p><strong>Liquid\u00a0Peptides\u00a0Advanced MP, de Medik8,<\/strong>\u00a0es un s\u00e9rum avanzado con tecnolog\u00eda Dual MiniProteins\u2122, dise\u00f1ado para reducir visiblemente las arrugas y l\u00edneas de expresi\u00f3n. Contiene Expression Line MiniProtein\u2122, que ayuda a relajar y alisar las l\u00edneas din\u00e1micas, y Growth Factor MiniProtein\u2122, que mejora la estructura de la piel al potenciar el col\u00e1geno, la elastina y el \u00e1cido hialur\u00f3nico. Su f\u00f3rmula incluye un 30% de complejos multi-pept\u00eddicos, como p\u00e9ptidos de\u00a0cobre\u00a0y Matrixyl 3000\u2122, para restaurar la textura juvenil, adem\u00e1s de una mezcla de \u00e1cido hialur\u00f3nico micro-rellenador que hidrata en profundidad y rellena las arrugas desde el interior. Con un complejo prebi\u00f3tico al 1%, fortalece la barrera cut\u00e1nea y ayuda a prevenir nuevas l\u00edneas de expresi\u00f3n.95 \u20ac en\u00a0<a href=\"https:\/\/awipf.r.a.d.sendibm1.com\/mk\/cl\/f\/sh\/SMK1E8tHeGn5P8cO80w0nxyVwSn8\/HdzOHb-M_Na8\" rel=\"nofollow\">Medik8.es<\/a>\u00a0<\/p>\n<p><strong>3. El contorno de los ojos<\/strong><br \/>\nSi hay una preocupaci\u00f3n transversal que afecta a todos los p\u00fablicos es el contorno de ojos. <strong>\u00abPiden un producto que valga para todo: ojeras, bolsas, arrugas, mirada apagada\u2026\u00bb,<\/strong> cuenta Marina.<\/p>\n<p>Estefan\u00eda Nieto, directora dermocosm\u00e9tica lo tiene claro: \u00ab<strong>El tratamiento tiene que ser multifocal<\/strong>. Por un lado, hay que descongestionar la zona con activos como la cafe\u00edna. Y, por otro, tratar el pigmento con ingredientes como la niacinamida o el retinal o con part\u00edculas doradas que ayude a contrarrestar la oscuridad\u00bb.<\/p>\n<p>Aqu\u00ed tambi\u00e9n importa la textura y el momento<strong>. \u00abUn contorno muy graso no es ideal por la ma\u00f1ana si hay bolsas<\/strong>, pero uno muy ligero puede quedarse corto por la noche. Lo ideal es adaptar el producto al ritmo de la piel y, si es necesario, combinar dos texturas distintas en la rutina\u00bb, aconseja Raquel Gonz\u00e1lez, la creadora de Byoode.\u00a0<\/p>\n<p>Links a los productos<br \/>\n<strong>Golden\u00a0Eye\u00a0Dream\u00a0de Byoode.<\/strong>\u00a0Es un\u00a0contorno\u00a0de\u00a0ojos\u00a0que lleva un tetrap\u00e9ptido antiedad, lo que implica que en su interior recoge cinco cadenas de p\u00e9ptidos ensambladas. Trabaja para reducir las patas de gallo y mejorar la firmeza del \u00e1rea del\u00a0contorno\u00a0de los\u00a0ojos. 40\u20ac en\u00a0Byoode.com\u00a0(nota al editor: web presente en AWIN, SKIMLINKS y THE MONETISE para afiliaci\u00f3n) y en\u00a0Amazon.es.\u00a0<\/p>\n<p><strong>Cold\u00a0Plasma\u00a0Plus+\u00a0Advanced\u00a0Eye\u00a0Cream, de Perricone MD<\/strong>. Gracias a ingredientes como el trip\u00e9ptido de cobre, Omegas 3, 6 y 9 y Vitamina C Ester, trata y mejora dr\u00e1sticamente la apariencia del\u00a0contorno\u00a0de los ojos, las l\u00edneas finas y p\u00e9rdida de firmeza. 107 \u20ac en\u00a0Perriconemd.es\u00a0<\/p>\n<p><strong>r-Retinoate\u00a0Eye\u00a0Serum de Medik8<\/strong>, un suero ligero para tratar a nivel antiedad el contorno de los ojos. Destaca por el retinyl retinoato, ocho veces m\u00e1s potente que el retinol tradicional y perfecto para incrementar la renovaci\u00f3n celular, mejorar la s\u00edntesis de col\u00e1geno y suavizar la piel, reducir la pigmentaci\u00f3n y las arruguitas. Hidrata en profundidad sin congestionar gracias a su contenido en \u00e1cido hialur\u00f3nico de m\u00faltiple peso molecular y descongestiona al mejorar la circulaci\u00f3n de la zona debido a la actividad de su contenido en cafe\u00edna. 129 \u20ac en\u00a0Medik8.es\u00a0\u00a0<\/p>\n<\/div>\n","protected":false},"featured_media":19789,"template":"","meta":{"_acf_changed":false},"acf":[],"yoast_head":"<!-- This site is optimized with the Yoast SEO plugin v22.7 - https:\/\/yoast.com\/wordpress\/plugins\/seo\/ -->\n<title>Las tres preocupaciones de la piel que m\u00e1s se preguntan en las farmacias - Blog Club del Emprendimiento<\/title>\n<meta name=\"robots\" content=\"index, follow, max-snippet:-1, max-image-preview:large, max-video-preview:-1\" \/>\n<link rel=\"canonical\" href=\"https:\/\/www.clubdelemprendimiento.com\/blog\/noticia-corporativa\/las-tres-preocupaciones-de-la-piel-que-mas-se-preguntan-en-las-farmacias\/\" \/>\n<meta property=\"og:locale\" content=\"es_ES\" \/>\n<meta property=\"og:type\" content=\"article\" \/>\n<meta property=\"og:title\" content=\"Las tres preocupaciones de la piel que m\u00e1s se preguntan en las farmacias - Blog Club del Emprendimiento\" \/>\n<meta property=\"og:description\" content=\"Ni arrugas ni manchas, hay algo que preocupa m\u00e1s a las espa\u00f1olas, seg\u00fan las&hellip;\" \/>\n<meta property=\"og:url\" content=\"https:\/\/www.clubdelemprendimiento.com\/blog\/noticia-corporativa\/las-tres-preocupaciones-de-la-piel-que-mas-se-preguntan-en-las-farmacias\/\" \/>\n<meta property=\"og:site_name\" content=\"Blog Club del Emprendimiento\" \/>\n<meta property=\"og:image\" content=\"https:\/\/www.clubdelemprendimiento.com\/blog\/wp-content\/uploads\/2025\/07\/Captura_de_pantalla_2025-07-03_090420.png\" \/>\n<meta name=\"twitter:card\" content=\"summary_large_image\" \/>\n<meta name=\"twitter:label1\" content=\"Tiempo de lectura\" \/>\n\t<meta name=\"twitter:data1\" content=\"7 minutos\" \/>\n<script type=\"application\/ld+json\" class=\"yoast-schema-graph\">{\"@context\":\"https:\/\/schema.org\",\"@graph\":[{\"@type\":\"WebPage\",\"@id\":\"https:\/\/www.clubdelemprendimiento.com\/blog\/noticia-corporativa\/las-tres-preocupaciones-de-la-piel-que-mas-se-preguntan-en-las-farmacias\/\",\"url\":\"https:\/\/www.clubdelemprendimiento.com\/blog\/noticia-corporativa\/las-tres-preocupaciones-de-la-piel-que-mas-se-preguntan-en-las-farmacias\/\",\"name\":\"Las tres preocupaciones de la piel que m\u00e1s se preguntan en las farmacias - Blog Club del Emprendimiento\",\"isPartOf\":{\"@id\":\"https:\/\/www.clubdelemprendimiento.com\/blog\/#website\"},\"primaryImageOfPage\":{\"@id\":\"https:\/\/www.clubdelemprendimiento.com\/blog\/noticia-corporativa\/las-tres-preocupaciones-de-la-piel-que-mas-se-preguntan-en-las-farmacias\/#primaryimage\"},\"image\":{\"@id\":\"https:\/\/www.clubdelemprendimiento.com\/blog\/noticia-corporativa\/las-tres-preocupaciones-de-la-piel-que-mas-se-preguntan-en-las-farmacias\/#primaryimage\"},\"thumbnailUrl\":\"https:\/\/www.clubdelemprendimiento.com\/blog\/wp-content\/uploads\/2025\/07\/Captura_de_pantalla_2025-07-03_090420.png\",\"datePublished\":\"2025-07-07T09:01:08+00:00\",\"dateModified\":\"2025-07-07T09:01:08+00:00\",\"breadcrumb\":{\"@id\":\"https:\/\/www.clubdelemprendimiento.com\/blog\/noticia-corporativa\/las-tres-preocupaciones-de-la-piel-que-mas-se-preguntan-en-las-farmacias\/#breadcrumb\"},\"inLanguage\":\"es\",\"potentialAction\":[{\"@type\":\"ReadAction\",\"target\":[\"https:\/\/www.clubdelemprendimiento.com\/blog\/noticia-corporativa\/las-tres-preocupaciones-de-la-piel-que-mas-se-preguntan-en-las-farmacias\/\"]}]},{\"@type\":\"ImageObject\",\"inLanguage\":\"es\",\"@id\":\"https:\/\/www.clubdelemprendimiento.com\/blog\/noticia-corporativa\/las-tres-preocupaciones-de-la-piel-que-mas-se-preguntan-en-las-farmacias\/#primaryimage\",\"url\":\"https:\/\/www.clubdelemprendimiento.com\/blog\/wp-content\/uploads\/2025\/07\/Captura_de_pantalla_2025-07-03_090420.png\",\"contentUrl\":\"https:\/\/www.clubdelemprendimiento.com\/blog\/wp-content\/uploads\/2025\/07\/Captura_de_pantalla_2025-07-03_090420.png\",\"width\":727,\"height\":162},{\"@type\":\"BreadcrumbList\",\"@id\":\"https:\/\/www.clubdelemprendimiento.com\/blog\/noticia-corporativa\/las-tres-preocupaciones-de-la-piel-que-mas-se-preguntan-en-las-farmacias\/#breadcrumb\",\"itemListElement\":[{\"@type\":\"ListItem\",\"position\":1,\"name\":\"Home\",\"item\":\"https:\/\/www.clubdelemprendimiento.com\/blog\/\"},{\"@type\":\"ListItem\",\"position\":2,\"name\":\"Noticias Corporativas\",\"item\":\"https:\/\/www.clubdelemprendimiento.com\/blog\/noticias-corporativas\/\"},{\"@type\":\"ListItem\",\"position\":3,\"name\":\"Las tres preocupaciones de la piel que m\u00e1s se preguntan en las farmacias\"}]},{\"@type\":\"WebSite\",\"@id\":\"https:\/\/www.clubdelemprendimiento.com\/blog\/#website\",\"url\":\"https:\/\/www.clubdelemprendimiento.com\/blog\/\",\"name\":\"Blog Club del Emprendimiento\",\"description\":\"\",\"potentialAction\":[{\"@type\":\"SearchAction\",\"target\":{\"@type\":\"EntryPoint\",\"urlTemplate\":\"https:\/\/www.clubdelemprendimiento.com\/blog\/?s={search_term_string}\"},\"query-input\":\"required name=search_term_string\"}],\"inLanguage\":\"es\"}]}<\/script>\n<!-- \/ Yoast SEO plugin. -->","yoast_head_json":{"title":"Las tres preocupaciones de la piel que m\u00e1s se preguntan en las farmacias - Blog Club del Emprendimiento","robots":{"index":"index","follow":"follow","max-snippet":"max-snippet:-1","max-image-preview":"max-image-preview:large","max-video-preview":"max-video-preview:-1"},"canonical":"https:\/\/www.clubdelemprendimiento.com\/blog\/noticia-corporativa\/las-tres-preocupaciones-de-la-piel-que-mas-se-preguntan-en-las-farmacias\/","og_locale":"es_ES","og_type":"article","og_title":"Las tres preocupaciones de la piel que m\u00e1s se preguntan en las farmacias - Blog Club del Emprendimiento","og_description":"Ni arrugas ni manchas, hay algo que preocupa m\u00e1s a las espa\u00f1olas, seg\u00fan las&hellip;","og_url":"https:\/\/www.clubdelemprendimiento.com\/blog\/noticia-corporativa\/las-tres-preocupaciones-de-la-piel-que-mas-se-preguntan-en-las-farmacias\/","og_site_name":"Blog Club del Emprendimiento","og_image":[{"url":"https:\/\/www.clubdelemprendimiento.com\/blog\/wp-content\/uploads\/2025\/07\/Captura_de_pantalla_2025-07-03_090420.png"}],"twitter_card":"summary_large_image","twitter_misc":{"Tiempo de lectura":"7 minutos"},"schema":{"@context":"https:\/\/schema.org","@graph":[{"@type":"WebPage","@id":"https:\/\/www.clubdelemprendimiento.com\/blog\/noticia-corporativa\/las-tres-preocupaciones-de-la-piel-que-mas-se-preguntan-en-las-farmacias\/","url":"https:\/\/www.clubdelemprendimiento.com\/blog\/noticia-corporativa\/las-tres-preocupaciones-de-la-piel-que-mas-se-preguntan-en-las-farmacias\/","name":"Las tres preocupaciones de la piel que m\u00e1s se preguntan en las farmacias - Blog Club del Emprendimiento","isPartOf":{"@id":"https:\/\/www.clubdelemprendimiento.com\/blog\/#website"},"primaryImageOfPage":{"@id":"https:\/\/www.clubdelemprendimiento.com\/blog\/noticia-corporativa\/las-tres-preocupaciones-de-la-piel-que-mas-se-preguntan-en-las-farmacias\/#primaryimage"},"image":{"@id":"https:\/\/www.clubdelemprendimiento.com\/blog\/noticia-corporativa\/las-tres-preocupaciones-de-la-piel-que-mas-se-preguntan-en-las-farmacias\/#primaryimage"},"thumbnailUrl":"https:\/\/www.clubdelemprendimiento.com\/blog\/wp-content\/uploads\/2025\/07\/Captura_de_pantalla_2025-07-03_090420.png","datePublished":"2025-07-07T09:01:08+00:00","dateModified":"2025-07-07T09:01:08+00:00","breadcrumb":{"@id":"https:\/\/www.clubdelemprendimiento.com\/blog\/noticia-corporativa\/las-tres-preocupaciones-de-la-piel-que-mas-se-preguntan-en-las-farmacias\/#breadcrumb"},"inLanguage":"es","potentialAction":[{"@type":"ReadAction","target":["https:\/\/www.clubdelemprendimiento.com\/blog\/noticia-corporativa\/las-tres-preocupaciones-de-la-piel-que-mas-se-preguntan-en-las-farmacias\/"]}]},{"@type":"ImageObject","inLanguage":"es","@id":"https:\/\/www.clubdelemprendimiento.com\/blog\/noticia-corporativa\/las-tres-preocupaciones-de-la-piel-que-mas-se-preguntan-en-las-farmacias\/#primaryimage","url":"https:\/\/www.clubdelemprendimiento.com\/blog\/wp-content\/uploads\/2025\/07\/Captura_de_pantalla_2025-07-03_090420.png","contentUrl":"https:\/\/www.clubdelemprendimiento.com\/blog\/wp-content\/uploads\/2025\/07\/Captura_de_pantalla_2025-07-03_090420.png","width":727,"height":162},{"@type":"BreadcrumbList","@id":"https:\/\/www.clubdelemprendimiento.com\/blog\/noticia-corporativa\/las-tres-preocupaciones-de-la-piel-que-mas-se-preguntan-en-las-farmacias\/#breadcrumb","itemListElement":[{"@type":"ListItem","position":1,"name":"Home","item":"https:\/\/www.clubdelemprendimiento.com\/blog\/"},{"@type":"ListItem","position":2,"name":"Noticias Corporativas","item":"https:\/\/www.clubdelemprendimiento.com\/blog\/noticias-corporativas\/"},{"@type":"ListItem","position":3,"name":"Las tres preocupaciones de la piel que m\u00e1s se preguntan en las farmacias"}]},{"@type":"WebSite","@id":"https:\/\/www.clubdelemprendimiento.com\/blog\/#website","url":"https:\/\/www.clubdelemprendimiento.com\/blog\/","name":"Blog Club del Emprendimiento","description":"","potentialAction":[{"@type":"SearchAction","target":{"@type":"EntryPoint","urlTemplate":"https:\/\/www.clubdelemprendimiento.com\/blog\/?s={search_term_string}"},"query-input":"required name=search_term_string"}],"inLanguage":"es"}]}},"_links":{"self":[{"href":"https:\/\/www.clubdelemprendimiento.com\/blog\/wp-json\/wp\/v2\/noticia-corporativa\/19788"}],"collection":[{"href":"https:\/\/www.clubdelemprendimiento.com\/blog\/wp-json\/wp\/v2\/noticia-corporativa"}],"about":[{"href":"https:\/\/www.clubdelemprendimiento.com\/blog\/wp-json\/wp\/v2\/types\/noticia-corporativa"}],"wp:featuredmedia":[{"embeddable":true,"href":"https:\/\/www.clubdelemprendimiento.com\/blog\/wp-json\/wp\/v2\/media\/19789"}],"wp:attachment":[{"href":"https:\/\/www.clubdelemprendimiento.com\/blog\/wp-json\/wp\/v2\/media?parent=19788"}],"curies":[{"name":"wp","href":"https:\/\/api.w.org\/{rel}","templated":true}]}}