{"id":19757,"date":"2025-07-04T14:04:32","date_gmt":"2025-07-04T14:04:32","guid":{"rendered":"https:\/\/www.clubdelemprendimiento.com\/blog\/noticia-corporativa\/el-alquiler-de-cajas-de-seguridad-se-duplica-de-cara-al-verano-segun-un-informe-de-grupo-inviam\/"},"modified":"2025-07-04T14:04:32","modified_gmt":"2025-07-04T14:04:32","slug":"el-alquiler-de-cajas-de-seguridad-se-duplica-de-cara-al-verano-segun-un-informe-de-grupo-inviam","status":"publish","type":"noticia-corporativa","link":"https:\/\/www.clubdelemprendimiento.com\/blog\/noticia-corporativa\/el-alquiler-de-cajas-de-seguridad-se-duplica-de-cara-al-verano-segun-un-informe-de-grupo-inviam\/","title":{"rendered":"El alquiler de cajas de seguridad se duplica de cara al verano, seg\u00fan un informe de Grupo Inviam"},"content":{"rendered":"<div>\n<p><a href=\"https:\/\/www.clubdelemprendimiento.com\/blog\/wp-content\/uploads\/2025\/07\/PHOTO-2025-07-04-12-21-29.jpg\" target=\"_blank\" class=\"fotonota\" rel=\"noopener\"> <img decoding=\"async\" src=\"https:\/\/www.clubdelemprendimiento.com\/blog\/wp-content\/uploads\/2025\/07\/PHOTO-2025-07-04-12-21-29.jpg\" style=\"max-width:600px;\" border=\"0\" class=\"postImage\" alt=\"\"><\/a><\/p>\n<p>La compa\u00f1\u00eda madrile\u00f1a, l\u00edder en seguridad privada en c\u00e1maras acorazadas, atribuye este incremento a las ausencias prolongadas, el teletrabajo en segundas residencias y los intercambios de vivienda durante el periodo estival<\/p>\n<p><\/p>\n<p>La contrataci\u00f3n de cajas de seguridad se duplica durante los meses de junio, julio y agosto, seg\u00fan un informe de <a href=\"https:\/\/www.grupoinviam.com\/\" rel=\"nofollow\">Grupo Inviam<\/a>, empresa espa\u00f1ola decana en alquiler de cajas de seguridad en c\u00e1maras acorazadas desde hace 10 a\u00f1os. Este repunte coincide con la temporada vacacional y responde, seg\u00fan la compa\u00f1\u00eda, al aumento de las ausencias prolongadas, el teletrabajo en segundas residencias y los intercambios de vivienda, factores que incrementan la exposici\u00f3n de los hogares a robos y la necesidad de soluciones para proteger los bienes personales.<\/p>\n<p>La Direcci\u00f3n General de Tr\u00e1fico (DGT) prev\u00e9 m\u00e1s de 1,15 millones de desplazamientos de largo recorrido solo en la Comunidad de Madrid en el primer fin de semana del verano, y m\u00e1s de 19,3 millones en todo el periodo estival, lo que se traduce en m\u00e1s de un mill\u00f3n de hogares vac\u00edos en la regi\u00f3n y millones m\u00e1s en el resto del pa\u00eds.<\/p>\n<p>Cada vez m\u00e1s personas apuestan por iniciativas privadas para asegurar sus objetos de valor, documentos importantes o dispositivos digitales durante sus desplazamientos. \u00abEl perfil del cliente ha cambiado. Ya no se habla\u00a0solo de grandes patrimonios: hoy atendemos a personas que necesitan proteger, desde discos duros y documentos sensibles hasta llaves o \u00e1lbumes de fotos familiares\u00bb, explica David Sacrist\u00e1n, cofundador y CEO de Grupo Inviam. \u00abLo que antes se percib\u00eda como un servicio para solo unos pocos, hoy es una opci\u00f3n asequible para todos, especialmente en verano\u00bb.<\/p>\n<p>Factores como el teletrabajo desde segundas residencias, el intercambio de viviendas o los alquileres tur\u00edsticos ampl\u00edan el riesgo de exposici\u00f3n. \u00abNo s\u00f3lo se deja el hogar vac\u00edo, tambi\u00e9n compartimos accesos a lo m\u00e1s \u00edntimo. Proteger nuestros objetos en una caja externa permite viajar con tranquilidad y reducir riesgos innecesarios\u00bb, subraya Sacrist\u00e1n.<\/p>\n<p><strong>&#8216;Ocho reglas de oro para evitar que los robos te arruinen el verano&#8217;<\/strong><br \/>\nConscientes del aumento de robos en viviendas deshabitadas, Inviam ha lanzado una campa\u00f1a de concienciaci\u00f3n bajo el t\u00edtulo &#8216;Ocho reglas de oro para evitar que los robos te arruinen el verano&#8217;, que incluye consejos clave para prevenir situaciones de riesgo:<\/p>\n<p>1.\u00a0 Informar de la salida solo a personas de plena confianza. Evitar anunciarla en redes sociales o compartir detalles con desconocidos.<\/p>\n<p>2.\u00a0 No esconder llaves bajo felpudos o macetas. Son los primeros lugares que revisan los ladrones.<\/p>\n<p>3.\u00a0 Pedir a alguien de confianza que recoja la correspondencia. Un buz\u00f3n lleno es una se\u00f1al clara de ausencia.<\/p>\n<p>4.\u00a0 No dejar contrase\u00f1as ni tarjetas a la vista. Pueden ser utilizadas para acceder a cajeros o servicios digitales.<\/p>\n<p>5.\u00a0 Guardar los documentos m\u00e1s sensibles en un lugar seguro. DNI, pasaportes o escrituras pueden ser usados para suplantar la\u00a0identidad.<\/p>\n<p>6.\u00a0 No almacenar llaves en la vivienda vac\u00eda de otras viviendas (familiares, amigos, vecinos, etc.) ni del trabajo, ni de los veh\u00edculos. Un solo robo podr\u00eda comprometer m\u00e1s propiedades.<\/p>\n<p>7.\u00a0 Hacer un inventario de los bienes m\u00e1s valiosos. Fotografiar\u00a0y documentar cada objeto, y conservarlos en una caja de seguridad externa.<\/p>\n<p>8.\u00a0 Proteger tambi\u00e9n el negocio u oficina. Realizar copias de seguridad, guardar documentos relevantes en un espacio seguro y evitar dejar efectivo en el local.<\/p>\n<p><strong>Seguridad accesible<\/strong><br \/>\nGrupo Inviam mantiene un crecimiento sostenido en la demanda de cajas de seguridad, un servicio que ha dejado de asociarse exclusivamente a joyas o lingotes de oro para cubrir tambi\u00e9n las necesidades de quienes comparten piso, viajan por trabajo o necesitan privacidad fuera del hogar.<\/p>\n<p>\u00abNuestros usuarios van desde j\u00f3venes profesionales hasta familias que buscan proteger objetos de valor sentimental o informaci\u00f3n sensible. La seguridad privada ya no es un lujo, sino una necesidad pr\u00e1ctica y accesible para los nuevos estilos de vida\u00bb, concluye el CEO.<\/p>\n<p><strong>Sobre Grupo Inviam: seguridad privada al alcance de todos<\/strong><br \/>\nDesde su fundaci\u00f3n en 2013, Grupo Inviam ofrece servicios privados e independientes para guardar joyas, documentos f\u00edsicos, electr\u00f3nicos u otros objetos valiosos en un espacio de m\u00e1xima seguridad con capacidad para 4.400 cajas de seguridad en c\u00e1maras acorazadas. Sin vinculaciones con entidades financieras, Inviam ofrece a sus clientes la posibilidad de disponer, de forma inmediata y privada, de un lugar seguro para atesorar sus pertenencias desde 1 euro al d\u00eda, con un seguro de 25.000 euros incluido y ampliable hasta los 250.000 euros, as\u00ed como visitas ilimitadas y personas autorizadas sin coste adicional.<\/p>\n<\/div>\n","protected":false},"featured_media":19758,"template":"","meta":{"_acf_changed":false},"acf":[],"yoast_head":"<!-- This site is optimized with the Yoast SEO plugin v22.7 - https:\/\/yoast.com\/wordpress\/plugins\/seo\/ -->\n<title>El alquiler de cajas de seguridad se duplica de cara al verano, seg\u00fan un informe de Grupo Inviam - Blog Club del Emprendimiento<\/title>\n<meta name=\"robots\" content=\"index, follow, max-snippet:-1, max-image-preview:large, max-video-preview:-1\" \/>\n<link rel=\"canonical\" href=\"https:\/\/www.clubdelemprendimiento.com\/blog\/noticia-corporativa\/el-alquiler-de-cajas-de-seguridad-se-duplica-de-cara-al-verano-segun-un-informe-de-grupo-inviam\/\" \/>\n<meta property=\"og:locale\" content=\"es_ES\" \/>\n<meta property=\"og:type\" content=\"article\" \/>\n<meta property=\"og:title\" content=\"El alquiler de cajas de seguridad se duplica de cara al verano, seg\u00fan un informe de Grupo Inviam - Blog Club del Emprendimiento\" \/>\n<meta property=\"og:description\" content=\"La compa\u00f1\u00eda madrile\u00f1a, l\u00edder en seguridad privada en c\u00e1maras acorazadas, atribuye este incremento a&hellip;\" \/>\n<meta property=\"og:url\" content=\"https:\/\/www.clubdelemprendimiento.com\/blog\/noticia-corporativa\/el-alquiler-de-cajas-de-seguridad-se-duplica-de-cara-al-verano-segun-un-informe-de-grupo-inviam\/\" \/>\n<meta property=\"og:site_name\" content=\"Blog Club del Emprendimiento\" \/>\n<meta property=\"og:image\" content=\"https:\/\/www.clubdelemprendimiento.com\/blog\/wp-content\/uploads\/2025\/07\/PHOTO-2025-07-04-12-21-29.jpg\" \/>\n<meta name=\"twitter:card\" content=\"summary_large_image\" \/>\n<meta name=\"twitter:label1\" content=\"Tiempo de lectura\" \/>\n\t<meta name=\"twitter:data1\" content=\"4 minutos\" \/>\n<script type=\"application\/ld+json\" class=\"yoast-schema-graph\">{\"@context\":\"https:\/\/schema.org\",\"@graph\":[{\"@type\":\"WebPage\",\"@id\":\"https:\/\/www.clubdelemprendimiento.com\/blog\/noticia-corporativa\/el-alquiler-de-cajas-de-seguridad-se-duplica-de-cara-al-verano-segun-un-informe-de-grupo-inviam\/\",\"url\":\"https:\/\/www.clubdelemprendimiento.com\/blog\/noticia-corporativa\/el-alquiler-de-cajas-de-seguridad-se-duplica-de-cara-al-verano-segun-un-informe-de-grupo-inviam\/\",\"name\":\"El alquiler de cajas de seguridad se duplica de cara al verano, seg\u00fan un informe de Grupo Inviam - Blog Club del Emprendimiento\",\"isPartOf\":{\"@id\":\"https:\/\/www.clubdelemprendimiento.com\/blog\/#website\"},\"primaryImageOfPage\":{\"@id\":\"https:\/\/www.clubdelemprendimiento.com\/blog\/noticia-corporativa\/el-alquiler-de-cajas-de-seguridad-se-duplica-de-cara-al-verano-segun-un-informe-de-grupo-inviam\/#primaryimage\"},\"image\":{\"@id\":\"https:\/\/www.clubdelemprendimiento.com\/blog\/noticia-corporativa\/el-alquiler-de-cajas-de-seguridad-se-duplica-de-cara-al-verano-segun-un-informe-de-grupo-inviam\/#primaryimage\"},\"thumbnailUrl\":\"https:\/\/www.clubdelemprendimiento.com\/blog\/wp-content\/uploads\/2025\/07\/PHOTO-2025-07-04-12-21-29.jpg\",\"datePublished\":\"2025-07-04T14:04:32+00:00\",\"dateModified\":\"2025-07-04T14:04:32+00:00\",\"breadcrumb\":{\"@id\":\"https:\/\/www.clubdelemprendimiento.com\/blog\/noticia-corporativa\/el-alquiler-de-cajas-de-seguridad-se-duplica-de-cara-al-verano-segun-un-informe-de-grupo-inviam\/#breadcrumb\"},\"inLanguage\":\"es\",\"potentialAction\":[{\"@type\":\"ReadAction\",\"target\":[\"https:\/\/www.clubdelemprendimiento.com\/blog\/noticia-corporativa\/el-alquiler-de-cajas-de-seguridad-se-duplica-de-cara-al-verano-segun-un-informe-de-grupo-inviam\/\"]}]},{\"@type\":\"ImageObject\",\"inLanguage\":\"es\",\"@id\":\"https:\/\/www.clubdelemprendimiento.com\/blog\/noticia-corporativa\/el-alquiler-de-cajas-de-seguridad-se-duplica-de-cara-al-verano-segun-un-informe-de-grupo-inviam\/#primaryimage\",\"url\":\"https:\/\/www.clubdelemprendimiento.com\/blog\/wp-content\/uploads\/2025\/07\/PHOTO-2025-07-04-12-21-29.jpg\",\"contentUrl\":\"https:\/\/www.clubdelemprendimiento.com\/blog\/wp-content\/uploads\/2025\/07\/PHOTO-2025-07-04-12-21-29.jpg\",\"width\":1600,\"height\":1066},{\"@type\":\"BreadcrumbList\",\"@id\":\"https:\/\/www.clubdelemprendimiento.com\/blog\/noticia-corporativa\/el-alquiler-de-cajas-de-seguridad-se-duplica-de-cara-al-verano-segun-un-informe-de-grupo-inviam\/#breadcrumb\",\"itemListElement\":[{\"@type\":\"ListItem\",\"position\":1,\"name\":\"Home\",\"item\":\"https:\/\/www.clubdelemprendimiento.com\/blog\/\"},{\"@type\":\"ListItem\",\"position\":2,\"name\":\"Noticias Corporativas\",\"item\":\"https:\/\/www.clubdelemprendimiento.com\/blog\/noticias-corporativas\/\"},{\"@type\":\"ListItem\",\"position\":3,\"name\":\"El alquiler de cajas de seguridad se duplica de cara al verano, seg\u00fan un informe de Grupo Inviam\"}]},{\"@type\":\"WebSite\",\"@id\":\"https:\/\/www.clubdelemprendimiento.com\/blog\/#website\",\"url\":\"https:\/\/www.clubdelemprendimiento.com\/blog\/\",\"name\":\"Blog Club del Emprendimiento\",\"description\":\"\",\"potentialAction\":[{\"@type\":\"SearchAction\",\"target\":{\"@type\":\"EntryPoint\",\"urlTemplate\":\"https:\/\/www.clubdelemprendimiento.com\/blog\/?s={search_term_string}\"},\"query-input\":\"required name=search_term_string\"}],\"inLanguage\":\"es\"}]}<\/script>\n<!-- \/ Yoast SEO plugin. -->","yoast_head_json":{"title":"El alquiler de cajas de seguridad se duplica de cara al verano, seg\u00fan un informe de Grupo Inviam - Blog Club del Emprendimiento","robots":{"index":"index","follow":"follow","max-snippet":"max-snippet:-1","max-image-preview":"max-image-preview:large","max-video-preview":"max-video-preview:-1"},"canonical":"https:\/\/www.clubdelemprendimiento.com\/blog\/noticia-corporativa\/el-alquiler-de-cajas-de-seguridad-se-duplica-de-cara-al-verano-segun-un-informe-de-grupo-inviam\/","og_locale":"es_ES","og_type":"article","og_title":"El alquiler de cajas de seguridad se duplica de cara al verano, seg\u00fan un informe de Grupo Inviam - Blog Club del Emprendimiento","og_description":"La compa\u00f1\u00eda madrile\u00f1a, l\u00edder en seguridad privada en c\u00e1maras acorazadas, atribuye este incremento a&hellip;","og_url":"https:\/\/www.clubdelemprendimiento.com\/blog\/noticia-corporativa\/el-alquiler-de-cajas-de-seguridad-se-duplica-de-cara-al-verano-segun-un-informe-de-grupo-inviam\/","og_site_name":"Blog Club del Emprendimiento","og_image":[{"url":"https:\/\/www.clubdelemprendimiento.com\/blog\/wp-content\/uploads\/2025\/07\/PHOTO-2025-07-04-12-21-29.jpg"}],"twitter_card":"summary_large_image","twitter_misc":{"Tiempo de lectura":"4 minutos"},"schema":{"@context":"https:\/\/schema.org","@graph":[{"@type":"WebPage","@id":"https:\/\/www.clubdelemprendimiento.com\/blog\/noticia-corporativa\/el-alquiler-de-cajas-de-seguridad-se-duplica-de-cara-al-verano-segun-un-informe-de-grupo-inviam\/","url":"https:\/\/www.clubdelemprendimiento.com\/blog\/noticia-corporativa\/el-alquiler-de-cajas-de-seguridad-se-duplica-de-cara-al-verano-segun-un-informe-de-grupo-inviam\/","name":"El alquiler de cajas de seguridad se duplica de cara al verano, seg\u00fan un informe de Grupo Inviam - Blog Club del Emprendimiento","isPartOf":{"@id":"https:\/\/www.clubdelemprendimiento.com\/blog\/#website"},"primaryImageOfPage":{"@id":"https:\/\/www.clubdelemprendimiento.com\/blog\/noticia-corporativa\/el-alquiler-de-cajas-de-seguridad-se-duplica-de-cara-al-verano-segun-un-informe-de-grupo-inviam\/#primaryimage"},"image":{"@id":"https:\/\/www.clubdelemprendimiento.com\/blog\/noticia-corporativa\/el-alquiler-de-cajas-de-seguridad-se-duplica-de-cara-al-verano-segun-un-informe-de-grupo-inviam\/#primaryimage"},"thumbnailUrl":"https:\/\/www.clubdelemprendimiento.com\/blog\/wp-content\/uploads\/2025\/07\/PHOTO-2025-07-04-12-21-29.jpg","datePublished":"2025-07-04T14:04:32+00:00","dateModified":"2025-07-04T14:04:32+00:00","breadcrumb":{"@id":"https:\/\/www.clubdelemprendimiento.com\/blog\/noticia-corporativa\/el-alquiler-de-cajas-de-seguridad-se-duplica-de-cara-al-verano-segun-un-informe-de-grupo-inviam\/#breadcrumb"},"inLanguage":"es","potentialAction":[{"@type":"ReadAction","target":["https:\/\/www.clubdelemprendimiento.com\/blog\/noticia-corporativa\/el-alquiler-de-cajas-de-seguridad-se-duplica-de-cara-al-verano-segun-un-informe-de-grupo-inviam\/"]}]},{"@type":"ImageObject","inLanguage":"es","@id":"https:\/\/www.clubdelemprendimiento.com\/blog\/noticia-corporativa\/el-alquiler-de-cajas-de-seguridad-se-duplica-de-cara-al-verano-segun-un-informe-de-grupo-inviam\/#primaryimage","url":"https:\/\/www.clubdelemprendimiento.com\/blog\/wp-content\/uploads\/2025\/07\/PHOTO-2025-07-04-12-21-29.jpg","contentUrl":"https:\/\/www.clubdelemprendimiento.com\/blog\/wp-content\/uploads\/2025\/07\/PHOTO-2025-07-04-12-21-29.jpg","width":1600,"height":1066},{"@type":"BreadcrumbList","@id":"https:\/\/www.clubdelemprendimiento.com\/blog\/noticia-corporativa\/el-alquiler-de-cajas-de-seguridad-se-duplica-de-cara-al-verano-segun-un-informe-de-grupo-inviam\/#breadcrumb","itemListElement":[{"@type":"ListItem","position":1,"name":"Home","item":"https:\/\/www.clubdelemprendimiento.com\/blog\/"},{"@type":"ListItem","position":2,"name":"Noticias Corporativas","item":"https:\/\/www.clubdelemprendimiento.com\/blog\/noticias-corporativas\/"},{"@type":"ListItem","position":3,"name":"El alquiler de cajas de seguridad se duplica de cara al verano, seg\u00fan un informe de Grupo Inviam"}]},{"@type":"WebSite","@id":"https:\/\/www.clubdelemprendimiento.com\/blog\/#website","url":"https:\/\/www.clubdelemprendimiento.com\/blog\/","name":"Blog Club del Emprendimiento","description":"","potentialAction":[{"@type":"SearchAction","target":{"@type":"EntryPoint","urlTemplate":"https:\/\/www.clubdelemprendimiento.com\/blog\/?s={search_term_string}"},"query-input":"required name=search_term_string"}],"inLanguage":"es"}]}},"_links":{"self":[{"href":"https:\/\/www.clubdelemprendimiento.com\/blog\/wp-json\/wp\/v2\/noticia-corporativa\/19757"}],"collection":[{"href":"https:\/\/www.clubdelemprendimiento.com\/blog\/wp-json\/wp\/v2\/noticia-corporativa"}],"about":[{"href":"https:\/\/www.clubdelemprendimiento.com\/blog\/wp-json\/wp\/v2\/types\/noticia-corporativa"}],"wp:featuredmedia":[{"embeddable":true,"href":"https:\/\/www.clubdelemprendimiento.com\/blog\/wp-json\/wp\/v2\/media\/19758"}],"wp:attachment":[{"href":"https:\/\/www.clubdelemprendimiento.com\/blog\/wp-json\/wp\/v2\/media?parent=19757"}],"curies":[{"name":"wp","href":"https:\/\/api.w.org\/{rel}","templated":true}]}}