{"id":19745,"date":"2025-07-04T12:05:56","date_gmt":"2025-07-04T12:05:56","guid":{"rendered":"https:\/\/www.clubdelemprendimiento.com\/blog\/noticia-corporativa\/el-turismo-activo-y-el-ecoturismo-reafirman-su-compromiso-con-el-territorio-canario\/"},"modified":"2025-07-04T12:05:56","modified_gmt":"2025-07-04T12:05:56","slug":"el-turismo-activo-y-el-ecoturismo-reafirman-su-compromiso-con-el-territorio-canario","status":"publish","type":"noticia-corporativa","link":"https:\/\/www.clubdelemprendimiento.com\/blog\/noticia-corporativa\/el-turismo-activo-y-el-ecoturismo-reafirman-su-compromiso-con-el-territorio-canario\/","title":{"rendered":"El Turismo Activo y el Ecoturismo reafirman su compromiso con el territorio canario"},"content":{"rendered":"<div>\n<p><a href=\"https:\/\/www.clubdelemprendimiento.com\/blog\/wp-content\/uploads\/2025\/07\/Foto_familia.jpg\" target=\"_blank\" class=\"fotonota\" rel=\"noopener\"> <img decoding=\"async\" src=\"https:\/\/www.clubdelemprendimiento.com\/blog\/wp-content\/uploads\/2025\/07\/Foto_familia.jpg\" style=\"max-width:600px;\" border=\"0\" class=\"postImage\" alt=\"El Turismo Activo y el Ecoturismo reafirman su compromiso con el territorio canario\"><\/a><\/p>\n<p>Jos\u00e9 Luis Echevarr\u00eda reivindic\u00f3 la necesidad de \u00abredefinir nuestra relaci\u00f3n con el territorio y con quienes nos visitan\u00bb. A la jornada asistieron m\u00e1s de medio centenar de personas interesadas en las tem\u00e1ticas que actualmente marcan la agenda del Turismo Activo y el Ecoturismo<\/p>\n<p><\/p>\n<p>M\u00e1s de medio centenar de personas asistieron a la tercera edici\u00f3n del Ciclo de Conferencias de Turismo Activo y Ecoturismo en Canarias, una iniciativa de Ecoactiva Canarias, la Consejer\u00eda de Turismo y Empleo del Gobierno de Canarias, Turismo de Tenerife y ANETAe, que volvi\u00f3 a demostrar la sensibilizaci\u00f3n del sector del turismo de naturaleza con la protecci\u00f3n territorial y el cuidado medioambiental. \u00abEn un contexto marcado por el cambio clim\u00e1tico, la p\u00e9rdida de biodiversidad, la presi\u00f3n creciente sobre nuestros espacios naturales y la necesidad de una diversificaci\u00f3n econ\u00f3mica real, tenemos una responsabilidad colectiva: redefinir nuestra relaci\u00f3n con el territorio y con quienes nos visitan\u00bb, subray\u00f3 el presidente de Ecoactiva Canarias, Jos\u00e9 Luis Echevarr\u00eda.<\/p>\n<p>Echevarr\u00eda enunci\u00f3 los cuatro ejes de estas conferencias; formaci\u00f3n, en un contexto de b\u00fasqueda de especializaci\u00f3n en el empleo del sector; tendencias normativas a nivel estatal, en el camino hacia un turismo seguro, regulado y compatible con la conservaci\u00f3n; comercializaci\u00f3n, por la necesidad de posicionar los productos diferenciadores; y la sostenibilidad, por la sincera colaboraci\u00f3n de Ecoactiva Canarias con todos los agentes en la conservaci\u00f3n, protecci\u00f3n y cuidado de su espacio de trabajo.<\/p>\n<p>\u00abReivindicamos un modelo tur\u00edstico que no solo sea menos da\u00f1ino, sino activamente beneficioso para la sociedad y el territorio\u00bb, reclam\u00f3 el presidente de Ecoactiva Canarias y ANETAE, que tambi\u00e9n present\u00f3 a la entidad que representa como \u00abun colaborador proactivo de las administraciones p\u00fablicas, aportando conocimiento t\u00e9cnico, visi\u00f3n territorial y una red de profesionales comprometidos\u00bb. Concluy\u00f3 citando el Manifiesto de Taburiente, \u00abun compromiso con las buenas pr\u00e1cticas\u00bb y que contiene el alineamiento del sector con el cuidado medioambiental, el trabajo digno, la inclusi\u00f3n o la igualdad.<\/p>\n<p>El viceconsejero de Turismo del Gobierno de Canarias, Jos\u00e9 Manuel Sanabria, valor\u00f3 la jornada, en la que \u00abvamos a poder escuchar a los profesionales del Turismo Activo y el Ecoturismo, quienes juegan un papel clave a la hora de concienciar a los visitantes sobre la fragilidad de nuestro entorno\u00bb. En este sentido, destac\u00f3 el compromiso que muestran estas actividades con la protecci\u00f3n de los espacios naturales, apuntando que \u00abno solo generan empleo y econom\u00eda en las islas, dinamizando zonas de interior, sino que forman parte de una cadena de valor important\u00edsima, proyect\u00e1ndose en nuestro territorio de manera respetuosa y sostenible\u00bb.<\/p>\n<p>Por ese motivo, agreg\u00f3 el viceconsejero, \u00abdesde el Ejecutivo hemos apoyado desde un inicio estas modalidades y todas aquellas que inciden en el cuidado de nuestras islas, impulsando medidas como el decreto de turismo activo, que da seguridad jur\u00eddica a estas empresas y profesionaliza la actividad; o la regulaci\u00f3n de campings y acampadas\u00bb. Por \u00faltimo, destac\u00f3 la labor de Ecoactiva Canarias, con la que \u00abseguiremos colaborando, porque tenemos todav\u00eda retos y problem\u00e1ticas que resolver, y encuentros como este nos sirven para alcanzar acuerdos beneficiosos, especialmente para el territorio y la ciudadan\u00eda\u00a0canaria\u00bb.<\/p>\n<p>La consejera delegada de Turismo de Tenerife, Dimple Melwani, subray\u00f3 que \u00abeste encuentro refuerza el compromiso del sector y el trabajo conjunto p\u00fablico-privado para afrontar los principales retos del Turismo Activo y Ecoturismo, los cuales deben centrarse en minimizar los impactos ambientales y sociales, promover la conciencia y el respeto por el medio ambiente y la cultura local, y asegurar que las experiencias sean positivas tanto para los visitantes como para los residentes, adem\u00e1s de generar beneficios econ\u00f3micos para la conservaci\u00f3n\u00bb.<\/p>\n<p>\u00abGestionar el turismo de manera sostenible es nuestro principal objetivo, como entidad y como destino. En este sentido, desde nuestras competencias, la Carta por la Sostenibilidad de las Actividades de la Naturaleza es un ejemplo de ello, un proyecto participativo con las empresas de turismo activo, al que les invito a formar parte, y que contribuye a desarrollar la actividad tur\u00edstica de forma responsable cuidando nuestros espacios naturales\u00bb, se\u00f1ala Melwani.<\/p>\n<p>Para la CEO de la entidad, \u00aba\u00fan queda mucho que hacer, si bien, la gobernanza colaborativa y una mayor agilidad en tr\u00e1mites administrativos juegan un papel fundamental para garantizar el \u00e9xito hacia una isla m\u00e1s sostenible\u00bb.<\/p>\n<p>El Ciclo integr\u00f3 cuatro conferencias y una mesa redonda final, profundizando en tem\u00e1ticas de suma importancia para el desarrollo del sector en Canarias. El profesor de la ULL y miembro de la C\u00e1tedra de Turismo Cajacanarias-Ashotel, <strong>Alberto Jonay Rodr\u00edguez Darias<\/strong>, expuso el papel del Turismo Activo ante los desaf\u00edos tur\u00edsticos a los que se enfrentan las islas. La comercializaci\u00f3n fue el tema que abord\u00f3 <strong>Joan Elio Rodr\u00edguez de la Sierra<\/strong>, consultor de Comercio Electr\u00f3nico y Marketing y CEO de Jo&amp;Elio. La parte de los seguros corri\u00f3 a cargo de <strong>Carlos Moldes<\/strong>, que es socio gerente de MTres Seguros Especializados, que es una de las referencias para asegurar a empresas de Turismo Activo y Ecoturismo.<\/p>\n<p>En la mesa final se trataron cuestiones de especial importancia como las alertas clim\u00e1ticas, la gesti\u00f3n de los espacios naturales, las perspectivas del turismo en un contexto de cambio clim\u00e1tico, c\u00f3mo encajar las nuevas motivaciones del turista con este contexto o los retos normativos. Participaron representantes de la Administraci\u00f3n Auton\u00f3mica, como <strong>Gustavo Pestana P\u00e9rez<\/strong>, Jefe del Servicio de Cambio Clim\u00e1tico e Informaci\u00f3n Ambiental de la Consejer\u00eda de Transici\u00f3n Ecol\u00f3gica y Energ\u00eda; del \u00e1mbito del cuidado medioambiental y el cambio del modelo tur\u00edstico como el portavoz de ATAN Tenerife, <strong>Eustaquio Villalba<\/strong>; de la empresa de actividades de naturaleza, como <strong>Rut G\u00f3mez Linacero<\/strong> de Tazirga Wellness Tours; y del \u00e1mbito jur\u00eddico, a trav\u00e9s del asesor jur\u00eddico de Ecoactiva Canarias, <strong>Antonio Hern\u00e1ndez Rodr\u00edguez<\/strong>.<\/p>\n<\/div>\n","protected":false},"featured_media":19746,"template":"","meta":{"_acf_changed":false},"acf":[],"yoast_head":"<!-- This site is optimized with the Yoast SEO plugin v22.7 - https:\/\/yoast.com\/wordpress\/plugins\/seo\/ -->\n<title>El Turismo Activo y el Ecoturismo reafirman su compromiso con el territorio canario - Blog Club del Emprendimiento<\/title>\n<meta name=\"robots\" content=\"index, follow, max-snippet:-1, max-image-preview:large, max-video-preview:-1\" \/>\n<link rel=\"canonical\" href=\"https:\/\/www.clubdelemprendimiento.com\/blog\/noticia-corporativa\/el-turismo-activo-y-el-ecoturismo-reafirman-su-compromiso-con-el-territorio-canario\/\" \/>\n<meta property=\"og:locale\" content=\"es_ES\" \/>\n<meta property=\"og:type\" content=\"article\" \/>\n<meta property=\"og:title\" content=\"El Turismo Activo y el Ecoturismo reafirman su compromiso con el territorio canario - Blog Club del Emprendimiento\" \/>\n<meta property=\"og:description\" content=\"Jos\u00e9 Luis Echevarr\u00eda reivindic\u00f3 la necesidad de \u00abredefinir nuestra relaci\u00f3n con el territorio y&hellip;\" \/>\n<meta property=\"og:url\" content=\"https:\/\/www.clubdelemprendimiento.com\/blog\/noticia-corporativa\/el-turismo-activo-y-el-ecoturismo-reafirman-su-compromiso-con-el-territorio-canario\/\" \/>\n<meta property=\"og:site_name\" content=\"Blog Club del Emprendimiento\" \/>\n<meta property=\"og:image\" content=\"https:\/\/www.clubdelemprendimiento.com\/blog\/wp-content\/uploads\/2025\/07\/Foto_familia.jpg\" \/>\n<meta name=\"twitter:card\" content=\"summary_large_image\" \/>\n<meta name=\"twitter:label1\" content=\"Tiempo de lectura\" \/>\n\t<meta name=\"twitter:data1\" content=\"5 minutos\" \/>\n<script type=\"application\/ld+json\" class=\"yoast-schema-graph\">{\"@context\":\"https:\/\/schema.org\",\"@graph\":[{\"@type\":\"WebPage\",\"@id\":\"https:\/\/www.clubdelemprendimiento.com\/blog\/noticia-corporativa\/el-turismo-activo-y-el-ecoturismo-reafirman-su-compromiso-con-el-territorio-canario\/\",\"url\":\"https:\/\/www.clubdelemprendimiento.com\/blog\/noticia-corporativa\/el-turismo-activo-y-el-ecoturismo-reafirman-su-compromiso-con-el-territorio-canario\/\",\"name\":\"El Turismo Activo y el Ecoturismo reafirman su compromiso con el territorio canario - Blog Club del Emprendimiento\",\"isPartOf\":{\"@id\":\"https:\/\/www.clubdelemprendimiento.com\/blog\/#website\"},\"primaryImageOfPage\":{\"@id\":\"https:\/\/www.clubdelemprendimiento.com\/blog\/noticia-corporativa\/el-turismo-activo-y-el-ecoturismo-reafirman-su-compromiso-con-el-territorio-canario\/#primaryimage\"},\"image\":{\"@id\":\"https:\/\/www.clubdelemprendimiento.com\/blog\/noticia-corporativa\/el-turismo-activo-y-el-ecoturismo-reafirman-su-compromiso-con-el-territorio-canario\/#primaryimage\"},\"thumbnailUrl\":\"https:\/\/www.clubdelemprendimiento.com\/blog\/wp-content\/uploads\/2025\/07\/Foto_familia-scaled.jpg\",\"datePublished\":\"2025-07-04T12:05:56+00:00\",\"dateModified\":\"2025-07-04T12:05:56+00:00\",\"breadcrumb\":{\"@id\":\"https:\/\/www.clubdelemprendimiento.com\/blog\/noticia-corporativa\/el-turismo-activo-y-el-ecoturismo-reafirman-su-compromiso-con-el-territorio-canario\/#breadcrumb\"},\"inLanguage\":\"es\",\"potentialAction\":[{\"@type\":\"ReadAction\",\"target\":[\"https:\/\/www.clubdelemprendimiento.com\/blog\/noticia-corporativa\/el-turismo-activo-y-el-ecoturismo-reafirman-su-compromiso-con-el-territorio-canario\/\"]}]},{\"@type\":\"ImageObject\",\"inLanguage\":\"es\",\"@id\":\"https:\/\/www.clubdelemprendimiento.com\/blog\/noticia-corporativa\/el-turismo-activo-y-el-ecoturismo-reafirman-su-compromiso-con-el-territorio-canario\/#primaryimage\",\"url\":\"https:\/\/www.clubdelemprendimiento.com\/blog\/wp-content\/uploads\/2025\/07\/Foto_familia-scaled.jpg\",\"contentUrl\":\"https:\/\/www.clubdelemprendimiento.com\/blog\/wp-content\/uploads\/2025\/07\/Foto_familia-scaled.jpg\",\"width\":2560,\"height\":1710,\"caption\":\"El Turismo Activo y el Ecoturismo reafirman su compromiso con el territorio canario\"},{\"@type\":\"BreadcrumbList\",\"@id\":\"https:\/\/www.clubdelemprendimiento.com\/blog\/noticia-corporativa\/el-turismo-activo-y-el-ecoturismo-reafirman-su-compromiso-con-el-territorio-canario\/#breadcrumb\",\"itemListElement\":[{\"@type\":\"ListItem\",\"position\":1,\"name\":\"Home\",\"item\":\"https:\/\/www.clubdelemprendimiento.com\/blog\/\"},{\"@type\":\"ListItem\",\"position\":2,\"name\":\"Noticias Corporativas\",\"item\":\"https:\/\/www.clubdelemprendimiento.com\/blog\/noticias-corporativas\/\"},{\"@type\":\"ListItem\",\"position\":3,\"name\":\"El Turismo Activo y el Ecoturismo reafirman su compromiso con el territorio canario\"}]},{\"@type\":\"WebSite\",\"@id\":\"https:\/\/www.clubdelemprendimiento.com\/blog\/#website\",\"url\":\"https:\/\/www.clubdelemprendimiento.com\/blog\/\",\"name\":\"Blog Club del Emprendimiento\",\"description\":\"\",\"potentialAction\":[{\"@type\":\"SearchAction\",\"target\":{\"@type\":\"EntryPoint\",\"urlTemplate\":\"https:\/\/www.clubdelemprendimiento.com\/blog\/?s={search_term_string}\"},\"query-input\":\"required name=search_term_string\"}],\"inLanguage\":\"es\"}]}<\/script>\n<!-- \/ Yoast SEO plugin. -->","yoast_head_json":{"title":"El Turismo Activo y el Ecoturismo reafirman su compromiso con el territorio canario - Blog Club del Emprendimiento","robots":{"index":"index","follow":"follow","max-snippet":"max-snippet:-1","max-image-preview":"max-image-preview:large","max-video-preview":"max-video-preview:-1"},"canonical":"https:\/\/www.clubdelemprendimiento.com\/blog\/noticia-corporativa\/el-turismo-activo-y-el-ecoturismo-reafirman-su-compromiso-con-el-territorio-canario\/","og_locale":"es_ES","og_type":"article","og_title":"El Turismo Activo y el Ecoturismo reafirman su compromiso con el territorio canario - Blog Club del Emprendimiento","og_description":"Jos\u00e9 Luis Echevarr\u00eda reivindic\u00f3 la necesidad de \u00abredefinir nuestra relaci\u00f3n con el territorio y&hellip;","og_url":"https:\/\/www.clubdelemprendimiento.com\/blog\/noticia-corporativa\/el-turismo-activo-y-el-ecoturismo-reafirman-su-compromiso-con-el-territorio-canario\/","og_site_name":"Blog Club del Emprendimiento","og_image":[{"url":"https:\/\/www.clubdelemprendimiento.com\/blog\/wp-content\/uploads\/2025\/07\/Foto_familia.jpg"}],"twitter_card":"summary_large_image","twitter_misc":{"Tiempo de lectura":"5 minutos"},"schema":{"@context":"https:\/\/schema.org","@graph":[{"@type":"WebPage","@id":"https:\/\/www.clubdelemprendimiento.com\/blog\/noticia-corporativa\/el-turismo-activo-y-el-ecoturismo-reafirman-su-compromiso-con-el-territorio-canario\/","url":"https:\/\/www.clubdelemprendimiento.com\/blog\/noticia-corporativa\/el-turismo-activo-y-el-ecoturismo-reafirman-su-compromiso-con-el-territorio-canario\/","name":"El Turismo Activo y el Ecoturismo reafirman su compromiso con el territorio canario - Blog Club del Emprendimiento","isPartOf":{"@id":"https:\/\/www.clubdelemprendimiento.com\/blog\/#website"},"primaryImageOfPage":{"@id":"https:\/\/www.clubdelemprendimiento.com\/blog\/noticia-corporativa\/el-turismo-activo-y-el-ecoturismo-reafirman-su-compromiso-con-el-territorio-canario\/#primaryimage"},"image":{"@id":"https:\/\/www.clubdelemprendimiento.com\/blog\/noticia-corporativa\/el-turismo-activo-y-el-ecoturismo-reafirman-su-compromiso-con-el-territorio-canario\/#primaryimage"},"thumbnailUrl":"https:\/\/www.clubdelemprendimiento.com\/blog\/wp-content\/uploads\/2025\/07\/Foto_familia-scaled.jpg","datePublished":"2025-07-04T12:05:56+00:00","dateModified":"2025-07-04T12:05:56+00:00","breadcrumb":{"@id":"https:\/\/www.clubdelemprendimiento.com\/blog\/noticia-corporativa\/el-turismo-activo-y-el-ecoturismo-reafirman-su-compromiso-con-el-territorio-canario\/#breadcrumb"},"inLanguage":"es","potentialAction":[{"@type":"ReadAction","target":["https:\/\/www.clubdelemprendimiento.com\/blog\/noticia-corporativa\/el-turismo-activo-y-el-ecoturismo-reafirman-su-compromiso-con-el-territorio-canario\/"]}]},{"@type":"ImageObject","inLanguage":"es","@id":"https:\/\/www.clubdelemprendimiento.com\/blog\/noticia-corporativa\/el-turismo-activo-y-el-ecoturismo-reafirman-su-compromiso-con-el-territorio-canario\/#primaryimage","url":"https:\/\/www.clubdelemprendimiento.com\/blog\/wp-content\/uploads\/2025\/07\/Foto_familia-scaled.jpg","contentUrl":"https:\/\/www.clubdelemprendimiento.com\/blog\/wp-content\/uploads\/2025\/07\/Foto_familia-scaled.jpg","width":2560,"height":1710,"caption":"El Turismo Activo y el Ecoturismo reafirman su compromiso con el territorio canario"},{"@type":"BreadcrumbList","@id":"https:\/\/www.clubdelemprendimiento.com\/blog\/noticia-corporativa\/el-turismo-activo-y-el-ecoturismo-reafirman-su-compromiso-con-el-territorio-canario\/#breadcrumb","itemListElement":[{"@type":"ListItem","position":1,"name":"Home","item":"https:\/\/www.clubdelemprendimiento.com\/blog\/"},{"@type":"ListItem","position":2,"name":"Noticias Corporativas","item":"https:\/\/www.clubdelemprendimiento.com\/blog\/noticias-corporativas\/"},{"@type":"ListItem","position":3,"name":"El Turismo Activo y el Ecoturismo reafirman su compromiso con el territorio canario"}]},{"@type":"WebSite","@id":"https:\/\/www.clubdelemprendimiento.com\/blog\/#website","url":"https:\/\/www.clubdelemprendimiento.com\/blog\/","name":"Blog Club del Emprendimiento","description":"","potentialAction":[{"@type":"SearchAction","target":{"@type":"EntryPoint","urlTemplate":"https:\/\/www.clubdelemprendimiento.com\/blog\/?s={search_term_string}"},"query-input":"required name=search_term_string"}],"inLanguage":"es"}]}},"_links":{"self":[{"href":"https:\/\/www.clubdelemprendimiento.com\/blog\/wp-json\/wp\/v2\/noticia-corporativa\/19745"}],"collection":[{"href":"https:\/\/www.clubdelemprendimiento.com\/blog\/wp-json\/wp\/v2\/noticia-corporativa"}],"about":[{"href":"https:\/\/www.clubdelemprendimiento.com\/blog\/wp-json\/wp\/v2\/types\/noticia-corporativa"}],"wp:featuredmedia":[{"embeddable":true,"href":"https:\/\/www.clubdelemprendimiento.com\/blog\/wp-json\/wp\/v2\/media\/19746"}],"wp:attachment":[{"href":"https:\/\/www.clubdelemprendimiento.com\/blog\/wp-json\/wp\/v2\/media?parent=19745"}],"curies":[{"name":"wp","href":"https:\/\/api.w.org\/{rel}","templated":true}]}}