{"id":19728,"date":"2025-07-03T17:04:40","date_gmt":"2025-07-03T17:04:40","guid":{"rendered":"https:\/\/www.clubdelemprendimiento.com\/blog\/noticia-corporativa\/suecia-la-republica-checa-y-grecia-se-coronan-campeones-de-la-reduccion-de-danos-en-bruselas\/"},"modified":"2025-07-03T17:04:40","modified_gmt":"2025-07-03T17:04:40","slug":"suecia-la-republica-checa-y-grecia-se-coronan-campeones-de-la-reduccion-de-danos-en-bruselas","status":"publish","type":"noticia-corporativa","link":"https:\/\/www.clubdelemprendimiento.com\/blog\/noticia-corporativa\/suecia-la-republica-checa-y-grecia-se-coronan-campeones-de-la-reduccion-de-danos-en-bruselas\/","title":{"rendered":"Suecia, la Rep\u00fablica Checa y Grecia se coronan campeones de la reducci\u00f3n de da\u00f1os en Bruselas"},"content":{"rendered":"<div>\n<p><a href=\"https:\/\/www.clubdelemprendimiento.com\/blog\/wp-content\/uploads\/2025\/07\/image002.jpg\" target=\"_blank\" class=\"fotonota\" rel=\"noopener\"> <img decoding=\"async\" src=\"https:\/\/www.clubdelemprendimiento.com\/blog\/wp-content\/uploads\/2025\/07\/image002.jpg\" style=\"max-width:600px;\" border=\"0\" class=\"postImage\" alt=\"\"><\/a><\/p>\n<p>Bruselas se transform\u00f3 en un campo de juego de la Liga de Campeones de la reducci\u00f3n de da\u00f1os del tabaco cuando World Vapers&#8217; Alliance (WVA) distingui\u00f3 a Suecia, la Rep\u00fablica Checa y Grecia con el trofeo \u2018Campeones del Cambio\u2019 por sus notables progresos en la reducci\u00f3n de las tasas de tabaquismo<\/p>\n<p><\/p>\n<p>La ceremonia, celebrada ante el Parlamento Europeo, puso de relieve a los pa\u00edses que lideran la lucha contra el tabaquismo en Europa, \u00abmientras los funcionarios de la UE observaban desde la barrera\u00bb.<\/p>\n<p>El Director de la WVA, Michael Landl, al presentar los premios, se\u00f1al\u00f3: \u00abSuecia, la Rep\u00fablica Checa y Grecia han demostrado lo que es posible cuando los pa\u00edses dan prioridad a la reducci\u00f3n de da\u00f1os y a la ciencia. Sus logros demuestran que adoptar soluciones innovadoras salva vidas y ayuda a los fumadores a encontrar un camino mejor\u00bb.<\/p>\n<p>Suecia encabez\u00f3 las celebraciones al convertirse en el primer pa\u00eds del mundo oficialmente libre de humo, con s\u00f3lo un 4,5% de los adultos nacidos en Suecia fumando, cinco veces menos que la media de la UE y 16 a\u00f1os por delante del objetivo de la propia UE. La Rep\u00fablica Checa y Grecia tambi\u00e9n fueron reconocidas por sus logros: en los \u00faltimos tres a\u00f1os han reducido sus tasas de tabaquismo en un 23% y un 14%, respectivamente, adoptando planteamientos de reducci\u00f3n de da\u00f1os.<\/p>\n<p>Estos pa\u00edses est\u00e1n predicando con el ejemplo, demostrando que el progreso real viene de capacitar a las personas con herramientas eficaces e informaci\u00f3n honesta. Alberto G\u00f3mez Hern\u00e1ndez, Director de Pol\u00edticas de la WVA, a\u00f1adi\u00f3: \u00abAl defender la reducci\u00f3n de da\u00f1os, estas naciones est\u00e1n dando a millones de fumadores una aut\u00e9ntica oportunidad de dejar de fumar y construir un futuro m\u00e1s sano\u00bb.<\/p>\n<p>Mientras la Comisi\u00f3n Europea se prepara para revisar la Directiva sobre Productos del Tabaco (TPD) esta legislatura, la WVA hizo un llamamiento a Bruselas para que \u00abdeje de desperdiciar oportunidades y siga el ejemplo de los verdaderos campeones de Europa, antes de que se pierdan m\u00e1s vidas por la inacci\u00f3n\u00bb.<\/p>\n<\/div>\n","protected":false},"featured_media":19729,"template":"","meta":{"_acf_changed":false},"acf":[],"yoast_head":"<!-- This site is optimized with the Yoast SEO plugin v22.7 - https:\/\/yoast.com\/wordpress\/plugins\/seo\/ -->\n<title>Suecia, la Rep\u00fablica Checa y Grecia se coronan campeones de la reducci\u00f3n de da\u00f1os en Bruselas - Blog Club del Emprendimiento<\/title>\n<meta name=\"robots\" content=\"index, follow, max-snippet:-1, max-image-preview:large, max-video-preview:-1\" \/>\n<link rel=\"canonical\" href=\"https:\/\/www.clubdelemprendimiento.com\/blog\/noticia-corporativa\/suecia-la-republica-checa-y-grecia-se-coronan-campeones-de-la-reduccion-de-danos-en-bruselas\/\" \/>\n<meta property=\"og:locale\" content=\"es_ES\" \/>\n<meta property=\"og:type\" content=\"article\" \/>\n<meta property=\"og:title\" content=\"Suecia, la Rep\u00fablica Checa y Grecia se coronan campeones de la reducci\u00f3n de da\u00f1os en Bruselas - Blog Club del Emprendimiento\" \/>\n<meta property=\"og:description\" content=\"Bruselas se transform\u00f3 en un campo de juego de la Liga de Campeones de&hellip;\" \/>\n<meta property=\"og:url\" content=\"https:\/\/www.clubdelemprendimiento.com\/blog\/noticia-corporativa\/suecia-la-republica-checa-y-grecia-se-coronan-campeones-de-la-reduccion-de-danos-en-bruselas\/\" \/>\n<meta property=\"og:site_name\" content=\"Blog Club del Emprendimiento\" \/>\n<meta property=\"og:image\" content=\"https:\/\/www.clubdelemprendimiento.com\/blog\/wp-content\/uploads\/2025\/07\/image002.jpg\" \/>\n<meta name=\"twitter:card\" content=\"summary_large_image\" \/>\n<meta name=\"twitter:label1\" content=\"Tiempo de lectura\" \/>\n\t<meta name=\"twitter:data1\" content=\"2 minutos\" \/>\n<script type=\"application\/ld+json\" class=\"yoast-schema-graph\">{\"@context\":\"https:\/\/schema.org\",\"@graph\":[{\"@type\":\"WebPage\",\"@id\":\"https:\/\/www.clubdelemprendimiento.com\/blog\/noticia-corporativa\/suecia-la-republica-checa-y-grecia-se-coronan-campeones-de-la-reduccion-de-danos-en-bruselas\/\",\"url\":\"https:\/\/www.clubdelemprendimiento.com\/blog\/noticia-corporativa\/suecia-la-republica-checa-y-grecia-se-coronan-campeones-de-la-reduccion-de-danos-en-bruselas\/\",\"name\":\"Suecia, la Rep\u00fablica Checa y Grecia se coronan campeones de la reducci\u00f3n de da\u00f1os en Bruselas - Blog Club del Emprendimiento\",\"isPartOf\":{\"@id\":\"https:\/\/www.clubdelemprendimiento.com\/blog\/#website\"},\"primaryImageOfPage\":{\"@id\":\"https:\/\/www.clubdelemprendimiento.com\/blog\/noticia-corporativa\/suecia-la-republica-checa-y-grecia-se-coronan-campeones-de-la-reduccion-de-danos-en-bruselas\/#primaryimage\"},\"image\":{\"@id\":\"https:\/\/www.clubdelemprendimiento.com\/blog\/noticia-corporativa\/suecia-la-republica-checa-y-grecia-se-coronan-campeones-de-la-reduccion-de-danos-en-bruselas\/#primaryimage\"},\"thumbnailUrl\":\"https:\/\/www.clubdelemprendimiento.com\/blog\/wp-content\/uploads\/2025\/07\/image002.jpg\",\"datePublished\":\"2025-07-03T17:04:40+00:00\",\"dateModified\":\"2025-07-03T17:04:40+00:00\",\"breadcrumb\":{\"@id\":\"https:\/\/www.clubdelemprendimiento.com\/blog\/noticia-corporativa\/suecia-la-republica-checa-y-grecia-se-coronan-campeones-de-la-reduccion-de-danos-en-bruselas\/#breadcrumb\"},\"inLanguage\":\"es\",\"potentialAction\":[{\"@type\":\"ReadAction\",\"target\":[\"https:\/\/www.clubdelemprendimiento.com\/blog\/noticia-corporativa\/suecia-la-republica-checa-y-grecia-se-coronan-campeones-de-la-reduccion-de-danos-en-bruselas\/\"]}]},{\"@type\":\"ImageObject\",\"inLanguage\":\"es\",\"@id\":\"https:\/\/www.clubdelemprendimiento.com\/blog\/noticia-corporativa\/suecia-la-republica-checa-y-grecia-se-coronan-campeones-de-la-reduccion-de-danos-en-bruselas\/#primaryimage\",\"url\":\"https:\/\/www.clubdelemprendimiento.com\/blog\/wp-content\/uploads\/2025\/07\/image002.jpg\",\"contentUrl\":\"https:\/\/www.clubdelemprendimiento.com\/blog\/wp-content\/uploads\/2025\/07\/image002.jpg\",\"width\":760,\"height\":506},{\"@type\":\"BreadcrumbList\",\"@id\":\"https:\/\/www.clubdelemprendimiento.com\/blog\/noticia-corporativa\/suecia-la-republica-checa-y-grecia-se-coronan-campeones-de-la-reduccion-de-danos-en-bruselas\/#breadcrumb\",\"itemListElement\":[{\"@type\":\"ListItem\",\"position\":1,\"name\":\"Home\",\"item\":\"https:\/\/www.clubdelemprendimiento.com\/blog\/\"},{\"@type\":\"ListItem\",\"position\":2,\"name\":\"Noticias Corporativas\",\"item\":\"https:\/\/www.clubdelemprendimiento.com\/blog\/noticias-corporativas\/\"},{\"@type\":\"ListItem\",\"position\":3,\"name\":\"Suecia, la Rep\u00fablica Checa y Grecia se coronan campeones de la reducci\u00f3n de da\u00f1os en Bruselas\"}]},{\"@type\":\"WebSite\",\"@id\":\"https:\/\/www.clubdelemprendimiento.com\/blog\/#website\",\"url\":\"https:\/\/www.clubdelemprendimiento.com\/blog\/\",\"name\":\"Blog Club del Emprendimiento\",\"description\":\"\",\"potentialAction\":[{\"@type\":\"SearchAction\",\"target\":{\"@type\":\"EntryPoint\",\"urlTemplate\":\"https:\/\/www.clubdelemprendimiento.com\/blog\/?s={search_term_string}\"},\"query-input\":\"required name=search_term_string\"}],\"inLanguage\":\"es\"}]}<\/script>\n<!-- \/ Yoast SEO plugin. -->","yoast_head_json":{"title":"Suecia, la Rep\u00fablica Checa y Grecia se coronan campeones de la reducci\u00f3n de da\u00f1os en Bruselas - Blog Club del Emprendimiento","robots":{"index":"index","follow":"follow","max-snippet":"max-snippet:-1","max-image-preview":"max-image-preview:large","max-video-preview":"max-video-preview:-1"},"canonical":"https:\/\/www.clubdelemprendimiento.com\/blog\/noticia-corporativa\/suecia-la-republica-checa-y-grecia-se-coronan-campeones-de-la-reduccion-de-danos-en-bruselas\/","og_locale":"es_ES","og_type":"article","og_title":"Suecia, la Rep\u00fablica Checa y Grecia se coronan campeones de la reducci\u00f3n de da\u00f1os en Bruselas - Blog Club del Emprendimiento","og_description":"Bruselas se transform\u00f3 en un campo de juego de la Liga de Campeones de&hellip;","og_url":"https:\/\/www.clubdelemprendimiento.com\/blog\/noticia-corporativa\/suecia-la-republica-checa-y-grecia-se-coronan-campeones-de-la-reduccion-de-danos-en-bruselas\/","og_site_name":"Blog Club del Emprendimiento","og_image":[{"url":"https:\/\/www.clubdelemprendimiento.com\/blog\/wp-content\/uploads\/2025\/07\/image002.jpg"}],"twitter_card":"summary_large_image","twitter_misc":{"Tiempo de lectura":"2 minutos"},"schema":{"@context":"https:\/\/schema.org","@graph":[{"@type":"WebPage","@id":"https:\/\/www.clubdelemprendimiento.com\/blog\/noticia-corporativa\/suecia-la-republica-checa-y-grecia-se-coronan-campeones-de-la-reduccion-de-danos-en-bruselas\/","url":"https:\/\/www.clubdelemprendimiento.com\/blog\/noticia-corporativa\/suecia-la-republica-checa-y-grecia-se-coronan-campeones-de-la-reduccion-de-danos-en-bruselas\/","name":"Suecia, la Rep\u00fablica Checa y Grecia se coronan campeones de la reducci\u00f3n de da\u00f1os en Bruselas - Blog Club del Emprendimiento","isPartOf":{"@id":"https:\/\/www.clubdelemprendimiento.com\/blog\/#website"},"primaryImageOfPage":{"@id":"https:\/\/www.clubdelemprendimiento.com\/blog\/noticia-corporativa\/suecia-la-republica-checa-y-grecia-se-coronan-campeones-de-la-reduccion-de-danos-en-bruselas\/#primaryimage"},"image":{"@id":"https:\/\/www.clubdelemprendimiento.com\/blog\/noticia-corporativa\/suecia-la-republica-checa-y-grecia-se-coronan-campeones-de-la-reduccion-de-danos-en-bruselas\/#primaryimage"},"thumbnailUrl":"https:\/\/www.clubdelemprendimiento.com\/blog\/wp-content\/uploads\/2025\/07\/image002.jpg","datePublished":"2025-07-03T17:04:40+00:00","dateModified":"2025-07-03T17:04:40+00:00","breadcrumb":{"@id":"https:\/\/www.clubdelemprendimiento.com\/blog\/noticia-corporativa\/suecia-la-republica-checa-y-grecia-se-coronan-campeones-de-la-reduccion-de-danos-en-bruselas\/#breadcrumb"},"inLanguage":"es","potentialAction":[{"@type":"ReadAction","target":["https:\/\/www.clubdelemprendimiento.com\/blog\/noticia-corporativa\/suecia-la-republica-checa-y-grecia-se-coronan-campeones-de-la-reduccion-de-danos-en-bruselas\/"]}]},{"@type":"ImageObject","inLanguage":"es","@id":"https:\/\/www.clubdelemprendimiento.com\/blog\/noticia-corporativa\/suecia-la-republica-checa-y-grecia-se-coronan-campeones-de-la-reduccion-de-danos-en-bruselas\/#primaryimage","url":"https:\/\/www.clubdelemprendimiento.com\/blog\/wp-content\/uploads\/2025\/07\/image002.jpg","contentUrl":"https:\/\/www.clubdelemprendimiento.com\/blog\/wp-content\/uploads\/2025\/07\/image002.jpg","width":760,"height":506},{"@type":"BreadcrumbList","@id":"https:\/\/www.clubdelemprendimiento.com\/blog\/noticia-corporativa\/suecia-la-republica-checa-y-grecia-se-coronan-campeones-de-la-reduccion-de-danos-en-bruselas\/#breadcrumb","itemListElement":[{"@type":"ListItem","position":1,"name":"Home","item":"https:\/\/www.clubdelemprendimiento.com\/blog\/"},{"@type":"ListItem","position":2,"name":"Noticias Corporativas","item":"https:\/\/www.clubdelemprendimiento.com\/blog\/noticias-corporativas\/"},{"@type":"ListItem","position":3,"name":"Suecia, la Rep\u00fablica Checa y Grecia se coronan campeones de la reducci\u00f3n de da\u00f1os en Bruselas"}]},{"@type":"WebSite","@id":"https:\/\/www.clubdelemprendimiento.com\/blog\/#website","url":"https:\/\/www.clubdelemprendimiento.com\/blog\/","name":"Blog Club del Emprendimiento","description":"","potentialAction":[{"@type":"SearchAction","target":{"@type":"EntryPoint","urlTemplate":"https:\/\/www.clubdelemprendimiento.com\/blog\/?s={search_term_string}"},"query-input":"required name=search_term_string"}],"inLanguage":"es"}]}},"_links":{"self":[{"href":"https:\/\/www.clubdelemprendimiento.com\/blog\/wp-json\/wp\/v2\/noticia-corporativa\/19728"}],"collection":[{"href":"https:\/\/www.clubdelemprendimiento.com\/blog\/wp-json\/wp\/v2\/noticia-corporativa"}],"about":[{"href":"https:\/\/www.clubdelemprendimiento.com\/blog\/wp-json\/wp\/v2\/types\/noticia-corporativa"}],"wp:featuredmedia":[{"embeddable":true,"href":"https:\/\/www.clubdelemprendimiento.com\/blog\/wp-json\/wp\/v2\/media\/19729"}],"wp:attachment":[{"href":"https:\/\/www.clubdelemprendimiento.com\/blog\/wp-json\/wp\/v2\/media?parent=19728"}],"curies":[{"name":"wp","href":"https:\/\/api.w.org\/{rel}","templated":true}]}}