{"id":19710,"date":"2025-07-03T13:04:36","date_gmt":"2025-07-03T13:04:36","guid":{"rendered":"https:\/\/www.clubdelemprendimiento.com\/blog\/noticia-corporativa\/43-farmacias-de-san-sebastian-se-suman-a-la-iniciativa-altxa-burua-para-promover-un-uso-responsable-del-movil-entre-los-jovenes\/"},"modified":"2025-07-03T13:04:36","modified_gmt":"2025-07-03T13:04:36","slug":"43-farmacias-de-san-sebastian-se-suman-a-la-iniciativa-altxa-burua-para-promover-un-uso-responsable-del-movil-entre-los-jovenes","status":"publish","type":"noticia-corporativa","link":"https:\/\/www.clubdelemprendimiento.com\/blog\/noticia-corporativa\/43-farmacias-de-san-sebastian-se-suman-a-la-iniciativa-altxa-burua-para-promover-un-uso-responsable-del-movil-entre-los-jovenes\/","title":{"rendered":"43 farmacias de San Sebasti\u00e1n se suman a la iniciativa \u2018Altxa Burua\u2019 para promover un uso responsable del m\u00f3vil entre los j\u00f3venes"},"content":{"rendered":"<div>\n<p><a href=\"https:\/\/www.clubdelemprendimiento.com\/blog\/wp-content\/uploads\/2025\/07\/altxaburuapilarrostes1.jpg\" target=\"_blank\" class=\"fotonota\" rel=\"noopener\"> <img decoding=\"async\" src=\"https:\/\/www.clubdelemprendimiento.com\/blog\/wp-content\/uploads\/2025\/07\/altxaburuapilarrostes1.jpg\" style=\"max-width:600px;\" border=\"0\" class=\"postImage\" alt=\"\"><\/a><\/p>\n<p>Est\u00e1n identificadas con una pegatina para que cualquier joven que lo necesite sepa que puede utilizar la farmacia para realizar una llamada y evitar as\u00ed el uso innecesario de estos dispositivos<\/p>\n<p><\/p>\n<p><strong>El 50% de las farmacias donostiarras se ha sumado a la campa\u00f1a puesta en marcha por el<\/strong> Ayuntamiento de San Sebasti\u00e1n, en colaboraci\u00f3n con el grupo de madres y padres de la plataforma Altxa Burua Donostia, (<em>Levanta la Cabeza en euskera<\/em>), para promover un uso responsable de los tel\u00e9fonos m\u00f3viles y las nuevas tecnolog\u00edas entre los y las m\u00e1s j\u00f3venes. Bajo el lema \u2018<strong><em>Puedes utilizar el nuestro\u2019<\/em><\/strong><em>,<\/em> la iniciativa ofrece a los j\u00f3venes la posibilidad de realizar llamadas desde tel\u00e9fonos instalados en edificios p\u00fablicos y comercios de la ciudad, entre los que se encuentran adem\u00e1s 43 farmacias donostiarras.<\/p>\n<p>Altxa Burua Donostia es un movimiento social integrado por grupos de madres y padres de 30 centros educativos de la ciudad (FP, HH, LH, DBH y Bachillerato), que surgi\u00f3 de la inquietud compartida ante el acceso cada vez m\u00e1s temprano de las ni\u00f1as y los ni\u00f1os a sus propios smartphones. Sus dos objetivos principales son:<\/p>\n<p>\u00a0\u00a0\u00a0 \u2022 Retrasar al m\u00e1ximo la entrega del primer dispositivo m\u00f3vil.<\/p>\n<p>\u00a0\u00a0\u00a0 \u2022 Canalizar el uso adecuado de los tel\u00e9fonos m\u00f3viles, las redes sociales y las nuevas tecnolog\u00edas.<\/p>\n<p>Altxa Burua solicit\u00f3 el apoyo del Ayuntamiento para dar un paso m\u00e1s all\u00e1: <strong>que los y las menores no dependan de los dispositivos m\u00f3viles y que puedan contar con otros recursos si necesitan llamar a alguien<\/strong>.\u00a0<\/p>\n<p>De esa idea surgi\u00f3 la iniciativa \u2018Puedes utilizar el nuestro\u2019, que ha contado con la adhesi\u00f3n de aproximadamente 450 establecimientos, identificados con una pegatina distintiva en su escaparate y que ofrece a cualquier joven que lo requiera poder solicitar y utilizar esta llamada gratuita cuando lo necesite, evitando as\u00ed el uso innecesario del m\u00f3vil. Tambi\u00e9n lo podr\u00e1n hacer desde cualquier casa de cultura o instalaci\u00f3n deportiva municipal.<\/p>\n<p>La campa\u00f1a incluye adem\u00e1s talleres en centros escolares, charlas para familias, contenidos digitales, carteler\u00eda en espacios p\u00fablicos, y la habilitaci\u00f3n de puntos de informaci\u00f3n juvenil con recursos sobre bienestar digital, gesti\u00f3n del tiempo de pantalla y alternativas de ocio saludable.<\/p>\n<\/div>\n","protected":false},"featured_media":19711,"template":"","meta":{"_acf_changed":false},"acf":[],"yoast_head":"<!-- This site is optimized with the Yoast SEO plugin v22.7 - https:\/\/yoast.com\/wordpress\/plugins\/seo\/ -->\n<title>43 farmacias de San Sebasti\u00e1n se suman a la iniciativa \u2018Altxa Burua\u2019 para promover un uso responsable del m\u00f3vil entre los j\u00f3venes - Blog Club del Emprendimiento<\/title>\n<meta name=\"robots\" content=\"index, follow, max-snippet:-1, max-image-preview:large, max-video-preview:-1\" \/>\n<link rel=\"canonical\" href=\"https:\/\/www.clubdelemprendimiento.com\/blog\/noticia-corporativa\/43-farmacias-de-san-sebastian-se-suman-a-la-iniciativa-altxa-burua-para-promover-un-uso-responsable-del-movil-entre-los-jovenes\/\" \/>\n<meta property=\"og:locale\" content=\"es_ES\" \/>\n<meta property=\"og:type\" content=\"article\" \/>\n<meta property=\"og:title\" content=\"43 farmacias de San Sebasti\u00e1n se suman a la iniciativa \u2018Altxa Burua\u2019 para promover un uso responsable del m\u00f3vil entre los j\u00f3venes - Blog Club del Emprendimiento\" \/>\n<meta property=\"og:description\" content=\"Est\u00e1n identificadas con una pegatina para que cualquier joven que lo necesite sepa que&hellip;\" \/>\n<meta property=\"og:url\" content=\"https:\/\/www.clubdelemprendimiento.com\/blog\/noticia-corporativa\/43-farmacias-de-san-sebastian-se-suman-a-la-iniciativa-altxa-burua-para-promover-un-uso-responsable-del-movil-entre-los-jovenes\/\" \/>\n<meta property=\"og:site_name\" content=\"Blog Club del Emprendimiento\" \/>\n<meta property=\"og:image\" content=\"https:\/\/www.clubdelemprendimiento.com\/blog\/wp-content\/uploads\/2025\/07\/altxaburuapilarrostes1.jpg\" \/>\n<meta name=\"twitter:card\" content=\"summary_large_image\" \/>\n<meta name=\"twitter:label1\" content=\"Tiempo de lectura\" \/>\n\t<meta name=\"twitter:data1\" content=\"2 minutos\" \/>\n<script type=\"application\/ld+json\" class=\"yoast-schema-graph\">{\"@context\":\"https:\/\/schema.org\",\"@graph\":[{\"@type\":\"WebPage\",\"@id\":\"https:\/\/www.clubdelemprendimiento.com\/blog\/noticia-corporativa\/43-farmacias-de-san-sebastian-se-suman-a-la-iniciativa-altxa-burua-para-promover-un-uso-responsable-del-movil-entre-los-jovenes\/\",\"url\":\"https:\/\/www.clubdelemprendimiento.com\/blog\/noticia-corporativa\/43-farmacias-de-san-sebastian-se-suman-a-la-iniciativa-altxa-burua-para-promover-un-uso-responsable-del-movil-entre-los-jovenes\/\",\"name\":\"43 farmacias de San Sebasti\u00e1n se suman a la iniciativa \u2018Altxa Burua\u2019 para promover un uso responsable del m\u00f3vil entre los j\u00f3venes - Blog Club del Emprendimiento\",\"isPartOf\":{\"@id\":\"https:\/\/www.clubdelemprendimiento.com\/blog\/#website\"},\"primaryImageOfPage\":{\"@id\":\"https:\/\/www.clubdelemprendimiento.com\/blog\/noticia-corporativa\/43-farmacias-de-san-sebastian-se-suman-a-la-iniciativa-altxa-burua-para-promover-un-uso-responsable-del-movil-entre-los-jovenes\/#primaryimage\"},\"image\":{\"@id\":\"https:\/\/www.clubdelemprendimiento.com\/blog\/noticia-corporativa\/43-farmacias-de-san-sebastian-se-suman-a-la-iniciativa-altxa-burua-para-promover-un-uso-responsable-del-movil-entre-los-jovenes\/#primaryimage\"},\"thumbnailUrl\":\"https:\/\/www.clubdelemprendimiento.com\/blog\/wp-content\/uploads\/2025\/07\/altxaburuapilarrostes1-scaled.jpg\",\"datePublished\":\"2025-07-03T13:04:36+00:00\",\"dateModified\":\"2025-07-03T13:04:36+00:00\",\"breadcrumb\":{\"@id\":\"https:\/\/www.clubdelemprendimiento.com\/blog\/noticia-corporativa\/43-farmacias-de-san-sebastian-se-suman-a-la-iniciativa-altxa-burua-para-promover-un-uso-responsable-del-movil-entre-los-jovenes\/#breadcrumb\"},\"inLanguage\":\"es\",\"potentialAction\":[{\"@type\":\"ReadAction\",\"target\":[\"https:\/\/www.clubdelemprendimiento.com\/blog\/noticia-corporativa\/43-farmacias-de-san-sebastian-se-suman-a-la-iniciativa-altxa-burua-para-promover-un-uso-responsable-del-movil-entre-los-jovenes\/\"]}]},{\"@type\":\"ImageObject\",\"inLanguage\":\"es\",\"@id\":\"https:\/\/www.clubdelemprendimiento.com\/blog\/noticia-corporativa\/43-farmacias-de-san-sebastian-se-suman-a-la-iniciativa-altxa-burua-para-promover-un-uso-responsable-del-movil-entre-los-jovenes\/#primaryimage\",\"url\":\"https:\/\/www.clubdelemprendimiento.com\/blog\/wp-content\/uploads\/2025\/07\/altxaburuapilarrostes1-scaled.jpg\",\"contentUrl\":\"https:\/\/www.clubdelemprendimiento.com\/blog\/wp-content\/uploads\/2025\/07\/altxaburuapilarrostes1-scaled.jpg\",\"width\":2560,\"height\":1920},{\"@type\":\"BreadcrumbList\",\"@id\":\"https:\/\/www.clubdelemprendimiento.com\/blog\/noticia-corporativa\/43-farmacias-de-san-sebastian-se-suman-a-la-iniciativa-altxa-burua-para-promover-un-uso-responsable-del-movil-entre-los-jovenes\/#breadcrumb\",\"itemListElement\":[{\"@type\":\"ListItem\",\"position\":1,\"name\":\"Home\",\"item\":\"https:\/\/www.clubdelemprendimiento.com\/blog\/\"},{\"@type\":\"ListItem\",\"position\":2,\"name\":\"Noticias Corporativas\",\"item\":\"https:\/\/www.clubdelemprendimiento.com\/blog\/noticias-corporativas\/\"},{\"@type\":\"ListItem\",\"position\":3,\"name\":\"43 farmacias de San Sebasti\u00e1n se suman a la iniciativa \u2018Altxa Burua\u2019 para promover un uso responsable del m\u00f3vil entre los j\u00f3venes\"}]},{\"@type\":\"WebSite\",\"@id\":\"https:\/\/www.clubdelemprendimiento.com\/blog\/#website\",\"url\":\"https:\/\/www.clubdelemprendimiento.com\/blog\/\",\"name\":\"Blog Club del Emprendimiento\",\"description\":\"\",\"potentialAction\":[{\"@type\":\"SearchAction\",\"target\":{\"@type\":\"EntryPoint\",\"urlTemplate\":\"https:\/\/www.clubdelemprendimiento.com\/blog\/?s={search_term_string}\"},\"query-input\":\"required name=search_term_string\"}],\"inLanguage\":\"es\"}]}<\/script>\n<!-- \/ Yoast SEO plugin. -->","yoast_head_json":{"title":"43 farmacias de San Sebasti\u00e1n se suman a la iniciativa \u2018Altxa Burua\u2019 para promover un uso responsable del m\u00f3vil entre los j\u00f3venes - Blog Club del Emprendimiento","robots":{"index":"index","follow":"follow","max-snippet":"max-snippet:-1","max-image-preview":"max-image-preview:large","max-video-preview":"max-video-preview:-1"},"canonical":"https:\/\/www.clubdelemprendimiento.com\/blog\/noticia-corporativa\/43-farmacias-de-san-sebastian-se-suman-a-la-iniciativa-altxa-burua-para-promover-un-uso-responsable-del-movil-entre-los-jovenes\/","og_locale":"es_ES","og_type":"article","og_title":"43 farmacias de San Sebasti\u00e1n se suman a la iniciativa \u2018Altxa Burua\u2019 para promover un uso responsable del m\u00f3vil entre los j\u00f3venes - Blog Club del Emprendimiento","og_description":"Est\u00e1n identificadas con una pegatina para que cualquier joven que lo necesite sepa que&hellip;","og_url":"https:\/\/www.clubdelemprendimiento.com\/blog\/noticia-corporativa\/43-farmacias-de-san-sebastian-se-suman-a-la-iniciativa-altxa-burua-para-promover-un-uso-responsable-del-movil-entre-los-jovenes\/","og_site_name":"Blog Club del Emprendimiento","og_image":[{"url":"https:\/\/www.clubdelemprendimiento.com\/blog\/wp-content\/uploads\/2025\/07\/altxaburuapilarrostes1.jpg"}],"twitter_card":"summary_large_image","twitter_misc":{"Tiempo de lectura":"2 minutos"},"schema":{"@context":"https:\/\/schema.org","@graph":[{"@type":"WebPage","@id":"https:\/\/www.clubdelemprendimiento.com\/blog\/noticia-corporativa\/43-farmacias-de-san-sebastian-se-suman-a-la-iniciativa-altxa-burua-para-promover-un-uso-responsable-del-movil-entre-los-jovenes\/","url":"https:\/\/www.clubdelemprendimiento.com\/blog\/noticia-corporativa\/43-farmacias-de-san-sebastian-se-suman-a-la-iniciativa-altxa-burua-para-promover-un-uso-responsable-del-movil-entre-los-jovenes\/","name":"43 farmacias de San Sebasti\u00e1n se suman a la iniciativa \u2018Altxa Burua\u2019 para promover un uso responsable del m\u00f3vil entre los j\u00f3venes - Blog Club del Emprendimiento","isPartOf":{"@id":"https:\/\/www.clubdelemprendimiento.com\/blog\/#website"},"primaryImageOfPage":{"@id":"https:\/\/www.clubdelemprendimiento.com\/blog\/noticia-corporativa\/43-farmacias-de-san-sebastian-se-suman-a-la-iniciativa-altxa-burua-para-promover-un-uso-responsable-del-movil-entre-los-jovenes\/#primaryimage"},"image":{"@id":"https:\/\/www.clubdelemprendimiento.com\/blog\/noticia-corporativa\/43-farmacias-de-san-sebastian-se-suman-a-la-iniciativa-altxa-burua-para-promover-un-uso-responsable-del-movil-entre-los-jovenes\/#primaryimage"},"thumbnailUrl":"https:\/\/www.clubdelemprendimiento.com\/blog\/wp-content\/uploads\/2025\/07\/altxaburuapilarrostes1-scaled.jpg","datePublished":"2025-07-03T13:04:36+00:00","dateModified":"2025-07-03T13:04:36+00:00","breadcrumb":{"@id":"https:\/\/www.clubdelemprendimiento.com\/blog\/noticia-corporativa\/43-farmacias-de-san-sebastian-se-suman-a-la-iniciativa-altxa-burua-para-promover-un-uso-responsable-del-movil-entre-los-jovenes\/#breadcrumb"},"inLanguage":"es","potentialAction":[{"@type":"ReadAction","target":["https:\/\/www.clubdelemprendimiento.com\/blog\/noticia-corporativa\/43-farmacias-de-san-sebastian-se-suman-a-la-iniciativa-altxa-burua-para-promover-un-uso-responsable-del-movil-entre-los-jovenes\/"]}]},{"@type":"ImageObject","inLanguage":"es","@id":"https:\/\/www.clubdelemprendimiento.com\/blog\/noticia-corporativa\/43-farmacias-de-san-sebastian-se-suman-a-la-iniciativa-altxa-burua-para-promover-un-uso-responsable-del-movil-entre-los-jovenes\/#primaryimage","url":"https:\/\/www.clubdelemprendimiento.com\/blog\/wp-content\/uploads\/2025\/07\/altxaburuapilarrostes1-scaled.jpg","contentUrl":"https:\/\/www.clubdelemprendimiento.com\/blog\/wp-content\/uploads\/2025\/07\/altxaburuapilarrostes1-scaled.jpg","width":2560,"height":1920},{"@type":"BreadcrumbList","@id":"https:\/\/www.clubdelemprendimiento.com\/blog\/noticia-corporativa\/43-farmacias-de-san-sebastian-se-suman-a-la-iniciativa-altxa-burua-para-promover-un-uso-responsable-del-movil-entre-los-jovenes\/#breadcrumb","itemListElement":[{"@type":"ListItem","position":1,"name":"Home","item":"https:\/\/www.clubdelemprendimiento.com\/blog\/"},{"@type":"ListItem","position":2,"name":"Noticias Corporativas","item":"https:\/\/www.clubdelemprendimiento.com\/blog\/noticias-corporativas\/"},{"@type":"ListItem","position":3,"name":"43 farmacias de San Sebasti\u00e1n se suman a la iniciativa \u2018Altxa Burua\u2019 para promover un uso responsable del m\u00f3vil entre los j\u00f3venes"}]},{"@type":"WebSite","@id":"https:\/\/www.clubdelemprendimiento.com\/blog\/#website","url":"https:\/\/www.clubdelemprendimiento.com\/blog\/","name":"Blog Club del Emprendimiento","description":"","potentialAction":[{"@type":"SearchAction","target":{"@type":"EntryPoint","urlTemplate":"https:\/\/www.clubdelemprendimiento.com\/blog\/?s={search_term_string}"},"query-input":"required name=search_term_string"}],"inLanguage":"es"}]}},"_links":{"self":[{"href":"https:\/\/www.clubdelemprendimiento.com\/blog\/wp-json\/wp\/v2\/noticia-corporativa\/19710"}],"collection":[{"href":"https:\/\/www.clubdelemprendimiento.com\/blog\/wp-json\/wp\/v2\/noticia-corporativa"}],"about":[{"href":"https:\/\/www.clubdelemprendimiento.com\/blog\/wp-json\/wp\/v2\/types\/noticia-corporativa"}],"wp:featuredmedia":[{"embeddable":true,"href":"https:\/\/www.clubdelemprendimiento.com\/blog\/wp-json\/wp\/v2\/media\/19711"}],"wp:attachment":[{"href":"https:\/\/www.clubdelemprendimiento.com\/blog\/wp-json\/wp\/v2\/media?parent=19710"}],"curies":[{"name":"wp","href":"https:\/\/api.w.org\/{rel}","templated":true}]}}