{"id":19708,"date":"2025-07-03T12:05:32","date_gmt":"2025-07-03T12:05:32","guid":{"rendered":"https:\/\/www.clubdelemprendimiento.com\/blog\/noticia-corporativa\/fcc-cumple-125-anos-de-historia\/"},"modified":"2025-07-03T12:05:32","modified_gmt":"2025-07-03T12:05:32","slug":"fcc-cumple-125-anos-de-historia","status":"publish","type":"noticia-corporativa","link":"https:\/\/www.clubdelemprendimiento.com\/blog\/noticia-corporativa\/fcc-cumple-125-anos-de-historia\/","title":{"rendered":"FCC cumple 125 a\u00f1os de historia"},"content":{"rendered":"<div>\n<p><a href=\"https:\/\/www.clubdelemprendimiento.com\/blog\/wp-content\/uploads\/2025\/07\/FCC_A4_125.png\" target=\"_blank\" class=\"fotonota\" rel=\"noopener\"> <img decoding=\"async\" src=\"https:\/\/www.clubdelemprendimiento.com\/blog\/wp-content\/uploads\/2025\/07\/FCC_A4_125.png\" style=\"max-width:600px;\" border=\"0\" class=\"postImage\" alt=\"\"><\/a><\/p>\n<p>Desde su fundaci\u00f3n en 1900, FCC ha estado presente en la vida de las ciudades y cuidando del bienestar de las personas y ha sabido adaptarse a los cambios, expandirse internacionalmente y consolidarse como un referente en servicios medioambientales, gesti\u00f3n del ciclo integral del agua, desarrollo de infraestructuras y concesiones, con un firme compromiso con la innovaci\u00f3n y la sostenibilidad<\/p>\n<p><\/p>\n<p>El Grupo FCC conmemora este a\u00f1o un hito hist\u00f3rico: 125 a\u00f1os de trayectoria. Desde su fundaci\u00f3n en 1900, FCC ha estado presente en la vida de las ciudades y cuidando del bienestar de las personas, as\u00ed como en los grandes momentos de transformaci\u00f3n social, consolid\u00e1ndose como un referente internacional en servicios medioambientales, gesti\u00f3n del ciclo integral del agua, desarrollo de infraestructuras y concesiones.<\/p>\n<p>A lo largo de m\u00e1s de un siglo, FCC ha demostrado una s\u00f3lida capacidad de adaptaci\u00f3n y crecimiento, expandiendo su actividad a m\u00e1s de 25 pa\u00edses y manteniendo siempre su compromiso con la innovaci\u00f3n, la eficiencia y el bienestar de la ciudadan\u00eda. Esta celebraci\u00f3n no solo reconoce el pasado de FCC<strong>, <\/strong>sino que tambi\u00e9n reafirma el compromiso del Grupo con un futuro m\u00e1s sostenible, resiliente y conectado.<\/p>\n<p>A principios del siglo pasado la compa\u00f1\u00eda contribuy\u00f3 en la construcci\u00f3n de las ciudades y tuvo un papel muy importante en el proceso de hacerlas m\u00e1s habitables gracias al impulso de la gesti\u00f3n de los residuos y el saneamiento urbano. Y a mediados del siglo XX el Grupo FCC entendi\u00f3 lo importante que eran los transportes y las comunicaciones y particip\u00f3 en la construcci\u00f3n de kil\u00f3metros de autov\u00edas, l\u00edneas de ferrocarril y de metro, a la vez que se sumerg\u00eda en la gesti\u00f3n y limpieza de parques y jardines.<\/p>\n<p>En los a\u00f1os setenta y ochenta se abri\u00f3 al mundo, al igual que todos los espa\u00f1oles, y llegaron las grandes obras en el exterior y supo ver que el agua es un bien muy preciado y afront\u00f3 el reto de gestionar este recurso de forma eficiente para garantizar el suministro de agua a los hogares, implementando tecnolog\u00edas y pr\u00e1cticas innovadoras.<\/p>\n<p>Adem\u00e1s, FCC ha sido c\u00f3mplice de grandes momentos como la Exposici\u00f3n Universal de Sevilla, que ha dejado una huella imborrable, donde construy\u00f3 puentes que hoy son un icono de la arquitectura y algunos de los pabellones m\u00e1s emblem\u00e1ticos de dicha muestra. Pero su compromiso con el progreso no se detuvo all\u00ed. Se embarc\u00f3 en la aventura de la construcci\u00f3n de la alta velocidad, un hito tecnol\u00f3gico que revolucion\u00f3 la forma de viajar en nuestro pa\u00eds y que devolver\u00eda el protagonismo al ferrocarril, consolid\u00e1ndolo como una opci\u00f3n de movilidad r\u00e1pida, eficiente y sostenible. Estos hitos, que reflejan su capacidad para innovar y su compromiso con el desarrollo y bienestar social, forman parte de su historia y le inspiran a mirar al futuro con optimismo y determinaci\u00f3n.<\/p>\n<p>La primera d\u00e9cada del a\u00f1o 2000 ser\u00e1 recordada por el surgimiento del euro, la moneda com\u00fan de la Uni\u00f3n Europea, que comenz\u00f3 a circular el 1 de enero de 2002. Con el inicio de este nuevo siglo, FCC continu\u00f3 adapt\u00e1ndose a los tiempos, apostando firmemente por el medio ambiente con grandes proyectos de recolecci\u00f3n, reciclaje, agua, construcci\u00f3n y concesiones en los que la sociedad desempe\u00f1\u00f3 un papel crucial al adoptar nuevos h\u00e1bitos en favor de la sostenibilidad y la protecci\u00f3n del planeta.<\/p>\n<p>Sus ingenieros y equipos t\u00e9cnicos tambi\u00e9n tuvieron su protagonismo en su apuesta constante por la innovaci\u00f3n y el desarrollo de nuevas tecnolog\u00edas, continuaron impulsando los avances tecnol\u00f3gicos en todas las actividades del Grupo FCC y fomentando su aplicaci\u00f3n en nuevos proyectos, con el objetivo de mantener en el tiempo a la compa\u00f1\u00eda como un referente en su sector. Todo esto queda reflejado en multitud de proyectos realizados a lo largo de todos los a\u00f1os.<\/p>\n<p>FCC afronta los pr\u00f3ximos a\u00f1os con un razonable optimismo, en la seguridad de que dispone de unas bases lo suficientemente s\u00f3lidas sobre las que edificar un futuro empresarial acorde con su brillante historial.<\/p>\n<p>Continuar\u00e1 construyendo puentes, t\u00faneles, l\u00edneas de metro, de ferrocarril y aeropuertos, as\u00ed como grandes proyectos de abastecimiento de agua y controlando, hasta el m\u00e1s m\u00ednimo detalle, todas las fases que comprenden el ciclo integral del agua, persiguiendo la optimizaci\u00f3n de los recursos con el fin de mejorar el bienestar de los ciudadanos. Todo esto complementado, adem\u00e1s, con un compromiso firme con la sostenibilidad a trav\u00e9s de una amplia gama de servicios orientados a la protecci\u00f3n del entorno, entre los que destacan la gesti\u00f3n integral de residuos, la limpieza viaria y mantenimiento de zonas verdes, progresando eficientemente en la modernizaci\u00f3n y gesti\u00f3n de los sistemas de alcantarillado. Cada una de estas acciones refleja una visi\u00f3n integral y proactiva hacia un futuro m\u00e1s limpio, saludable y respetuoso con el medioambiente. \u00a0<\/p>\n<p>Para dar continuidad al proyecto del Grupo FCC que comenz\u00f3 hace 125 a\u00f1os, FCC requiere del compromiso y la colaboraci\u00f3n de todos los equipos que integran la compa\u00f1\u00eda, hoy m\u00e1s de 71.000 personas, que sin su dedicaci\u00f3n, responsabilidad y compromiso, no habr\u00eda sido posible construir la historia de FCC. Con esta conmemoraci\u00f3n, FCC reafirma su compromiso de seguir siendo un motor de progreso para las generaciones presentes y futuras.<\/p>\n<p><strong><a href=\"https:\/\/www.youtube.com\/embed\/D4vGN3z9xGU?rel=0&amp;autoplay=1;modestbranding=1\" rel=\"nofollow\">Ver v\u00eddeo aniversario 125 a\u00f1os<\/a><\/strong>.<\/p>\n<p class=\"mediakit\"><strong>V\u00eddeos<\/strong><br \/><a href=\"https:\/\/www.youtube.com\/embed\/D4vGN3z9xGU?rel=0&amp;autoplay=1;modestbranding=1\" target=\"_blank\" class=\"mediakit\" rel=\"noopener\"> 125 a\u00f1os existiendo en lo que nos rodea<\/a><\/p>\n<\/div>\n","protected":false},"featured_media":19709,"template":"","meta":{"_acf_changed":false},"acf":[],"yoast_head":"<!-- This site is optimized with the Yoast SEO plugin v22.7 - https:\/\/yoast.com\/wordpress\/plugins\/seo\/ -->\n<title>FCC cumple 125 a\u00f1os de historia - Blog Club del Emprendimiento<\/title>\n<meta name=\"robots\" content=\"index, follow, max-snippet:-1, max-image-preview:large, max-video-preview:-1\" \/>\n<link rel=\"canonical\" href=\"https:\/\/www.clubdelemprendimiento.com\/blog\/noticia-corporativa\/fcc-cumple-125-anos-de-historia\/\" \/>\n<meta property=\"og:locale\" content=\"es_ES\" \/>\n<meta property=\"og:type\" content=\"article\" \/>\n<meta property=\"og:title\" content=\"FCC cumple 125 a\u00f1os de historia - Blog Club del Emprendimiento\" \/>\n<meta property=\"og:description\" content=\"Desde su fundaci\u00f3n en 1900, FCC ha estado presente en la vida de las&hellip;\" \/>\n<meta property=\"og:url\" content=\"https:\/\/www.clubdelemprendimiento.com\/blog\/noticia-corporativa\/fcc-cumple-125-anos-de-historia\/\" \/>\n<meta property=\"og:site_name\" content=\"Blog Club del Emprendimiento\" \/>\n<meta property=\"og:image\" content=\"https:\/\/www.clubdelemprendimiento.com\/blog\/wp-content\/uploads\/2025\/07\/FCC_A4_125.png\" \/>\n<meta name=\"twitter:card\" content=\"summary_large_image\" \/>\n<meta name=\"twitter:label1\" content=\"Tiempo de lectura\" \/>\n\t<meta name=\"twitter:data1\" content=\"5 minutos\" \/>\n<script type=\"application\/ld+json\" class=\"yoast-schema-graph\">{\"@context\":\"https:\/\/schema.org\",\"@graph\":[{\"@type\":\"WebPage\",\"@id\":\"https:\/\/www.clubdelemprendimiento.com\/blog\/noticia-corporativa\/fcc-cumple-125-anos-de-historia\/\",\"url\":\"https:\/\/www.clubdelemprendimiento.com\/blog\/noticia-corporativa\/fcc-cumple-125-anos-de-historia\/\",\"name\":\"FCC cumple 125 a\u00f1os de historia - Blog Club del Emprendimiento\",\"isPartOf\":{\"@id\":\"https:\/\/www.clubdelemprendimiento.com\/blog\/#website\"},\"primaryImageOfPage\":{\"@id\":\"https:\/\/www.clubdelemprendimiento.com\/blog\/noticia-corporativa\/fcc-cumple-125-anos-de-historia\/#primaryimage\"},\"image\":{\"@id\":\"https:\/\/www.clubdelemprendimiento.com\/blog\/noticia-corporativa\/fcc-cumple-125-anos-de-historia\/#primaryimage\"},\"thumbnailUrl\":\"https:\/\/www.clubdelemprendimiento.com\/blog\/wp-content\/uploads\/2025\/07\/FCC_A4_125.png\",\"datePublished\":\"2025-07-03T12:05:32+00:00\",\"dateModified\":\"2025-07-03T12:05:32+00:00\",\"breadcrumb\":{\"@id\":\"https:\/\/www.clubdelemprendimiento.com\/blog\/noticia-corporativa\/fcc-cumple-125-anos-de-historia\/#breadcrumb\"},\"inLanguage\":\"es\",\"potentialAction\":[{\"@type\":\"ReadAction\",\"target\":[\"https:\/\/www.clubdelemprendimiento.com\/blog\/noticia-corporativa\/fcc-cumple-125-anos-de-historia\/\"]}]},{\"@type\":\"ImageObject\",\"inLanguage\":\"es\",\"@id\":\"https:\/\/www.clubdelemprendimiento.com\/blog\/noticia-corporativa\/fcc-cumple-125-anos-de-historia\/#primaryimage\",\"url\":\"https:\/\/www.clubdelemprendimiento.com\/blog\/wp-content\/uploads\/2025\/07\/FCC_A4_125.png\",\"contentUrl\":\"https:\/\/www.clubdelemprendimiento.com\/blog\/wp-content\/uploads\/2025\/07\/FCC_A4_125.png\",\"width\":595,\"height\":842},{\"@type\":\"BreadcrumbList\",\"@id\":\"https:\/\/www.clubdelemprendimiento.com\/blog\/noticia-corporativa\/fcc-cumple-125-anos-de-historia\/#breadcrumb\",\"itemListElement\":[{\"@type\":\"ListItem\",\"position\":1,\"name\":\"Home\",\"item\":\"https:\/\/www.clubdelemprendimiento.com\/blog\/\"},{\"@type\":\"ListItem\",\"position\":2,\"name\":\"Noticias Corporativas\",\"item\":\"https:\/\/www.clubdelemprendimiento.com\/blog\/noticias-corporativas\/\"},{\"@type\":\"ListItem\",\"position\":3,\"name\":\"FCC cumple 125 a\u00f1os de historia\"}]},{\"@type\":\"WebSite\",\"@id\":\"https:\/\/www.clubdelemprendimiento.com\/blog\/#website\",\"url\":\"https:\/\/www.clubdelemprendimiento.com\/blog\/\",\"name\":\"Blog Club del Emprendimiento\",\"description\":\"\",\"potentialAction\":[{\"@type\":\"SearchAction\",\"target\":{\"@type\":\"EntryPoint\",\"urlTemplate\":\"https:\/\/www.clubdelemprendimiento.com\/blog\/?s={search_term_string}\"},\"query-input\":\"required name=search_term_string\"}],\"inLanguage\":\"es\"}]}<\/script>\n<!-- \/ Yoast SEO plugin. -->","yoast_head_json":{"title":"FCC cumple 125 a\u00f1os de historia - Blog Club del Emprendimiento","robots":{"index":"index","follow":"follow","max-snippet":"max-snippet:-1","max-image-preview":"max-image-preview:large","max-video-preview":"max-video-preview:-1"},"canonical":"https:\/\/www.clubdelemprendimiento.com\/blog\/noticia-corporativa\/fcc-cumple-125-anos-de-historia\/","og_locale":"es_ES","og_type":"article","og_title":"FCC cumple 125 a\u00f1os de historia - Blog Club del Emprendimiento","og_description":"Desde su fundaci\u00f3n en 1900, FCC ha estado presente en la vida de las&hellip;","og_url":"https:\/\/www.clubdelemprendimiento.com\/blog\/noticia-corporativa\/fcc-cumple-125-anos-de-historia\/","og_site_name":"Blog Club del Emprendimiento","og_image":[{"url":"https:\/\/www.clubdelemprendimiento.com\/blog\/wp-content\/uploads\/2025\/07\/FCC_A4_125.png"}],"twitter_card":"summary_large_image","twitter_misc":{"Tiempo de lectura":"5 minutos"},"schema":{"@context":"https:\/\/schema.org","@graph":[{"@type":"WebPage","@id":"https:\/\/www.clubdelemprendimiento.com\/blog\/noticia-corporativa\/fcc-cumple-125-anos-de-historia\/","url":"https:\/\/www.clubdelemprendimiento.com\/blog\/noticia-corporativa\/fcc-cumple-125-anos-de-historia\/","name":"FCC cumple 125 a\u00f1os de historia - Blog Club del Emprendimiento","isPartOf":{"@id":"https:\/\/www.clubdelemprendimiento.com\/blog\/#website"},"primaryImageOfPage":{"@id":"https:\/\/www.clubdelemprendimiento.com\/blog\/noticia-corporativa\/fcc-cumple-125-anos-de-historia\/#primaryimage"},"image":{"@id":"https:\/\/www.clubdelemprendimiento.com\/blog\/noticia-corporativa\/fcc-cumple-125-anos-de-historia\/#primaryimage"},"thumbnailUrl":"https:\/\/www.clubdelemprendimiento.com\/blog\/wp-content\/uploads\/2025\/07\/FCC_A4_125.png","datePublished":"2025-07-03T12:05:32+00:00","dateModified":"2025-07-03T12:05:32+00:00","breadcrumb":{"@id":"https:\/\/www.clubdelemprendimiento.com\/blog\/noticia-corporativa\/fcc-cumple-125-anos-de-historia\/#breadcrumb"},"inLanguage":"es","potentialAction":[{"@type":"ReadAction","target":["https:\/\/www.clubdelemprendimiento.com\/blog\/noticia-corporativa\/fcc-cumple-125-anos-de-historia\/"]}]},{"@type":"ImageObject","inLanguage":"es","@id":"https:\/\/www.clubdelemprendimiento.com\/blog\/noticia-corporativa\/fcc-cumple-125-anos-de-historia\/#primaryimage","url":"https:\/\/www.clubdelemprendimiento.com\/blog\/wp-content\/uploads\/2025\/07\/FCC_A4_125.png","contentUrl":"https:\/\/www.clubdelemprendimiento.com\/blog\/wp-content\/uploads\/2025\/07\/FCC_A4_125.png","width":595,"height":842},{"@type":"BreadcrumbList","@id":"https:\/\/www.clubdelemprendimiento.com\/blog\/noticia-corporativa\/fcc-cumple-125-anos-de-historia\/#breadcrumb","itemListElement":[{"@type":"ListItem","position":1,"name":"Home","item":"https:\/\/www.clubdelemprendimiento.com\/blog\/"},{"@type":"ListItem","position":2,"name":"Noticias Corporativas","item":"https:\/\/www.clubdelemprendimiento.com\/blog\/noticias-corporativas\/"},{"@type":"ListItem","position":3,"name":"FCC cumple 125 a\u00f1os de historia"}]},{"@type":"WebSite","@id":"https:\/\/www.clubdelemprendimiento.com\/blog\/#website","url":"https:\/\/www.clubdelemprendimiento.com\/blog\/","name":"Blog Club del Emprendimiento","description":"","potentialAction":[{"@type":"SearchAction","target":{"@type":"EntryPoint","urlTemplate":"https:\/\/www.clubdelemprendimiento.com\/blog\/?s={search_term_string}"},"query-input":"required name=search_term_string"}],"inLanguage":"es"}]}},"_links":{"self":[{"href":"https:\/\/www.clubdelemprendimiento.com\/blog\/wp-json\/wp\/v2\/noticia-corporativa\/19708"}],"collection":[{"href":"https:\/\/www.clubdelemprendimiento.com\/blog\/wp-json\/wp\/v2\/noticia-corporativa"}],"about":[{"href":"https:\/\/www.clubdelemprendimiento.com\/blog\/wp-json\/wp\/v2\/types\/noticia-corporativa"}],"wp:featuredmedia":[{"embeddable":true,"href":"https:\/\/www.clubdelemprendimiento.com\/blog\/wp-json\/wp\/v2\/media\/19709"}],"wp:attachment":[{"href":"https:\/\/www.clubdelemprendimiento.com\/blog\/wp-json\/wp\/v2\/media?parent=19708"}],"curies":[{"name":"wp","href":"https:\/\/api.w.org\/{rel}","templated":true}]}}