{"id":19694,"date":"2025-07-02T18:04:53","date_gmt":"2025-07-02T18:04:53","guid":{"rendered":"https:\/\/www.clubdelemprendimiento.com\/blog\/noticia-corporativa\/atos-respalda-con-exito-el-campeonato-de-europa-sub-21-de-la-uefa-2025\/"},"modified":"2025-07-02T18:04:53","modified_gmt":"2025-07-02T18:04:53","slug":"atos-respalda-con-exito-el-campeonato-de-europa-sub-21-de-la-uefa-2025","status":"publish","type":"noticia-corporativa","link":"https:\/\/www.clubdelemprendimiento.com\/blog\/noticia-corporativa\/atos-respalda-con-exito-el-campeonato-de-europa-sub-21-de-la-uefa-2025\/","title":{"rendered":"Atos respalda con \u00e9xito el Campeonato de Europa Sub-21 de la UEFA 2025\u2122"},"content":{"rendered":"<div>\n<p><a href=\"https:\/\/www.clubdelemprendimiento.com\/blog\/wp-content\/uploads\/2025\/07\/NP_-_Atos_respalda_con_xito_el_Campeonato_de_Europa_Sub-21_de_la_UEFA_2025.jpg\" target=\"_blank\" class=\"fotonota\" rel=\"noopener\"> <img decoding=\"async\" src=\"https:\/\/www.clubdelemprendimiento.com\/blog\/wp-content\/uploads\/2025\/07\/NP_-_Atos_respalda_con_xito_el_Campeonato_de_Europa_Sub-21_de_la_UEFA_2025.jpg\" style=\"max-width:600px;\" border=\"0\" class=\"postImage\" alt=\"\"><\/a><\/p>\n<p>Atos, Partner Oficial de Tecnolog\u00edas de la Informaci\u00f3n de las selecciones nacionales de la UEFA, ha prestado servicios clave de TI y soporte de aplicaciones para el Campeonato de Europa Sub-21 de la UEFA 2025, celebrado del 11 al 28 de junio en Eslovaquia. Este torneo, que re\u00fane a 16 selecciones europeas, ha sido hist\u00f3ricamente el punto de partida de muchas leyendas del f\u00fatbol internacional<\/p>\n<p><\/p>\n<p>La compa\u00f1\u00eda ha brindado soporte tecnol\u00f3gico a un total de 31 partidos disputados en 17 d\u00edas, en 8 ciudades eslovacas. Entre los servicios proporcionados destacan:<\/p>\n<ul>\n<li>Sistemas de gesti\u00f3n de eventos, incluyendo acreditaciones, control de accesos, soluciones para competiciones, comunicaciones por radio y asistencia a trav\u00e9s de service desk.<\/li>\n<li>Plataformas de difusi\u00f3n, como el portal digital del torneo, la app oficial y el sitio web, que incorporaron funciones interactivas como predicci\u00f3n de resultados y concursos tem\u00e1ticos.<\/li>\n<li>Servicios de ciberseguridad integral, desde cumplimiento normativo y an\u00e1lisis de amenazas hasta protecci\u00f3n en campo y en entornos h\u00edbridos en la nube.<\/li>\n<\/ul>\n<p>El campeonato ha sido un rotundo \u00e9xito de p\u00fablico, con una asistencia total de 244.866 espectadores, como demostraron numerosos empleados de Atos que acudieron a los encuentros. La final, celebrada en Bratislava, bati\u00f3 el r\u00e9cord de asistencia con m\u00e1s de 18.000 aficionados en el estadio. En t\u00e9rminos de audiencia televisiva, el torneo tambi\u00e9n ha establecido un nuevo hito, superando los 100 millones de espectadores acumulados. Antes de la final, las audiencias locales crecieron un 7% en todos los mercados participantes, y un 55% en los seis principales mercados europeos, impulsadas especialmente por Alemania y Reino Unido. Asimismo, se prev\u00e9 que las audiencias digitales, visitas al sitio web y descargas de la aplicaci\u00f3n, tambi\u00e9n marquen cifras r\u00e9cord.<\/p>\n<p>M\u00e1s all\u00e1 de los servicios prestados, Atos se enorgullece de apoyar a la nueva generaci\u00f3n de jugadores y estrellas emergentes del f\u00fatbol europeo mediante tecnolog\u00edas avanzadas. Los datos recogidos durante el torneo han sido procesados mediante inteligencia artificial para identificar estrategias y nuevas tendencias del juego, ofreciendo as\u00ed a entrenadores y analistas una comprensi\u00f3n m\u00e1s profunda de la evoluci\u00f3n del rendimiento de jugadores y equipos.<\/p>\n<p>\u00abNos sentimos privilegiados de haber sido testigos en primera fila del surgimiento de las pr\u00f3ximas estrellas del f\u00fatbol durante el Campeonato Sub-21 en Eslovaquia. Nuestro objetivo fue siempre ofrecer servicios tecnol\u00f3gicos de primer nivel para que estos j\u00f3venes talentos pudieran dar el salto al escenario internacional en las mejores condiciones posibles\u00bb, afirm\u00f3 <strong>Nacho Moros, responsable de Grandes Eventos en Atos.<\/strong><\/p>\n<p>Adem\u00e1s de representar un punto de inflexi\u00f3n en la carrera de muchos jugadores excepcionales, el Campeonato Sub-21 tambi\u00e9n act\u00faa como antesala del torneo masculino de f\u00fatbol de los Juegos Ol\u00edmpicos.<\/p>\n<p>Desde el inicio de su colaboraci\u00f3n en 2022, Atos y UEFA han consolidado una s\u00f3lida alianza tecnol\u00f3gica. Atos colabora de forma diaria con UEFA para gestionar, mejorar y optimizar su complejo ecosistema tecnol\u00f3gico, al tiempo que la ayuda a enfrentarse a los retos emergentes de la transformaci\u00f3n digital. La compa\u00f1\u00eda tambi\u00e9n ha desempe\u00f1ado un papel clave en el \u00e9xito de eventos recientes como la UEFA EURO 2024\u2122 y la fase final de la UEFA Nations League\u2122 2025, celebrada en Alemania.<\/p>\n<p>Con m\u00e1s de 30 a\u00f1os de experiencia, Atos cuenta con una divisi\u00f3n interna especializada en deporte y grandes eventos (\u00abMajor Events\u00bb), que le permite ofrecer un servicio flexible y de alta calidad, tanto para competiciones locales como para citas globales de gran escala.<\/p>\n<p>Desde 1992, Atos colabora con el Movimiento Ol\u00edmpico y, desde 2002, con el Movimiento Paral\u00edmpico. Es tambi\u00e9n el socio digital oficial de Special Olympics International. Entre sus colaboraciones m\u00e1s recientes destacan los Juegos Ol\u00edmpicos y Paral\u00edmpicos de Par\u00eds 2024, los Invictus Games Vancouver 2025 y los Juegos de Invierno Special Olympics Torino 2025.<\/p>\n<\/div>\n","protected":false},"featured_media":19695,"template":"","meta":{"_acf_changed":false},"acf":[],"yoast_head":"<!-- This site is optimized with the Yoast SEO plugin v22.7 - https:\/\/yoast.com\/wordpress\/plugins\/seo\/ -->\n<title>Atos respalda con \u00e9xito el Campeonato de Europa Sub-21 de la UEFA 2025\u2122 - Blog Club del Emprendimiento<\/title>\n<meta name=\"robots\" content=\"index, follow, max-snippet:-1, max-image-preview:large, max-video-preview:-1\" \/>\n<link rel=\"canonical\" href=\"https:\/\/www.clubdelemprendimiento.com\/blog\/noticia-corporativa\/atos-respalda-con-exito-el-campeonato-de-europa-sub-21-de-la-uefa-2025\/\" \/>\n<meta property=\"og:locale\" content=\"es_ES\" \/>\n<meta property=\"og:type\" content=\"article\" \/>\n<meta property=\"og:title\" content=\"Atos respalda con \u00e9xito el Campeonato de Europa Sub-21 de la UEFA 2025\u2122 - Blog Club del Emprendimiento\" \/>\n<meta property=\"og:description\" content=\"Atos, Partner Oficial de Tecnolog\u00edas de la Informaci\u00f3n de las selecciones nacionales de la&hellip;\" \/>\n<meta property=\"og:url\" content=\"https:\/\/www.clubdelemprendimiento.com\/blog\/noticia-corporativa\/atos-respalda-con-exito-el-campeonato-de-europa-sub-21-de-la-uefa-2025\/\" \/>\n<meta property=\"og:site_name\" content=\"Blog Club del Emprendimiento\" \/>\n<meta property=\"og:image\" content=\"https:\/\/www.clubdelemprendimiento.com\/blog\/wp-content\/uploads\/2025\/07\/NP_-_Atos_respalda_con_xito_el_Campeonato_de_Europa_Sub-21_de_la_UEFA_2025.jpg\" \/>\n<meta name=\"twitter:card\" content=\"summary_large_image\" \/>\n<meta name=\"twitter:label1\" content=\"Tiempo de lectura\" \/>\n\t<meta name=\"twitter:data1\" content=\"3 minutos\" \/>\n<script type=\"application\/ld+json\" class=\"yoast-schema-graph\">{\"@context\":\"https:\/\/schema.org\",\"@graph\":[{\"@type\":\"WebPage\",\"@id\":\"https:\/\/www.clubdelemprendimiento.com\/blog\/noticia-corporativa\/atos-respalda-con-exito-el-campeonato-de-europa-sub-21-de-la-uefa-2025\/\",\"url\":\"https:\/\/www.clubdelemprendimiento.com\/blog\/noticia-corporativa\/atos-respalda-con-exito-el-campeonato-de-europa-sub-21-de-la-uefa-2025\/\",\"name\":\"Atos respalda con \u00e9xito el Campeonato de Europa Sub-21 de la UEFA 2025\u2122 - Blog Club del Emprendimiento\",\"isPartOf\":{\"@id\":\"https:\/\/www.clubdelemprendimiento.com\/blog\/#website\"},\"primaryImageOfPage\":{\"@id\":\"https:\/\/www.clubdelemprendimiento.com\/blog\/noticia-corporativa\/atos-respalda-con-exito-el-campeonato-de-europa-sub-21-de-la-uefa-2025\/#primaryimage\"},\"image\":{\"@id\":\"https:\/\/www.clubdelemprendimiento.com\/blog\/noticia-corporativa\/atos-respalda-con-exito-el-campeonato-de-europa-sub-21-de-la-uefa-2025\/#primaryimage\"},\"thumbnailUrl\":\"https:\/\/www.clubdelemprendimiento.com\/blog\/wp-content\/uploads\/2025\/07\/NP_-_Atos_respalda_con_xito_el_Campeonato_de_Europa_Sub-21_de_la_UEFA_2025.jpg\",\"datePublished\":\"2025-07-02T18:04:53+00:00\",\"dateModified\":\"2025-07-02T18:04:53+00:00\",\"breadcrumb\":{\"@id\":\"https:\/\/www.clubdelemprendimiento.com\/blog\/noticia-corporativa\/atos-respalda-con-exito-el-campeonato-de-europa-sub-21-de-la-uefa-2025\/#breadcrumb\"},\"inLanguage\":\"es\",\"potentialAction\":[{\"@type\":\"ReadAction\",\"target\":[\"https:\/\/www.clubdelemprendimiento.com\/blog\/noticia-corporativa\/atos-respalda-con-exito-el-campeonato-de-europa-sub-21-de-la-uefa-2025\/\"]}]},{\"@type\":\"ImageObject\",\"inLanguage\":\"es\",\"@id\":\"https:\/\/www.clubdelemprendimiento.com\/blog\/noticia-corporativa\/atos-respalda-con-exito-el-campeonato-de-europa-sub-21-de-la-uefa-2025\/#primaryimage\",\"url\":\"https:\/\/www.clubdelemprendimiento.com\/blog\/wp-content\/uploads\/2025\/07\/NP_-_Atos_respalda_con_xito_el_Campeonato_de_Europa_Sub-21_de_la_UEFA_2025.jpg\",\"contentUrl\":\"https:\/\/www.clubdelemprendimiento.com\/blog\/wp-content\/uploads\/2025\/07\/NP_-_Atos_respalda_con_xito_el_Campeonato_de_Europa_Sub-21_de_la_UEFA_2025.jpg\",\"width\":768,\"height\":512},{\"@type\":\"BreadcrumbList\",\"@id\":\"https:\/\/www.clubdelemprendimiento.com\/blog\/noticia-corporativa\/atos-respalda-con-exito-el-campeonato-de-europa-sub-21-de-la-uefa-2025\/#breadcrumb\",\"itemListElement\":[{\"@type\":\"ListItem\",\"position\":1,\"name\":\"Home\",\"item\":\"https:\/\/www.clubdelemprendimiento.com\/blog\/\"},{\"@type\":\"ListItem\",\"position\":2,\"name\":\"Noticias Corporativas\",\"item\":\"https:\/\/www.clubdelemprendimiento.com\/blog\/noticias-corporativas\/\"},{\"@type\":\"ListItem\",\"position\":3,\"name\":\"Atos respalda con \u00e9xito el Campeonato de Europa Sub-21 de la UEFA 2025\u2122\"}]},{\"@type\":\"WebSite\",\"@id\":\"https:\/\/www.clubdelemprendimiento.com\/blog\/#website\",\"url\":\"https:\/\/www.clubdelemprendimiento.com\/blog\/\",\"name\":\"Blog Club del Emprendimiento\",\"description\":\"\",\"potentialAction\":[{\"@type\":\"SearchAction\",\"target\":{\"@type\":\"EntryPoint\",\"urlTemplate\":\"https:\/\/www.clubdelemprendimiento.com\/blog\/?s={search_term_string}\"},\"query-input\":\"required name=search_term_string\"}],\"inLanguage\":\"es\"}]}<\/script>\n<!-- \/ Yoast SEO plugin. -->","yoast_head_json":{"title":"Atos respalda con \u00e9xito el Campeonato de Europa Sub-21 de la UEFA 2025\u2122 - Blog Club del Emprendimiento","robots":{"index":"index","follow":"follow","max-snippet":"max-snippet:-1","max-image-preview":"max-image-preview:large","max-video-preview":"max-video-preview:-1"},"canonical":"https:\/\/www.clubdelemprendimiento.com\/blog\/noticia-corporativa\/atos-respalda-con-exito-el-campeonato-de-europa-sub-21-de-la-uefa-2025\/","og_locale":"es_ES","og_type":"article","og_title":"Atos respalda con \u00e9xito el Campeonato de Europa Sub-21 de la UEFA 2025\u2122 - Blog Club del Emprendimiento","og_description":"Atos, Partner Oficial de Tecnolog\u00edas de la Informaci\u00f3n de las selecciones nacionales de la&hellip;","og_url":"https:\/\/www.clubdelemprendimiento.com\/blog\/noticia-corporativa\/atos-respalda-con-exito-el-campeonato-de-europa-sub-21-de-la-uefa-2025\/","og_site_name":"Blog Club del Emprendimiento","og_image":[{"url":"https:\/\/www.clubdelemprendimiento.com\/blog\/wp-content\/uploads\/2025\/07\/NP_-_Atos_respalda_con_xito_el_Campeonato_de_Europa_Sub-21_de_la_UEFA_2025.jpg"}],"twitter_card":"summary_large_image","twitter_misc":{"Tiempo de lectura":"3 minutos"},"schema":{"@context":"https:\/\/schema.org","@graph":[{"@type":"WebPage","@id":"https:\/\/www.clubdelemprendimiento.com\/blog\/noticia-corporativa\/atos-respalda-con-exito-el-campeonato-de-europa-sub-21-de-la-uefa-2025\/","url":"https:\/\/www.clubdelemprendimiento.com\/blog\/noticia-corporativa\/atos-respalda-con-exito-el-campeonato-de-europa-sub-21-de-la-uefa-2025\/","name":"Atos respalda con \u00e9xito el Campeonato de Europa Sub-21 de la UEFA 2025\u2122 - Blog Club del Emprendimiento","isPartOf":{"@id":"https:\/\/www.clubdelemprendimiento.com\/blog\/#website"},"primaryImageOfPage":{"@id":"https:\/\/www.clubdelemprendimiento.com\/blog\/noticia-corporativa\/atos-respalda-con-exito-el-campeonato-de-europa-sub-21-de-la-uefa-2025\/#primaryimage"},"image":{"@id":"https:\/\/www.clubdelemprendimiento.com\/blog\/noticia-corporativa\/atos-respalda-con-exito-el-campeonato-de-europa-sub-21-de-la-uefa-2025\/#primaryimage"},"thumbnailUrl":"https:\/\/www.clubdelemprendimiento.com\/blog\/wp-content\/uploads\/2025\/07\/NP_-_Atos_respalda_con_xito_el_Campeonato_de_Europa_Sub-21_de_la_UEFA_2025.jpg","datePublished":"2025-07-02T18:04:53+00:00","dateModified":"2025-07-02T18:04:53+00:00","breadcrumb":{"@id":"https:\/\/www.clubdelemprendimiento.com\/blog\/noticia-corporativa\/atos-respalda-con-exito-el-campeonato-de-europa-sub-21-de-la-uefa-2025\/#breadcrumb"},"inLanguage":"es","potentialAction":[{"@type":"ReadAction","target":["https:\/\/www.clubdelemprendimiento.com\/blog\/noticia-corporativa\/atos-respalda-con-exito-el-campeonato-de-europa-sub-21-de-la-uefa-2025\/"]}]},{"@type":"ImageObject","inLanguage":"es","@id":"https:\/\/www.clubdelemprendimiento.com\/blog\/noticia-corporativa\/atos-respalda-con-exito-el-campeonato-de-europa-sub-21-de-la-uefa-2025\/#primaryimage","url":"https:\/\/www.clubdelemprendimiento.com\/blog\/wp-content\/uploads\/2025\/07\/NP_-_Atos_respalda_con_xito_el_Campeonato_de_Europa_Sub-21_de_la_UEFA_2025.jpg","contentUrl":"https:\/\/www.clubdelemprendimiento.com\/blog\/wp-content\/uploads\/2025\/07\/NP_-_Atos_respalda_con_xito_el_Campeonato_de_Europa_Sub-21_de_la_UEFA_2025.jpg","width":768,"height":512},{"@type":"BreadcrumbList","@id":"https:\/\/www.clubdelemprendimiento.com\/blog\/noticia-corporativa\/atos-respalda-con-exito-el-campeonato-de-europa-sub-21-de-la-uefa-2025\/#breadcrumb","itemListElement":[{"@type":"ListItem","position":1,"name":"Home","item":"https:\/\/www.clubdelemprendimiento.com\/blog\/"},{"@type":"ListItem","position":2,"name":"Noticias Corporativas","item":"https:\/\/www.clubdelemprendimiento.com\/blog\/noticias-corporativas\/"},{"@type":"ListItem","position":3,"name":"Atos respalda con \u00e9xito el Campeonato de Europa Sub-21 de la UEFA 2025\u2122"}]},{"@type":"WebSite","@id":"https:\/\/www.clubdelemprendimiento.com\/blog\/#website","url":"https:\/\/www.clubdelemprendimiento.com\/blog\/","name":"Blog Club del Emprendimiento","description":"","potentialAction":[{"@type":"SearchAction","target":{"@type":"EntryPoint","urlTemplate":"https:\/\/www.clubdelemprendimiento.com\/blog\/?s={search_term_string}"},"query-input":"required name=search_term_string"}],"inLanguage":"es"}]}},"_links":{"self":[{"href":"https:\/\/www.clubdelemprendimiento.com\/blog\/wp-json\/wp\/v2\/noticia-corporativa\/19694"}],"collection":[{"href":"https:\/\/www.clubdelemprendimiento.com\/blog\/wp-json\/wp\/v2\/noticia-corporativa"}],"about":[{"href":"https:\/\/www.clubdelemprendimiento.com\/blog\/wp-json\/wp\/v2\/types\/noticia-corporativa"}],"wp:featuredmedia":[{"embeddable":true,"href":"https:\/\/www.clubdelemprendimiento.com\/blog\/wp-json\/wp\/v2\/media\/19695"}],"wp:attachment":[{"href":"https:\/\/www.clubdelemprendimiento.com\/blog\/wp-json\/wp\/v2\/media?parent=19694"}],"curies":[{"name":"wp","href":"https:\/\/api.w.org\/{rel}","templated":true}]}}