{"id":19690,"date":"2025-07-02T15:00:44","date_gmt":"2025-07-02T15:00:44","guid":{"rendered":"https:\/\/www.clubdelemprendimiento.com\/blog\/noticia-corporativa\/madrid-se-viste-de-gala-con-los-premios-diamante-tributo-a-lideres-del-mundo-empresarial-y-mediatico\/"},"modified":"2025-07-02T15:00:44","modified_gmt":"2025-07-02T15:00:44","slug":"madrid-se-viste-de-gala-con-los-premios-diamante-tributo-a-lideres-del-mundo-empresarial-y-mediatico","status":"publish","type":"noticia-corporativa","link":"https:\/\/www.clubdelemprendimiento.com\/blog\/noticia-corporativa\/madrid-se-viste-de-gala-con-los-premios-diamante-tributo-a-lideres-del-mundo-empresarial-y-mediatico\/","title":{"rendered":"Madrid se viste de gala con los Premios Diamante: tributo a l\u00edderes del mundo empresarial y medi\u00e1tico"},"content":{"rendered":"<div>\n<p><a href=\"https:\/\/www.clubdelemprendimiento.com\/blog\/wp-content\/uploads\/2025\/07\/WhatsApp_Image_2025-07-01_at_132318.jpeg\" target=\"_blank\" class=\"fotonota\" rel=\"noopener\"> <img decoding=\"async\" src=\"https:\/\/www.clubdelemprendimiento.com\/blog\/wp-content\/uploads\/2025\/07\/WhatsApp_Image_2025-07-01_at_132318.jpeg\" style=\"max-width:600px;\" border=\"0\" class=\"postImage\" alt=\"\"><\/a><\/p>\n<p>El Palacio de los Duques de Santo\u00f1a acogi\u00f3 la ceremonia de entrega de los Premios Diamante, organizados por la Sociedad Europea Cultural, Social y Empresarial (SECSE). La gala, conducida por el periodista Jes\u00fas \u00c1lvarez y con la presencia del Dr. Javier Urra, socio de SECSE y encargado de entregar los galardones, reuni\u00f3 a destacadas figuras que fueron reconocidas por su trayectoria, innovaci\u00f3n y compromiso<\/p>\n<p><\/p>\n<p><strong>La Sociedad Europea Cultural, Social y Empresarial (SECSE),<\/strong> bajo la direcci\u00f3n de <strong>Gonzalo Iglesias y Rosa Sabogal,<\/strong> volvi\u00f3 a poner en valor el talento y la dedicaci\u00f3n de l\u00edderes empresariales y medi\u00e1ticos en una gala donde el <strong>Dr. Javier Urra,<\/strong> psic\u00f3logo y ex Defensor del Menor, entreg\u00f3 los premios destacando la importancia del compromiso humano detr\u00e1s de cada \u00e9xito profesional.<\/p>\n<p>Entre los galardonados destac\u00f3 <strong>Younes Bousserhane<\/strong>,<strong> CEO de Eco Advance,<\/strong> quien ha llevado a su empresa a la vanguardia en tecnolog\u00eda ecol\u00f3gica para el tratamiento de agua y la limpieza, combinando innovaci\u00f3n alemana y tecnolog\u00eda avanzada para mejorar la salud y sostenibilidad en hogares y empresas.<\/p>\n<p><strong>Miguel Rosales Cazorla<\/strong>, al frente de <strong>Finca Las Malezas<\/strong>, fue reconocido por la excelencia de su aceite de oliva virgen extra &#8216;Primer D\u00eda de Cosecha&#8217;, premiado como el mejor del mundo. Su proyecto familiar en Ja\u00e9n combina tradici\u00f3n, calidad artesanal y respeto por el medioambiente.<\/p>\n<p><strong>Lionel Galipienzo<\/strong>,<strong> CEO<\/strong> de <strong>LPG Endermologie Espa\u00f1a,<\/strong> impuls\u00f3 la belleza natural y el bienestar con tratamientos no invasivos respaldados por una s\u00f3lida base cient\u00edfica, ayudando a miles de personas a mejorar su salud celular y est\u00e9tica.<\/p>\n<p>La auditor\u00eda y consultor\u00eda legal cont\u00f3 con la presencia de <strong>Manuel Gimeno Anguel\u00fa<\/strong>, quien transform\u00f3 su despacho familiar en un referente multidisciplinar que combina econom\u00eda y derecho para ofrecer servicios de alta calidad a nivel nacional.<\/p>\n<p>En formaci\u00f3n, <strong>Eduardo G\u00f3mez<\/strong>, fundador de Grupo Aranda, destac\u00f3 por su compromiso con la excelencia educativa y la expansi\u00f3n de su empresa, que actualmente cuenta con m\u00e1s de 100 profesionales y proyectos en Espa\u00f1a y Latinoam\u00e9rica.<\/p>\n<p><strong>Cristo David Moreno<\/strong>, al frente de Enermobility, lidera en energ\u00edas renovables y movilidad sostenible, ofreciendo soluciones personalizadas para optimizar el consumo energ\u00e9tico y promoviendo proyectos innovadores en energ\u00edas limpias.<\/p>\n<p>En medios de comunicaci\u00f3n, <strong>Pablo Cebolla D\u00edaz<\/strong>, fundador de EstuTele Televisi\u00f3n, ha consolidado un canal cultural que llega a m\u00e1s de 16 millones de espectadores, promoviendo la diversidad y la calidad en contenidos audiovisuales.<\/p>\n<p>El sector inmobiliario y hotelero fue representado por <strong>Juan Jos\u00e9 Franco Suelves<\/strong> y <strong>Francisco Narvaiza<\/strong>, socios de Arena Vacacional, que gestionan m\u00e1s de 600 camas y apuestan por la innovaci\u00f3n con su marca <strong>HA Hoteles<\/strong>, que acaba de inaugurar su buque insignia junto al Parque El Retiro en Madrid.<\/p>\n<p>La reconocida periodista <strong>Emma Garc\u00eda<\/strong> tambi\u00e9n recibi\u00f3 un homenaje por su destacada carrera y su cercan\u00eda con la audiencia, consolid\u00e1ndose como una de las figuras m\u00e1s queridas de la televisi\u00f3n espa\u00f1ola.<\/p>\n<p>La ceremonia finaliz\u00f3 con una emotiva foto de familia donde los premiados, junto al <strong>Dr. Urra<\/strong>. Los directores de <strong>SECSE<\/strong>, <strong>Gonzalo Iglesias y Rosa Sabogal<\/strong>, celebraron el talento, la dedicaci\u00f3n y el compromiso que impulsa el crecimiento y la innovaci\u00f3n en sus respectivos campos.<\/p>\n<\/div>\n","protected":false},"featured_media":19691,"template":"","meta":{"_acf_changed":false},"acf":[],"yoast_head":"<!-- This site is optimized with the Yoast SEO plugin v22.7 - https:\/\/yoast.com\/wordpress\/plugins\/seo\/ -->\n<title>Madrid se viste de gala con los Premios Diamante: tributo a l\u00edderes del mundo empresarial y medi\u00e1tico - Blog Club del Emprendimiento<\/title>\n<meta name=\"robots\" content=\"index, follow, max-snippet:-1, max-image-preview:large, max-video-preview:-1\" \/>\n<link rel=\"canonical\" href=\"https:\/\/www.clubdelemprendimiento.com\/blog\/noticia-corporativa\/madrid-se-viste-de-gala-con-los-premios-diamante-tributo-a-lideres-del-mundo-empresarial-y-mediatico\/\" \/>\n<meta property=\"og:locale\" content=\"es_ES\" \/>\n<meta property=\"og:type\" content=\"article\" \/>\n<meta property=\"og:title\" content=\"Madrid se viste de gala con los Premios Diamante: tributo a l\u00edderes del mundo empresarial y medi\u00e1tico - Blog Club del Emprendimiento\" \/>\n<meta property=\"og:description\" content=\"El Palacio de los Duques de Santo\u00f1a acogi\u00f3 la ceremonia de entrega de los&hellip;\" \/>\n<meta property=\"og:url\" content=\"https:\/\/www.clubdelemprendimiento.com\/blog\/noticia-corporativa\/madrid-se-viste-de-gala-con-los-premios-diamante-tributo-a-lideres-del-mundo-empresarial-y-mediatico\/\" \/>\n<meta property=\"og:site_name\" content=\"Blog Club del Emprendimiento\" \/>\n<meta property=\"og:image\" content=\"https:\/\/www.clubdelemprendimiento.com\/blog\/wp-content\/uploads\/2025\/07\/WhatsApp_Image_2025-07-01_at_132318.jpeg\" \/>\n<meta name=\"twitter:card\" content=\"summary_large_image\" \/>\n<meta name=\"twitter:label1\" content=\"Tiempo de lectura\" \/>\n\t<meta name=\"twitter:data1\" content=\"3 minutos\" \/>\n<script type=\"application\/ld+json\" class=\"yoast-schema-graph\">{\"@context\":\"https:\/\/schema.org\",\"@graph\":[{\"@type\":\"WebPage\",\"@id\":\"https:\/\/www.clubdelemprendimiento.com\/blog\/noticia-corporativa\/madrid-se-viste-de-gala-con-los-premios-diamante-tributo-a-lideres-del-mundo-empresarial-y-mediatico\/\",\"url\":\"https:\/\/www.clubdelemprendimiento.com\/blog\/noticia-corporativa\/madrid-se-viste-de-gala-con-los-premios-diamante-tributo-a-lideres-del-mundo-empresarial-y-mediatico\/\",\"name\":\"Madrid se viste de gala con los Premios Diamante: tributo a l\u00edderes del mundo empresarial y medi\u00e1tico - Blog Club del Emprendimiento\",\"isPartOf\":{\"@id\":\"https:\/\/www.clubdelemprendimiento.com\/blog\/#website\"},\"primaryImageOfPage\":{\"@id\":\"https:\/\/www.clubdelemprendimiento.com\/blog\/noticia-corporativa\/madrid-se-viste-de-gala-con-los-premios-diamante-tributo-a-lideres-del-mundo-empresarial-y-mediatico\/#primaryimage\"},\"image\":{\"@id\":\"https:\/\/www.clubdelemprendimiento.com\/blog\/noticia-corporativa\/madrid-se-viste-de-gala-con-los-premios-diamante-tributo-a-lideres-del-mundo-empresarial-y-mediatico\/#primaryimage\"},\"thumbnailUrl\":\"https:\/\/www.clubdelemprendimiento.com\/blog\/wp-content\/uploads\/2025\/07\/WhatsApp_Image_2025-07-01_at_132318.jpeg\",\"datePublished\":\"2025-07-02T15:00:44+00:00\",\"dateModified\":\"2025-07-02T15:00:44+00:00\",\"breadcrumb\":{\"@id\":\"https:\/\/www.clubdelemprendimiento.com\/blog\/noticia-corporativa\/madrid-se-viste-de-gala-con-los-premios-diamante-tributo-a-lideres-del-mundo-empresarial-y-mediatico\/#breadcrumb\"},\"inLanguage\":\"es\",\"potentialAction\":[{\"@type\":\"ReadAction\",\"target\":[\"https:\/\/www.clubdelemprendimiento.com\/blog\/noticia-corporativa\/madrid-se-viste-de-gala-con-los-premios-diamante-tributo-a-lideres-del-mundo-empresarial-y-mediatico\/\"]}]},{\"@type\":\"ImageObject\",\"inLanguage\":\"es\",\"@id\":\"https:\/\/www.clubdelemprendimiento.com\/blog\/noticia-corporativa\/madrid-se-viste-de-gala-con-los-premios-diamante-tributo-a-lideres-del-mundo-empresarial-y-mediatico\/#primaryimage\",\"url\":\"https:\/\/www.clubdelemprendimiento.com\/blog\/wp-content\/uploads\/2025\/07\/WhatsApp_Image_2025-07-01_at_132318.jpeg\",\"contentUrl\":\"https:\/\/www.clubdelemprendimiento.com\/blog\/wp-content\/uploads\/2025\/07\/WhatsApp_Image_2025-07-01_at_132318.jpeg\",\"width\":1600,\"height\":976},{\"@type\":\"BreadcrumbList\",\"@id\":\"https:\/\/www.clubdelemprendimiento.com\/blog\/noticia-corporativa\/madrid-se-viste-de-gala-con-los-premios-diamante-tributo-a-lideres-del-mundo-empresarial-y-mediatico\/#breadcrumb\",\"itemListElement\":[{\"@type\":\"ListItem\",\"position\":1,\"name\":\"Home\",\"item\":\"https:\/\/www.clubdelemprendimiento.com\/blog\/\"},{\"@type\":\"ListItem\",\"position\":2,\"name\":\"Noticias Corporativas\",\"item\":\"https:\/\/www.clubdelemprendimiento.com\/blog\/noticias-corporativas\/\"},{\"@type\":\"ListItem\",\"position\":3,\"name\":\"Madrid se viste de gala con los Premios Diamante: tributo a l\u00edderes del mundo empresarial y medi\u00e1tico\"}]},{\"@type\":\"WebSite\",\"@id\":\"https:\/\/www.clubdelemprendimiento.com\/blog\/#website\",\"url\":\"https:\/\/www.clubdelemprendimiento.com\/blog\/\",\"name\":\"Blog Club del Emprendimiento\",\"description\":\"\",\"potentialAction\":[{\"@type\":\"SearchAction\",\"target\":{\"@type\":\"EntryPoint\",\"urlTemplate\":\"https:\/\/www.clubdelemprendimiento.com\/blog\/?s={search_term_string}\"},\"query-input\":\"required name=search_term_string\"}],\"inLanguage\":\"es\"}]}<\/script>\n<!-- \/ Yoast SEO plugin. -->","yoast_head_json":{"title":"Madrid se viste de gala con los Premios Diamante: tributo a l\u00edderes del mundo empresarial y medi\u00e1tico - Blog Club del Emprendimiento","robots":{"index":"index","follow":"follow","max-snippet":"max-snippet:-1","max-image-preview":"max-image-preview:large","max-video-preview":"max-video-preview:-1"},"canonical":"https:\/\/www.clubdelemprendimiento.com\/blog\/noticia-corporativa\/madrid-se-viste-de-gala-con-los-premios-diamante-tributo-a-lideres-del-mundo-empresarial-y-mediatico\/","og_locale":"es_ES","og_type":"article","og_title":"Madrid se viste de gala con los Premios Diamante: tributo a l\u00edderes del mundo empresarial y medi\u00e1tico - Blog Club del Emprendimiento","og_description":"El Palacio de los Duques de Santo\u00f1a acogi\u00f3 la ceremonia de entrega de los&hellip;","og_url":"https:\/\/www.clubdelemprendimiento.com\/blog\/noticia-corporativa\/madrid-se-viste-de-gala-con-los-premios-diamante-tributo-a-lideres-del-mundo-empresarial-y-mediatico\/","og_site_name":"Blog Club del Emprendimiento","og_image":[{"url":"https:\/\/www.clubdelemprendimiento.com\/blog\/wp-content\/uploads\/2025\/07\/WhatsApp_Image_2025-07-01_at_132318.jpeg"}],"twitter_card":"summary_large_image","twitter_misc":{"Tiempo de lectura":"3 minutos"},"schema":{"@context":"https:\/\/schema.org","@graph":[{"@type":"WebPage","@id":"https:\/\/www.clubdelemprendimiento.com\/blog\/noticia-corporativa\/madrid-se-viste-de-gala-con-los-premios-diamante-tributo-a-lideres-del-mundo-empresarial-y-mediatico\/","url":"https:\/\/www.clubdelemprendimiento.com\/blog\/noticia-corporativa\/madrid-se-viste-de-gala-con-los-premios-diamante-tributo-a-lideres-del-mundo-empresarial-y-mediatico\/","name":"Madrid se viste de gala con los Premios Diamante: tributo a l\u00edderes del mundo empresarial y medi\u00e1tico - Blog Club del Emprendimiento","isPartOf":{"@id":"https:\/\/www.clubdelemprendimiento.com\/blog\/#website"},"primaryImageOfPage":{"@id":"https:\/\/www.clubdelemprendimiento.com\/blog\/noticia-corporativa\/madrid-se-viste-de-gala-con-los-premios-diamante-tributo-a-lideres-del-mundo-empresarial-y-mediatico\/#primaryimage"},"image":{"@id":"https:\/\/www.clubdelemprendimiento.com\/blog\/noticia-corporativa\/madrid-se-viste-de-gala-con-los-premios-diamante-tributo-a-lideres-del-mundo-empresarial-y-mediatico\/#primaryimage"},"thumbnailUrl":"https:\/\/www.clubdelemprendimiento.com\/blog\/wp-content\/uploads\/2025\/07\/WhatsApp_Image_2025-07-01_at_132318.jpeg","datePublished":"2025-07-02T15:00:44+00:00","dateModified":"2025-07-02T15:00:44+00:00","breadcrumb":{"@id":"https:\/\/www.clubdelemprendimiento.com\/blog\/noticia-corporativa\/madrid-se-viste-de-gala-con-los-premios-diamante-tributo-a-lideres-del-mundo-empresarial-y-mediatico\/#breadcrumb"},"inLanguage":"es","potentialAction":[{"@type":"ReadAction","target":["https:\/\/www.clubdelemprendimiento.com\/blog\/noticia-corporativa\/madrid-se-viste-de-gala-con-los-premios-diamante-tributo-a-lideres-del-mundo-empresarial-y-mediatico\/"]}]},{"@type":"ImageObject","inLanguage":"es","@id":"https:\/\/www.clubdelemprendimiento.com\/blog\/noticia-corporativa\/madrid-se-viste-de-gala-con-los-premios-diamante-tributo-a-lideres-del-mundo-empresarial-y-mediatico\/#primaryimage","url":"https:\/\/www.clubdelemprendimiento.com\/blog\/wp-content\/uploads\/2025\/07\/WhatsApp_Image_2025-07-01_at_132318.jpeg","contentUrl":"https:\/\/www.clubdelemprendimiento.com\/blog\/wp-content\/uploads\/2025\/07\/WhatsApp_Image_2025-07-01_at_132318.jpeg","width":1600,"height":976},{"@type":"BreadcrumbList","@id":"https:\/\/www.clubdelemprendimiento.com\/blog\/noticia-corporativa\/madrid-se-viste-de-gala-con-los-premios-diamante-tributo-a-lideres-del-mundo-empresarial-y-mediatico\/#breadcrumb","itemListElement":[{"@type":"ListItem","position":1,"name":"Home","item":"https:\/\/www.clubdelemprendimiento.com\/blog\/"},{"@type":"ListItem","position":2,"name":"Noticias Corporativas","item":"https:\/\/www.clubdelemprendimiento.com\/blog\/noticias-corporativas\/"},{"@type":"ListItem","position":3,"name":"Madrid se viste de gala con los Premios Diamante: tributo a l\u00edderes del mundo empresarial y medi\u00e1tico"}]},{"@type":"WebSite","@id":"https:\/\/www.clubdelemprendimiento.com\/blog\/#website","url":"https:\/\/www.clubdelemprendimiento.com\/blog\/","name":"Blog Club del Emprendimiento","description":"","potentialAction":[{"@type":"SearchAction","target":{"@type":"EntryPoint","urlTemplate":"https:\/\/www.clubdelemprendimiento.com\/blog\/?s={search_term_string}"},"query-input":"required name=search_term_string"}],"inLanguage":"es"}]}},"_links":{"self":[{"href":"https:\/\/www.clubdelemprendimiento.com\/blog\/wp-json\/wp\/v2\/noticia-corporativa\/19690"}],"collection":[{"href":"https:\/\/www.clubdelemprendimiento.com\/blog\/wp-json\/wp\/v2\/noticia-corporativa"}],"about":[{"href":"https:\/\/www.clubdelemprendimiento.com\/blog\/wp-json\/wp\/v2\/types\/noticia-corporativa"}],"wp:featuredmedia":[{"embeddable":true,"href":"https:\/\/www.clubdelemprendimiento.com\/blog\/wp-json\/wp\/v2\/media\/19691"}],"wp:attachment":[{"href":"https:\/\/www.clubdelemprendimiento.com\/blog\/wp-json\/wp\/v2\/media?parent=19690"}],"curies":[{"name":"wp","href":"https:\/\/api.w.org\/{rel}","templated":true}]}}