{"id":19686,"date":"2025-07-02T15:00:33","date_gmt":"2025-07-02T15:00:33","guid":{"rendered":"https:\/\/www.clubdelemprendimiento.com\/blog\/noticia-corporativa\/comunicae-crea-los-premios-periodistae-para-destacar-la-innovacion-y-la-calidad-en-comunicacion-corporativa\/"},"modified":"2025-07-02T15:00:33","modified_gmt":"2025-07-02T15:00:33","slug":"comunicae-crea-los-premios-periodistae-para-destacar-la-innovacion-y-la-calidad-en-comunicacion-corporativa","status":"publish","type":"noticia-corporativa","link":"https:\/\/www.clubdelemprendimiento.com\/blog\/noticia-corporativa\/comunicae-crea-los-premios-periodistae-para-destacar-la-innovacion-y-la-calidad-en-comunicacion-corporativa\/","title":{"rendered":"Comunicae crea los Premios Periodistae para destacar la innovaci\u00f3n y la calidad en comunicaci\u00f3n corporativa"},"content":{"rendered":"<div>\n<p><a href=\"https:\/\/www.clubdelemprendimiento.com\/blog\/wp-content\/uploads\/2025\/07\/01.jpg\" target=\"_blank\" class=\"fotonota\" rel=\"noopener\"> <img decoding=\"async\" src=\"https:\/\/www.clubdelemprendimiento.com\/blog\/wp-content\/uploads\/2025\/07\/01.jpg\" style=\"max-width:600px;\" border=\"0\" class=\"postImage\" alt=\"\"><\/a><\/p>\n<p>En el marco de la ComuniConf, la plataforma l\u00edder en distribuci\u00f3n de notas de prensa en Espa\u00f1a y Latinoam\u00e9rica ha presentado los Premios Periodistae. Se trata de una iniciativa que busca reconocer el rigor, la innovaci\u00f3n y la creatividad en el periodismo y la comunicaci\u00f3n corporativa. En su primera edici\u00f3n, Mar Manrique, Tormo Franquicias y Marketing4eCommerce han sido los galardonados<\/p>\n<p><\/p>\n<p>La primera edici\u00f3n de los <strong>Premios Periodistae<\/strong> tuvo lugar el 25 de junio y nace con el objetivo de homenajear a periodistas y medios que innovan y mantienen viva la profesi\u00f3n. El galard\u00f3n subraya el compromiso, rigor y creatividad que exige el periodismo hoy en d\u00eda.<\/p>\n<p>La presentaci\u00f3n de los premios se llev\u00f3 a cabo durante la <a href=\"https:\/\/info.comunicae.es\/comuniconf25\/\" rel=\"nofollow\"><strong>ComuniConf<\/strong><\/a>, un destacado evento online organizado por la tecnol\u00f3gica Comunicae en el \u00e1mbito de la comunicaci\u00f3n corporativa que<strong> reuni\u00f3 a 400 profesionales de 22 pa\u00edses.\u00a0<\/strong><\/p>\n<p>La jornada abord\u00f3 temas clave como el impacto de la tecnolog\u00eda y la inteligencia artificial, la cultura organizacional y la evoluci\u00f3n de la relaci\u00f3n con los medios, con ponentes destacados como <strong>Cristina Aced<\/strong> e <strong>Itziar Oltra<\/strong>, y la participaci\u00f3n de empresas l\u00edderes como <strong>Allianz Partners y Expansi\u00f3n<\/strong>.<\/p>\n<p><strong>Premiados y nominados<\/strong><br \/>\nLos Premios Periodistae premiaron proyectos, medios y profesionales que destacan por su innovaci\u00f3n en el mundo del periodismo. En la categor\u00eda &#8216;Innovaci\u00f3n Period\u00edstica&#8217;, <strong>Mar Manrique<\/strong> fue reconocida por su newsletter &#8216;Fleet Street&#8217;, un espacio independiente y alternativo para periodistas, con un estilo fresco y riguroso. Entre los finalistas de esta categor\u00eda estuvieron Aida Bao Pena y Jes\u00fas Mart\u00ednez Gonz\u00e1lez.<\/p>\n<p><strong>Tormo Franquicias Consulting<\/strong> recibi\u00f3 el &#8216;Premio a la Mejor Comunicaci\u00f3n Corporativa&#8217;\u00a0gracias a su estrategia de transformar casos de \u00e9xito de clientes en noticias objetivas y verificadas. <strong>Eduardo Tormo, director general de Tormo Franquicias<\/strong>, ha expresado su satisfacci\u00f3n se\u00f1alando que este premio \u00abrepresenta un reconocimiento al esfuerzo, coherencia y constancia con la que trabajan cada d\u00eda\u00bb.<\/p>\n<p>Finalmente, <strong>Marketing4eCommerce<\/strong> gan\u00f3 el &#8216;Premio al Medio M\u00e1s Innovador&#8217;\u00a0por evolucionar de medio tradicional a una comunidad activa y comprometida en marketing y ecommerce. Super\u00f3 en la final a otras iniciativas innovadoras como Econom\u00eda 3 y Mundo Corporativo.<\/p>\n<p>Desde Marketing4eCommerce, su director, Rub\u00e9n Bast\u00f3n, afirma: \u00abEste premio reconoce nuestro rebranding y el cambio de filosof\u00eda de medio a comunidad profesional. Queremos ayudar al eCommerce a crecer, impactando all\u00ed donde nuestro p\u00fablico elige consumirnos\u00bb.<\/p>\n<p>Con un jurado independiente formado por expertos en medios y periodismo, los Premios Periodistae aspiran a consolidarse como un referente para valorar la innovaci\u00f3n y excelencia en comunicaci\u00f3n, en un entorno medi\u00e1tico en constante cambio.<\/p>\n<\/div>\n","protected":false},"featured_media":19687,"template":"","meta":{"_acf_changed":false},"acf":[],"yoast_head":"<!-- This site is optimized with the Yoast SEO plugin v22.7 - https:\/\/yoast.com\/wordpress\/plugins\/seo\/ -->\n<title>Comunicae crea los Premios Periodistae para destacar la innovaci\u00f3n y la calidad en comunicaci\u00f3n corporativa - Blog Club del Emprendimiento<\/title>\n<meta name=\"robots\" content=\"index, follow, max-snippet:-1, max-image-preview:large, max-video-preview:-1\" \/>\n<link rel=\"canonical\" href=\"https:\/\/www.clubdelemprendimiento.com\/blog\/noticia-corporativa\/comunicae-crea-los-premios-periodistae-para-destacar-la-innovacion-y-la-calidad-en-comunicacion-corporativa\/\" \/>\n<meta property=\"og:locale\" content=\"es_ES\" \/>\n<meta property=\"og:type\" content=\"article\" \/>\n<meta property=\"og:title\" content=\"Comunicae crea los Premios Periodistae para destacar la innovaci\u00f3n y la calidad en comunicaci\u00f3n corporativa - Blog Club del Emprendimiento\" \/>\n<meta property=\"og:description\" content=\"En el marco de la ComuniConf, la plataforma l\u00edder en distribuci\u00f3n de notas de&hellip;\" \/>\n<meta property=\"og:url\" content=\"https:\/\/www.clubdelemprendimiento.com\/blog\/noticia-corporativa\/comunicae-crea-los-premios-periodistae-para-destacar-la-innovacion-y-la-calidad-en-comunicacion-corporativa\/\" \/>\n<meta property=\"og:site_name\" content=\"Blog Club del Emprendimiento\" \/>\n<meta property=\"og:image\" content=\"https:\/\/www.clubdelemprendimiento.com\/blog\/wp-content\/uploads\/2025\/07\/01.jpg\" \/>\n<meta name=\"twitter:card\" content=\"summary_large_image\" \/>\n<meta name=\"twitter:label1\" content=\"Tiempo de lectura\" \/>\n\t<meta name=\"twitter:data1\" content=\"2 minutos\" \/>\n<script type=\"application\/ld+json\" class=\"yoast-schema-graph\">{\"@context\":\"https:\/\/schema.org\",\"@graph\":[{\"@type\":\"WebPage\",\"@id\":\"https:\/\/www.clubdelemprendimiento.com\/blog\/noticia-corporativa\/comunicae-crea-los-premios-periodistae-para-destacar-la-innovacion-y-la-calidad-en-comunicacion-corporativa\/\",\"url\":\"https:\/\/www.clubdelemprendimiento.com\/blog\/noticia-corporativa\/comunicae-crea-los-premios-periodistae-para-destacar-la-innovacion-y-la-calidad-en-comunicacion-corporativa\/\",\"name\":\"Comunicae crea los Premios Periodistae para destacar la innovaci\u00f3n y la calidad en comunicaci\u00f3n corporativa - Blog Club del Emprendimiento\",\"isPartOf\":{\"@id\":\"https:\/\/www.clubdelemprendimiento.com\/blog\/#website\"},\"primaryImageOfPage\":{\"@id\":\"https:\/\/www.clubdelemprendimiento.com\/blog\/noticia-corporativa\/comunicae-crea-los-premios-periodistae-para-destacar-la-innovacion-y-la-calidad-en-comunicacion-corporativa\/#primaryimage\"},\"image\":{\"@id\":\"https:\/\/www.clubdelemprendimiento.com\/blog\/noticia-corporativa\/comunicae-crea-los-premios-periodistae-para-destacar-la-innovacion-y-la-calidad-en-comunicacion-corporativa\/#primaryimage\"},\"thumbnailUrl\":\"https:\/\/www.clubdelemprendimiento.com\/blog\/wp-content\/uploads\/2025\/07\/01.jpg\",\"datePublished\":\"2025-07-02T15:00:33+00:00\",\"dateModified\":\"2025-07-02T15:00:33+00:00\",\"breadcrumb\":{\"@id\":\"https:\/\/www.clubdelemprendimiento.com\/blog\/noticia-corporativa\/comunicae-crea-los-premios-periodistae-para-destacar-la-innovacion-y-la-calidad-en-comunicacion-corporativa\/#breadcrumb\"},\"inLanguage\":\"es\",\"potentialAction\":[{\"@type\":\"ReadAction\",\"target\":[\"https:\/\/www.clubdelemprendimiento.com\/blog\/noticia-corporativa\/comunicae-crea-los-premios-periodistae-para-destacar-la-innovacion-y-la-calidad-en-comunicacion-corporativa\/\"]}]},{\"@type\":\"ImageObject\",\"inLanguage\":\"es\",\"@id\":\"https:\/\/www.clubdelemprendimiento.com\/blog\/noticia-corporativa\/comunicae-crea-los-premios-periodistae-para-destacar-la-innovacion-y-la-calidad-en-comunicacion-corporativa\/#primaryimage\",\"url\":\"https:\/\/www.clubdelemprendimiento.com\/blog\/wp-content\/uploads\/2025\/07\/01.jpg\",\"contentUrl\":\"https:\/\/www.clubdelemprendimiento.com\/blog\/wp-content\/uploads\/2025\/07\/01.jpg\",\"width\":1920,\"height\":1080},{\"@type\":\"BreadcrumbList\",\"@id\":\"https:\/\/www.clubdelemprendimiento.com\/blog\/noticia-corporativa\/comunicae-crea-los-premios-periodistae-para-destacar-la-innovacion-y-la-calidad-en-comunicacion-corporativa\/#breadcrumb\",\"itemListElement\":[{\"@type\":\"ListItem\",\"position\":1,\"name\":\"Home\",\"item\":\"https:\/\/www.clubdelemprendimiento.com\/blog\/\"},{\"@type\":\"ListItem\",\"position\":2,\"name\":\"Noticias Corporativas\",\"item\":\"https:\/\/www.clubdelemprendimiento.com\/blog\/noticias-corporativas\/\"},{\"@type\":\"ListItem\",\"position\":3,\"name\":\"Comunicae crea los Premios Periodistae para destacar la innovaci\u00f3n y la calidad en comunicaci\u00f3n corporativa\"}]},{\"@type\":\"WebSite\",\"@id\":\"https:\/\/www.clubdelemprendimiento.com\/blog\/#website\",\"url\":\"https:\/\/www.clubdelemprendimiento.com\/blog\/\",\"name\":\"Blog Club del Emprendimiento\",\"description\":\"\",\"potentialAction\":[{\"@type\":\"SearchAction\",\"target\":{\"@type\":\"EntryPoint\",\"urlTemplate\":\"https:\/\/www.clubdelemprendimiento.com\/blog\/?s={search_term_string}\"},\"query-input\":\"required name=search_term_string\"}],\"inLanguage\":\"es\"}]}<\/script>\n<!-- \/ Yoast SEO plugin. -->","yoast_head_json":{"title":"Comunicae crea los Premios Periodistae para destacar la innovaci\u00f3n y la calidad en comunicaci\u00f3n corporativa - Blog Club del Emprendimiento","robots":{"index":"index","follow":"follow","max-snippet":"max-snippet:-1","max-image-preview":"max-image-preview:large","max-video-preview":"max-video-preview:-1"},"canonical":"https:\/\/www.clubdelemprendimiento.com\/blog\/noticia-corporativa\/comunicae-crea-los-premios-periodistae-para-destacar-la-innovacion-y-la-calidad-en-comunicacion-corporativa\/","og_locale":"es_ES","og_type":"article","og_title":"Comunicae crea los Premios Periodistae para destacar la innovaci\u00f3n y la calidad en comunicaci\u00f3n corporativa - Blog Club del Emprendimiento","og_description":"En el marco de la ComuniConf, la plataforma l\u00edder en distribuci\u00f3n de notas de&hellip;","og_url":"https:\/\/www.clubdelemprendimiento.com\/blog\/noticia-corporativa\/comunicae-crea-los-premios-periodistae-para-destacar-la-innovacion-y-la-calidad-en-comunicacion-corporativa\/","og_site_name":"Blog Club del Emprendimiento","og_image":[{"url":"https:\/\/www.clubdelemprendimiento.com\/blog\/wp-content\/uploads\/2025\/07\/01.jpg"}],"twitter_card":"summary_large_image","twitter_misc":{"Tiempo de lectura":"2 minutos"},"schema":{"@context":"https:\/\/schema.org","@graph":[{"@type":"WebPage","@id":"https:\/\/www.clubdelemprendimiento.com\/blog\/noticia-corporativa\/comunicae-crea-los-premios-periodistae-para-destacar-la-innovacion-y-la-calidad-en-comunicacion-corporativa\/","url":"https:\/\/www.clubdelemprendimiento.com\/blog\/noticia-corporativa\/comunicae-crea-los-premios-periodistae-para-destacar-la-innovacion-y-la-calidad-en-comunicacion-corporativa\/","name":"Comunicae crea los Premios Periodistae para destacar la innovaci\u00f3n y la calidad en comunicaci\u00f3n corporativa - Blog Club del Emprendimiento","isPartOf":{"@id":"https:\/\/www.clubdelemprendimiento.com\/blog\/#website"},"primaryImageOfPage":{"@id":"https:\/\/www.clubdelemprendimiento.com\/blog\/noticia-corporativa\/comunicae-crea-los-premios-periodistae-para-destacar-la-innovacion-y-la-calidad-en-comunicacion-corporativa\/#primaryimage"},"image":{"@id":"https:\/\/www.clubdelemprendimiento.com\/blog\/noticia-corporativa\/comunicae-crea-los-premios-periodistae-para-destacar-la-innovacion-y-la-calidad-en-comunicacion-corporativa\/#primaryimage"},"thumbnailUrl":"https:\/\/www.clubdelemprendimiento.com\/blog\/wp-content\/uploads\/2025\/07\/01.jpg","datePublished":"2025-07-02T15:00:33+00:00","dateModified":"2025-07-02T15:00:33+00:00","breadcrumb":{"@id":"https:\/\/www.clubdelemprendimiento.com\/blog\/noticia-corporativa\/comunicae-crea-los-premios-periodistae-para-destacar-la-innovacion-y-la-calidad-en-comunicacion-corporativa\/#breadcrumb"},"inLanguage":"es","potentialAction":[{"@type":"ReadAction","target":["https:\/\/www.clubdelemprendimiento.com\/blog\/noticia-corporativa\/comunicae-crea-los-premios-periodistae-para-destacar-la-innovacion-y-la-calidad-en-comunicacion-corporativa\/"]}]},{"@type":"ImageObject","inLanguage":"es","@id":"https:\/\/www.clubdelemprendimiento.com\/blog\/noticia-corporativa\/comunicae-crea-los-premios-periodistae-para-destacar-la-innovacion-y-la-calidad-en-comunicacion-corporativa\/#primaryimage","url":"https:\/\/www.clubdelemprendimiento.com\/blog\/wp-content\/uploads\/2025\/07\/01.jpg","contentUrl":"https:\/\/www.clubdelemprendimiento.com\/blog\/wp-content\/uploads\/2025\/07\/01.jpg","width":1920,"height":1080},{"@type":"BreadcrumbList","@id":"https:\/\/www.clubdelemprendimiento.com\/blog\/noticia-corporativa\/comunicae-crea-los-premios-periodistae-para-destacar-la-innovacion-y-la-calidad-en-comunicacion-corporativa\/#breadcrumb","itemListElement":[{"@type":"ListItem","position":1,"name":"Home","item":"https:\/\/www.clubdelemprendimiento.com\/blog\/"},{"@type":"ListItem","position":2,"name":"Noticias Corporativas","item":"https:\/\/www.clubdelemprendimiento.com\/blog\/noticias-corporativas\/"},{"@type":"ListItem","position":3,"name":"Comunicae crea los Premios Periodistae para destacar la innovaci\u00f3n y la calidad en comunicaci\u00f3n corporativa"}]},{"@type":"WebSite","@id":"https:\/\/www.clubdelemprendimiento.com\/blog\/#website","url":"https:\/\/www.clubdelemprendimiento.com\/blog\/","name":"Blog Club del Emprendimiento","description":"","potentialAction":[{"@type":"SearchAction","target":{"@type":"EntryPoint","urlTemplate":"https:\/\/www.clubdelemprendimiento.com\/blog\/?s={search_term_string}"},"query-input":"required name=search_term_string"}],"inLanguage":"es"}]}},"_links":{"self":[{"href":"https:\/\/www.clubdelemprendimiento.com\/blog\/wp-json\/wp\/v2\/noticia-corporativa\/19686"}],"collection":[{"href":"https:\/\/www.clubdelemprendimiento.com\/blog\/wp-json\/wp\/v2\/noticia-corporativa"}],"about":[{"href":"https:\/\/www.clubdelemprendimiento.com\/blog\/wp-json\/wp\/v2\/types\/noticia-corporativa"}],"wp:featuredmedia":[{"embeddable":true,"href":"https:\/\/www.clubdelemprendimiento.com\/blog\/wp-json\/wp\/v2\/media\/19687"}],"wp:attachment":[{"href":"https:\/\/www.clubdelemprendimiento.com\/blog\/wp-json\/wp\/v2\/media?parent=19686"}],"curies":[{"name":"wp","href":"https:\/\/api.w.org\/{rel}","templated":true}]}}