{"id":19684,"date":"2025-07-02T15:00:30","date_gmt":"2025-07-02T15:00:30","guid":{"rendered":"https:\/\/www.clubdelemprendimiento.com\/blog\/noticia-corporativa\/gefiscal-ganadora-de-los-premios-liderazgo-e-innovacion-en-la-gestion-de-personas-de-asociacion-centrho\/"},"modified":"2025-07-02T15:00:30","modified_gmt":"2025-07-02T15:00:30","slug":"gefiscal-ganadora-de-los-premios-liderazgo-e-innovacion-en-la-gestion-de-personas-de-asociacion-centrho","status":"publish","type":"noticia-corporativa","link":"https:\/\/www.clubdelemprendimiento.com\/blog\/noticia-corporativa\/gefiscal-ganadora-de-los-premios-liderazgo-e-innovacion-en-la-gestion-de-personas-de-asociacion-centrho\/","title":{"rendered":"GEFISCAL, ganadora de los Premios Liderazgo e Innovaci\u00f3n en la gesti\u00f3n de personas de Asociaci\u00f3n CENTRHO"},"content":{"rendered":"<div>\n<p><a href=\"https:\/\/www.clubdelemprendimiento.com\/blog\/wp-content\/uploads\/2025\/07\/20250701_195201.jpg\" target=\"_blank\" class=\"fotonota\" rel=\"noopener\"> <img decoding=\"async\" src=\"https:\/\/www.clubdelemprendimiento.com\/blog\/wp-content\/uploads\/2025\/07\/20250701_195201.jpg\" style=\"max-width:600px;\" border=\"0\" class=\"postImage\" alt=\"\"><\/a><\/p>\n<p>La firma de servicios profesionales con sede en C\u00e1ceres logra uno de los galardones de la III edici\u00f3n de los Premios Liderazgo &amp; Innovaci\u00f3n a la gesti\u00f3n de personas en Extremadura en la categor\u00eda Liderazgo<\/p>\n<p><\/p>\n<p>El pasado 1 de julio, GEFISCAL fue galardonada en la categor\u00eda Liderazgo de la III Edici\u00f3n de los Premios Liderazgo &amp; Innovaci\u00f3n a la gesti\u00f3n de personas en Extremadura, organizado por la Asociaci\u00f3n CentRHo de AEDIPE y la Consejer\u00eda de Econom\u00eda, Empleo y Transformaci\u00f3n Digital de la Junta de Extremadura que tuvo lugar en Garaje 2.0 de la ciudad de C\u00e1ceres.<\/p>\n<p>Este evento cont\u00f3 con la participaci\u00f3n de Jos\u00e9 Mar\u00eda Rivas, Vocal de Extremadura; Emilio Borrega Moreno, Teniente de Alcalde del Ayuntamiento de C\u00e1ceres;\u00a0Jos\u00e9 Manuel Casado,\u00a0presidente del Grupo Qaracter y Guillermo Santamar\u00eda Gald\u00f3n,\u00a0Consejero de Econom\u00eda, Empleo y Transformaci\u00f3n digital de la Junta de Extremadura que fue el encargado de hacer entrega del Premio a Rebeca Bao, directora de Recursos Humanos de GEFISCAL que, al recoger el premio, destac\u00f3 la importancia de una correcta sinton\u00eda y comunicaci\u00f3n entre la empresa y el equipo manifestando que \u00abaquello que buscamos siempre en nuestros\u00a0l\u00edderes es la comunicaci\u00f3n, el saber escuchar las preocupaciones del equipo y que ese l\u00edder sea capaz de transmitir de forma clara la estrategia empresarial\u00bb.<\/p>\n<p>En concreto, el proyecto presentado por la empresa extreme\u00f1a, GEFISCAL Concilia, ha resultado ganador por su car\u00e1cter innovador y diferenciador respecto al resto de empresas de su sector. El abanico en medidas de conciliaci\u00f3n es amplio: hasta dos d\u00edas de teletrabajo a la semana, flexibilidad horaria, d\u00eda del cumplea\u00f1os libre, clases de yoga e inscripci\u00f3n a carreras totalmente gratis, ampliaci\u00f3n de permiso de maternidad y paternidad, as\u00ed como jornada intensiva todos los viernes del a\u00f1o, en Navidades, Semana Santa y verano.<\/p>\n<p><strong>Hasta un total de cinco empresas extreme\u00f1as, premiadas en la 3\u00aa Edici\u00f3n de los Premios Liderazgo &amp; Innovaci\u00f3n a la gesti\u00f3n de personas en Extremadura en la categor\u00eda Liderazgo.<\/strong><\/p>\n<p>En la 3\u00aa Edici\u00f3n de los Premios Liderazgo &amp; Innovaci\u00f3n a la gesti\u00f3n de personas en Extremadura en la categor\u00eda Liderazgo tambi\u00e9n resultaron galardonadas las empresas Mecanizados Segeda S.L en la categor\u00eda de Responsabilidad Social Corporativa; la Escuela Profesional Extreme\u00f1a de Maquinaria, galardonada en la distinci\u00f3n de Sostenibilidad; al Grupo Incalexa en la categor\u00eda de Innovaci\u00f3n en Recursos Humanos Y a la Asociaci\u00f3n Divertea, reconocida con el Premio Especial del Jurado a la Diversidad e Inclusi\u00f3n.<\/p>\n<\/div>\n","protected":false},"featured_media":19685,"template":"","meta":{"_acf_changed":false},"acf":[],"yoast_head":"<!-- This site is optimized with the Yoast SEO plugin v22.7 - https:\/\/yoast.com\/wordpress\/plugins\/seo\/ -->\n<title>GEFISCAL, ganadora de los Premios Liderazgo e Innovaci\u00f3n en la gesti\u00f3n de personas de Asociaci\u00f3n CENTRHO - Blog Club del Emprendimiento<\/title>\n<meta name=\"robots\" content=\"index, follow, max-snippet:-1, max-image-preview:large, max-video-preview:-1\" \/>\n<link rel=\"canonical\" href=\"https:\/\/www.clubdelemprendimiento.com\/blog\/noticia-corporativa\/gefiscal-ganadora-de-los-premios-liderazgo-e-innovacion-en-la-gestion-de-personas-de-asociacion-centrho\/\" \/>\n<meta property=\"og:locale\" content=\"es_ES\" \/>\n<meta property=\"og:type\" content=\"article\" \/>\n<meta property=\"og:title\" content=\"GEFISCAL, ganadora de los Premios Liderazgo e Innovaci\u00f3n en la gesti\u00f3n de personas de Asociaci\u00f3n CENTRHO - Blog Club del Emprendimiento\" \/>\n<meta property=\"og:description\" content=\"La firma de servicios profesionales con sede en C\u00e1ceres logra uno de los galardones&hellip;\" \/>\n<meta property=\"og:url\" content=\"https:\/\/www.clubdelemprendimiento.com\/blog\/noticia-corporativa\/gefiscal-ganadora-de-los-premios-liderazgo-e-innovacion-en-la-gestion-de-personas-de-asociacion-centrho\/\" \/>\n<meta property=\"og:site_name\" content=\"Blog Club del Emprendimiento\" \/>\n<meta property=\"og:image\" content=\"https:\/\/www.clubdelemprendimiento.com\/blog\/wp-content\/uploads\/2025\/07\/20250701_195201.jpg\" \/>\n<meta name=\"twitter:card\" content=\"summary_large_image\" \/>\n<meta name=\"twitter:label1\" content=\"Tiempo de lectura\" \/>\n\t<meta name=\"twitter:data1\" content=\"2 minutos\" \/>\n<script type=\"application\/ld+json\" class=\"yoast-schema-graph\">{\"@context\":\"https:\/\/schema.org\",\"@graph\":[{\"@type\":\"WebPage\",\"@id\":\"https:\/\/www.clubdelemprendimiento.com\/blog\/noticia-corporativa\/gefiscal-ganadora-de-los-premios-liderazgo-e-innovacion-en-la-gestion-de-personas-de-asociacion-centrho\/\",\"url\":\"https:\/\/www.clubdelemprendimiento.com\/blog\/noticia-corporativa\/gefiscal-ganadora-de-los-premios-liderazgo-e-innovacion-en-la-gestion-de-personas-de-asociacion-centrho\/\",\"name\":\"GEFISCAL, ganadora de los Premios Liderazgo e Innovaci\u00f3n en la gesti\u00f3n de personas de Asociaci\u00f3n CENTRHO - Blog Club del Emprendimiento\",\"isPartOf\":{\"@id\":\"https:\/\/www.clubdelemprendimiento.com\/blog\/#website\"},\"primaryImageOfPage\":{\"@id\":\"https:\/\/www.clubdelemprendimiento.com\/blog\/noticia-corporativa\/gefiscal-ganadora-de-los-premios-liderazgo-e-innovacion-en-la-gestion-de-personas-de-asociacion-centrho\/#primaryimage\"},\"image\":{\"@id\":\"https:\/\/www.clubdelemprendimiento.com\/blog\/noticia-corporativa\/gefiscal-ganadora-de-los-premios-liderazgo-e-innovacion-en-la-gestion-de-personas-de-asociacion-centrho\/#primaryimage\"},\"thumbnailUrl\":\"https:\/\/www.clubdelemprendimiento.com\/blog\/wp-content\/uploads\/2025\/07\/20250701_195201-scaled.jpg\",\"datePublished\":\"2025-07-02T15:00:30+00:00\",\"dateModified\":\"2025-07-02T15:00:30+00:00\",\"breadcrumb\":{\"@id\":\"https:\/\/www.clubdelemprendimiento.com\/blog\/noticia-corporativa\/gefiscal-ganadora-de-los-premios-liderazgo-e-innovacion-en-la-gestion-de-personas-de-asociacion-centrho\/#breadcrumb\"},\"inLanguage\":\"es\",\"potentialAction\":[{\"@type\":\"ReadAction\",\"target\":[\"https:\/\/www.clubdelemprendimiento.com\/blog\/noticia-corporativa\/gefiscal-ganadora-de-los-premios-liderazgo-e-innovacion-en-la-gestion-de-personas-de-asociacion-centrho\/\"]}]},{\"@type\":\"ImageObject\",\"inLanguage\":\"es\",\"@id\":\"https:\/\/www.clubdelemprendimiento.com\/blog\/noticia-corporativa\/gefiscal-ganadora-de-los-premios-liderazgo-e-innovacion-en-la-gestion-de-personas-de-asociacion-centrho\/#primaryimage\",\"url\":\"https:\/\/www.clubdelemprendimiento.com\/blog\/wp-content\/uploads\/2025\/07\/20250701_195201-scaled.jpg\",\"contentUrl\":\"https:\/\/www.clubdelemprendimiento.com\/blog\/wp-content\/uploads\/2025\/07\/20250701_195201-scaled.jpg\",\"width\":2560,\"height\":1234},{\"@type\":\"BreadcrumbList\",\"@id\":\"https:\/\/www.clubdelemprendimiento.com\/blog\/noticia-corporativa\/gefiscal-ganadora-de-los-premios-liderazgo-e-innovacion-en-la-gestion-de-personas-de-asociacion-centrho\/#breadcrumb\",\"itemListElement\":[{\"@type\":\"ListItem\",\"position\":1,\"name\":\"Home\",\"item\":\"https:\/\/www.clubdelemprendimiento.com\/blog\/\"},{\"@type\":\"ListItem\",\"position\":2,\"name\":\"Noticias Corporativas\",\"item\":\"https:\/\/www.clubdelemprendimiento.com\/blog\/noticias-corporativas\/\"},{\"@type\":\"ListItem\",\"position\":3,\"name\":\"GEFISCAL, ganadora de los Premios Liderazgo e Innovaci\u00f3n en la gesti\u00f3n de personas de Asociaci\u00f3n CENTRHO\"}]},{\"@type\":\"WebSite\",\"@id\":\"https:\/\/www.clubdelemprendimiento.com\/blog\/#website\",\"url\":\"https:\/\/www.clubdelemprendimiento.com\/blog\/\",\"name\":\"Blog Club del Emprendimiento\",\"description\":\"\",\"potentialAction\":[{\"@type\":\"SearchAction\",\"target\":{\"@type\":\"EntryPoint\",\"urlTemplate\":\"https:\/\/www.clubdelemprendimiento.com\/blog\/?s={search_term_string}\"},\"query-input\":\"required name=search_term_string\"}],\"inLanguage\":\"es\"}]}<\/script>\n<!-- \/ Yoast SEO plugin. -->","yoast_head_json":{"title":"GEFISCAL, ganadora de los Premios Liderazgo e Innovaci\u00f3n en la gesti\u00f3n de personas de Asociaci\u00f3n CENTRHO - Blog Club del Emprendimiento","robots":{"index":"index","follow":"follow","max-snippet":"max-snippet:-1","max-image-preview":"max-image-preview:large","max-video-preview":"max-video-preview:-1"},"canonical":"https:\/\/www.clubdelemprendimiento.com\/blog\/noticia-corporativa\/gefiscal-ganadora-de-los-premios-liderazgo-e-innovacion-en-la-gestion-de-personas-de-asociacion-centrho\/","og_locale":"es_ES","og_type":"article","og_title":"GEFISCAL, ganadora de los Premios Liderazgo e Innovaci\u00f3n en la gesti\u00f3n de personas de Asociaci\u00f3n CENTRHO - Blog Club del Emprendimiento","og_description":"La firma de servicios profesionales con sede en C\u00e1ceres logra uno de los galardones&hellip;","og_url":"https:\/\/www.clubdelemprendimiento.com\/blog\/noticia-corporativa\/gefiscal-ganadora-de-los-premios-liderazgo-e-innovacion-en-la-gestion-de-personas-de-asociacion-centrho\/","og_site_name":"Blog Club del Emprendimiento","og_image":[{"url":"https:\/\/www.clubdelemprendimiento.com\/blog\/wp-content\/uploads\/2025\/07\/20250701_195201.jpg"}],"twitter_card":"summary_large_image","twitter_misc":{"Tiempo de lectura":"2 minutos"},"schema":{"@context":"https:\/\/schema.org","@graph":[{"@type":"WebPage","@id":"https:\/\/www.clubdelemprendimiento.com\/blog\/noticia-corporativa\/gefiscal-ganadora-de-los-premios-liderazgo-e-innovacion-en-la-gestion-de-personas-de-asociacion-centrho\/","url":"https:\/\/www.clubdelemprendimiento.com\/blog\/noticia-corporativa\/gefiscal-ganadora-de-los-premios-liderazgo-e-innovacion-en-la-gestion-de-personas-de-asociacion-centrho\/","name":"GEFISCAL, ganadora de los Premios Liderazgo e Innovaci\u00f3n en la gesti\u00f3n de personas de Asociaci\u00f3n CENTRHO - Blog Club del Emprendimiento","isPartOf":{"@id":"https:\/\/www.clubdelemprendimiento.com\/blog\/#website"},"primaryImageOfPage":{"@id":"https:\/\/www.clubdelemprendimiento.com\/blog\/noticia-corporativa\/gefiscal-ganadora-de-los-premios-liderazgo-e-innovacion-en-la-gestion-de-personas-de-asociacion-centrho\/#primaryimage"},"image":{"@id":"https:\/\/www.clubdelemprendimiento.com\/blog\/noticia-corporativa\/gefiscal-ganadora-de-los-premios-liderazgo-e-innovacion-en-la-gestion-de-personas-de-asociacion-centrho\/#primaryimage"},"thumbnailUrl":"https:\/\/www.clubdelemprendimiento.com\/blog\/wp-content\/uploads\/2025\/07\/20250701_195201-scaled.jpg","datePublished":"2025-07-02T15:00:30+00:00","dateModified":"2025-07-02T15:00:30+00:00","breadcrumb":{"@id":"https:\/\/www.clubdelemprendimiento.com\/blog\/noticia-corporativa\/gefiscal-ganadora-de-los-premios-liderazgo-e-innovacion-en-la-gestion-de-personas-de-asociacion-centrho\/#breadcrumb"},"inLanguage":"es","potentialAction":[{"@type":"ReadAction","target":["https:\/\/www.clubdelemprendimiento.com\/blog\/noticia-corporativa\/gefiscal-ganadora-de-los-premios-liderazgo-e-innovacion-en-la-gestion-de-personas-de-asociacion-centrho\/"]}]},{"@type":"ImageObject","inLanguage":"es","@id":"https:\/\/www.clubdelemprendimiento.com\/blog\/noticia-corporativa\/gefiscal-ganadora-de-los-premios-liderazgo-e-innovacion-en-la-gestion-de-personas-de-asociacion-centrho\/#primaryimage","url":"https:\/\/www.clubdelemprendimiento.com\/blog\/wp-content\/uploads\/2025\/07\/20250701_195201-scaled.jpg","contentUrl":"https:\/\/www.clubdelemprendimiento.com\/blog\/wp-content\/uploads\/2025\/07\/20250701_195201-scaled.jpg","width":2560,"height":1234},{"@type":"BreadcrumbList","@id":"https:\/\/www.clubdelemprendimiento.com\/blog\/noticia-corporativa\/gefiscal-ganadora-de-los-premios-liderazgo-e-innovacion-en-la-gestion-de-personas-de-asociacion-centrho\/#breadcrumb","itemListElement":[{"@type":"ListItem","position":1,"name":"Home","item":"https:\/\/www.clubdelemprendimiento.com\/blog\/"},{"@type":"ListItem","position":2,"name":"Noticias Corporativas","item":"https:\/\/www.clubdelemprendimiento.com\/blog\/noticias-corporativas\/"},{"@type":"ListItem","position":3,"name":"GEFISCAL, ganadora de los Premios Liderazgo e Innovaci\u00f3n en la gesti\u00f3n de personas de Asociaci\u00f3n CENTRHO"}]},{"@type":"WebSite","@id":"https:\/\/www.clubdelemprendimiento.com\/blog\/#website","url":"https:\/\/www.clubdelemprendimiento.com\/blog\/","name":"Blog Club del Emprendimiento","description":"","potentialAction":[{"@type":"SearchAction","target":{"@type":"EntryPoint","urlTemplate":"https:\/\/www.clubdelemprendimiento.com\/blog\/?s={search_term_string}"},"query-input":"required name=search_term_string"}],"inLanguage":"es"}]}},"_links":{"self":[{"href":"https:\/\/www.clubdelemprendimiento.com\/blog\/wp-json\/wp\/v2\/noticia-corporativa\/19684"}],"collection":[{"href":"https:\/\/www.clubdelemprendimiento.com\/blog\/wp-json\/wp\/v2\/noticia-corporativa"}],"about":[{"href":"https:\/\/www.clubdelemprendimiento.com\/blog\/wp-json\/wp\/v2\/types\/noticia-corporativa"}],"wp:featuredmedia":[{"embeddable":true,"href":"https:\/\/www.clubdelemprendimiento.com\/blog\/wp-json\/wp\/v2\/media\/19685"}],"wp:attachment":[{"href":"https:\/\/www.clubdelemprendimiento.com\/blog\/wp-json\/wp\/v2\/media?parent=19684"}],"curies":[{"name":"wp","href":"https:\/\/api.w.org\/{rel}","templated":true}]}}