{"id":19666,"date":"2025-07-02T13:04:31","date_gmt":"2025-07-02T13:04:31","guid":{"rendered":"https:\/\/www.clubdelemprendimiento.com\/blog\/noticia-corporativa\/tormo-franquicias-premiada-por-su-liderazgo-en-comunicacion-corporativa\/"},"modified":"2025-07-02T13:04:31","modified_gmt":"2025-07-02T13:04:31","slug":"tormo-franquicias-premiada-por-su-liderazgo-en-comunicacion-corporativa","status":"publish","type":"noticia-corporativa","link":"https:\/\/www.clubdelemprendimiento.com\/blog\/noticia-corporativa\/tormo-franquicias-premiada-por-su-liderazgo-en-comunicacion-corporativa\/","title":{"rendered":"Tormo Franquicias, premiada por su liderazgo en comunicaci\u00f3n corporativa"},"content":{"rendered":"<div>\n<p><a href=\"https:\/\/www.clubdelemprendimiento.com\/blog\/wp-content\/uploads\/2025\/07\/Laura_Acosta_Directora_de_Comunicacin-Comuniconf.png\" target=\"_blank\" class=\"fotonota\" rel=\"noopener\"> <img decoding=\"async\" src=\"https:\/\/www.clubdelemprendimiento.com\/blog\/wp-content\/uploads\/2025\/07\/Laura_Acosta_Directora_de_Comunicacin-Comuniconf.png\" style=\"max-width:600px;\" border=\"0\" class=\"postImage\" alt=\"\"><\/a><\/p>\n<p>El reconocimiento de Comunicae pone en valor una estrategia que inspira, conecta y refuerza la posici\u00f3n de Tormo Franquicias Consulting como referente del sistema de franquicias en Espa\u00f1a<\/p>\n<p><\/p>\n<p>La consultora de referencia en el desarrollo de franquicias en Espa\u00f1a, <strong>Tormo Franquicias<\/strong>, ha sido reconocida con el premio a la &#8216;<strong>Mejor Comunicaci\u00f3n Corporativa&#8217;<\/strong>\u00a0en los Premios <strong>Periodistae 2025<\/strong>, celebrados en el marco de la <strong>ComuniConf 25<\/strong>. El jurado ha destacado su capacidad para impulsar una comunicaci\u00f3n empresarial transparente, coherente y alineada con los valores de la compa\u00f1\u00eda.<\/p>\n<p>El galard\u00f3n, entregado el pasado 25 de junio en esta primera edici\u00f3n del evento online impulsado por <strong>Comunicae<\/strong>, distingue a aquellas organizaciones que logran conectar de forma aut\u00e9ntica con su audiencia, aportando valor estrat\u00e9gico a trav\u00e9s de sus mensajes. En el caso de la consultora de franquicias, el reconocimiento subraya una trayectoria de m\u00e1s de 20 a\u00f1os acompa\u00f1ando a marcas de todo el pa\u00eds a crecer de forma sostenible y competitiva, con una <strong>estrategia de comunicaci\u00f3n centrada en los casos de \u00e9xito<\/strong> y el acompa\u00f1amiento cercano a emprendedores y empresarios.<\/p>\n<p><strong>Tormo Franquicias consolida su liderazgo con una estrategia de comunicaci\u00f3n aut\u00e9ntica, coherente y orientada al crecimiento<\/strong><br \/>\nEste galard\u00f3n no solo celebra la excelencia t\u00e9cnica de sus estrategias comunicativas, sino que tambi\u00e9n pone en valor su capacidad para construir una <strong>narrativa empresarial aut\u00e9ntica, coherente y alineada con los valores de la compa\u00f1\u00eda<\/strong>. La consultora de franquicias ha apostado por una estrategia de comunicaci\u00f3n que trasciende lo estrictamente informativo. Su enfoque se basa en generar v\u00ednculos reales con emprendedores y empresarios de todo el panorama nacional. Con una <strong>estrategia s\u00f3lida y bien estructurada<\/strong>, la empresa ha convertido la comunicaci\u00f3n en un pilar fundamental de su posicionamiento en el sector de la franquicia. Ha demostrado que informar con claridad, inspirar con prop\u00f3sito y conectar con su audiencia son elementos esenciales para mantener un crecimiento sostenido en un entorno cada vez m\u00e1s competitivo. \u00a0A trav\u00e9s de su comunicaci\u00f3n, la consultora ha conseguido posicionarse como l\u00edder y referente del sector de las franquicias en Espa\u00f1a.<\/p>\n<p>\u00abRecibir este reconocimiento nos reafirma en la idea de que comunicar bien no es solo informar, sino generar confianza, transmitir visi\u00f3n y acompa\u00f1ar a nuestros clientes en cada etapa de su desarrollo. Desde la consultora Tormo Franquicias hemos apostado siempre por una comunicaci\u00f3n cercana, honesta y alineada con los valores que representamos. Este premio nos motiva a seguir trabajando con responsabilidad, llevando el modelo de franquicia a m\u00e1s emprendedores y contribuyendo a que cada marca encuentre su camino hacia el crecimiento sostenible\u00bb, tal como se\u00f1ala Laura Acosta, Directora de Comunicaci\u00f3n y Desarrollo de Negocio.<\/p>\n<p>Los <strong>Premios Periodistae<\/strong>, entregados en el marco de <strong>Comuniconf 25<\/strong>, destacan precisamente este enfoque integral de la comunicaci\u00f3n como motor de transformaci\u00f3n empresarial. Para Tormo Franquicias Consulting, este galard\u00f3n no solo valida el trabajo realizado, sino que refuerza su compromiso de seguir liderando el sector con una comunicaci\u00f3n que genera impacto, construye confianza y aporta valor real a marcas, emprendedores y al ecosistema franquiciador en su conjunto.<\/p>\n<p><strong>Acerca de Tormo Franquicias Consulting<\/strong><br \/>\nTormo Franquicias Consulting es una de las principales empresas consultoras en franquicia en Espa\u00f1a. Su equipo acumula una amplia experiencia tras haber participado en la creaci\u00f3n y desarrollo de proyectos para cerca de 1.000 empresas franquiciadoras, ayudando a m\u00e1s de 4.000 personas a integrarse en redes de franquicia.<\/p>\n<p>Sus servicios est\u00e1n orientados a todas aquellas nuevas empresas que desean iniciar su expansi\u00f3n en franquicia, franquiciadores en activo y emprendedores e inversores que desean incorporarse en una red de franquicia.<\/p>\n<\/div>\n","protected":false},"featured_media":19667,"template":"","meta":{"_acf_changed":false},"acf":[],"yoast_head":"<!-- This site is optimized with the Yoast SEO plugin v22.7 - https:\/\/yoast.com\/wordpress\/plugins\/seo\/ -->\n<title>Tormo Franquicias, premiada por su liderazgo en comunicaci\u00f3n corporativa - Blog Club del Emprendimiento<\/title>\n<meta name=\"robots\" content=\"index, follow, max-snippet:-1, max-image-preview:large, max-video-preview:-1\" \/>\n<link rel=\"canonical\" href=\"https:\/\/www.clubdelemprendimiento.com\/blog\/noticia-corporativa\/tormo-franquicias-premiada-por-su-liderazgo-en-comunicacion-corporativa\/\" \/>\n<meta property=\"og:locale\" content=\"es_ES\" \/>\n<meta property=\"og:type\" content=\"article\" \/>\n<meta property=\"og:title\" content=\"Tormo Franquicias, premiada por su liderazgo en comunicaci\u00f3n corporativa - Blog Club del Emprendimiento\" \/>\n<meta property=\"og:description\" content=\"El reconocimiento de Comunicae pone en valor una estrategia que inspira, conecta y refuerza&hellip;\" \/>\n<meta property=\"og:url\" content=\"https:\/\/www.clubdelemprendimiento.com\/blog\/noticia-corporativa\/tormo-franquicias-premiada-por-su-liderazgo-en-comunicacion-corporativa\/\" \/>\n<meta property=\"og:site_name\" content=\"Blog Club del Emprendimiento\" \/>\n<meta property=\"og:image\" content=\"https:\/\/www.clubdelemprendimiento.com\/blog\/wp-content\/uploads\/2025\/07\/Laura_Acosta_Directora_de_Comunicacin-Comuniconf.png\" \/>\n<meta name=\"twitter:card\" content=\"summary_large_image\" \/>\n<meta name=\"twitter:label1\" content=\"Tiempo de lectura\" \/>\n\t<meta name=\"twitter:data1\" content=\"3 minutos\" \/>\n<script type=\"application\/ld+json\" class=\"yoast-schema-graph\">{\"@context\":\"https:\/\/schema.org\",\"@graph\":[{\"@type\":\"WebPage\",\"@id\":\"https:\/\/www.clubdelemprendimiento.com\/blog\/noticia-corporativa\/tormo-franquicias-premiada-por-su-liderazgo-en-comunicacion-corporativa\/\",\"url\":\"https:\/\/www.clubdelemprendimiento.com\/blog\/noticia-corporativa\/tormo-franquicias-premiada-por-su-liderazgo-en-comunicacion-corporativa\/\",\"name\":\"Tormo Franquicias, premiada por su liderazgo en comunicaci\u00f3n corporativa - Blog Club del Emprendimiento\",\"isPartOf\":{\"@id\":\"https:\/\/www.clubdelemprendimiento.com\/blog\/#website\"},\"primaryImageOfPage\":{\"@id\":\"https:\/\/www.clubdelemprendimiento.com\/blog\/noticia-corporativa\/tormo-franquicias-premiada-por-su-liderazgo-en-comunicacion-corporativa\/#primaryimage\"},\"image\":{\"@id\":\"https:\/\/www.clubdelemprendimiento.com\/blog\/noticia-corporativa\/tormo-franquicias-premiada-por-su-liderazgo-en-comunicacion-corporativa\/#primaryimage\"},\"thumbnailUrl\":\"https:\/\/www.clubdelemprendimiento.com\/blog\/wp-content\/uploads\/2025\/07\/Laura_Acosta_Directora_de_Comunicacin-Comuniconf.png\",\"datePublished\":\"2025-07-02T13:04:31+00:00\",\"dateModified\":\"2025-07-02T13:04:31+00:00\",\"breadcrumb\":{\"@id\":\"https:\/\/www.clubdelemprendimiento.com\/blog\/noticia-corporativa\/tormo-franquicias-premiada-por-su-liderazgo-en-comunicacion-corporativa\/#breadcrumb\"},\"inLanguage\":\"es\",\"potentialAction\":[{\"@type\":\"ReadAction\",\"target\":[\"https:\/\/www.clubdelemprendimiento.com\/blog\/noticia-corporativa\/tormo-franquicias-premiada-por-su-liderazgo-en-comunicacion-corporativa\/\"]}]},{\"@type\":\"ImageObject\",\"inLanguage\":\"es\",\"@id\":\"https:\/\/www.clubdelemprendimiento.com\/blog\/noticia-corporativa\/tormo-franquicias-premiada-por-su-liderazgo-en-comunicacion-corporativa\/#primaryimage\",\"url\":\"https:\/\/www.clubdelemprendimiento.com\/blog\/wp-content\/uploads\/2025\/07\/Laura_Acosta_Directora_de_Comunicacin-Comuniconf.png\",\"contentUrl\":\"https:\/\/www.clubdelemprendimiento.com\/blog\/wp-content\/uploads\/2025\/07\/Laura_Acosta_Directora_de_Comunicacin-Comuniconf.png\",\"width\":1200,\"height\":627},{\"@type\":\"BreadcrumbList\",\"@id\":\"https:\/\/www.clubdelemprendimiento.com\/blog\/noticia-corporativa\/tormo-franquicias-premiada-por-su-liderazgo-en-comunicacion-corporativa\/#breadcrumb\",\"itemListElement\":[{\"@type\":\"ListItem\",\"position\":1,\"name\":\"Home\",\"item\":\"https:\/\/www.clubdelemprendimiento.com\/blog\/\"},{\"@type\":\"ListItem\",\"position\":2,\"name\":\"Noticias Corporativas\",\"item\":\"https:\/\/www.clubdelemprendimiento.com\/blog\/noticias-corporativas\/\"},{\"@type\":\"ListItem\",\"position\":3,\"name\":\"Tormo Franquicias, premiada por su liderazgo en comunicaci\u00f3n corporativa\"}]},{\"@type\":\"WebSite\",\"@id\":\"https:\/\/www.clubdelemprendimiento.com\/blog\/#website\",\"url\":\"https:\/\/www.clubdelemprendimiento.com\/blog\/\",\"name\":\"Blog Club del Emprendimiento\",\"description\":\"\",\"potentialAction\":[{\"@type\":\"SearchAction\",\"target\":{\"@type\":\"EntryPoint\",\"urlTemplate\":\"https:\/\/www.clubdelemprendimiento.com\/blog\/?s={search_term_string}\"},\"query-input\":\"required name=search_term_string\"}],\"inLanguage\":\"es\"}]}<\/script>\n<!-- \/ Yoast SEO plugin. -->","yoast_head_json":{"title":"Tormo Franquicias, premiada por su liderazgo en comunicaci\u00f3n corporativa - Blog Club del Emprendimiento","robots":{"index":"index","follow":"follow","max-snippet":"max-snippet:-1","max-image-preview":"max-image-preview:large","max-video-preview":"max-video-preview:-1"},"canonical":"https:\/\/www.clubdelemprendimiento.com\/blog\/noticia-corporativa\/tormo-franquicias-premiada-por-su-liderazgo-en-comunicacion-corporativa\/","og_locale":"es_ES","og_type":"article","og_title":"Tormo Franquicias, premiada por su liderazgo en comunicaci\u00f3n corporativa - Blog Club del Emprendimiento","og_description":"El reconocimiento de Comunicae pone en valor una estrategia que inspira, conecta y refuerza&hellip;","og_url":"https:\/\/www.clubdelemprendimiento.com\/blog\/noticia-corporativa\/tormo-franquicias-premiada-por-su-liderazgo-en-comunicacion-corporativa\/","og_site_name":"Blog Club del Emprendimiento","og_image":[{"url":"https:\/\/www.clubdelemprendimiento.com\/blog\/wp-content\/uploads\/2025\/07\/Laura_Acosta_Directora_de_Comunicacin-Comuniconf.png"}],"twitter_card":"summary_large_image","twitter_misc":{"Tiempo de lectura":"3 minutos"},"schema":{"@context":"https:\/\/schema.org","@graph":[{"@type":"WebPage","@id":"https:\/\/www.clubdelemprendimiento.com\/blog\/noticia-corporativa\/tormo-franquicias-premiada-por-su-liderazgo-en-comunicacion-corporativa\/","url":"https:\/\/www.clubdelemprendimiento.com\/blog\/noticia-corporativa\/tormo-franquicias-premiada-por-su-liderazgo-en-comunicacion-corporativa\/","name":"Tormo Franquicias, premiada por su liderazgo en comunicaci\u00f3n corporativa - Blog Club del Emprendimiento","isPartOf":{"@id":"https:\/\/www.clubdelemprendimiento.com\/blog\/#website"},"primaryImageOfPage":{"@id":"https:\/\/www.clubdelemprendimiento.com\/blog\/noticia-corporativa\/tormo-franquicias-premiada-por-su-liderazgo-en-comunicacion-corporativa\/#primaryimage"},"image":{"@id":"https:\/\/www.clubdelemprendimiento.com\/blog\/noticia-corporativa\/tormo-franquicias-premiada-por-su-liderazgo-en-comunicacion-corporativa\/#primaryimage"},"thumbnailUrl":"https:\/\/www.clubdelemprendimiento.com\/blog\/wp-content\/uploads\/2025\/07\/Laura_Acosta_Directora_de_Comunicacin-Comuniconf.png","datePublished":"2025-07-02T13:04:31+00:00","dateModified":"2025-07-02T13:04:31+00:00","breadcrumb":{"@id":"https:\/\/www.clubdelemprendimiento.com\/blog\/noticia-corporativa\/tormo-franquicias-premiada-por-su-liderazgo-en-comunicacion-corporativa\/#breadcrumb"},"inLanguage":"es","potentialAction":[{"@type":"ReadAction","target":["https:\/\/www.clubdelemprendimiento.com\/blog\/noticia-corporativa\/tormo-franquicias-premiada-por-su-liderazgo-en-comunicacion-corporativa\/"]}]},{"@type":"ImageObject","inLanguage":"es","@id":"https:\/\/www.clubdelemprendimiento.com\/blog\/noticia-corporativa\/tormo-franquicias-premiada-por-su-liderazgo-en-comunicacion-corporativa\/#primaryimage","url":"https:\/\/www.clubdelemprendimiento.com\/blog\/wp-content\/uploads\/2025\/07\/Laura_Acosta_Directora_de_Comunicacin-Comuniconf.png","contentUrl":"https:\/\/www.clubdelemprendimiento.com\/blog\/wp-content\/uploads\/2025\/07\/Laura_Acosta_Directora_de_Comunicacin-Comuniconf.png","width":1200,"height":627},{"@type":"BreadcrumbList","@id":"https:\/\/www.clubdelemprendimiento.com\/blog\/noticia-corporativa\/tormo-franquicias-premiada-por-su-liderazgo-en-comunicacion-corporativa\/#breadcrumb","itemListElement":[{"@type":"ListItem","position":1,"name":"Home","item":"https:\/\/www.clubdelemprendimiento.com\/blog\/"},{"@type":"ListItem","position":2,"name":"Noticias Corporativas","item":"https:\/\/www.clubdelemprendimiento.com\/blog\/noticias-corporativas\/"},{"@type":"ListItem","position":3,"name":"Tormo Franquicias, premiada por su liderazgo en comunicaci\u00f3n corporativa"}]},{"@type":"WebSite","@id":"https:\/\/www.clubdelemprendimiento.com\/blog\/#website","url":"https:\/\/www.clubdelemprendimiento.com\/blog\/","name":"Blog Club del Emprendimiento","description":"","potentialAction":[{"@type":"SearchAction","target":{"@type":"EntryPoint","urlTemplate":"https:\/\/www.clubdelemprendimiento.com\/blog\/?s={search_term_string}"},"query-input":"required name=search_term_string"}],"inLanguage":"es"}]}},"_links":{"self":[{"href":"https:\/\/www.clubdelemprendimiento.com\/blog\/wp-json\/wp\/v2\/noticia-corporativa\/19666"}],"collection":[{"href":"https:\/\/www.clubdelemprendimiento.com\/blog\/wp-json\/wp\/v2\/noticia-corporativa"}],"about":[{"href":"https:\/\/www.clubdelemprendimiento.com\/blog\/wp-json\/wp\/v2\/types\/noticia-corporativa"}],"wp:featuredmedia":[{"embeddable":true,"href":"https:\/\/www.clubdelemprendimiento.com\/blog\/wp-json\/wp\/v2\/media\/19667"}],"wp:attachment":[{"href":"https:\/\/www.clubdelemprendimiento.com\/blog\/wp-json\/wp\/v2\/media?parent=19666"}],"curies":[{"name":"wp","href":"https:\/\/api.w.org\/{rel}","templated":true}]}}