{"id":19664,"date":"2025-07-02T12:04:57","date_gmt":"2025-07-02T12:04:57","guid":{"rendered":"https:\/\/www.clubdelemprendimiento.com\/blog\/noticia-corporativa\/rafael-santiago-es-reelegido-presidente-de-cosital-castilla-la-mancha-y-renueva-su-compromiso-con-el-servicio-publico-local\/"},"modified":"2025-07-02T12:04:57","modified_gmt":"2025-07-02T12:04:57","slug":"rafael-santiago-es-reelegido-presidente-de-cosital-castilla-la-mancha-y-renueva-su-compromiso-con-el-servicio-publico-local","status":"publish","type":"noticia-corporativa","link":"https:\/\/www.clubdelemprendimiento.com\/blog\/noticia-corporativa\/rafael-santiago-es-reelegido-presidente-de-cosital-castilla-la-mancha-y-renueva-su-compromiso-con-el-servicio-publico-local\/","title":{"rendered":"Rafael Santiago es reelegido presidente de COSITAL Castilla-La Mancha y renueva su compromiso con el servicio p\u00fablico local"},"content":{"rendered":"<div>\n<p><a href=\"https:\/\/www.clubdelemprendimiento.com\/blog\/wp-content\/uploads\/2025\/07\/Rafael_Santiago_en_la_conmemoracion_del_Centenario_de_la_habilitacion_nacional.jpg\" target=\"_blank\" class=\"fotonota\" rel=\"noopener\"> <img decoding=\"async\" src=\"https:\/\/www.clubdelemprendimiento.com\/blog\/wp-content\/uploads\/2025\/07\/Rafael_Santiago_en_la_conmemoracion_del_Centenario_de_la_habilitacion_nacional.jpg\" style=\"max-width:600px;\" border=\"0\" class=\"postImage\" alt=\"\"><\/a><\/p>\n<p>El Doctor en Derecho, Rafael Santiago Larriba, secretario del Ayuntamiento de Horche y vicepresidente de la Comisi\u00f3n Ejecutiva Estatal del Colegio de Secretarios, Interventores y Tesoreros de Administraci\u00f3n Local, ha sido reelegido como presidente de COSITAL Castilla-La Mancha. Renovar\u00e1 su mandato hasta 2029 con el objetivo de garantizar la provisi\u00f3n de todos los puestos reservados a este colectivo en la comunidad aut\u00f3noma, y su compromiso en la defensa del modelo de habilitaci\u00f3n nacional en toda Espa\u00f1a<\/p>\n<p><\/p>\n<p>Rafael Santiago, secretario del Ayuntamiento de Horche, ha sido reelegido como presidente del Consejo de Secretarios, Interventores y Tesoreros de la Administraci\u00f3n Local (COSITAL) de Castilla-La Mancha. Tras las elecciones internas celebradas en el mes de junio, Santiago renueva su mandato al frente del colegio profesional auton\u00f3mico hasta el a\u00f1o 2029. Adem\u00e1s de su labor en la regi\u00f3n, Santiago ejerce tambi\u00e9n como vicepresidente de la Comisi\u00f3n Ejecutiva nacional del Consejo Estatal de Secretario, Interventores y Tesoreros, lo que refuerza su papel destacado dentro del colectivo a nivel nacional.<\/p>\n<p>Al conocer los resultados de su reelecci\u00f3n, Rafael Santiago expres\u00f3 su agradecimiento por el respaldo recibido de sus compa\u00f1eros y asegur\u00f3 que \u00abesta renovaci\u00f3n es una manifestaci\u00f3n de confianza y supone una gran responsabilidad que asumo con ilusi\u00f3n y con el firme compromiso de seguir trabajando en defensa del servicio p\u00fablico local, de la legalidad y del inter\u00e9s general en nuestra comunidad\u00bb.<\/p>\n<p>Durante esta nueva etapa, uno de sus primeros objetivos ser\u00e1 trasladar a la perspectiva auton\u00f3mica la celebraci\u00f3n del primer centenario del Colegio Nacional de Secretarios, una efem\u00e9ride que considera una oportunidad para poner en valor el trabajo del colectivo.<\/p>\n<p>Asimismo, Santiago establece como prioridades mantener el compromiso con la prestaci\u00f3n del servicio en todo el territorio castellanomanchego, mejorar y ampliar la formaci\u00f3n de los funcionarios, y abordar con rigor la adaptaci\u00f3n a los pr\u00f3ximos cambios legislativos. Entre ellos, destaca la entrada en vigor de la nueva Ley de Simplificaci\u00f3n Administrativa, Transparencia y Administraci\u00f3n Digital de la Junta de Comunidades, que afectar\u00e1 directamente a las funciones de control en materia urban\u00edstica que ejercen los ayuntamientos, y cuyas implicaciones deben ser conocidas y aplicadas correctamente desde el \u00e1mbito local.<\/p>\n<p>Tambi\u00e9n se prev\u00e9 una intensa colaboraci\u00f3n con la FEMP de Castilla la Mancha impulsado el modelo de acuerdo marco para la contrataci\u00f3n, la colaboraci\u00f3n con el Gobierno Regional en la celebraci\u00f3n de las pruebas selectivas para habilitados nacionales que se celebrar\u00e1n en Toledo, una acci\u00f3n que considera clave para reforzar la presencia y cobertura de estos profesionales en los municipios de Castilla-La Mancha. De igual manera se pretende continuar con la colaboraci\u00f3n con la Universidad de Castilla la Mancha con el fin de consolidar las Jornadas de Urbanismo en la facultad de Derecho en el Campus de Toledo de Castilla la Mancha, la colaboraci\u00f3n con la Escuela de Caminos, Canales y Puertos de Ciudad Real en el M\u00e1ster de Formaci\u00f3n Permanente de Urbanismo, Dinamizaci\u00f3n y Desarrollo Sostenible de Municipios y Ciudades Peque\u00f1os.<\/p>\n<p>A medio y largo plazo, el presidente de COSITAL Castilla-La Mancha pone el foco en la necesidad de garantizar que las funciones reservadas a secretarios, interventores y tesoreros puedan ser prestadas con eficacia en toda la regi\u00f3n, independientemente del tama\u00f1o del municipio o su ubicaci\u00f3n. En este sentido, considera fundamental continuar fortaleciendo las relaciones institucionales con la Junta de Comunidades, las diputaciones provinciales, la Universidad de Castilla-La Mancha, el Consejo Consultivo y otros colegios profesionales, especialmente con el Colegio Oficial de Arquitectos de la regi\u00f3n. Seg\u00fan sus propias palabras, \u00abqueremos que se cuente con nuestro colectivo para cualquier tarea vinculada al servicio p\u00fablico y al inter\u00e9s general. Somos un cuerpo muy bien adaptado al terreno, con un profundo conocimiento de lo local, y con un tejido profesional que llega hasta el \u00faltimo rinc\u00f3n de nuestra regi\u00f3n\u00bb.<\/p>\n<p>En un momento en el que desde algunos sectores nacionalistas se est\u00e1 cuestionando el actual modelo de habilitaci\u00f3n nacional, Rafael Santiago ha manifestado su preocupaci\u00f3n por las propuestas que abogan por una habilitaci\u00f3n auton\u00f3mica, como la planteada por el partido Junts. Desde COSITAL CLM se insiste en que la habilitaci\u00f3n nacional es una pieza esencial del Estado de Derecho, que garantiza la legalidad, la objetividad en la gesti\u00f3n p\u00fablica y la igualdad de trato a todos los ciudadanos, vivan donde vivan. Este sistema ha permitido, a lo largo de los \u00faltimos cien a\u00f1os, que los ayuntamientos espa\u00f1oles avanzaran en transparencia, eficiencia, democratizaci\u00f3n y proximidad al ciudadano.<\/p>\n<p>Santiago subraya que el colectivo de habilitados nacionales cumple actualmente funciones decisivas para el pa\u00eds, como asegurar la transparencia en el reparto de los fondos europeos Next Generation, mediante el acceso a la plataforma COFEE, o el cumplimiento de las reglas fiscales establecidas por la Uni\u00f3n Europea. En su opini\u00f3n, \u00abel ejercicio de estas funciones redunda directamente en el cumplimiento de los compromisos que el Estado espa\u00f1ol tiene con Europa, y entendemos que la mejor forma de prestarlas es preservando nuestra independencia y manteniendo la provisi\u00f3n y selecci\u00f3n a trav\u00e9s del Estado y no de las comunidades aut\u00f3nomas\u00bb. Adem\u00e1s, a\u00f1ade que una posible descentralizaci\u00f3n del sistema supondr\u00eda un importante retroceso: \u00abSi ya es complicado sacar adelante las promociones anuales desde el Estado, no quiero imaginar qu\u00e9 ocurrir\u00eda si hubiera 17 procesos distintos, con cada comunidad formando a sus propios habilitados, con la movilidad entre regiones y un evidente deterioro en la gesti\u00f3n de efectivos\u00bb. Por todo ello, concluye, \u00abdebemos mantener un perfil estatal y no regional, por eficacia, por cohesi\u00f3n institucional y por respeto al inter\u00e9s general\u00bb.<\/p>\n<\/div>\n","protected":false},"featured_media":19665,"template":"","meta":{"_acf_changed":false},"acf":[],"yoast_head":"<!-- This site is optimized with the Yoast SEO plugin v22.7 - https:\/\/yoast.com\/wordpress\/plugins\/seo\/ -->\n<title>Rafael Santiago es reelegido presidente de COSITAL Castilla-La Mancha y renueva su compromiso con el servicio p\u00fablico local - Blog Club del Emprendimiento<\/title>\n<meta name=\"robots\" content=\"index, follow, max-snippet:-1, max-image-preview:large, max-video-preview:-1\" \/>\n<link rel=\"canonical\" href=\"https:\/\/www.clubdelemprendimiento.com\/blog\/noticia-corporativa\/rafael-santiago-es-reelegido-presidente-de-cosital-castilla-la-mancha-y-renueva-su-compromiso-con-el-servicio-publico-local\/\" \/>\n<meta property=\"og:locale\" content=\"es_ES\" \/>\n<meta property=\"og:type\" content=\"article\" \/>\n<meta property=\"og:title\" content=\"Rafael Santiago es reelegido presidente de COSITAL Castilla-La Mancha y renueva su compromiso con el servicio p\u00fablico local - Blog Club del Emprendimiento\" \/>\n<meta property=\"og:description\" content=\"El Doctor en Derecho, Rafael Santiago Larriba, secretario del Ayuntamiento de Horche y vicepresidente&hellip;\" \/>\n<meta property=\"og:url\" content=\"https:\/\/www.clubdelemprendimiento.com\/blog\/noticia-corporativa\/rafael-santiago-es-reelegido-presidente-de-cosital-castilla-la-mancha-y-renueva-su-compromiso-con-el-servicio-publico-local\/\" \/>\n<meta property=\"og:site_name\" content=\"Blog Club del Emprendimiento\" \/>\n<meta property=\"og:image\" content=\"https:\/\/www.clubdelemprendimiento.com\/blog\/wp-content\/uploads\/2025\/07\/Rafael_Santiago_en_la_conmemoracion_del_Centenario_de_la_habilitacion_nacional.jpg\" \/>\n<meta name=\"twitter:card\" content=\"summary_large_image\" \/>\n<meta name=\"twitter:label1\" content=\"Tiempo de lectura\" \/>\n\t<meta name=\"twitter:data1\" content=\"5 minutos\" \/>\n<script type=\"application\/ld+json\" class=\"yoast-schema-graph\">{\"@context\":\"https:\/\/schema.org\",\"@graph\":[{\"@type\":\"WebPage\",\"@id\":\"https:\/\/www.clubdelemprendimiento.com\/blog\/noticia-corporativa\/rafael-santiago-es-reelegido-presidente-de-cosital-castilla-la-mancha-y-renueva-su-compromiso-con-el-servicio-publico-local\/\",\"url\":\"https:\/\/www.clubdelemprendimiento.com\/blog\/noticia-corporativa\/rafael-santiago-es-reelegido-presidente-de-cosital-castilla-la-mancha-y-renueva-su-compromiso-con-el-servicio-publico-local\/\",\"name\":\"Rafael Santiago es reelegido presidente de COSITAL Castilla-La Mancha y renueva su compromiso con el servicio p\u00fablico local - Blog Club del Emprendimiento\",\"isPartOf\":{\"@id\":\"https:\/\/www.clubdelemprendimiento.com\/blog\/#website\"},\"primaryImageOfPage\":{\"@id\":\"https:\/\/www.clubdelemprendimiento.com\/blog\/noticia-corporativa\/rafael-santiago-es-reelegido-presidente-de-cosital-castilla-la-mancha-y-renueva-su-compromiso-con-el-servicio-publico-local\/#primaryimage\"},\"image\":{\"@id\":\"https:\/\/www.clubdelemprendimiento.com\/blog\/noticia-corporativa\/rafael-santiago-es-reelegido-presidente-de-cosital-castilla-la-mancha-y-renueva-su-compromiso-con-el-servicio-publico-local\/#primaryimage\"},\"thumbnailUrl\":\"https:\/\/www.clubdelemprendimiento.com\/blog\/wp-content\/uploads\/2025\/07\/Rafael_Santiago_en_la_conmemoracion_del_Centenario_de_la_habilitacion_nacional.jpg\",\"datePublished\":\"2025-07-02T12:04:57+00:00\",\"dateModified\":\"2025-07-02T12:04:57+00:00\",\"breadcrumb\":{\"@id\":\"https:\/\/www.clubdelemprendimiento.com\/blog\/noticia-corporativa\/rafael-santiago-es-reelegido-presidente-de-cosital-castilla-la-mancha-y-renueva-su-compromiso-con-el-servicio-publico-local\/#breadcrumb\"},\"inLanguage\":\"es\",\"potentialAction\":[{\"@type\":\"ReadAction\",\"target\":[\"https:\/\/www.clubdelemprendimiento.com\/blog\/noticia-corporativa\/rafael-santiago-es-reelegido-presidente-de-cosital-castilla-la-mancha-y-renueva-su-compromiso-con-el-servicio-publico-local\/\"]}]},{\"@type\":\"ImageObject\",\"inLanguage\":\"es\",\"@id\":\"https:\/\/www.clubdelemprendimiento.com\/blog\/noticia-corporativa\/rafael-santiago-es-reelegido-presidente-de-cosital-castilla-la-mancha-y-renueva-su-compromiso-con-el-servicio-publico-local\/#primaryimage\",\"url\":\"https:\/\/www.clubdelemprendimiento.com\/blog\/wp-content\/uploads\/2025\/07\/Rafael_Santiago_en_la_conmemoracion_del_Centenario_de_la_habilitacion_nacional.jpg\",\"contentUrl\":\"https:\/\/www.clubdelemprendimiento.com\/blog\/wp-content\/uploads\/2025\/07\/Rafael_Santiago_en_la_conmemoracion_del_Centenario_de_la_habilitacion_nacional.jpg\",\"width\":2560,\"height\":1706},{\"@type\":\"BreadcrumbList\",\"@id\":\"https:\/\/www.clubdelemprendimiento.com\/blog\/noticia-corporativa\/rafael-santiago-es-reelegido-presidente-de-cosital-castilla-la-mancha-y-renueva-su-compromiso-con-el-servicio-publico-local\/#breadcrumb\",\"itemListElement\":[{\"@type\":\"ListItem\",\"position\":1,\"name\":\"Home\",\"item\":\"https:\/\/www.clubdelemprendimiento.com\/blog\/\"},{\"@type\":\"ListItem\",\"position\":2,\"name\":\"Noticias Corporativas\",\"item\":\"https:\/\/www.clubdelemprendimiento.com\/blog\/noticias-corporativas\/\"},{\"@type\":\"ListItem\",\"position\":3,\"name\":\"Rafael Santiago es reelegido presidente de COSITAL Castilla-La Mancha y renueva su compromiso con el servicio p\u00fablico local\"}]},{\"@type\":\"WebSite\",\"@id\":\"https:\/\/www.clubdelemprendimiento.com\/blog\/#website\",\"url\":\"https:\/\/www.clubdelemprendimiento.com\/blog\/\",\"name\":\"Blog Club del Emprendimiento\",\"description\":\"\",\"potentialAction\":[{\"@type\":\"SearchAction\",\"target\":{\"@type\":\"EntryPoint\",\"urlTemplate\":\"https:\/\/www.clubdelemprendimiento.com\/blog\/?s={search_term_string}\"},\"query-input\":\"required name=search_term_string\"}],\"inLanguage\":\"es\"}]}<\/script>\n<!-- \/ Yoast SEO plugin. -->","yoast_head_json":{"title":"Rafael Santiago es reelegido presidente de COSITAL Castilla-La Mancha y renueva su compromiso con el servicio p\u00fablico local - Blog Club del Emprendimiento","robots":{"index":"index","follow":"follow","max-snippet":"max-snippet:-1","max-image-preview":"max-image-preview:large","max-video-preview":"max-video-preview:-1"},"canonical":"https:\/\/www.clubdelemprendimiento.com\/blog\/noticia-corporativa\/rafael-santiago-es-reelegido-presidente-de-cosital-castilla-la-mancha-y-renueva-su-compromiso-con-el-servicio-publico-local\/","og_locale":"es_ES","og_type":"article","og_title":"Rafael Santiago es reelegido presidente de COSITAL Castilla-La Mancha y renueva su compromiso con el servicio p\u00fablico local - Blog Club del Emprendimiento","og_description":"El Doctor en Derecho, Rafael Santiago Larriba, secretario del Ayuntamiento de Horche y vicepresidente&hellip;","og_url":"https:\/\/www.clubdelemprendimiento.com\/blog\/noticia-corporativa\/rafael-santiago-es-reelegido-presidente-de-cosital-castilla-la-mancha-y-renueva-su-compromiso-con-el-servicio-publico-local\/","og_site_name":"Blog Club del Emprendimiento","og_image":[{"url":"https:\/\/www.clubdelemprendimiento.com\/blog\/wp-content\/uploads\/2025\/07\/Rafael_Santiago_en_la_conmemoracion_del_Centenario_de_la_habilitacion_nacional.jpg"}],"twitter_card":"summary_large_image","twitter_misc":{"Tiempo de lectura":"5 minutos"},"schema":{"@context":"https:\/\/schema.org","@graph":[{"@type":"WebPage","@id":"https:\/\/www.clubdelemprendimiento.com\/blog\/noticia-corporativa\/rafael-santiago-es-reelegido-presidente-de-cosital-castilla-la-mancha-y-renueva-su-compromiso-con-el-servicio-publico-local\/","url":"https:\/\/www.clubdelemprendimiento.com\/blog\/noticia-corporativa\/rafael-santiago-es-reelegido-presidente-de-cosital-castilla-la-mancha-y-renueva-su-compromiso-con-el-servicio-publico-local\/","name":"Rafael Santiago es reelegido presidente de COSITAL Castilla-La Mancha y renueva su compromiso con el servicio p\u00fablico local - Blog Club del Emprendimiento","isPartOf":{"@id":"https:\/\/www.clubdelemprendimiento.com\/blog\/#website"},"primaryImageOfPage":{"@id":"https:\/\/www.clubdelemprendimiento.com\/blog\/noticia-corporativa\/rafael-santiago-es-reelegido-presidente-de-cosital-castilla-la-mancha-y-renueva-su-compromiso-con-el-servicio-publico-local\/#primaryimage"},"image":{"@id":"https:\/\/www.clubdelemprendimiento.com\/blog\/noticia-corporativa\/rafael-santiago-es-reelegido-presidente-de-cosital-castilla-la-mancha-y-renueva-su-compromiso-con-el-servicio-publico-local\/#primaryimage"},"thumbnailUrl":"https:\/\/www.clubdelemprendimiento.com\/blog\/wp-content\/uploads\/2025\/07\/Rafael_Santiago_en_la_conmemoracion_del_Centenario_de_la_habilitacion_nacional.jpg","datePublished":"2025-07-02T12:04:57+00:00","dateModified":"2025-07-02T12:04:57+00:00","breadcrumb":{"@id":"https:\/\/www.clubdelemprendimiento.com\/blog\/noticia-corporativa\/rafael-santiago-es-reelegido-presidente-de-cosital-castilla-la-mancha-y-renueva-su-compromiso-con-el-servicio-publico-local\/#breadcrumb"},"inLanguage":"es","potentialAction":[{"@type":"ReadAction","target":["https:\/\/www.clubdelemprendimiento.com\/blog\/noticia-corporativa\/rafael-santiago-es-reelegido-presidente-de-cosital-castilla-la-mancha-y-renueva-su-compromiso-con-el-servicio-publico-local\/"]}]},{"@type":"ImageObject","inLanguage":"es","@id":"https:\/\/www.clubdelemprendimiento.com\/blog\/noticia-corporativa\/rafael-santiago-es-reelegido-presidente-de-cosital-castilla-la-mancha-y-renueva-su-compromiso-con-el-servicio-publico-local\/#primaryimage","url":"https:\/\/www.clubdelemprendimiento.com\/blog\/wp-content\/uploads\/2025\/07\/Rafael_Santiago_en_la_conmemoracion_del_Centenario_de_la_habilitacion_nacional.jpg","contentUrl":"https:\/\/www.clubdelemprendimiento.com\/blog\/wp-content\/uploads\/2025\/07\/Rafael_Santiago_en_la_conmemoracion_del_Centenario_de_la_habilitacion_nacional.jpg","width":2560,"height":1706},{"@type":"BreadcrumbList","@id":"https:\/\/www.clubdelemprendimiento.com\/blog\/noticia-corporativa\/rafael-santiago-es-reelegido-presidente-de-cosital-castilla-la-mancha-y-renueva-su-compromiso-con-el-servicio-publico-local\/#breadcrumb","itemListElement":[{"@type":"ListItem","position":1,"name":"Home","item":"https:\/\/www.clubdelemprendimiento.com\/blog\/"},{"@type":"ListItem","position":2,"name":"Noticias Corporativas","item":"https:\/\/www.clubdelemprendimiento.com\/blog\/noticias-corporativas\/"},{"@type":"ListItem","position":3,"name":"Rafael Santiago es reelegido presidente de COSITAL Castilla-La Mancha y renueva su compromiso con el servicio p\u00fablico local"}]},{"@type":"WebSite","@id":"https:\/\/www.clubdelemprendimiento.com\/blog\/#website","url":"https:\/\/www.clubdelemprendimiento.com\/blog\/","name":"Blog Club del Emprendimiento","description":"","potentialAction":[{"@type":"SearchAction","target":{"@type":"EntryPoint","urlTemplate":"https:\/\/www.clubdelemprendimiento.com\/blog\/?s={search_term_string}"},"query-input":"required name=search_term_string"}],"inLanguage":"es"}]}},"_links":{"self":[{"href":"https:\/\/www.clubdelemprendimiento.com\/blog\/wp-json\/wp\/v2\/noticia-corporativa\/19664"}],"collection":[{"href":"https:\/\/www.clubdelemprendimiento.com\/blog\/wp-json\/wp\/v2\/noticia-corporativa"}],"about":[{"href":"https:\/\/www.clubdelemprendimiento.com\/blog\/wp-json\/wp\/v2\/types\/noticia-corporativa"}],"wp:featuredmedia":[{"embeddable":true,"href":"https:\/\/www.clubdelemprendimiento.com\/blog\/wp-json\/wp\/v2\/media\/19665"}],"wp:attachment":[{"href":"https:\/\/www.clubdelemprendimiento.com\/blog\/wp-json\/wp\/v2\/media?parent=19664"}],"curies":[{"name":"wp","href":"https:\/\/api.w.org\/{rel}","templated":true}]}}